{"id":1923,"date":"2026-04-14T03:15:06","date_gmt":"2026-04-14T06:15:06","guid":{"rendered":"https:\/\/www.encontrafeiradesantana.com.br\/sobre\/prefeitura-de-feira-lanca-calendario-esportivo-nesta-segunda\/"},"modified":"2026-04-14T03:15:06","modified_gmt":"2026-04-14T06:15:06","slug":"prefeitura-de-feira-lanca-calendario-esportivo-nesta-segunda","status":"publish","type":"post","link":"https:\/\/www.encontrafeiradesantana.com.br\/sobre\/prefeitura-de-feira-lanca-calendario-esportivo-nesta-segunda\/","title":{"rendered":"Prefeitura de Feira lan\u00e7a Calend\u00e1rio Esportivo nesta segunda"},"content":{"rendered":"<div class=\"3f468104ad11f00a3c9ac948316f4265\" data-index=\"1\" style=\"float: none; margin:0px;\">\n<ins class=\"adsbygoogle\"\r\n     style=\"display:block\"\r\n     data-ad-client=\"ca-pub-8585364105181520\"\r\n     data-ad-slot=\"8789329856\"\r\n     data-ad-format=\"auto\"\r\n     data-full-width-responsive=\"true\"><\/ins>\r\n<script>\r\n     (adsbygoogle = window.adsbygoogle || []).push({});\r\n<\/script>\r\n\n<\/div>\n<h2>Lan\u00e7amento do Calend\u00e1rio Esportivo 2026<\/h2>\n<p>Na noite de segunda-feira, 13 de abril de 2026, a Prefeitura Municipal de Feira de Santana realizar\u00e1 a cerim\u00f4nia de lan\u00e7amento oficial do seu Calend\u00e1rio Esportivo para o ano. O evento ser\u00e1 realizado \u00e0s 18h, no Hotel \u00cdbis, na Sala Jacarand\u00e1 &#8211; 01, e marca um importante passo na organiza\u00e7\u00e3o de competi\u00e7\u00f5es que envolvem atletas de diversas modalidades ao longo do ano.<\/p>\n<p>Com a tem\u00e1tica &#8220;Esporte para Todos&#8221;, este calend\u00e1rio n\u00e3o se limita a promover entretenimento, mas tamb\u00e9m busca trazer um impacto significativo na sociedade atrav\u00e9s da pr\u00e1tica esportiva. A administra\u00e7\u00e3o municipal almeja incentivar a atividade f\u00edsica em diferentes idades e descentralizar o acesso \u00e0s v\u00e1rias modalidades esportivas dispon\u00edveis.<\/p>\n<h2>O que Esperar do Evento<\/h2>\n<p>O lan\u00e7amento promete ser um grande evento para a comunidade, reunindo amantes do esporte e representantes de diversas modalidades. Durante o evento, os detalhes do calend\u00e1rio ser\u00e3o apresentados, mostrando todas as competi\u00e7\u00f5es planejadas e como elas contribuir\u00e3o para o desenvolvimento esportivo na cidade.<\/p>\n<p>A participa\u00e7\u00e3o de atletas, treinadores e populares ser\u00e1 encorajada, uma vez que \u00e9 um espa\u00e7o aberto para discuss\u00e3o sobre o futuro do esporte em Feira de Santana. Este evento servir\u00e1 tamb\u00e9m como um momento de celebra\u00e7\u00e3o do talento local e do potencial esportivo da regi\u00e3o.<\/p>\n<h2>Impacto Social do Esporte em Feira de Santana<\/h2>\n<p>O esporte desempenha um papel fundamental na forma\u00e7\u00e3o da cidadania e na inclus\u00e3o social. Em Feira de Santana, o incentivo \u00e0 pr\u00e1tica esportiva pode transformar vidas, especialmente entre jovens e crian\u00e7as. Atrav\u00e9s do esporte, a Prefeitura busca n\u00e3o apenas promover h\u00e1bitos saud\u00e1veis, mas tamb\u00e9m aumentar a conviv\u00eancia comunit\u00e1ria, reduzindo as vulnerabilidades sociais.<\/p>\n<p>Atrav\u00e9s das competi\u00e7\u00f5es e eventos oferecidos, a cidade espera criar um ambiente prop\u00edcio para o desenvolvimento de talentos e tamb\u00e9m a possibilidade de integra\u00e7\u00e3o entre diferentes grupos sociais, fazendo do esporte uma ferramenta de uni\u00e3o e transforma\u00e7\u00e3o.<\/p>\n<h2>Compet\u00eancias Esportivas em Diversas Modalidades<\/h2>\n<p>O calend\u00e1rio esportivo incluir\u00e1 uma diversidade de modalidades que v\u00e3o dos tradicionais Jogos Poliesportivos, onde ser\u00e3o realizadas competi\u00e7\u00f5es de Futsal, V\u00f4lei, Basquete e Handebol, at\u00e9 atividades voltadas para alto rendimento. Este conjunto de pr\u00e1ticas busca atender a todos os perfis, desde o atleta profissional at\u00e9 o amador que busca praticar esportes como forma de lazer.<\/p>\n<p>Al\u00e9m disso, haver\u00e1 um destaque especial para as competi\u00e7\u00f5es que abordam a alta performance esportiva, permitindo que os atletas da cidade ganhem visibilidade e oportunidades de crescimento em suas respectivas modalidades.<\/p>\n<h2>Fortalecimento das Artes Marciais na Cidade<\/h2>\n<p>Um dos focos principais do calend\u00e1rio \u00e9 o fortalecimento das artes marciais. Diversas competi\u00e7\u00f5es est\u00e3o programadas para modalidades como Karat\u00ea, Boxe, Jiu-jitsu, Muay Thai, Kickboxing e Kung Fu. A pr\u00e1tica dessas modalidades n\u00e3o apenas desenvolve habilidades f\u00edsicas, mas tamb\u00e9m ajuda na forma\u00e7\u00e3o \u00e9tica e psicol\u00f3gica dos participantes, promovendo autoconfian\u00e7a e disciplina.<\/p>\n<p>Os campeonatos servir\u00e3o como uma vitrine para os talentos locais, oferecendo espa\u00e7o para que atletas se destaquem e busquem novas oportunidades dentro e fora da cidade.<\/p>\n<h2>Jogos Poliesportivos: Futsal, V\u00f4lei e Mais<\/h2>\n<p>Os Jogos Poliesportivos que far\u00e3o parte do calend\u00e1rio s\u00e3o uma das principais atra\u00e7\u00f5es e incluem competi\u00e7\u00f5es em Futsal, V\u00f4lei, Basquete, entre outras. Este formato de competi\u00e7\u00e3o visa n\u00e3o apenas a disputa entre equipes, mas tamb\u00e9m a realiza\u00e7\u00e3o de um grande evento social onde as fam\u00edlias podem se reunir e celebrar o esporte.<\/p>\n<p>A expectativa \u00e9 que esses jogos atraiam um grande n\u00famero de espectadores, fortalecendo o v\u00ednculo entre os atl\u00e9tas e a comunidade, al\u00e9m de aumentar a atua\u00e7\u00e3o de patrocinadores locais e regionais.<\/p>\n<h2>Iniciativa &#8216;Feira na Piscina&#8217;: Polo Aqu\u00e1tico<\/h2>\n<p>A valoriza\u00e7\u00e3o do esporte aqu\u00e1tico \u00e9 outra marca da programa\u00e7\u00e3o com o projeto &#8220;Feira na Piscina&#8221;, que trar\u00e1 campeonatos de Polo Aqu\u00e1tico e eventos de Nata\u00e7\u00e3o. Esta iniciativa objetiva criar um espa\u00e7o dedicado para aqueles que praticam esportes aqu\u00e1ticos, oferecendo aos atletas a oportunidade de se destacarem e competirem em um n\u00edvel elevado.<\/p>\n<p>Al\u00e9m de promover a nata\u00e7\u00e3o como uma atividade recreativa, esta iniciativa incentiva o desenvolvimento de habilidades aqu\u00e1ticas essenciais e promove a seguran\u00e7a nas atividades realizadas em ambientes aqu\u00e1ticos.<\/p>\n<h2>Vantagens do Acesso Descentralizado ao Esporte<\/h2>\n<p>Um dos grandes objetivos da Prefeitura com este calend\u00e1rio \u00e9 promover o acesso descentralizado aos esportes. Essa estrat\u00e9gia visa assegurar que todos, independente de sua localiza\u00e7\u00e3o, tenham a oportunidade de participar de atividades esportivas. Com um leque diversificado de modalidades e competi\u00e7\u00f5es programadas, h\u00e1 garantias de que as atividades alcancem todos os bairros da cidade.<\/p>\n<p>O acesso ao esporte \u00e9 crucial n\u00e3o apenas para a sa\u00fade e bem-estar, mas tamb\u00e9m para o desenvolvimento de habilidades sociais e fortalecimento de la\u00e7os comunit\u00e1rios, permitindo que todos os cidad\u00e3os possam desfrutar dos benef\u00edcios que a pr\u00e1tica esportiva oferece.<\/p>\n<h2>Programa\u00e7\u00e3o Completa do Calend\u00e1rio Esportivo<\/h2>\n<p>O calend\u00e1rio esportivo ser\u00e1 repleto de atividades e competi\u00e7\u00f5es ao longo do ano, abrangendo uma ampla gama de modalidades. As datas exatas e detalhes das competi\u00e7\u00f5es ser\u00e3o disponibilizados durante o evento de lan\u00e7amento, bem como em plataformas digitais da Prefeitura.<\/p>\n<p>As expectativas s\u00e3o altas, com a inclus\u00e3o de eventos de diferentes n\u00edveis, desde iniciantes at\u00e9 competi\u00e7\u00f5es de n\u00edvel avan\u00e7ado, buscando atender tanto o p\u00fablico local quanto visitantes que queiram participar ou acompanhar os eventos.<\/p>\n<h2>O Papel da Prefeitura na Promo\u00e7\u00e3o do Esporte<\/h2>\n<p>A Prefeitura de Feira de Santana tem um papel vital na promo\u00e7\u00e3o e fomento ao esporte na cidade. Atrav\u00e9s da elabora\u00e7\u00e3o deste calend\u00e1rio esportivo, a administra\u00e7\u00e3o demonstra seu compromisso com o bem-estar da popula\u00e7\u00e3o e com o desenvolvimento de uma cultura esportiva robusta.<\/p>\n<p>Al\u00e9m de oferecer infraestrutura e recursos para que as competi\u00e7\u00f5es aconte\u00e7am, a Prefeitura tamb\u00e9m buscar\u00e1 parcerias com institui\u00e7\u00f5es de ensino, clubes esportivos e outras organiza\u00e7\u00f5es para potencializar as iniciativas esportivas na regi\u00e3o, facilitando o acesso e encorajando a participa\u00e7\u00e3o popular.<\/p>\n<p>Este lan\u00e7amento marca um passo importante dentro da miss\u00e3o de criar oportunidades e fortalecer a pr\u00e1tica do esporte em Feira de Santana, reafirmando seu compromisso com a sa\u00fade, inclus\u00e3o e cidadania por meio do esporte.<\/p>\n\n<div style=\"font-size: 0px; height: 0px; line-height: 0px; margin: 0; padding: 0; clear: both;\"><\/div>","protected":false},"excerpt":{"rendered":"<p>Calend\u00e1rio Esportivo: uma iniciativa da Prefeitura de Feira para incentivar a pr\u00e1tica esportiva.<\/p>\n","protected":false},"author":1,"featured_media":0,"comment_status":"open","ping_status":"closed","sticky":false,"template":"","format":"standard","meta":{"footnotes":""},"categories":[26],"tags":[],"class_list":["post-1923","post","type-post","status-publish","format-standard","hentry","category-cultura-em-feira-de-santana"],"aioseo_notices":[],"aioseo_head":"\n\t\t<!-- All in One SEO 5.0.0.1 - aioseo.com -->\n\t<meta name=\"description\" content=\"Calend\u00e1rio Esportivo: uma iniciativa da Prefeitura de Feira para incentivar a pr\u00e1tica esportiva.\" \/>\n\t<meta name=\"robots\" content=\"max-image-preview:large\" \/>\n\t<meta name=\"author\" content=\"Encontra Feira de Santana\"\/>\n\t<link rel=\"canonical\" href=\"https:\/\/www.encontrafeiradesantana.com.br\/sobre\/prefeitura-de-feira-lanca-calendario-esportivo-nesta-segunda\/\" \/>\n\t<meta name=\"generator\" content=\"All in One SEO (AIOSEO) 5.0.0.1\" \/>\n\t\t<meta property=\"og:locale\" content=\"pt_BR\" \/>\n\t\t<meta property=\"og:site_name\" content=\"Encontra Feira de Santana | Not\u00edcias, eventos, informa\u00e7\u00f5es e dicas na cidade Feira de Santana e regi\u00e3o.\" \/>\n\t\t<meta property=\"og:type\" content=\"article\" \/>\n\t\t<meta property=\"og:title\" content=\"Prefeitura de Feira lan\u00e7a Calend\u00e1rio Esportivo nesta segunda | Encontra Feira de Santana\" \/>\n\t\t<meta property=\"og:description\" content=\"Calend\u00e1rio Esportivo: uma iniciativa da Prefeitura de Feira para incentivar a pr\u00e1tica esportiva.\" \/>\n\t\t<meta property=\"og:url\" content=\"https:\/\/www.encontrafeiradesantana.com.br\/sobre\/prefeitura-de-feira-lanca-calendario-esportivo-nesta-segunda\/\" \/>\n\t\t<meta property=\"article:published_time\" content=\"2026-04-14T06:15:06+00:00\" \/>\n\t\t<meta property=\"article:modified_time\" content=\"2026-04-14T06:15:06+00:00\" \/>\n\t\t<meta name=\"twitter:card\" content=\"summary\" \/>\n\t\t<meta name=\"twitter:title\" content=\"Prefeitura de Feira lan\u00e7a Calend\u00e1rio Esportivo nesta segunda | Encontra Feira de Santana\" \/>\n\t\t<meta name=\"twitter:description\" content=\"Calend\u00e1rio Esportivo: uma iniciativa da Prefeitura de Feira para incentivar a pr\u00e1tica esportiva.\" \/>\n\t\t<script type=\"application\/ld+json\" class=\"aioseo-schema\">\n\t\t\t{\"@context\":\"https:\\\/\\\/schema.org\",\"@graph\":[{\"@type\":\"Article\",\"@id\":\"https:\\\/\\\/www.encontrafeiradesantana.com.br\\\/sobre\\\/prefeitura-de-feira-lanca-calendario-esportivo-nesta-segunda\\\/#article\",\"name\":\"Prefeitura de Feira lan\\u00e7a Calend\\u00e1rio Esportivo nesta segunda | Encontra Feira de Santana\",\"headline\":\"Prefeitura de Feira lan\\u00e7a Calend\\u00e1rio Esportivo nesta segunda\",\"author\":{\"@id\":\"https:\\\/\\\/www.encontrafeiradesantana.com.br\\\/sobre\\\/author\\\/efeiradesantana\\\/#author\"},\"publisher\":{\"@id\":\"https:\\\/\\\/www.encontrafeiradesantana.com.br\\\/sobre\\\/#organization\"},\"datePublished\":\"2026-04-14T03:15:06-03:00\",\"dateModified\":\"2026-04-14T03:15:06-03:00\",\"inLanguage\":\"pt-BR\",\"mainEntityOfPage\":{\"@id\":\"https:\\\/\\\/www.encontrafeiradesantana.com.br\\\/sobre\\\/prefeitura-de-feira-lanca-calendario-esportivo-nesta-segunda\\\/#webpage\"},\"isPartOf\":{\"@id\":\"https:\\\/\\\/www.encontrafeiradesantana.com.br\\\/sobre\\\/prefeitura-de-feira-lanca-calendario-esportivo-nesta-segunda\\\/#webpage\"},\"articleSection\":\"Cultura Feira de Santana\"},{\"@type\":\"BreadcrumbList\",\"@id\":\"https:\\\/\\\/www.encontrafeiradesantana.com.br\\\/sobre\\\/prefeitura-de-feira-lanca-calendario-esportivo-nesta-segunda\\\/#breadcrumblist\",\"itemListElement\":[{\"@type\":\"ListItem\",\"@id\":\"https:\\\/\\\/www.encontrafeiradesantana.com.br\\\/sobre#listItem\",\"position\":1,\"name\":\"In\\u00edcio\",\"item\":\"https:\\\/\\\/www.encontrafeiradesantana.com.br\\\/sobre\",\"nextItem\":{\"@type\":\"ListItem\",\"@id\":\"https:\\\/\\\/www.encontrafeiradesantana.com.br\\\/sobre\\\/cultura-em-feira-de-santana\\\/#listItem\",\"name\":\"Cultura Feira de Santana\"}},{\"@type\":\"ListItem\",\"@id\":\"https:\\\/\\\/www.encontrafeiradesantana.com.br\\\/sobre\\\/cultura-em-feira-de-santana\\\/#listItem\",\"position\":2,\"name\":\"Cultura Feira de Santana\",\"item\":\"https:\\\/\\\/www.encontrafeiradesantana.com.br\\\/sobre\\\/cultura-em-feira-de-santana\\\/\",\"nextItem\":{\"@type\":\"ListItem\",\"@id\":\"https:\\\/\\\/www.encontrafeiradesantana.com.br\\\/sobre\\\/prefeitura-de-feira-lanca-calendario-esportivo-nesta-segunda\\\/#listItem\",\"name\":\"Prefeitura de Feira lan\\u00e7a Calend\\u00e1rio Esportivo nesta segunda\"},\"previousItem\":{\"@type\":\"ListItem\",\"@id\":\"https:\\\/\\\/www.encontrafeiradesantana.com.br\\\/sobre#listItem\",\"name\":\"In\\u00edcio\"}},{\"@type\":\"ListItem\",\"@id\":\"https:\\\/\\\/www.encontrafeiradesantana.com.br\\\/sobre\\\/prefeitura-de-feira-lanca-calendario-esportivo-nesta-segunda\\\/#listItem\",\"position\":3,\"name\":\"Prefeitura de Feira lan\\u00e7a Calend\\u00e1rio Esportivo nesta segunda\",\"previousItem\":{\"@type\":\"ListItem\",\"@id\":\"https:\\\/\\\/www.encontrafeiradesantana.com.br\\\/sobre\\\/cultura-em-feira-de-santana\\\/#listItem\",\"name\":\"Cultura Feira de Santana\"}}]},{\"@type\":\"Organization\",\"@id\":\"https:\\\/\\\/www.encontrafeiradesantana.com.br\\\/sobre\\\/#organization\",\"name\":\"Encontra Feira de Santana\",\"description\":\"Not\\u00edcias, eventos, informa\\u00e7\\u00f5es e dicas na cidade Feira de Santana e regi\\u00e3o.\",\"url\":\"https:\\\/\\\/www.encontrafeiradesantana.com.br\\\/sobre\\\/\"},{\"@type\":\"Person\",\"@id\":\"https:\\\/\\\/www.encontrafeiradesantana.com.br\\\/sobre\\\/author\\\/efeiradesantana\\\/#author\",\"url\":\"https:\\\/\\\/www.encontrafeiradesantana.com.br\\\/sobre\\\/author\\\/efeiradesantana\\\/\",\"name\":\"Encontra Feira de Santana\",\"image\":{\"@type\":\"ImageObject\",\"@id\":\"https:\\\/\\\/www.encontrafeiradesantana.com.br\\\/sobre\\\/prefeitura-de-feira-lanca-calendario-esportivo-nesta-segunda\\\/#authorImage\",\"url\":\"https:\\\/\\\/secure.gravatar.com\\\/avatar\\\/507340682b8270222e1f208e23198b6ae7e2c6a1033ae84e99bc6bce4f82a387?s=96&d=mm&r=g\",\"width\":96,\"height\":96,\"caption\":\"Encontra Feira de Santana\"}},{\"@type\":\"WebPage\",\"@id\":\"https:\\\/\\\/www.encontrafeiradesantana.com.br\\\/sobre\\\/prefeitura-de-feira-lanca-calendario-esportivo-nesta-segunda\\\/#webpage\",\"url\":\"https:\\\/\\\/www.encontrafeiradesantana.com.br\\\/sobre\\\/prefeitura-de-feira-lanca-calendario-esportivo-nesta-segunda\\\/\",\"name\":\"Prefeitura de Feira lan\\u00e7a Calend\\u00e1rio Esportivo nesta segunda | Encontra Feira de Santana\",\"description\":\"Calend\\u00e1rio Esportivo: uma iniciativa da Prefeitura de Feira para incentivar a pr\\u00e1tica esportiva.\",\"inLanguage\":\"pt-BR\",\"isPartOf\":{\"@id\":\"https:\\\/\\\/www.encontrafeiradesantana.com.br\\\/sobre\\\/#website\"},\"breadcrumb\":{\"@id\":\"https:\\\/\\\/www.encontrafeiradesantana.com.br\\\/sobre\\\/prefeitura-de-feira-lanca-calendario-esportivo-nesta-segunda\\\/#breadcrumblist\"},\"author\":{\"@id\":\"https:\\\/\\\/www.encontrafeiradesantana.com.br\\\/sobre\\\/author\\\/efeiradesantana\\\/#author\"},\"creator\":{\"@id\":\"https:\\\/\\\/www.encontrafeiradesantana.com.br\\\/sobre\\\/author\\\/efeiradesantana\\\/#author\"},\"datePublished\":\"2026-04-14T03:15:06-03:00\",\"dateModified\":\"2026-04-14T03:15:06-03:00\"},{\"@type\":\"WebSite\",\"@id\":\"https:\\\/\\\/www.encontrafeiradesantana.com.br\\\/sobre\\\/#website\",\"url\":\"https:\\\/\\\/www.encontrafeiradesantana.com.br\\\/sobre\\\/\",\"name\":\"Encontra Feira de Santana\",\"description\":\"Not\\u00edcias, eventos, informa\\u00e7\\u00f5es e dicas na cidade Feira de Santana e regi\\u00e3o.\",\"inLanguage\":\"pt-BR\",\"publisher\":{\"@id\":\"https:\\\/\\\/www.encontrafeiradesantana.com.br\\\/sobre\\\/#organization\"}}]}\n\t\t<\/script>\n\t\t<!-- All in One SEO -->\n\n","aioseo_head_json":{"title":"Prefeitura de Feira lan\u00e7a Calend\u00e1rio Esportivo nesta segunda | Encontra Feira de Santana","description":"Calend\u00e1rio Esportivo: uma iniciativa da Prefeitura de Feira para incentivar a pr\u00e1tica esportiva.","canonical_url":"https:\/\/www.encontrafeiradesantana.com.br\/sobre\/prefeitura-de-feira-lanca-calendario-esportivo-nesta-segunda\/","robots":"max-image-preview:large","keywords":"","webmasterTools":{"miscellaneous":""},"schema":{"@context":"https:\/\/schema.org","@graph":[{"@type":"Article","@id":"https:\/\/www.encontrafeiradesantana.com.br\/sobre\/prefeitura-de-feira-lanca-calendario-esportivo-nesta-segunda\/#article","name":"Prefeitura de Feira lan\u00e7a Calend\u00e1rio Esportivo nesta segunda | Encontra Feira de Santana","headline":"Prefeitura de Feira lan\u00e7a Calend\u00e1rio Esportivo nesta segunda","author":{"@id":"https:\/\/www.encontrafeiradesantana.com.br\/sobre\/author\/efeiradesantana\/#author"},"publisher":{"@id":"https:\/\/www.encontrafeiradesantana.com.br\/sobre\/#organization"},"datePublished":"2026-04-14T03:15:06-03:00","dateModified":"2026-04-14T03:15:06-03:00","inLanguage":"pt-BR","mainEntityOfPage":{"@id":"https:\/\/www.encontrafeiradesantana.com.br\/sobre\/prefeitura-de-feira-lanca-calendario-esportivo-nesta-segunda\/#webpage"},"isPartOf":{"@id":"https:\/\/www.encontrafeiradesantana.com.br\/sobre\/prefeitura-de-feira-lanca-calendario-esportivo-nesta-segunda\/#webpage"},"articleSection":"Cultura Feira de Santana"},{"@type":"BreadcrumbList","@id":"https:\/\/www.encontrafeiradesantana.com.br\/sobre\/prefeitura-de-feira-lanca-calendario-esportivo-nesta-segunda\/#breadcrumblist","itemListElement":[{"@type":"ListItem","@id":"https:\/\/www.encontrafeiradesantana.com.br\/sobre#listItem","position":1,"name":"In\u00edcio","item":"https:\/\/www.encontrafeiradesantana.com.br\/sobre","nextItem":{"@type":"ListItem","@id":"https:\/\/www.encontrafeiradesantana.com.br\/sobre\/cultura-em-feira-de-santana\/#listItem","name":"Cultura Feira de Santana"}},{"@type":"ListItem","@id":"https:\/\/www.encontrafeiradesantana.com.br\/sobre\/cultura-em-feira-de-santana\/#listItem","position":2,"name":"Cultura Feira de Santana","item":"https:\/\/www.encontrafeiradesantana.com.br\/sobre\/cultura-em-feira-de-santana\/","nextItem":{"@type":"ListItem","@id":"https:\/\/www.encontrafeiradesantana.com.br\/sobre\/prefeitura-de-feira-lanca-calendario-esportivo-nesta-segunda\/#listItem","name":"Prefeitura de Feira lan\u00e7a Calend\u00e1rio Esportivo nesta segunda"},"previousItem":{"@type":"ListItem","@id":"https:\/\/www.encontrafeiradesantana.com.br\/sobre#listItem","name":"In\u00edcio"}},{"@type":"ListItem","@id":"https:\/\/www.encontrafeiradesantana.com.br\/sobre\/prefeitura-de-feira-lanca-calendario-esportivo-nesta-segunda\/#listItem","position":3,"name":"Prefeitura de Feira lan\u00e7a Calend\u00e1rio Esportivo nesta segunda","previousItem":{"@type":"ListItem","@id":"https:\/\/www.encontrafeiradesantana.com.br\/sobre\/cultura-em-feira-de-santana\/#listItem","name":"Cultura Feira de Santana"}}]},{"@type":"Organization","@id":"https:\/\/www.encontrafeiradesantana.com.br\/sobre\/#organization","name":"Encontra Feira de Santana","description":"Not\u00edcias, eventos, informa\u00e7\u00f5es e dicas na cidade Feira de Santana e regi\u00e3o.","url":"https:\/\/www.encontrafeiradesantana.com.br\/sobre\/"},{"@type":"Person","@id":"https:\/\/www.encontrafeiradesantana.com.br\/sobre\/author\/efeiradesantana\/#author","url":"https:\/\/www.encontrafeiradesantana.com.br\/sobre\/author\/efeiradesantana\/","name":"Encontra Feira de Santana","image":{"@type":"ImageObject","@id":"https:\/\/www.encontrafeiradesantana.com.br\/sobre\/prefeitura-de-feira-lanca-calendario-esportivo-nesta-segunda\/#authorImage","url":"https:\/\/secure.gravatar.com\/avatar\/507340682b8270222e1f208e23198b6ae7e2c6a1033ae84e99bc6bce4f82a387?s=96&d=mm&r=g","width":96,"height":96,"caption":"Encontra Feira de Santana"}},{"@type":"WebPage","@id":"https:\/\/www.encontrafeiradesantana.com.br\/sobre\/prefeitura-de-feira-lanca-calendario-esportivo-nesta-segunda\/#webpage","url":"https:\/\/www.encontrafeiradesantana.com.br\/sobre\/prefeitura-de-feira-lanca-calendario-esportivo-nesta-segunda\/","name":"Prefeitura de Feira lan\u00e7a Calend\u00e1rio Esportivo nesta segunda | Encontra Feira de Santana","description":"Calend\u00e1rio Esportivo: uma iniciativa da Prefeitura de Feira para incentivar a pr\u00e1tica esportiva.","inLanguage":"pt-BR","isPartOf":{"@id":"https:\/\/www.encontrafeiradesantana.com.br\/sobre\/#website"},"breadcrumb":{"@id":"https:\/\/www.encontrafeiradesantana.com.br\/sobre\/prefeitura-de-feira-lanca-calendario-esportivo-nesta-segunda\/#breadcrumblist"},"author":{"@id":"https:\/\/www.encontrafeiradesantana.com.br\/sobre\/author\/efeiradesantana\/#author"},"creator":{"@id":"https:\/\/www.encontrafeiradesantana.com.br\/sobre\/author\/efeiradesantana\/#author"},"datePublished":"2026-04-14T03:15:06-03:00","dateModified":"2026-04-14T03:15:06-03:00"},{"@type":"WebSite","@id":"https:\/\/www.encontrafeiradesantana.com.br\/sobre\/#website","url":"https:\/\/www.encontrafeiradesantana.com.br\/sobre\/","name":"Encontra Feira de Santana","description":"Not\u00edcias, eventos, informa\u00e7\u00f5es e dicas na cidade Feira de Santana e regi\u00e3o.","inLanguage":"pt-BR","publisher":{"@id":"https:\/\/www.encontrafeiradesantana.com.br\/sobre\/#organization"}}]},"og:locale":"pt_BR","og:site_name":"Encontra Feira de Santana | Not\u00edcias, eventos, informa\u00e7\u00f5es e dicas na cidade Feira de Santana e regi\u00e3o.","og:type":"article","og:title":"Prefeitura de Feira lan\u00e7a Calend\u00e1rio Esportivo nesta segunda | Encontra Feira de Santana","og:description":"Calend\u00e1rio Esportivo: uma iniciativa da Prefeitura de Feira para incentivar a pr\u00e1tica esportiva.","og:url":"https:\/\/www.encontrafeiradesantana.com.br\/sobre\/prefeitura-de-feira-lanca-calendario-esportivo-nesta-segunda\/","article:published_time":"2026-04-14T06:15:06+00:00","article:modified_time":"2026-04-14T06:15:06+00:00","twitter:card":"summary","twitter:title":"Prefeitura de Feira lan\u00e7a Calend\u00e1rio Esportivo nesta segunda | Encontra Feira de Santana","twitter:description":"Calend\u00e1rio Esportivo: uma iniciativa da Prefeitura de Feira para incentivar a pr\u00e1tica esportiva."},"aioseo_meta_data":{"post_id":"1923","title":null,"description":null,"keywords":null,"keyphrases":null,"primary_term":null,"canonical_url":null,"og_title":null,"og_description":null,"og_object_type":"default","og_image_type":"default","og_image_url":null,"og_image_width":null,"og_image_height":null,"og_image_custom_url":null,"og_image_custom_fields":null,"og_video":null,"og_custom_url":null,"og_article_section":null,"og_article_tags":null,"twitter_use_og":false,"twitter_card":"default","twitter_image_type":"default","twitter_image_url":null,"twitter_image_custom_url":null,"twitter_image_custom_fields":null,"twitter_title":null,"twitter_description":null,"schema":{"blockGraphs":[],"customGraphs":[],"default":{"data":{"Article":[],"Course":[],"Dataset":[],"FAQPage":[],"Movie":[],"Person":[],"Product":[],"ProductReview":[],"Car":[],"Recipe":[],"Service":[],"SoftwareApplication":[],"WebPage":[]},"graphName":"Article","isEnabled":true},"graphs":[]},"schema_type":"default","schema_type_options":null,"pillar_content":false,"robots_default":true,"robots_noindex":false,"robots_noarchive":false,"robots_nosnippet":false,"robots_nofollow":false,"robots_noimageindex":false,"robots_noodp":false,"robots_notranslate":false,"robots_max_snippet":null,"robots_max_videopreview":null,"robots_max_imagepreview":"large","priority":null,"frequency":null,"local_seo":null,"breadcrumb_settings":null,"limit_modified_date":false,"ai":null,"created":"2026-04-14 06:15:09","updated":"2026-04-14 06:30:47","focus_keyword":null,"additional_keywords":null,"truseo_locale":null,"seo_analyzer_scan_date":null},"aioseo_breadcrumb":"<div class=\"aioseo-breadcrumbs\"><span class=\"aioseo-breadcrumb\">\n\t\t\t<a href=\"https:\/\/www.encontrafeiradesantana.com.br\/sobre\" title=\"In\u00edcio\">In\u00edcio<\/a>\n\t\t<\/span><span class=\"aioseo-breadcrumb-separator\">&raquo;<\/span><span class=\"aioseo-breadcrumb\">\n\t\t\t<a href=\"https:\/\/www.encontrafeiradesantana.com.br\/sobre\/cultura-em-feira-de-santana\/\" title=\"Cultura Feira de Santana\">Cultura Feira de Santana<\/a>\n\t\t<\/span><span class=\"aioseo-breadcrumb-separator\">&raquo;<\/span><span class=\"aioseo-breadcrumb\">\n\t\t\tPrefeitura de Feira lan\u00e7a Calend\u00e1rio Esportivo nesta segunda\n\t\t<\/span><\/div>","aioseo_breadcrumb_json":[{"label":"In\u00edcio","link":"https:\/\/www.encontrafeiradesantana.com.br\/sobre"},{"label":"Cultura Feira de Santana","link":"https:\/\/www.encontrafeiradesantana.com.br\/sobre\/cultura-em-feira-de-santana\/"},{"label":"Prefeitura de Feira lan\u00e7a Calend\u00e1rio Esportivo nesta segunda","link":"https:\/\/www.encontrafeiradesantana.com.br\/sobre\/prefeitura-de-feira-lanca-calendario-esportivo-nesta-segunda\/"}],"_links":{"self":[{"href":"https:\/\/www.encontrafeiradesantana.com.br\/sobre\/wp-json\/wp\/v2\/posts\/1923","targetHints":{"allow":["GET"]}}],"collection":[{"href":"https:\/\/www.encontrafeiradesantana.com.br\/sobre\/wp-json\/wp\/v2\/posts"}],"about":[{"href":"https:\/\/www.encontrafeiradesantana.com.br\/sobre\/wp-json\/wp\/v2\/types\/post"}],"author":[{"embeddable":true,"href":"https:\/\/www.encontrafeiradesantana.com.br\/sobre\/wp-json\/wp\/v2\/users\/1"}],"replies":[{"embeddable":true,"href":"https:\/\/www.encontrafeiradesantana.com.br\/sobre\/wp-json\/wp\/v2\/comments?post=1923"}],"version-history":[{"count":0,"href":"https:\/\/www.encontrafeiradesantana.com.br\/sobre\/wp-json\/wp\/v2\/posts\/1923\/revisions"}],"wp:attachment":[{"href":"https:\/\/www.encontrafeiradesantana.com.br\/sobre\/wp-json\/wp\/v2\/media?parent=1923"}],"wp:term":[{"taxonomy":"category","embeddable":true,"href":"https:\/\/www.encontrafeiradesantana.com.br\/sobre\/wp-json\/wp\/v2\/categories?post=1923"},{"taxonomy":"post_tag","embeddable":true,"href":"https:\/\/www.encontrafeiradesantana.com.br\/sobre\/wp-json\/wp\/v2\/tags?post=1923"}],"curies":[{"name":"wp","href":"https:\/\/api.w.org\/{rel}","templated":true}]}}