{"id":1919,"date":"2026-04-12T03:29:46","date_gmt":"2026-04-12T06:29:46","guid":{"rendered":"https:\/\/www.encontrafeiradesantana.com.br\/sobre\/pintura-historica-de-1902-tem-tombamento-oficializado-apos-anuncio-no-centenario-do-paco-municipal\/"},"modified":"2026-04-12T03:29:46","modified_gmt":"2026-04-12T06:29:46","slug":"pintura-historica-de-1902-tem-tombamento-oficializado-apos-anuncio-no-centenario-do-paco-municipal","status":"publish","type":"post","link":"https:\/\/www.encontrafeiradesantana.com.br\/sobre\/pintura-historica-de-1902-tem-tombamento-oficializado-apos-anuncio-no-centenario-do-paco-municipal\/","title":{"rendered":"Pintura hist\u00f3rica de 1902 tem tombamento oficializado ap\u00f3s an\u00fancio no centen\u00e1rio do Pa\u00e7o Municipal"},"content":{"rendered":"<div class=\"3f468104ad11f00a3c9ac948316f4265\" data-index=\"1\" style=\"float: none; margin:0px;\">\n<ins class=\"adsbygoogle\"\r\n     style=\"display:block\"\r\n     data-ad-client=\"ca-pub-8585364105181520\"\r\n     data-ad-slot=\"8789329856\"\r\n     data-ad-format=\"auto\"\r\n     data-full-width-responsive=\"true\"><\/ins>\r\n<script>\r\n     (adsbygoogle = window.adsbygoogle || []).push({});\r\n<\/script>\r\n\n<\/div>\n<h2>O significado do tombamento cultural<\/h2>\n<p>O <strong>tombamento cultural<\/strong> \u00e9 um processo legal que visa proteger bens de valor hist\u00f3rico, art\u00edstico e cultural. Essa a\u00e7\u00e3o \u00e9 fundamental para garantir que as obras significativas para a sociedade sejam preservadas para as futuras gera\u00e7\u00f5es. Ao tombar um bem, reconhece-se a sua import\u00e2ncia e assegura-se a sua conserva\u00e7\u00e3o, evitando poss\u00edveis danos ou altera\u00e7\u00f5es que poderiam comprometer sua integridade.<\/p>\n<h2>A import\u00e2ncia da pintura de 1902<\/h2>\n<p>A pintura de 1902, que retrata <strong>Jos\u00e9 Freire de Lima<\/strong>, \u00e9 um s\u00edmbolo marcante da hist\u00f3ria local. A obra n\u00e3o apenas representa uma figura proeminente na administra\u00e7\u00e3o da cidade, mas tamb\u00e9m est\u00e1 inserida em um contexto cultural e social que moldou Feira de Santana ao longo dos anos. Seu tombamento oficializado refor\u00e7a o reconhecimento desse importante patrim\u00f4nio, garantindo sua preserva\u00e7\u00e3o.<\/p>\n<h2>Jos\u00e9 Freire de Lima e sua relev\u00e2ncia<\/h2>\n<p>Jos\u00e9 Freire de Lima, importante intendente da cidade, desempenhou um papel essencial na estrutura\u00e7\u00e3o da administra\u00e7\u00e3o municipal. Sua atua\u00e7\u00e3o foi decisiva para o desenvolvimento de diversas \u00e1reas em Feira de Santana, e a pintura que o retrata se torna, assim, uma representa\u00e7\u00e3o visual de sua contribui\u00e7\u00e3o. O reconhecimento de sua figura \u00e9 fundamental para a mem\u00f3ria coletiva da cidade, especialmente em rela\u00e7\u00e3o \u00e0 forma como ela se estruturou ao longo do tempo.<\/p>\n<h2>Como o patrim\u00f4nio \u00e9 protegido por lei<\/h2>\n<p>A prote\u00e7\u00e3o do patrim\u00f4nio hist\u00f3rico \u00e9 respaldada por diversas legisla\u00e7\u00f5es que estabelecem os meios necess\u00e1rios para a conserva\u00e7\u00e3o de bens culturais. No caso do tombamento da pintura de 1902, a medida foi institucionalizada atrav\u00e9s da <strong>Lei Municipal n\u00ba 3.355\/2013<\/strong>, que regula a prote\u00e7\u00e3o e a valoriza\u00e7\u00e3o do patrim\u00f4nio cultural local. Essa regulamenta\u00e7\u00e3o \u00e9 vital para assegurar que a\u00e7\u00f5es de preserva\u00e7\u00e3o sejam implementadas de forma eficaz e que as pe\u00e7as tombadas tenham um regime de prote\u00e7\u00e3o adequado.<\/p>\n<h2>A hist\u00f3ria do Pa\u00e7o Municipal Maria Quit\u00e9ria<\/h2>\n<p>O <strong>Pa\u00e7o Municipal Maria Quit\u00e9ria<\/strong> \u00e9 um edif\u00edcio que carrega em suas paredes a hist\u00f3ria de Feira de Santana. Completando cem anos, a hist\u00f3ria do local est\u00e1 intrinsecamente relacionada ao desenvolvimento urbano e \u00e0 administra\u00e7\u00e3o da cidade. Durante as comemora\u00e7\u00f5es de seu centen\u00e1rio, o tombamento da pintura de 1902 foi anunciado, enfatizando a import\u00e2ncia de integrar as pr\u00e1ticas de valoriza\u00e7\u00e3o cultural ao contexto celebrativo da cidade.<\/p>\n<h2>Medidas de conserva\u00e7\u00e3o do bem cultural<\/h2>\n<p>Ap\u00f3s o tombamento, a pintura passar\u00e1 a contar com um conjunto de medidas de conserva\u00e7\u00e3o, a fim de garantir sua integridade ao longo do tempo. Entre as a\u00e7\u00f5es previstas, destacam-se:<\/p>\n<ul>\n<li><strong>Proibi\u00e7\u00e3o de qualquer altera\u00e7\u00e3o n\u00e3o autorizada:<\/strong> O bem n\u00e3o poder\u00e1 ser modificado, destru\u00eddo ou descaracterizado sem a devida autoriza\u00e7\u00e3o dos \u00f3rg\u00e3os competentes.<\/li>\n<li><strong>Restaura\u00e7\u00e3o especializada:<\/strong> Qualquer interven\u00e7\u00e3o na pintura deve ser conduzida por profissionais especializados, assegurando m\u00e9todos adequados de preserva\u00e7\u00e3o.<\/li>\n<li><strong>Exposi\u00e7\u00f5es e digitaliza\u00e7\u00e3o:<\/strong> A obra poder\u00e1 ser exposta e tamb\u00e9m digitalizada para fins educativos, permitindo que mais pessoas tenham acesso ao seu conte\u00fado cultural.<\/li>\n<\/ul>\n<h2>Impacto do tombamento na comunidade<\/h2>\n<p>Com o tombamento da pintura, a comunidade de Feira de Santana \u00e9 chamada a refletir sobre sua pr\u00f3pria hist\u00f3ria e identidade. A valoriza\u00e7\u00e3o desse bem cultural promove um maior envolvimento da popula\u00e7\u00e3o com a arte e com eventos que destacam a cultura local. Isso n\u00e3o apenas enriquece a vida cultural da cidade, mas tamb\u00e9m fortalece as ra\u00edzes da identidade local, promovendo um sentimento de pertencimento entre os habitantes.<\/p>\n<h2>Valoriza\u00e7\u00e3o da arte e cultura locais<\/h2>\n<p>O tombamento da pintura \u00e9 parte de uma estrat\u00e9gia mais ampla de valoriza\u00e7\u00e3o da arte e cultura de Feira de Santana. A Prefeitura, atrav\u00e9s da <strong>Secretaria Municipal de Cultura, Esporte e Lazer<\/strong>, busca promover iniciativas que estimulem o acesso \u00e0 cultura e a participa\u00e7\u00e3o da comunidade. Atividades e projetos voltados para o reconhecimento do patrim\u00f4nio cultural contribuem n\u00e3o s\u00f3 para a preserva\u00e7\u00e3o, mas tamb\u00e9m para a forma\u00e7\u00e3o de futuras gera\u00e7\u00f5es em rela\u00e7\u00e3o ao valor da arte na sociedade.<\/p>\n<h2>O papel da Secretaria Municipal de Cultura<\/h2>\n<p>A <strong>Secretaria Municipal de Cultura, Esporte e Lazer<\/strong> desempenha um papel crucial na intermedia\u00e7\u00e3o entre a administra\u00e7\u00e3o p\u00fablica e a sociedade civil. Sua fun\u00e7\u00e3o vai al\u00e9m das atividades administrativas; \u00e9 um agente de transforma\u00e7\u00e3o social. Atrav\u00e9s de sua atua\u00e7\u00e3o, a secretaria promove atividades que n\u00e3o apenas resgatam a mem\u00f3ria hist\u00f3rica, mas tamb\u00e9m incentivam o envolvimento ativo da popula\u00e7\u00e3o nas pr\u00e1ticas culturais.<\/p>\n<h2>Pr\u00f3ximas iniciativas de preserva\u00e7\u00e3o cultural<\/h2>\n<p>O tombamento da pintura de 1902 reflete o compromisso da administra\u00e7\u00e3o municipal com a preserva\u00e7\u00e3o do patrim\u00f4nio cultural. Para o futuro, muitas iniciativas est\u00e3o sendo planejadas, incluindo:<\/p>\n<ul>\n<li><strong>Educa\u00e7\u00e3o patrimonial:<\/strong> Programas que visam ensinar a popula\u00e7\u00e3o sobre a import\u00e2ncia da preserva\u00e7\u00e3o cultural.<\/li>\n<li><strong>Eventos culturais:<\/strong> Promo\u00e7\u00e3o de exposi\u00e7\u00f5es, feiras e festivais que celebram as artes locais e a cultura da regi\u00e3o.<\/li>\n<li><strong>Parcerias com institui\u00e7\u00f5es:<\/strong> Colabora\u00e7\u00f5es com escolas e universidades para promover a pesquisa e a valoriza\u00e7\u00e3o do patrim\u00f4nio hist\u00f3rico.<\/li>\n<\/ul>\n<p>Essas a\u00e7\u00f5es visam n\u00e3o apenas proteger o patrim\u00f4nio, mas tamb\u00e9m enriquecer a vida cultural da popula\u00e7\u00e3o, incentivando um futuro em que a hist\u00f3ria e a arte sejam sempre lembradas e valorizadas.<\/p>\n\n<div style=\"font-size: 0px; height: 0px; line-height: 0px; margin: 0; padding: 0; clear: both;\"><\/div>","protected":false},"excerpt":{"rendered":"<p>O tombamento da pintura de 1902 oficializa a preserva\u00e7\u00e3o da cultura local.<\/p>\n","protected":false},"author":1,"featured_media":0,"comment_status":"open","ping_status":"closed","sticky":false,"template":"","format":"standard","meta":{"footnotes":""},"categories":[26],"tags":[],"class_list":["post-1919","post","type-post","status-publish","format-standard","hentry","category-cultura-em-feira-de-santana"],"aioseo_notices":[],"aioseo_head":"\n\t\t<!-- All in One SEO 5.0.0.1 - aioseo.com -->\n\t<meta name=\"description\" content=\"O tombamento da pintura de 1902 oficializa a preserva\u00e7\u00e3o da cultura local.\" \/>\n\t<meta name=\"robots\" content=\"max-image-preview:large\" \/>\n\t<meta name=\"author\" content=\"Encontra Feira de Santana\"\/>\n\t<link rel=\"canonical\" href=\"https:\/\/www.encontrafeiradesantana.com.br\/sobre\/pintura-historica-de-1902-tem-tombamento-oficializado-apos-anuncio-no-centenario-do-paco-municipal\/\" \/>\n\t<meta name=\"generator\" content=\"All in One SEO (AIOSEO) 5.0.0.1\" \/>\n\t\t<meta property=\"og:locale\" content=\"pt_BR\" \/>\n\t\t<meta property=\"og:site_name\" content=\"Encontra Feira de Santana | Not\u00edcias, eventos, informa\u00e7\u00f5es e dicas na cidade Feira de Santana e regi\u00e3o.\" \/>\n\t\t<meta property=\"og:type\" content=\"article\" \/>\n\t\t<meta property=\"og:title\" content=\"Pintura hist\u00f3rica de 1902 tem tombamento oficializado ap\u00f3s an\u00fancio no centen\u00e1rio do Pa\u00e7o Municipal | Encontra Feira de Santana\" \/>\n\t\t<meta property=\"og:description\" content=\"O tombamento da pintura de 1902 oficializa a preserva\u00e7\u00e3o da cultura local.\" \/>\n\t\t<meta property=\"og:url\" content=\"https:\/\/www.encontrafeiradesantana.com.br\/sobre\/pintura-historica-de-1902-tem-tombamento-oficializado-apos-anuncio-no-centenario-do-paco-municipal\/\" \/>\n\t\t<meta property=\"article:published_time\" content=\"2026-04-12T06:29:46+00:00\" \/>\n\t\t<meta property=\"article:modified_time\" content=\"2026-04-12T06:29:46+00:00\" \/>\n\t\t<meta name=\"twitter:card\" content=\"summary\" \/>\n\t\t<meta name=\"twitter:title\" content=\"Pintura hist\u00f3rica de 1902 tem tombamento oficializado ap\u00f3s an\u00fancio no centen\u00e1rio do Pa\u00e7o Municipal | Encontra Feira de Santana\" \/>\n\t\t<meta name=\"twitter:description\" content=\"O tombamento da pintura de 1902 oficializa a preserva\u00e7\u00e3o da cultura local.\" \/>\n\t\t<script type=\"application\/ld+json\" class=\"aioseo-schema\">\n\t\t\t{\"@context\":\"https:\\\/\\\/schema.org\",\"@graph\":[{\"@type\":\"Article\",\"@id\":\"https:\\\/\\\/www.encontrafeiradesantana.com.br\\\/sobre\\\/pintura-historica-de-1902-tem-tombamento-oficializado-apos-anuncio-no-centenario-do-paco-municipal\\\/#article\",\"name\":\"Pintura hist\\u00f3rica de 1902 tem tombamento oficializado ap\\u00f3s an\\u00fancio no centen\\u00e1rio do Pa\\u00e7o Municipal | Encontra Feira de Santana\",\"headline\":\"Pintura hist\\u00f3rica de 1902 tem tombamento oficializado ap\\u00f3s an\\u00fancio no centen\\u00e1rio do Pa\\u00e7o Municipal\",\"author\":{\"@id\":\"https:\\\/\\\/www.encontrafeiradesantana.com.br\\\/sobre\\\/author\\\/efeiradesantana\\\/#author\"},\"publisher\":{\"@id\":\"https:\\\/\\\/www.encontrafeiradesantana.com.br\\\/sobre\\\/#organization\"},\"datePublished\":\"2026-04-12T03:29:46-03:00\",\"dateModified\":\"2026-04-12T03:29:46-03:00\",\"inLanguage\":\"pt-BR\",\"mainEntityOfPage\":{\"@id\":\"https:\\\/\\\/www.encontrafeiradesantana.com.br\\\/sobre\\\/pintura-historica-de-1902-tem-tombamento-oficializado-apos-anuncio-no-centenario-do-paco-municipal\\\/#webpage\"},\"isPartOf\":{\"@id\":\"https:\\\/\\\/www.encontrafeiradesantana.com.br\\\/sobre\\\/pintura-historica-de-1902-tem-tombamento-oficializado-apos-anuncio-no-centenario-do-paco-municipal\\\/#webpage\"},\"articleSection\":\"Cultura Feira de Santana\"},{\"@type\":\"BreadcrumbList\",\"@id\":\"https:\\\/\\\/www.encontrafeiradesantana.com.br\\\/sobre\\\/pintura-historica-de-1902-tem-tombamento-oficializado-apos-anuncio-no-centenario-do-paco-municipal\\\/#breadcrumblist\",\"itemListElement\":[{\"@type\":\"ListItem\",\"@id\":\"https:\\\/\\\/www.encontrafeiradesantana.com.br\\\/sobre#listItem\",\"position\":1,\"name\":\"In\\u00edcio\",\"item\":\"https:\\\/\\\/www.encontrafeiradesantana.com.br\\\/sobre\",\"nextItem\":{\"@type\":\"ListItem\",\"@id\":\"https:\\\/\\\/www.encontrafeiradesantana.com.br\\\/sobre\\\/cultura-em-feira-de-santana\\\/#listItem\",\"name\":\"Cultura Feira de Santana\"}},{\"@type\":\"ListItem\",\"@id\":\"https:\\\/\\\/www.encontrafeiradesantana.com.br\\\/sobre\\\/cultura-em-feira-de-santana\\\/#listItem\",\"position\":2,\"name\":\"Cultura Feira de Santana\",\"item\":\"https:\\\/\\\/www.encontrafeiradesantana.com.br\\\/sobre\\\/cultura-em-feira-de-santana\\\/\",\"nextItem\":{\"@type\":\"ListItem\",\"@id\":\"https:\\\/\\\/www.encontrafeiradesantana.com.br\\\/sobre\\\/pintura-historica-de-1902-tem-tombamento-oficializado-apos-anuncio-no-centenario-do-paco-municipal\\\/#listItem\",\"name\":\"Pintura hist\\u00f3rica de 1902 tem tombamento oficializado ap\\u00f3s an\\u00fancio no centen\\u00e1rio do Pa\\u00e7o Municipal\"},\"previousItem\":{\"@type\":\"ListItem\",\"@id\":\"https:\\\/\\\/www.encontrafeiradesantana.com.br\\\/sobre#listItem\",\"name\":\"In\\u00edcio\"}},{\"@type\":\"ListItem\",\"@id\":\"https:\\\/\\\/www.encontrafeiradesantana.com.br\\\/sobre\\\/pintura-historica-de-1902-tem-tombamento-oficializado-apos-anuncio-no-centenario-do-paco-municipal\\\/#listItem\",\"position\":3,\"name\":\"Pintura hist\\u00f3rica de 1902 tem tombamento oficializado ap\\u00f3s an\\u00fancio no centen\\u00e1rio do Pa\\u00e7o Municipal\",\"previousItem\":{\"@type\":\"ListItem\",\"@id\":\"https:\\\/\\\/www.encontrafeiradesantana.com.br\\\/sobre\\\/cultura-em-feira-de-santana\\\/#listItem\",\"name\":\"Cultura Feira de Santana\"}}]},{\"@type\":\"Organization\",\"@id\":\"https:\\\/\\\/www.encontrafeiradesantana.com.br\\\/sobre\\\/#organization\",\"name\":\"Encontra Feira de Santana\",\"description\":\"Not\\u00edcias, eventos, informa\\u00e7\\u00f5es e dicas na cidade Feira de Santana e regi\\u00e3o.\",\"url\":\"https:\\\/\\\/www.encontrafeiradesantana.com.br\\\/sobre\\\/\"},{\"@type\":\"Person\",\"@id\":\"https:\\\/\\\/www.encontrafeiradesantana.com.br\\\/sobre\\\/author\\\/efeiradesantana\\\/#author\",\"url\":\"https:\\\/\\\/www.encontrafeiradesantana.com.br\\\/sobre\\\/author\\\/efeiradesantana\\\/\",\"name\":\"Encontra Feira de Santana\",\"image\":{\"@type\":\"ImageObject\",\"@id\":\"https:\\\/\\\/www.encontrafeiradesantana.com.br\\\/sobre\\\/pintura-historica-de-1902-tem-tombamento-oficializado-apos-anuncio-no-centenario-do-paco-municipal\\\/#authorImage\",\"url\":\"https:\\\/\\\/secure.gravatar.com\\\/avatar\\\/507340682b8270222e1f208e23198b6ae7e2c6a1033ae84e99bc6bce4f82a387?s=96&d=mm&r=g\",\"width\":96,\"height\":96,\"caption\":\"Encontra Feira de Santana\"}},{\"@type\":\"WebPage\",\"@id\":\"https:\\\/\\\/www.encontrafeiradesantana.com.br\\\/sobre\\\/pintura-historica-de-1902-tem-tombamento-oficializado-apos-anuncio-no-centenario-do-paco-municipal\\\/#webpage\",\"url\":\"https:\\\/\\\/www.encontrafeiradesantana.com.br\\\/sobre\\\/pintura-historica-de-1902-tem-tombamento-oficializado-apos-anuncio-no-centenario-do-paco-municipal\\\/\",\"name\":\"Pintura hist\\u00f3rica de 1902 tem tombamento oficializado ap\\u00f3s an\\u00fancio no centen\\u00e1rio do Pa\\u00e7o Municipal | Encontra Feira de Santana\",\"description\":\"O tombamento da pintura de 1902 oficializa a preserva\\u00e7\\u00e3o da cultura local.\",\"inLanguage\":\"pt-BR\",\"isPartOf\":{\"@id\":\"https:\\\/\\\/www.encontrafeiradesantana.com.br\\\/sobre\\\/#website\"},\"breadcrumb\":{\"@id\":\"https:\\\/\\\/www.encontrafeiradesantana.com.br\\\/sobre\\\/pintura-historica-de-1902-tem-tombamento-oficializado-apos-anuncio-no-centenario-do-paco-municipal\\\/#breadcrumblist\"},\"author\":{\"@id\":\"https:\\\/\\\/www.encontrafeiradesantana.com.br\\\/sobre\\\/author\\\/efeiradesantana\\\/#author\"},\"creator\":{\"@id\":\"https:\\\/\\\/www.encontrafeiradesantana.com.br\\\/sobre\\\/author\\\/efeiradesantana\\\/#author\"},\"datePublished\":\"2026-04-12T03:29:46-03:00\",\"dateModified\":\"2026-04-12T03:29:46-03:00\"},{\"@type\":\"WebSite\",\"@id\":\"https:\\\/\\\/www.encontrafeiradesantana.com.br\\\/sobre\\\/#website\",\"url\":\"https:\\\/\\\/www.encontrafeiradesantana.com.br\\\/sobre\\\/\",\"name\":\"Encontra Feira de Santana\",\"description\":\"Not\\u00edcias, eventos, informa\\u00e7\\u00f5es e dicas na cidade Feira de Santana e regi\\u00e3o.\",\"inLanguage\":\"pt-BR\",\"publisher\":{\"@id\":\"https:\\\/\\\/www.encontrafeiradesantana.com.br\\\/sobre\\\/#organization\"}}]}\n\t\t<\/script>\n\t\t<!-- All in One SEO -->\n\n","aioseo_head_json":{"title":"Pintura hist\u00f3rica de 1902 tem tombamento oficializado ap\u00f3s an\u00fancio no centen\u00e1rio do Pa\u00e7o Municipal | Encontra Feira de Santana","description":"O tombamento da pintura de 1902 oficializa a preserva\u00e7\u00e3o da cultura local.","canonical_url":"https:\/\/www.encontrafeiradesantana.com.br\/sobre\/pintura-historica-de-1902-tem-tombamento-oficializado-apos-anuncio-no-centenario-do-paco-municipal\/","robots":"max-image-preview:large","keywords":"","webmasterTools":{"miscellaneous":""},"schema":{"@context":"https:\/\/schema.org","@graph":[{"@type":"Article","@id":"https:\/\/www.encontrafeiradesantana.com.br\/sobre\/pintura-historica-de-1902-tem-tombamento-oficializado-apos-anuncio-no-centenario-do-paco-municipal\/#article","name":"Pintura hist\u00f3rica de 1902 tem tombamento oficializado ap\u00f3s an\u00fancio no centen\u00e1rio do Pa\u00e7o Municipal | Encontra Feira de Santana","headline":"Pintura hist\u00f3rica de 1902 tem tombamento oficializado ap\u00f3s an\u00fancio no centen\u00e1rio do Pa\u00e7o Municipal","author":{"@id":"https:\/\/www.encontrafeiradesantana.com.br\/sobre\/author\/efeiradesantana\/#author"},"publisher":{"@id":"https:\/\/www.encontrafeiradesantana.com.br\/sobre\/#organization"},"datePublished":"2026-04-12T03:29:46-03:00","dateModified":"2026-04-12T03:29:46-03:00","inLanguage":"pt-BR","mainEntityOfPage":{"@id":"https:\/\/www.encontrafeiradesantana.com.br\/sobre\/pintura-historica-de-1902-tem-tombamento-oficializado-apos-anuncio-no-centenario-do-paco-municipal\/#webpage"},"isPartOf":{"@id":"https:\/\/www.encontrafeiradesantana.com.br\/sobre\/pintura-historica-de-1902-tem-tombamento-oficializado-apos-anuncio-no-centenario-do-paco-municipal\/#webpage"},"articleSection":"Cultura Feira de Santana"},{"@type":"BreadcrumbList","@id":"https:\/\/www.encontrafeiradesantana.com.br\/sobre\/pintura-historica-de-1902-tem-tombamento-oficializado-apos-anuncio-no-centenario-do-paco-municipal\/#breadcrumblist","itemListElement":[{"@type":"ListItem","@id":"https:\/\/www.encontrafeiradesantana.com.br\/sobre#listItem","position":1,"name":"In\u00edcio","item":"https:\/\/www.encontrafeiradesantana.com.br\/sobre","nextItem":{"@type":"ListItem","@id":"https:\/\/www.encontrafeiradesantana.com.br\/sobre\/cultura-em-feira-de-santana\/#listItem","name":"Cultura Feira de Santana"}},{"@type":"ListItem","@id":"https:\/\/www.encontrafeiradesantana.com.br\/sobre\/cultura-em-feira-de-santana\/#listItem","position":2,"name":"Cultura Feira de Santana","item":"https:\/\/www.encontrafeiradesantana.com.br\/sobre\/cultura-em-feira-de-santana\/","nextItem":{"@type":"ListItem","@id":"https:\/\/www.encontrafeiradesantana.com.br\/sobre\/pintura-historica-de-1902-tem-tombamento-oficializado-apos-anuncio-no-centenario-do-paco-municipal\/#listItem","name":"Pintura hist\u00f3rica de 1902 tem tombamento oficializado ap\u00f3s an\u00fancio no centen\u00e1rio do Pa\u00e7o Municipal"},"previousItem":{"@type":"ListItem","@id":"https:\/\/www.encontrafeiradesantana.com.br\/sobre#listItem","name":"In\u00edcio"}},{"@type":"ListItem","@id":"https:\/\/www.encontrafeiradesantana.com.br\/sobre\/pintura-historica-de-1902-tem-tombamento-oficializado-apos-anuncio-no-centenario-do-paco-municipal\/#listItem","position":3,"name":"Pintura hist\u00f3rica de 1902 tem tombamento oficializado ap\u00f3s an\u00fancio no centen\u00e1rio do Pa\u00e7o Municipal","previousItem":{"@type":"ListItem","@id":"https:\/\/www.encontrafeiradesantana.com.br\/sobre\/cultura-em-feira-de-santana\/#listItem","name":"Cultura Feira de Santana"}}]},{"@type":"Organization","@id":"https:\/\/www.encontrafeiradesantana.com.br\/sobre\/#organization","name":"Encontra Feira de Santana","description":"Not\u00edcias, eventos, informa\u00e7\u00f5es e dicas na cidade Feira de Santana e regi\u00e3o.","url":"https:\/\/www.encontrafeiradesantana.com.br\/sobre\/"},{"@type":"Person","@id":"https:\/\/www.encontrafeiradesantana.com.br\/sobre\/author\/efeiradesantana\/#author","url":"https:\/\/www.encontrafeiradesantana.com.br\/sobre\/author\/efeiradesantana\/","name":"Encontra Feira de Santana","image":{"@type":"ImageObject","@id":"https:\/\/www.encontrafeiradesantana.com.br\/sobre\/pintura-historica-de-1902-tem-tombamento-oficializado-apos-anuncio-no-centenario-do-paco-municipal\/#authorImage","url":"https:\/\/secure.gravatar.com\/avatar\/507340682b8270222e1f208e23198b6ae7e2c6a1033ae84e99bc6bce4f82a387?s=96&d=mm&r=g","width":96,"height":96,"caption":"Encontra Feira de Santana"}},{"@type":"WebPage","@id":"https:\/\/www.encontrafeiradesantana.com.br\/sobre\/pintura-historica-de-1902-tem-tombamento-oficializado-apos-anuncio-no-centenario-do-paco-municipal\/#webpage","url":"https:\/\/www.encontrafeiradesantana.com.br\/sobre\/pintura-historica-de-1902-tem-tombamento-oficializado-apos-anuncio-no-centenario-do-paco-municipal\/","name":"Pintura hist\u00f3rica de 1902 tem tombamento oficializado ap\u00f3s an\u00fancio no centen\u00e1rio do Pa\u00e7o Municipal | Encontra Feira de Santana","description":"O tombamento da pintura de 1902 oficializa a preserva\u00e7\u00e3o da cultura local.","inLanguage":"pt-BR","isPartOf":{"@id":"https:\/\/www.encontrafeiradesantana.com.br\/sobre\/#website"},"breadcrumb":{"@id":"https:\/\/www.encontrafeiradesantana.com.br\/sobre\/pintura-historica-de-1902-tem-tombamento-oficializado-apos-anuncio-no-centenario-do-paco-municipal\/#breadcrumblist"},"author":{"@id":"https:\/\/www.encontrafeiradesantana.com.br\/sobre\/author\/efeiradesantana\/#author"},"creator":{"@id":"https:\/\/www.encontrafeiradesantana.com.br\/sobre\/author\/efeiradesantana\/#author"},"datePublished":"2026-04-12T03:29:46-03:00","dateModified":"2026-04-12T03:29:46-03:00"},{"@type":"WebSite","@id":"https:\/\/www.encontrafeiradesantana.com.br\/sobre\/#website","url":"https:\/\/www.encontrafeiradesantana.com.br\/sobre\/","name":"Encontra Feira de Santana","description":"Not\u00edcias, eventos, informa\u00e7\u00f5es e dicas na cidade Feira de Santana e regi\u00e3o.","inLanguage":"pt-BR","publisher":{"@id":"https:\/\/www.encontrafeiradesantana.com.br\/sobre\/#organization"}}]},"og:locale":"pt_BR","og:site_name":"Encontra Feira de Santana | Not\u00edcias, eventos, informa\u00e7\u00f5es e dicas na cidade Feira de Santana e regi\u00e3o.","og:type":"article","og:title":"Pintura hist\u00f3rica de 1902 tem tombamento oficializado ap\u00f3s an\u00fancio no centen\u00e1rio do Pa\u00e7o Municipal | Encontra Feira de Santana","og:description":"O tombamento da pintura de 1902 oficializa a preserva\u00e7\u00e3o da cultura local.","og:url":"https:\/\/www.encontrafeiradesantana.com.br\/sobre\/pintura-historica-de-1902-tem-tombamento-oficializado-apos-anuncio-no-centenario-do-paco-municipal\/","article:published_time":"2026-04-12T06:29:46+00:00","article:modified_time":"2026-04-12T06:29:46+00:00","twitter:card":"summary","twitter:title":"Pintura hist\u00f3rica de 1902 tem tombamento oficializado ap\u00f3s an\u00fancio no centen\u00e1rio do Pa\u00e7o Municipal | Encontra Feira de Santana","twitter:description":"O tombamento da pintura de 1902 oficializa a preserva\u00e7\u00e3o da cultura local."},"aioseo_meta_data":{"post_id":"1919","title":null,"description":null,"keywords":null,"keyphrases":null,"primary_term":null,"canonical_url":null,"og_title":null,"og_description":null,"og_object_type":"default","og_image_type":"default","og_image_url":null,"og_image_width":null,"og_image_height":null,"og_image_custom_url":null,"og_image_custom_fields":null,"og_video":null,"og_custom_url":null,"og_article_section":null,"og_article_tags":null,"twitter_use_og":false,"twitter_card":"default","twitter_image_type":"default","twitter_image_url":null,"twitter_image_custom_url":null,"twitter_image_custom_fields":null,"twitter_title":null,"twitter_description":null,"schema":{"blockGraphs":[],"customGraphs":[],"default":{"data":{"Article":[],"Course":[],"Dataset":[],"FAQPage":[],"Movie":[],"Person":[],"Product":[],"ProductReview":[],"Car":[],"Recipe":[],"Service":[],"SoftwareApplication":[],"WebPage":[]},"graphName":"Article","isEnabled":true},"graphs":[]},"schema_type":"default","schema_type_options":null,"pillar_content":false,"robots_default":true,"robots_noindex":false,"robots_noarchive":false,"robots_nosnippet":false,"robots_nofollow":false,"robots_noimageindex":false,"robots_noodp":false,"robots_notranslate":false,"robots_max_snippet":null,"robots_max_videopreview":null,"robots_max_imagepreview":"large","priority":null,"frequency":null,"local_seo":null,"breadcrumb_settings":null,"limit_modified_date":false,"ai":null,"created":"2026-04-12 06:29:52","updated":"2026-04-12 06:31:36","focus_keyword":null,"additional_keywords":null,"truseo_locale":null,"seo_analyzer_scan_date":null},"aioseo_breadcrumb":"<div class=\"aioseo-breadcrumbs\"><span class=\"aioseo-breadcrumb\">\n\t\t\t<a href=\"https:\/\/www.encontrafeiradesantana.com.br\/sobre\" title=\"In\u00edcio\">In\u00edcio<\/a>\n\t\t<\/span><span class=\"aioseo-breadcrumb-separator\">&raquo;<\/span><span class=\"aioseo-breadcrumb\">\n\t\t\t<a href=\"https:\/\/www.encontrafeiradesantana.com.br\/sobre\/cultura-em-feira-de-santana\/\" title=\"Cultura Feira de Santana\">Cultura Feira de Santana<\/a>\n\t\t<\/span><span class=\"aioseo-breadcrumb-separator\">&raquo;<\/span><span class=\"aioseo-breadcrumb\">\n\t\t\tPintura hist\u00f3rica de 1902 tem tombamento oficializado ap\u00f3s an\u00fancio no centen\u00e1rio do Pa\u00e7o Municipal\n\t\t<\/span><\/div>","aioseo_breadcrumb_json":[{"label":"In\u00edcio","link":"https:\/\/www.encontrafeiradesantana.com.br\/sobre"},{"label":"Cultura Feira de Santana","link":"https:\/\/www.encontrafeiradesantana.com.br\/sobre\/cultura-em-feira-de-santana\/"},{"label":"Pintura hist\u00f3rica de 1902 tem tombamento oficializado ap\u00f3s an\u00fancio no centen\u00e1rio do Pa\u00e7o Municipal","link":"https:\/\/www.encontrafeiradesantana.com.br\/sobre\/pintura-historica-de-1902-tem-tombamento-oficializado-apos-anuncio-no-centenario-do-paco-municipal\/"}],"_links":{"self":[{"href":"https:\/\/www.encontrafeiradesantana.com.br\/sobre\/wp-json\/wp\/v2\/posts\/1919","targetHints":{"allow":["GET"]}}],"collection":[{"href":"https:\/\/www.encontrafeiradesantana.com.br\/sobre\/wp-json\/wp\/v2\/posts"}],"about":[{"href":"https:\/\/www.encontrafeiradesantana.com.br\/sobre\/wp-json\/wp\/v2\/types\/post"}],"author":[{"embeddable":true,"href":"https:\/\/www.encontrafeiradesantana.com.br\/sobre\/wp-json\/wp\/v2\/users\/1"}],"replies":[{"embeddable":true,"href":"https:\/\/www.encontrafeiradesantana.com.br\/sobre\/wp-json\/wp\/v2\/comments?post=1919"}],"version-history":[{"count":0,"href":"https:\/\/www.encontrafeiradesantana.com.br\/sobre\/wp-json\/wp\/v2\/posts\/1919\/revisions"}],"wp:attachment":[{"href":"https:\/\/www.encontrafeiradesantana.com.br\/sobre\/wp-json\/wp\/v2\/media?parent=1919"}],"wp:term":[{"taxonomy":"category","embeddable":true,"href":"https:\/\/www.encontrafeiradesantana.com.br\/sobre\/wp-json\/wp\/v2\/categories?post=1919"},{"taxonomy":"post_tag","embeddable":true,"href":"https:\/\/www.encontrafeiradesantana.com.br\/sobre\/wp-json\/wp\/v2\/tags?post=1919"}],"curies":[{"name":"wp","href":"https:\/\/api.w.org\/{rel}","templated":true}]}}