{"id":1918,"date":"2026-04-12T03:28:28","date_gmt":"2026-04-12T06:28:28","guid":{"rendered":"https:\/\/www.encontrafeiradesantana.com.br\/sobre\/estudantes-podem-revalidar-cartao-via-feira-ate-31-de-marco\/"},"modified":"2026-04-12T03:28:28","modified_gmt":"2026-04-12T06:28:28","slug":"estudantes-podem-revalidar-cartao-via-feira-ate-31-de-marco","status":"publish","type":"post","link":"https:\/\/www.encontrafeiradesantana.com.br\/sobre\/estudantes-podem-revalidar-cartao-via-feira-ate-31-de-marco\/","title":{"rendered":"Estudantes podem revalidar Cart\u00e3o Via Feira at\u00e9 31 de mar\u00e7o"},"content":{"rendered":"<div class=\"3f468104ad11f00a3c9ac948316f4265\" data-index=\"1\" style=\"float: none; margin:0px;\">\n<ins class=\"adsbygoogle\"\r\n     style=\"display:block\"\r\n     data-ad-client=\"ca-pub-8585364105181520\"\r\n     data-ad-slot=\"8789329856\"\r\n     data-ad-format=\"auto\"\r\n     data-full-width-responsive=\"true\"><\/ins>\r\n<script>\r\n     (adsbygoogle = window.adsbygoogle || []).push({});\r\n<\/script>\r\n\n<\/div>\n<h2>O que \u00e9 o Cart\u00e3o Via Feira?<\/h2>\n<p>O Cart\u00e3o Via Feira \u00e9 um benef\u00edcio destinado aos estudantes que utilizam o transporte p\u00fablico na cidade de Feira de Santana. Este cart\u00e3o proporciona uma redu\u00e7\u00e3o de 50% no valor das passagens nos \u00f4nibus, uma vantagem significativa para aqueles que dependem do transporte coletivo para suas atividades di\u00e1rias. O uso desse cart\u00e3o facilita a mobilidade de estudantes, tornando o acesso a institui\u00e7\u00f5es de ensino mais acess\u00edvel e econ\u00f4mico.<\/p>\n<h2>Por que revalidar o cart\u00e3o \u00e9 importante?<\/h2>\n<p>A revalida\u00e7\u00e3o do Cart\u00e3o Via Feira \u00e9 um passo fundamental para garantir que os estudantes continuem a usufruir do desconto na tarifa. Sem a revalida\u00e7\u00e3o, os alunos estar\u00e3o impedidos de adquirir novos cr\u00e9ditos com a meia-tarifa, o que pode resultar em dificuldades financeiras ao utilizarem o transporte p\u00fablico. Al\u00e9m disso, a manuten\u00e7\u00e3o da validade do cart\u00e3o assegura que os estudantes possam sempre comprovar sua condi\u00e7\u00e3o e continuar a ter acesso a este importante benef\u00edcio.<\/p>\n<h2>Prazo de revalida\u00e7\u00e3o e suas consequ\u00eancias<\/h2>\n<p>O prazo para revalida\u00e7\u00e3o do Cart\u00e3o Via Feira termina no dia 31 de mar\u00e7o. Caso o estudante n\u00e3o realize a atualiza\u00e7\u00e3o at\u00e9 essa data, ele n\u00e3o conseguir\u00e1 fazer novas recargas com o desconto de meia-tarifa. No entanto, existe a possibilidade de que, durante o ano letivo, o estudante fa\u00e7a a revalida\u00e7\u00e3o, desde que observe o tempo adequado para n\u00e3o perder o benef\u00edcio.<\/p>\n<h2>Como realizar a atualiza\u00e7\u00e3o cadastral?<\/h2>\n<p>A atualiza\u00e7\u00e3o cadastral para revalidar o Cart\u00e3o Via Feira \u00e9 um procedimento que pode ser feito de forma f\u00e1cil e \u00e1gil, totalmente pela internet. Os interessados devem acessar o site oficial da Via Feira, onde encontrar\u00e3o um portal intuitivo e de f\u00e1cil navega\u00e7\u00e3o. O processo pode ser conclu\u00eddo em menos de dois minutos, permitindo que o estudante n\u00e3o precise se deslocar at\u00e9 um posto de atendimento.<\/p>\n<h2>Documentos necess\u00e1rios para a revalida\u00e7\u00e3o<\/h2>\n<p>Para realizar a revalida\u00e7\u00e3o do Cart\u00e3o Via Feira, o estudante deve apresentar apenas alguns documentos essenciais:<\/p>\n<ul>\n<li><strong>E-mail v\u00e1lido:<\/strong> \u00c9 necess\u00e1rio ter um endere\u00e7o de e-mail ativo, pois todas as comunica\u00e7\u00f5es e comprovantes ser\u00e3o enviados por este canal.<\/li>\n<li><strong>Atestado de frequ\u00eancia:<\/strong> Este documento deve ter uma validade de at\u00e9 30 dias, conforme as diretrizes estabelecidas pela legisla\u00e7\u00e3o municipal. Ele pode ser enviado como imagem ou arquivo em formato PDF diretamente atrav\u00e9s do site.<\/li>\n<\/ul>\n<h2>Dicas para um processo de revalida\u00e7\u00e3o \u00e1gil<\/h2>\n<p>Para garantir que o processo de revalida\u00e7\u00e3o do cart\u00e3o seja o mais r\u00e1pido e eficiente poss\u00edvel, aqui est\u00e3o algumas dicas:<\/p>\n<ul>\n<li>Prepare todos os documentos necess\u00e1rios antes de iniciar a revalida\u00e7\u00e3o, para evitar retrabalho.<\/li>\n<li>Certifique-se de ter uma conex\u00e3o de internet est\u00e1vel para completar o processo sem interrup\u00e7\u00f5es.<\/li>\n<li>Utilize um dispositivo m\u00f3vel, pois o portal permite que a revalida\u00e7\u00e3o seja feita diretamente do celular, facilitando o envio de documentos.<\/li>\n<li>Cheque seu e-mail regularmente ap\u00f3s a solicita\u00e7\u00e3o, para confirmar se o processo foi conclu\u00eddo com sucesso.<\/li>\n<\/ul>\n<h2>O que fazer ap\u00f3s o prazo de revalida\u00e7\u00e3o?<\/h2>\n<p>Caso o estudante n\u00e3o consiga revalidar o Cart\u00e3o Via Feira at\u00e9 o prazo final, ainda ser\u00e1 poss\u00edvel realizar a revalida\u00e7\u00e3o durante o ano letivo. Entretanto, \u00e9 imprescind\u00edvel que isto seja feito dentro dos per\u00edodos espec\u00edficos, para garantir que o benef\u00edcio da meia-tarifa seja mantido. O saldo existente no cart\u00e3o pode ser utilizado mesmo ap\u00f3s a revalida\u00e7\u00e3o, conforme as regras do sistema de transporte.<\/p>\n<h2>Benef\u00edcios da meia-tarifa no transporte<\/h2>\n<p>A ades\u00e3o ao Cart\u00e3o Via Feira e a revalida\u00e7\u00e3o anual proporcionam uma s\u00e9rie de vantagens aos estudantes:<\/p>\n<ul>\n<li><strong>Desconto significativo:<\/strong> Com a tarifa reduzida, os estudantes economizam consideravelmente em suas despesas com transporte.<\/li>\n<li><strong>Acessibilidade:<\/strong> O cart\u00e3o facilita o acesso a diferentes \u00e1reas da cidade, promovendo a inclus\u00e3o social e educacional.<\/li>\n<li><strong>Facilidade na aquisi\u00e7\u00e3o de cr\u00e9ditos:<\/strong> O processo online simplifica a forma como os estudantes podem reabastecer seus cart\u00f5es, tornando o acesso mais pr\u00e1tico.<\/li>\n<\/ul>\n<h2>Orienta\u00e7\u00f5es da Semob sobre revalida\u00e7\u00e3o<\/h2>\n<p>A Secretaria Municipal de Mobilidade Urbana (Semob) ressalta a import\u00e2ncia de se atentar aos prazos e procedimentos envolvidos na revalida\u00e7\u00e3o do Cart\u00e3o Via Feira. O secret\u00e1rio Rodolfo Suzarte enfatiza que o processo \u00e9 descomplicado e 100% online, promovendo a inclus\u00e3o e a acessibilidade no transporte p\u00fablico da cidade. Os estudantes s\u00e3o encorajados a agendar suas atualiza\u00e7\u00f5es o quanto antes.<\/p>\n<h2>Como acessar o site para revalida\u00e7\u00e3o?<\/h2>\n<p>Para iniciar o processo de revalida\u00e7\u00e3o do Cart\u00e3o Via Feira, o estudante deve realizar os seguintes passos:<\/p>\n<ol>\n<li>Acesse o site <a href=\"http:\/\/viafeira.com.br\">viafeira.com.br<\/a>.<\/li>\n<li>Navegue at\u00e9 a se\u00e7\u00e3o de revalida\u00e7\u00e3o do cart\u00e3o.<\/li>\n<li>Forne\u00e7a as informa\u00e7\u00f5es solicitadas e fa\u00e7a o upload dos documentos necess\u00e1rios.<\/li>\n<li>Confirme sua solicita\u00e7\u00e3o e aguarde a confirma\u00e7\u00e3o por e-mail.<\/li>\n<\/ol>\n<p>Seguindo essas etapas, a revalida\u00e7\u00e3o do Cart\u00e3o Via Feira pode ser realizada de maneira pr\u00e1tica e r\u00e1pida, assegurando o direito \u00e0s tarifas reduzidas e facilitando o acesso ao transporte p\u00fablico. Os estudantes devem manter-se informados sobre as datas e requisitos para garantir que possam continuar a usufruir desse benef\u00edcio vital.<\/p>\n\n<div style=\"font-size: 0px; height: 0px; line-height: 0px; margin: 0; padding: 0; clear: both;\"><\/div>","protected":false},"excerpt":{"rendered":"<p>Revalide seu Cart\u00e3o Via Feira at\u00e9 31 de mar\u00e7o e economize!<\/p>\n","protected":false},"author":1,"featured_media":0,"comment_status":"open","ping_status":"closed","sticky":false,"template":"","format":"standard","meta":{"footnotes":""},"categories":[1],"tags":[],"class_list":["post-1918","post","type-post","status-publish","format-standard","hentry","category-cursos-em-feira-de-santana"],"aioseo_notices":[],"_links":{"self":[{"href":"https:\/\/www.encontrafeiradesantana.com.br\/sobre\/wp-json\/wp\/v2\/posts\/1918","targetHints":{"allow":["GET"]}}],"collection":[{"href":"https:\/\/www.encontrafeiradesantana.com.br\/sobre\/wp-json\/wp\/v2\/posts"}],"about":[{"href":"https:\/\/www.encontrafeiradesantana.com.br\/sobre\/wp-json\/wp\/v2\/types\/post"}],"author":[{"embeddable":true,"href":"https:\/\/www.encontrafeiradesantana.com.br\/sobre\/wp-json\/wp\/v2\/users\/1"}],"replies":[{"embeddable":true,"href":"https:\/\/www.encontrafeiradesantana.com.br\/sobre\/wp-json\/wp\/v2\/comments?post=1918"}],"version-history":[{"count":0,"href":"https:\/\/www.encontrafeiradesantana.com.br\/sobre\/wp-json\/wp\/v2\/posts\/1918\/revisions"}],"wp:attachment":[{"href":"https:\/\/www.encontrafeiradesantana.com.br\/sobre\/wp-json\/wp\/v2\/media?parent=1918"}],"wp:term":[{"taxonomy":"category","embeddable":true,"href":"https:\/\/www.encontrafeiradesantana.com.br\/sobre\/wp-json\/wp\/v2\/categories?post=1918"},{"taxonomy":"post_tag","embeddable":true,"href":"https:\/\/www.encontrafeiradesantana.com.br\/sobre\/wp-json\/wp\/v2\/tags?post=1918"}],"curies":[{"name":"wp","href":"https:\/\/api.w.org\/{rel}","templated":true}]}}