{"id":1888,"date":"2026-04-07T03:34:05","date_gmt":"2026-04-07T06:34:05","guid":{"rendered":"https:\/\/www.encontrafeiradesantana.com.br\/sobre\/programacao-de-abril-teatro-e-centro-de-convencoes-de-feira-reune-musica-espetaculos-e-economia-criativa\/"},"modified":"2026-04-07T03:34:05","modified_gmt":"2026-04-07T06:34:05","slug":"programacao-de-abril-teatro-e-centro-de-convencoes-de-feira-reune-musica-espetaculos-e-economia-criativa","status":"publish","type":"post","link":"https:\/\/www.encontrafeiradesantana.com.br\/sobre\/programacao-de-abril-teatro-e-centro-de-convencoes-de-feira-reune-musica-espetaculos-e-economia-criativa\/","title":{"rendered":"Programa\u00e7\u00e3o de abril: Teatro e Centro de Conven\u00e7\u00f5es de Feira re\u00fane m\u00fasica, espet\u00e1culos e economia criativa"},"content":{"rendered":"<div class=\"3f468104ad11f00a3c9ac948316f4265\" data-index=\"1\" style=\"float: none; margin:0px;\">\n<ins class=\"adsbygoogle\"\r\n     style=\"display:block\"\r\n     data-ad-client=\"ca-pub-8585364105181520\"\r\n     data-ad-slot=\"8789329856\"\r\n     data-ad-format=\"auto\"\r\n     data-full-width-responsive=\"true\"><\/ins>\r\n<script>\r\n     (adsbygoogle = window.adsbygoogle || []).push({});\r\n<\/script>\r\n\n<\/div>\n<h2>Uma Viagem pela Cultura Local<\/h2>\n<p>No m\u00eas de abril, o Teatro e Centro de Conven\u00e7\u00f5es de Feira de Santana se tornam pontos centrais para a celebra\u00e7\u00e3o da cultura local. Com uma agenda diversificada, o evento n\u00e3o apenas promove espet\u00e1culos, mas tamb\u00e9m real\u00e7a a import\u00e2ncia da m\u00fasica e da arte na identidade da cidade. Este m\u00eas, os artistas t\u00eam a oportunidade de mostrar seu talento, refor\u00e7ando a conex\u00e3o entre a comunidade e suas ra\u00edzes culturais.<\/p>\n<h2>Atra\u00e7\u00f5es Musicais Imperd\u00edveis<\/h2>\n<p>A programa\u00e7\u00e3o intensa conta com v\u00e1rias atra\u00e7\u00f5es musicais que prometem encantar o p\u00fablico. Um dos destaques \u00e9 o show <strong>\u201cNossas Hist\u00f3rias\u201d<\/strong> do cantor Canind\u00e9, que acontecer\u00e1 no dia 9. Este show \u00e9 uma ode ao cotidiano e \u00e0s belezas do Nordeste. No dia 12, o evento <strong>\u201cUnidos pelo Samba\u201d<\/strong> proporcionar\u00e1 uma roda de samba, onde artistas locais ir\u00e3o se reunir para celebrar esta rica tradi\u00e7\u00e3o. As m\u00fasicas presentes nestes shows n\u00e3o apenas entret\u00eam, mas tamb\u00e9m contam hist\u00f3rias e experi\u00eancias vividas pelo povo nordestino.<\/p>\n<h2>Espet\u00e1culos Teatrais que Encantam<\/h2>\n<p>O m\u00eas traz \u00e0 tona o teatro local com o espet\u00e1culo <strong>\u201c\u00c9 de Feira! Uma homenagem ao teatro feirense\u201d<\/strong>, programado para o dia 21. Este evento promete n\u00e3o apenas trazer \u00e0 cena pe\u00e7as que celebram a cultura local, mas tamb\u00e9m conduzir um bate-papo envolvendo o p\u00fablico, enriquecendo ainda mais a experi\u00eancia cultural dos participantes. \u00c9 uma oportunidade \u00fanica para apreciar a arte c\u00eanica enquanto reflete sobre sua trajet\u00f3ria e relev\u00e2ncia na atualidade.<\/p>\n<h2>Feira Criativa: Empoderamento Feminino<\/h2>\n<p>Outro ponto alto da programa\u00e7\u00e3o \u00e9 a feira <strong>\u201cMulheres que Fazem Arte\u201d<\/strong>, que acontecer\u00e1 no dia 19. Este evento visa dar visibilidade a artistas mulheres da economia criativa. O espa\u00e7o criativo funcionar\u00e1 das 10h \u00e0s 16h, promovendo um interc\u00e2mbio entre criadoras, o que n\u00e3o apenas fortalece o empoderamento feminino, mas tamb\u00e9m destaca a import\u00e2ncia das mulheres na cena cultural de Feira de Santana. Poder\u00e3o ser adquiridos produtos feitos \u00e0 m\u00e3o, refletindo a riqueza da produ\u00e7\u00e3o feminina local.<\/p>\n<h2>Reflex\u00f5es sobre Ancestralidade e Identidade<\/h2>\n<p>Atrav\u00e9s de uma programa\u00e7\u00e3o que incentiva a express\u00e3o cultural, as atividades dos dias 9 a 24 de abril n\u00e3o apenas divertir, mas tamb\u00e9m provocar reflex\u00f5es profundas sobre ancestralidade e identidade. Os espet\u00e1culos e performances abordam quest\u00f5es relacionadas \u00e0s ra\u00edzes e tradi\u00e7\u00f5es da comunidade feirense, destacando a import\u00e2ncia de se manter viva a mem\u00f3ria e a hist\u00f3ria do lugar.<\/p>\n<h2>Programa\u00e7\u00e3o Gratuita para Todos<\/h2>\n<p>A maioria dos eventos realizados ao longo do m\u00eas de abril ser\u00e1 gratuita, garantindo que o acesso \u00e0 cultura e \u00e0 arte seja democratizado. Entre as atra\u00e7\u00f5es, os visitantes poder\u00e3o desfrutar de apresenta\u00e7\u00f5es musicais, teatrais e uma feira variada sem qualquer custo, promovendo a inclus\u00e3o e o engajamento de toda a comunidade.<\/p>\n<h2>Como Participar dos Eventos<\/h2>\n<p>Os interessados em participar da programa\u00e7\u00e3o devem estar atentos \u00e0s datas e hor\u00e1rios das atra\u00e7\u00f5es. Para alguns eventos, ser\u00e1 necess\u00e1rio realizar a reserva de ingresso, que pode ser feita atrav\u00e9s de plataformas online. Para obter mais informa\u00e7\u00f5es, recomenda-se consultar as p\u00e1ginas oficiais das redes sociais do Teatro e Centro de Conven\u00e7\u00f5es de Feira de Santana.<\/p>\n<h2>Homenagem ao Teatro Feirense<\/h2>\n<p>A apresenta\u00e7\u00e3o do dia 21 \u00e9 uma homenagem especial ao teatro local, unindo artistas, diretores e o p\u00fablico para celebrar a arte c\u00eanica que tanto contribui para a cultura da cidade. Esta iniciativa n\u00e3o apenas valoriza o trabalho dos que fazem teatro em Feira de Santana, mas tamb\u00e9m espera inspirar novas gera\u00e7\u00f5es de artistas.<\/p>\n<h2>Data e Local dos Shows<\/h2>\n<p>A programa\u00e7\u00e3o ocorrer\u00e1 entre os dias 9 e 24 de abril, no Teatro e Centro de Conven\u00e7\u00f5es de Feira de Santana. As atividades est\u00e3o distribu\u00eddas em uma sequ\u00eancia que promete animar o m\u00eas inteiro, culminando em uma verdadeira festa da arte local.<\/p>\n<h2>O que Esperar da Experi\u00eancia Cultural<\/h2>\n<p>Os eventos proporcionar\u00e3o uma rica experi\u00eancia cultural, repleta de momentos emocionantes, reflex\u00f5es profundas, e a chance de se conectar com a comunidade. Participar dessas atra\u00e7\u00f5es \u00e9 n\u00e3o s\u00f3 um modo de lazer, mas uma forma de apoiar e celebrar a cultura local e seu desenvolvimento.<\/p>\n\n<div style=\"font-size: 0px; height: 0px; line-height: 0px; margin: 0; padding: 0; clear: both;\"><\/div>","protected":false},"excerpt":{"rendered":"<p>Programa\u00e7\u00e3o de abril traz m\u00fasica, teatro e economia criativa em Feira de Santana.<\/p>\n","protected":false},"author":1,"featured_media":0,"comment_status":"open","ping_status":"closed","sticky":false,"template":"","format":"standard","meta":{"footnotes":""},"categories":[9],"tags":[],"class_list":["post-1888","post","type-post","status-publish","format-standard","hentry","category-shows-em-feira-de-santana"],"aioseo_notices":[],"_links":{"self":[{"href":"https:\/\/www.encontrafeiradesantana.com.br\/sobre\/wp-json\/wp\/v2\/posts\/1888","targetHints":{"allow":["GET"]}}],"collection":[{"href":"https:\/\/www.encontrafeiradesantana.com.br\/sobre\/wp-json\/wp\/v2\/posts"}],"about":[{"href":"https:\/\/www.encontrafeiradesantana.com.br\/sobre\/wp-json\/wp\/v2\/types\/post"}],"author":[{"embeddable":true,"href":"https:\/\/www.encontrafeiradesantana.com.br\/sobre\/wp-json\/wp\/v2\/users\/1"}],"replies":[{"embeddable":true,"href":"https:\/\/www.encontrafeiradesantana.com.br\/sobre\/wp-json\/wp\/v2\/comments?post=1888"}],"version-history":[{"count":0,"href":"https:\/\/www.encontrafeiradesantana.com.br\/sobre\/wp-json\/wp\/v2\/posts\/1888\/revisions"}],"wp:attachment":[{"href":"https:\/\/www.encontrafeiradesantana.com.br\/sobre\/wp-json\/wp\/v2\/media?parent=1888"}],"wp:term":[{"taxonomy":"category","embeddable":true,"href":"https:\/\/www.encontrafeiradesantana.com.br\/sobre\/wp-json\/wp\/v2\/categories?post=1888"},{"taxonomy":"post_tag","embeddable":true,"href":"https:\/\/www.encontrafeiradesantana.com.br\/sobre\/wp-json\/wp\/v2\/tags?post=1888"}],"curies":[{"name":"wp","href":"https:\/\/api.w.org\/{rel}","templated":true}]}}