{"id":1868,"date":"2026-04-03T03:29:20","date_gmt":"2026-04-03T06:29:20","guid":{"rendered":"https:\/\/www.encontrafeiradesantana.com.br\/sobre\/pesquisa-aponta-variacao-de-preco-na-cesta-basica-em-feira-de-santana\/"},"modified":"2026-04-03T03:29:20","modified_gmt":"2026-04-03T06:29:20","slug":"pesquisa-aponta-variacao-de-preco-na-cesta-basica-em-feira-de-santana","status":"publish","type":"post","link":"https:\/\/www.encontrafeiradesantana.com.br\/sobre\/pesquisa-aponta-variacao-de-preco-na-cesta-basica-em-feira-de-santana\/","title":{"rendered":"Pesquisa aponta varia\u00e7\u00e3o de pre\u00e7o na cesta b\u00e1sica em Feira de Santana"},"content":{"rendered":"<div class=\"3f468104ad11f00a3c9ac948316f4265\" data-index=\"1\" style=\"float: none; margin:0px;\">\n<ins class=\"adsbygoogle\"\r\n     style=\"display:block\"\r\n     data-ad-client=\"ca-pub-8585364105181520\"\r\n     data-ad-slot=\"8789329856\"\r\n     data-ad-format=\"auto\"\r\n     data-full-width-responsive=\"true\"><\/ins>\r\n<script>\r\n     (adsbygoogle = window.adsbygoogle || []).push({});\r\n<\/script>\r\n\n<\/div>\n<h2>An\u00e1lise dos Pre\u00e7os da Cesta B\u00e1sica<\/h2>\n<p>Um estudo recente realizado pelo Departamento de Articula\u00e7\u00e3o e Informa\u00e7\u00e3o Econ\u00f4mica, vinculado \u00e0 Secretaria Municipal de Trabalho, Turismo e Desenvolvimento Econ\u00f4mico de Feira de Santana, analisou a varia\u00e7\u00e3o dos pre\u00e7os dos produtos que comp\u00f5em a cesta b\u00e1sica no munic\u00edpio, abrangendo os meses de fevereiro e mar\u00e7o. Essa an\u00e1lise evidenciou altera\u00e7\u00f5es significativas nos pre\u00e7os dos alimentos mais consumidos, refletindo diretamente nas finan\u00e7as das fam\u00edlias.<\/p>\n<h2>Os Itens que mais Subiram<\/h2>\n<p>Na listagem dos produtos que tiveram os maiores aumentos, destaca-se a batata inglesa, que registrou um expressivo aumento de 61,6%. O feij\u00e3o, fundamental na alimenta\u00e7\u00e3o dos feirenses, apresentou uma alta de 34,4%. Esses produtos essenciais s\u00e3o amplamente consumidos, o que significa que seus reajustes afetam o or\u00e7amento familiar de maneira significativa.<\/p>\n<ul>\n<li><strong>Batata inglesa:<\/strong> +61,6%<\/li>\n<li><strong>Feij\u00e3o:<\/strong> +34,4%<\/li>\n<\/ul>\n<h2>Destaques de Redu\u00e7\u00e3o nos Pre\u00e7os<\/h2>\n<p>Em contrapartida, o levantamento tamb\u00e9m apontou redu\u00e7\u00e3o nos pre\u00e7os de algumas categorias de alimentos. A goma de tapioca atingiu uma diminui\u00e7\u00e3o de 27,6%, enquanto a farinha de mandioca e a banana prata mostraram quedas de 18,9% e 17,3%, respectivamente. Essas diminui\u00e7\u00f5es podem oferecer um al\u00edvio tempor\u00e1rio ao or\u00e7amento das fam\u00edlias que incluem esses itens em suas compras.<\/p>\n<p><img decoding=\"async\" src=\"https:\/\/www.encontrafeiradesantana.com.br\/sobre\/wp-content\/uploads\/2026\/04\/pesquisa-aponta-variacao-de-preco-na-cesta-basica-em-feira-de-santana.webp\" alt=\"cesta b\u00e1sica em Feira de Santana\" loading=\"lazy\" \/><\/p>\n<ul>\n<li><strong>Goma de Tapioca:<\/strong> -27,6%<\/li>\n<li><strong>Farinha de Mandioca:<\/strong> -18,9%<\/li>\n<li><strong>Banana Prata:<\/strong> -17,3%<\/li>\n<\/ul>\n<h2>Impacto das Oscila\u00e7\u00f5es no Or\u00e7amento Familiar<\/h2>\n<p>A pesquisa demonstrou que os constantes aumentos e diminui\u00e7\u00f5es nos pre\u00e7os impactam diretamente o planejamento financeiro das fam\u00edlias feirenses. A inclus\u00e3o de itens com pre\u00e7os mais altos pode exigir cortes em outras \u00e1reas, levando a um desequil\u00edbrio no or\u00e7amento mensal. \u00c9 crucial que os consumidores estejam atentos a esses movimentos de pre\u00e7os para gerenciar melhor suas despesas.<\/p>\n<h2>A Import\u00e2ncia da Pesquisa de Pre\u00e7os<\/h2>\n<p>As diferen\u00e7as de pre\u00e7os entre supermercados e atacados foram um dos pontos levantados na pesquisa, o que evidencia a import\u00e2ncia de pesquisar os custos antes de realizar compras. Compreender esses valores pode resultar em economia significativa ao longo do m\u00eas. A varia\u00e7\u00e3o de pre\u00e7os sugere um mercado que carece de padroniza\u00e7\u00e3o, tornando essencial que os consumidores realizem uma compara\u00e7\u00e3o cuidadosa.<\/p>\n<h2>A Vis\u00e3o da Secret\u00e1ria M\u00e1rcia Ferreira<\/h2>\n<p>A secret\u00e1ria da Settdec, M\u00e1rcia Ferreira, enfatizou que o monitoramento cont\u00ednuo dos pre\u00e7os \u00e9 um recurso valioso para os cidad\u00e3os. &#8220;Nosso objetivo \u00e9 proporcionar transpar\u00eancia e informa\u00e7\u00f5es \u00fateis para a comunidade. As discrep\u00e2ncias entre o menor e o maior pre\u00e7o de um mesmo produto podem representar uma diferen\u00e7a consider\u00e1vel no final do m\u00eas. Por isso, incentivamos que as pessoas estejam atentas a essas flutua\u00e7\u00f5es&#8221;, destacou.<\/p>\n<h2>Transpar\u00eancia e Informa\u00e7\u00e3o para a Popula\u00e7\u00e3o<\/h2>\n<p>O trabalho de levantamento de pre\u00e7os contribui para uma maior transpar\u00eancia nas informa\u00e7\u00f5es econ\u00f4micas dispon\u00edveis aos cidad\u00e3os de Feira de Santana. Saber os pre\u00e7os praticados e acompanh\u00e1-los ao longo do tempo \u00e9 fundamental para que as fam\u00edlias possam tomar decis\u00f5es financeiras mais conscientes e informadas.<\/p>\n<h2>Diferen\u00e7as entre Supermercados e Atacados<\/h2>\n<p>A pesquisa apontou que as disparidades entre os pre\u00e7os dos supermercados e atacados s\u00e3o bastante significativas. Essa varia\u00e7\u00e3o demonstra a necessidade de uma pesquisa ampla antes das compras, pois a escolha do local de compra pode gerar uma economia substancial, ajudando as fam\u00edlias a enfrentarem o aumento do custo de vida.<\/p>\n<h2>A Relev\u00e2ncia do Monitoramento Constante<\/h2>\n<p>O acompanhamento regular dos cen\u00e1rios de pre\u00e7os \u00e9 vital n\u00e3o apenas para o planejamento dom\u00e9stico, mas tamb\u00e9m para a forma\u00e7\u00e3o de pol\u00edticas p\u00fablicas que visem a melhorar as condi\u00e7\u00f5es de vida da popula\u00e7\u00e3o. As informa\u00e7\u00f5es obtidas podem ser utilizadas para estudar a infla\u00e7\u00e3o local e o impacto na economia da regi\u00e3o.<\/p>\n<h2>Como Economizar na Compra da Cesta B\u00e1sica<\/h2>\n<p>Para otimizar o or\u00e7amento, os consumidores podem adotar algumas estrat\u00e9gias na hora das compras da cesta b\u00e1sica. Aqui est\u00e3o algumas dicas pr\u00e1ticas:<\/p>\n<ul>\n<li><strong>Comparar pre\u00e7os:<\/strong> Visitar diferentes supermercados e atacados para encontrar os melhores pre\u00e7os.<\/li>\n<li><strong>Fazer uma lista de compras:<\/strong> Planejar previamente o que ser\u00e1 comprado ajuda a evitar compras por impulso.<\/li>\n<li><strong>Aproveitar promo\u00e7\u00f5es:<\/strong> Ficar atento \u00e0s ofertas e descontos sazonais pode resultar em boas economias.<\/li>\n<li><strong>Optar por marcas mais baratas:<\/strong> Considerar alternativas de marcas menos conhecidas pode ajudar a reduzir custos.<\/li>\n<\/ul>\n<p>Adotar essas pr\u00e1ticas pode fazer uma diferen\u00e7a significativa no valor gasto mensalmente, permitindo que as fam\u00edlias se ajustem melhor \u00e0s varia\u00e7\u00f5es econ\u00f4micas do momento.<\/p>\n\n<div style=\"font-size: 0px; height: 0px; line-height: 0px; margin: 0; padding: 0; clear: both;\"><\/div>","protected":false},"excerpt":{"rendered":"<p>Cesta b\u00e1sica em Feira de Santana apresenta varia\u00e7\u00f5es de pre\u00e7os impactantes.<\/p>\n","protected":false},"author":1,"featured_media":1867,"comment_status":"open","ping_status":"closed","sticky":false,"template":"","format":"standard","meta":{"footnotes":""},"categories":[6],"tags":[],"class_list":["post-1868","post","type-post","status-publish","format-standard","has-post-thumbnail","hentry","category-noticias-em-feira-de-santana","has_thumb"],"aioseo_notices":[],"_links":{"self":[{"href":"https:\/\/www.encontrafeiradesantana.com.br\/sobre\/wp-json\/wp\/v2\/posts\/1868","targetHints":{"allow":["GET"]}}],"collection":[{"href":"https:\/\/www.encontrafeiradesantana.com.br\/sobre\/wp-json\/wp\/v2\/posts"}],"about":[{"href":"https:\/\/www.encontrafeiradesantana.com.br\/sobre\/wp-json\/wp\/v2\/types\/post"}],"author":[{"embeddable":true,"href":"https:\/\/www.encontrafeiradesantana.com.br\/sobre\/wp-json\/wp\/v2\/users\/1"}],"replies":[{"embeddable":true,"href":"https:\/\/www.encontrafeiradesantana.com.br\/sobre\/wp-json\/wp\/v2\/comments?post=1868"}],"version-history":[{"count":0,"href":"https:\/\/www.encontrafeiradesantana.com.br\/sobre\/wp-json\/wp\/v2\/posts\/1868\/revisions"}],"wp:featuredmedia":[{"embeddable":true,"href":"https:\/\/www.encontrafeiradesantana.com.br\/sobre\/wp-json\/wp\/v2\/media\/1867"}],"wp:attachment":[{"href":"https:\/\/www.encontrafeiradesantana.com.br\/sobre\/wp-json\/wp\/v2\/media?parent=1868"}],"wp:term":[{"taxonomy":"category","embeddable":true,"href":"https:\/\/www.encontrafeiradesantana.com.br\/sobre\/wp-json\/wp\/v2\/categories?post=1868"},{"taxonomy":"post_tag","embeddable":true,"href":"https:\/\/www.encontrafeiradesantana.com.br\/sobre\/wp-json\/wp\/v2\/tags?post=1868"}],"curies":[{"name":"wp","href":"https:\/\/api.w.org\/{rel}","templated":true}]}}