{"id":1866,"date":"2026-04-03T03:28:04","date_gmt":"2026-04-03T06:28:04","guid":{"rendered":"https:\/\/www.encontrafeiradesantana.com.br\/sobre\/guarda-municipal-passa-a-contar-com-nova-identidade-funcional-digital-mais-segura-e-moderna\/"},"modified":"2026-04-03T03:28:04","modified_gmt":"2026-04-03T06:28:04","slug":"guarda-municipal-passa-a-contar-com-nova-identidade-funcional-digital-mais-segura-e-moderna","status":"publish","type":"post","link":"https:\/\/www.encontrafeiradesantana.com.br\/sobre\/guarda-municipal-passa-a-contar-com-nova-identidade-funcional-digital-mais-segura-e-moderna\/","title":{"rendered":"Guarda Municipal passa a contar com nova identidade funcional digital mais segura e moderna"},"content":{"rendered":"<div class=\"3f468104ad11f00a3c9ac948316f4265\" data-index=\"1\" style=\"float: none; margin:0px;\">\n<ins class=\"adsbygoogle\"\r\n     style=\"display:block\"\r\n     data-ad-client=\"ca-pub-8585364105181520\"\r\n     data-ad-slot=\"8789329856\"\r\n     data-ad-format=\"auto\"\r\n     data-full-width-responsive=\"true\"><\/ins>\r\n<script>\r\n     (adsbygoogle = window.adsbygoogle || []).push({});\r\n<\/script>\r\n\n<\/div>\n<h2>O que \u00e9 a nova identidade funcional digital?<\/h2>\n<p>A nova identidade funcional digital da Guarda Municipal de Feira de Santana \u00e9 uma inova\u00e7\u00e3o que visa modernizar o processo de identifica\u00e7\u00e3o dos agentes de seguran\u00e7a da corpora\u00e7\u00e3o. Ela foi desenvolvida com base em tecnologia digital avan\u00e7ada, permitindo que cada agente tenha acesso a uma vers\u00e3o eletr\u00f4nica de seu documento de identifica\u00e7\u00e3o, que pode ser utilizada diretamente a partir de dispositivos m\u00f3veis, como smartphones e tablets.<\/p>\n<h2>Como funciona o sistema de valida\u00e7\u00e3o por QR Code?<\/h2>\n<p>O sistema de valida\u00e7\u00e3o incorporado \u00e0 nova identidade funcional \u00e9 baseado em QR Code, um c\u00f3digo de barras bidimensional que pode ser lido por smartphones e outros dispositivos. Quando um c\u00f3digo QR presente na identidade \u00e9 escaneado, \u00e9 poss\u00edvel acessar em tempo real as informa\u00e7\u00f5es relacionadas ao agente, garantindo que os dados apresentados sejam aut\u00eanticos e atualizados. Esta funcionalidade proporciona uma camada adicional de seguran\u00e7a, evitando fraudes e garantindo a transpar\u00eancia no uso da identidade pelos agentes de seguran\u00e7a.<\/p>\n<h2>Benef\u00edcios da identidade digital para os agentes<\/h2>\n<p>A ado\u00e7\u00e3o da nova identidade funcional digital traz diversos benef\u00edcios para os agentes da Guarda Municipal. Entre as principais vantagens, destacam-se:<\/p>\n<p><img decoding=\"async\" src=\"https:\/\/www.encontrafeiradesantana.com.br\/sobre\/wp-content\/uploads\/2026\/04\/guarda-municipal-passa-a-contar-com-nova-identidade-funcional-digital-mais-segura-e-moderna.webp\" alt=\"identidade funcional da Guarda Municipal\" loading=\"lazy\" \/><\/p>\n<ul>\n<li><strong>Facilidade de Acesso:<\/strong> Os agentes podem acessar a identidade em seus dispositivos m\u00f3veis a qualquer momento, sem a necessidade de carregar um documento f\u00edsico.<\/li>\n<li><strong>Maior Seguran\u00e7a:<\/strong> Com a tecnologia de QR Code, as informa\u00e7\u00f5es podem ser validadas rapidamente, favorecendo a seguran\u00e7a dos agentes e da popula\u00e7\u00e3o.<\/li>\n<li><strong>Atualiza\u00e7\u00f5es em Tempo Real:<\/strong> Mudan\u00e7as nas informa\u00e7\u00f5es pessoais ou na autoriza\u00e7\u00e3o de porte de armas podem ser refletidas instantaneamente na identidade digital.<\/li>\n<\/ul>\n<h2>Redu\u00e7\u00e3o de custos operacionais e impress\u00e3o<\/h2>\n<p>Um dos aspectos significativos da nova identidade funcional digital \u00e9 a redu\u00e7\u00e3o de custos operacionais associados \u00e0 impress\u00e3o de documentos f\u00edsicos. Anteriormente, a impress\u00e3o de identidades funcionais demandava recursos financeiros e gerava desperd\u00edcio de papel. Com a migra\u00e7\u00e3o para o formato digital, a corpora\u00e7\u00e3o elimina esses custos, permitindo que os recursos sejam direcionados para outras \u00e1reas que necessitam de aten\u00e7\u00e3o e investimento. Al\u00e9m disso, a redu\u00e7\u00e3o do uso de papel contribui para pr\u00e1ticas mais sustent\u00e1veis dentro da administra\u00e7\u00e3o p\u00fablica.<\/p>\n<h2>A import\u00e2ncia da atualiza\u00e7\u00e3o autom\u00e1tica das informa\u00e7\u00f5es<\/h2>\n<p>A atualiza\u00e7\u00e3o autom\u00e1tica das informa\u00e7\u00f5es contidas na identidade funcional digital \u00e9 um recurso fundamental para a opera\u00e7\u00e3o da Guarda Municipal. Esse sistema garante que dados essenciais sobre os agentes, como situa\u00e7\u00e3o de porte de armas e status disciplinar, sejam imediatamente atualizados sempre que houver mudan\u00e7as. Isso promove uma gest\u00e3o mais eficiente e confi\u00e1vel, assegurando que os dados utilizados estejam sempre em conformidade com a realidade, o que \u00e9 crucial para a atua\u00e7\u00e3o dos agentes em campo.<\/p>\n<h2>Depoimentos de autoridades sobre a iniciativa<\/h2>\n<p>V\u00e1rias autoridades locais exprimiram seu apoio \u00e0 nova identidade funcional digital, ressaltando sua import\u00e2ncia para a moderniza\u00e7\u00e3o da seguran\u00e7a p\u00fablica. O subsecret\u00e1rio da Seprev, Edson Barbosa, mencionou que &#8220;essa identidade digital representa um grande salto para a nossa Guarda Municipal, oferecendo maior seguran\u00e7a nas informa\u00e7\u00f5es, o que resulta em uma administra\u00e7\u00e3o mais eficiente&#8221;. A presen\u00e7a de l\u00edderes regionais durante a apresenta\u00e7\u00e3o da nova identidade tamb\u00e9m atestou o reconhecimento e a valoriza\u00e7\u00e3o dessa inova\u00e7\u00e3o como um passo positivo rumo \u00e0 inova\u00e7\u00e3o na seguran\u00e7a p\u00fablica.<\/p>\n<h2>Como a tecnologia fortalece a seguran\u00e7a p\u00fablica<\/h2>\n<p>A implementa\u00e7\u00e3o da nova identidade funcional digital \u00e9 um reflexo do compromisso da Prefeitura de Feira de Santana em fortalecer a seguran\u00e7a p\u00fablica atrav\u00e9s da tecnologia. Isso n\u00e3o apenas melhora os processos internos da Guarda Municipal, mas tamb\u00e9m refor\u00e7a a confian\u00e7a da popula\u00e7\u00e3o nas institui\u00e7\u00f5es de seguran\u00e7a. O uso de tecnologias avan\u00e7adas \u00e9 essencial para que agentes de seguran\u00e7a possam realizar suas fun\u00e7\u00f5es de maneira eficaz e com reconhecimento adequado por parte da comunidade.<\/p>\n<h2>Experi\u00eancias de outros munic\u00edpios com tecnologias similares<\/h2>\n<p>Outros munic\u00edpios que j\u00e1 implementaram solu\u00e7\u00f5es tecnol\u00f3gicas similares t\u00eam relatado melhorias significativas na identifica\u00e7\u00e3o e no gerenciamento das informa\u00e7\u00f5es dos agentes de seguran\u00e7a. Cidades que adotaram identidades digitais para suas corpora\u00e7\u00f5es de seguran\u00e7a perceberam um aumento na efici\u00eancia operacional e uma redu\u00e7\u00e3o na burocracia. Este tipo de inova\u00e7\u00e3o tem se mostrado eficaz na constru\u00e7\u00e3o de uma imagem positiva das for\u00e7as de seguran\u00e7a perante a popula\u00e7\u00e3o, proporcionando mais confian\u00e7a e efici\u00eancia na atua\u00e7\u00e3o dos servi\u00e7os de seguran\u00e7a p\u00fablica.<\/p>\n<h2>Perspectivas futuras para a Guarda Municipal<\/h2>\n<p>Com a implementa\u00e7\u00e3o da nova identidade funcional digital, as perspectivas para a Guarda Municipal de Feira de Santana s\u00e3o promissoras. A ado\u00e7\u00e3o dessa tecnologia abre caminho para outras inova\u00e7\u00f5es que podem ser incorporadas, como sistemas integrados de gest\u00e3o e treinamento. Os investimentos em tecnologia na seguran\u00e7a p\u00fablica t\u00eam o potencial de melhorar n\u00e3o apenas a efici\u00eancia operacional, mas tamb\u00e9m a seguran\u00e7a da popula\u00e7\u00e3o, contribuindo para um ambiente mais seguro para todos.<\/p>\n<h2>O papel da popula\u00e7\u00e3o na valoriza\u00e7\u00e3o da moderniza\u00e7\u00e3o<\/h2>\n<p>A participa\u00e7\u00e3o da popula\u00e7\u00e3o \u00e9 crucial na valoriza\u00e7\u00e3o das inova\u00e7\u00f5es implementadas pela Guarda Municipal e na promo\u00e7\u00e3o de uma cultura de seguran\u00e7a. Atrav\u00e9s da conscientiza\u00e7\u00e3o e do engajamento da comunidade, \u00e9 poss\u00edvel criar um ambiente de confian\u00e7a e colabora\u00e7\u00e3o. Os cidad\u00e3os desempenham um papel ativo em apoiar a moderniza\u00e7\u00e3o dos servi\u00e7os p\u00fablicos, contribuindo para que as novas pr\u00e1ticas sejam efetivas e bem recebidas, o que refor\u00e7a a import\u00e2ncia da transpar\u00eancia e do di\u00e1logo entre as institui\u00e7\u00f5es de seguran\u00e7a e a sociedade.<\/p>\n\n<div style=\"font-size: 0px; height: 0px; line-height: 0px; margin: 0; padding: 0; clear: both;\"><\/div>","protected":false},"excerpt":{"rendered":"<p>A nova identidade funcional digital da Guarda Municipal traz modernidade e seguran\u00e7a.<\/p>\n","protected":false},"author":1,"featured_media":1865,"comment_status":"open","ping_status":"closed","sticky":false,"template":"","format":"standard","meta":{"footnotes":""},"categories":[6],"tags":[],"class_list":["post-1866","post","type-post","status-publish","format-standard","has-post-thumbnail","hentry","category-noticias-em-feira-de-santana","has_thumb"],"aioseo_notices":[],"_links":{"self":[{"href":"https:\/\/www.encontrafeiradesantana.com.br\/sobre\/wp-json\/wp\/v2\/posts\/1866","targetHints":{"allow":["GET"]}}],"collection":[{"href":"https:\/\/www.encontrafeiradesantana.com.br\/sobre\/wp-json\/wp\/v2\/posts"}],"about":[{"href":"https:\/\/www.encontrafeiradesantana.com.br\/sobre\/wp-json\/wp\/v2\/types\/post"}],"author":[{"embeddable":true,"href":"https:\/\/www.encontrafeiradesantana.com.br\/sobre\/wp-json\/wp\/v2\/users\/1"}],"replies":[{"embeddable":true,"href":"https:\/\/www.encontrafeiradesantana.com.br\/sobre\/wp-json\/wp\/v2\/comments?post=1866"}],"version-history":[{"count":0,"href":"https:\/\/www.encontrafeiradesantana.com.br\/sobre\/wp-json\/wp\/v2\/posts\/1866\/revisions"}],"wp:featuredmedia":[{"embeddable":true,"href":"https:\/\/www.encontrafeiradesantana.com.br\/sobre\/wp-json\/wp\/v2\/media\/1865"}],"wp:attachment":[{"href":"https:\/\/www.encontrafeiradesantana.com.br\/sobre\/wp-json\/wp\/v2\/media?parent=1866"}],"wp:term":[{"taxonomy":"category","embeddable":true,"href":"https:\/\/www.encontrafeiradesantana.com.br\/sobre\/wp-json\/wp\/v2\/categories?post=1866"},{"taxonomy":"post_tag","embeddable":true,"href":"https:\/\/www.encontrafeiradesantana.com.br\/sobre\/wp-json\/wp\/v2\/tags?post=1866"}],"curies":[{"name":"wp","href":"https:\/\/api.w.org\/{rel}","templated":true}]}}