{"id":1803,"date":"2026-03-21T03:18:18","date_gmt":"2026-03-21T06:18:18","guid":{"rendered":"https:\/\/www.encontrafeiradesantana.com.br\/sobre\/atendente-de-e\/"},"modified":"2026-03-21T03:18:18","modified_gmt":"2026-03-21T06:18:18","slug":"atendente-de-e","status":"publish","type":"post","link":"https:\/\/www.encontrafeiradesantana.com.br\/sobre\/atendente-de-e\/","title":{"rendered":"Atendente de e"},"content":{"rendered":"<div class=\"3f468104ad11f00a3c9ac948316f4265\" data-index=\"1\" style=\"float: none; margin:0px;\">\n<ins class=\"adsbygoogle\"\r\n     style=\"display:block\"\r\n     data-ad-client=\"ca-pub-8585364105181520\"\r\n     data-ad-slot=\"8789329856\"\r\n     data-ad-format=\"auto\"\r\n     data-full-width-responsive=\"true\"><\/ins>\r\n<script>\r\n     (adsbygoogle = window.adsbygoogle || []).push({});\r\n<\/script>\r\n\n<\/div>\n<h2>Oportunidades na Casa do Trabalhador<\/h2>\n<p>A <strong>Casa do Trabalhador<\/strong>, um \u00f3rg\u00e3o ligado \u00e0 Secretaria de Trabalho, Turismo e Desenvolvimento Econ\u00f4mico (Settdec), oferece, nesta sexta-feira (20), um total de <strong>378 vagas de emprego<\/strong> para diversos segmentos em Feira de Santana. Essa iniciativa tem como objetivo facilitar a inser\u00e7\u00e3o de profissionais no mercado de trabalho local, destacando um leque diversificado de oportunidades profissionais.<\/p>\n<h2>Destaque: Atendente de E-commerce<\/h2>\n<p>Entre as vagas dispon\u00edveis, um dos principais destaques \u00e9 a necessidade de <strong>200 atendentes de e-commerce<\/strong>. Para essa posi\u00e7\u00e3o, exige-se que os candidatos possuam <strong>ensino m\u00e9dio completo<\/strong>, al\u00e9m de habilidades em verborragia e digita\u00e7\u00e3o. Este segmento \u00e9 vital, levando em conta o crescimento acelerado do com\u00e9rcio eletr\u00f4nico no Brasil.<\/p>\n<h2>Vagas Dispon\u00edveis: Um Panorama<\/h2>\n<p>Al\u00e9m das vagas para atendente de e-commerce, as oportunidades est\u00e3o distribu\u00eddas em v\u00e1rias \u00e1reas, com posi\u00e7\u00f5es em ind\u00fastria, com\u00e9rcio, servi\u00e7os e constru\u00e7\u00e3o civil. A seguir, um resumo das vagas dispon\u00edveis:<\/p>\n<ul>\n<li><strong>Com\u00e9rcio Eletr\u00f4nico:<\/strong> 200 vagas para atendente de e-commerce.<\/li>\n<li><strong>Supermercado:<\/strong> 20 repositores de mercadoria, 10 operadores de caixa e 2 gerentes de mercearia.<\/li>\n<li><strong>Constru\u00e7\u00e3o Civil:<\/strong> 21 pedreiros, 12 pintores de obras, 6 serventes de obras e 5 eletricistas, al\u00e9m de cargas em setores de el\u00e9trica e hidr\u00e1ulica.<\/li>\n<li><strong>Ind\u00fastria:<\/strong> 7 soldadores, 4 mec\u00e2nicos de manuten\u00e7\u00e3o a diesel e 10 ajudantes de carga e descarga.<\/li>\n<li><strong>Servi\u00e7os:<\/strong> 6 consultores de vendas, 10 auxiliares de dep\u00f3sito, 5 auxiliares de limpeza, 5 marceneiros, 4 promotores de vendas e 2 motoristas de caminh\u00e3o.<\/li>\n<\/ul>\n<h2>Como Se Candidatar \u00e0s Vagas<\/h2>\n<p>Os interessados em se candidatar para alguma das posi\u00e7\u00f5es oferecidas devem comparecer \u00e0 <strong>Casa do Trabalhador<\/strong>, localizada na Rua Desembargador Felinto Bastos, n\u00ba 527A. \u00c9 importante que os candidatos tragam consigo <strong>documenta\u00e7\u00e3o pessoal<\/strong>, um <strong>curr\u00edculo atualizado<\/strong> e comprovantes de forma\u00e7\u00e3o e experi\u00eancia profissional.<\/p>\n<h2>Requisitos para Atendente de E-commerce<\/h2>\n<p>Para a vaga de <strong>atendente de e-commerce<\/strong>, os seguintes requisitos s\u00e3o obrigat\u00f3rios:<\/p>\n<ul>\n<li><strong>Educa\u00e7\u00e3o:<\/strong> Ensino m\u00e9dio completo.<\/li>\n<li><strong>Comunica\u00e7\u00e3o:<\/strong> Boa dic\u00e7\u00e3o e habilidade de comunica\u00e7\u00e3o verbal.<\/li>\n<li><strong>Digita\u00e7\u00e3o:<\/strong> Capacidade de digitar rapidamente e com precis\u00e3o.<\/li>\n<\/ul>\n<h2>Vagas no Setor de Com\u00e9rcio<\/h2>\n<p>O setor de com\u00e9rcio est\u00e1 bastante ativo, com v\u00e1rias vagas a serem preenchidas. As oportunidades incluem:<\/p>\n<ul>\n<li><strong>Repositor de Mercadorias:<\/strong> 20 vagas.<\/li>\n<li><strong>Operador de Caixa:<\/strong> 10 vagas.<\/li>\n<li><strong>Gerente de Mercearia:<\/strong> 2 vagas.<\/li>\n<\/ul>\n<h2>Oportunidades na Constru\u00e7\u00e3o Civil<\/h2>\n<p>A constru\u00e7\u00e3o civil se destaca com uma demanda consider\u00e1vel, que inclui as seguintes vagas:<\/p>\n<ul>\n<li><strong>Pedreiro:<\/strong> 21 vagas dispon\u00edveis.<\/li>\n<li><strong>Pintor de Obras:<\/strong> 12 vagas dispon\u00edveis.<\/li>\n<li><strong>Servente de Obras:<\/strong> 6 vagas dispon\u00edveis.<\/li>\n<li><strong>Eletricista:<\/strong> 5 vagas dispon\u00edveis.<\/li>\n<\/ul>\n<h2>Sal\u00e1rios e Benef\u00edcios Oferecidos<\/h2>\n<p>Dentre as fun\u00e7\u00f5es dispon\u00edveis, algumas possuem sal\u00e1rios e benef\u00edcios espec\u00edficos:<\/p>\n<ul>\n<li><strong>Mec\u00e2nico de Motocicleta:<\/strong> Sal\u00e1rio de R$1.760,00, com benef\u00edcios inclusos.<\/li>\n<li><strong>Servente de Obras:<\/strong> Sal\u00e1rio de R$1.721,00, com benef\u00edcios inclusos.<\/li>\n<\/ul>\n<p>Al\u00e9m disso, existem vagas reservadas para o p\u00fablico feminino, como atendente de farm\u00e1cia, cozinheira e vendedora interna, incluindo uma oportunidade de est\u00e1gio na \u00e1rea de t\u00e9cnico em seguran\u00e7a do trabalho.<\/p>\n<h2>Documenta\u00e7\u00e3o Necess\u00e1ria para a Inscri\u00e7\u00e3o<\/h2>\n<p>Para se inscrever, os candidatos devem levar:<\/p>\n<ul>\n<li>Documentos pessoais (RG e CPF).<\/li>\n<li>Curr\u00edculo atualizado.<\/li>\n<li>Comprovantes de escolaridade.<\/li>\n<li>Comprovantes de experi\u00eancia, caso aplic\u00e1vel.<\/li>\n<\/ul>\n<h2>Informa\u00e7\u00f5es de Contato da Casa do Trabalhador<\/h2>\n<p>Para obter mais informa\u00e7\u00f5es, os interessados podem entrar em contato pelos n\u00fameros:<\/p>\n<ul>\n<li><strong>(75) 3614-2551<\/strong><\/li>\n<li><strong>(75) 3614-2550<\/strong><\/li>\n<\/ul>\n<p>Outra op\u00e7\u00e3o \u00e9 enviar um e-mail para <strong>casadotrabalhador@pmfs.ba.gov.br<\/strong> e esclarecer todas as d\u00favidas sobre as oportunidades dispon\u00edveis e o processo de candidatura.<\/p>\n\n<div style=\"font-size: 0px; height: 0px; line-height: 0px; margin: 0; padding: 0; clear: both;\"><\/div>","protected":false},"excerpt":{"rendered":"<p>Atendente de e-commerce destaca 378 vagas de emprego dispon\u00edveis na cidade.<\/p>\n","protected":false},"author":1,"featured_media":0,"comment_status":"open","ping_status":"closed","sticky":false,"template":"","format":"standard","meta":{"footnotes":""},"categories":[6],"tags":[],"class_list":["post-1803","post","type-post","status-publish","format-standard","hentry","category-noticias-em-feira-de-santana"],"aioseo_notices":[],"aioseo_head":"\n\t\t<!-- All in One SEO 5.0.0.1 - aioseo.com -->\n\t<meta name=\"description\" content=\"Atendente de e-commerce destaca 378 vagas de emprego dispon\u00edveis na cidade.\" \/>\n\t<meta name=\"robots\" content=\"max-image-preview:large\" \/>\n\t<meta name=\"author\" content=\"Encontra Feira de Santana\"\/>\n\t<link rel=\"canonical\" href=\"https:\/\/www.encontrafeiradesantana.com.br\/sobre\/atendente-de-e\/\" \/>\n\t<meta name=\"generator\" content=\"All in One SEO (AIOSEO) 5.0.0.1\" \/>\n\t\t<meta property=\"og:locale\" content=\"pt_BR\" \/>\n\t\t<meta property=\"og:site_name\" content=\"Encontra Feira de Santana | Not\u00edcias, eventos, informa\u00e7\u00f5es e dicas na cidade Feira de Santana e regi\u00e3o.\" \/>\n\t\t<meta property=\"og:type\" content=\"article\" \/>\n\t\t<meta property=\"og:title\" content=\"Atendente de e | Encontra Feira de Santana\" \/>\n\t\t<meta property=\"og:description\" content=\"Atendente de e-commerce destaca 378 vagas de emprego dispon\u00edveis na cidade.\" \/>\n\t\t<meta property=\"og:url\" content=\"https:\/\/www.encontrafeiradesantana.com.br\/sobre\/atendente-de-e\/\" \/>\n\t\t<meta property=\"article:published_time\" content=\"2026-03-21T06:18:18+00:00\" \/>\n\t\t<meta property=\"article:modified_time\" content=\"2026-03-21T06:18:18+00:00\" \/>\n\t\t<meta name=\"twitter:card\" content=\"summary\" \/>\n\t\t<meta name=\"twitter:title\" content=\"Atendente de e | Encontra Feira de Santana\" \/>\n\t\t<meta name=\"twitter:description\" content=\"Atendente de e-commerce destaca 378 vagas de emprego dispon\u00edveis na cidade.\" \/>\n\t\t<script type=\"application\/ld+json\" class=\"aioseo-schema\">\n\t\t\t{\"@context\":\"https:\\\/\\\/schema.org\",\"@graph\":[{\"@type\":\"Article\",\"@id\":\"https:\\\/\\\/www.encontrafeiradesantana.com.br\\\/sobre\\\/atendente-de-e\\\/#article\",\"name\":\"Atendente de e | Encontra Feira de Santana\",\"headline\":\"Atendente de e\",\"author\":{\"@id\":\"https:\\\/\\\/www.encontrafeiradesantana.com.br\\\/sobre\\\/author\\\/efeiradesantana\\\/#author\"},\"publisher\":{\"@id\":\"https:\\\/\\\/www.encontrafeiradesantana.com.br\\\/sobre\\\/#organization\"},\"datePublished\":\"2026-03-21T03:18:18-03:00\",\"dateModified\":\"2026-03-21T03:18:18-03:00\",\"inLanguage\":\"pt-BR\",\"mainEntityOfPage\":{\"@id\":\"https:\\\/\\\/www.encontrafeiradesantana.com.br\\\/sobre\\\/atendente-de-e\\\/#webpage\"},\"isPartOf\":{\"@id\":\"https:\\\/\\\/www.encontrafeiradesantana.com.br\\\/sobre\\\/atendente-de-e\\\/#webpage\"},\"articleSection\":\"Not\\u00edcias Feira de Santana\"},{\"@type\":\"BreadcrumbList\",\"@id\":\"https:\\\/\\\/www.encontrafeiradesantana.com.br\\\/sobre\\\/atendente-de-e\\\/#breadcrumblist\",\"itemListElement\":[{\"@type\":\"ListItem\",\"@id\":\"https:\\\/\\\/www.encontrafeiradesantana.com.br\\\/sobre#listItem\",\"position\":1,\"name\":\"In\\u00edcio\",\"item\":\"https:\\\/\\\/www.encontrafeiradesantana.com.br\\\/sobre\",\"nextItem\":{\"@type\":\"ListItem\",\"@id\":\"https:\\\/\\\/www.encontrafeiradesantana.com.br\\\/sobre\\\/noticias-em-feira-de-santana\\\/#listItem\",\"name\":\"Not\\u00edcias Feira de Santana\"}},{\"@type\":\"ListItem\",\"@id\":\"https:\\\/\\\/www.encontrafeiradesantana.com.br\\\/sobre\\\/noticias-em-feira-de-santana\\\/#listItem\",\"position\":2,\"name\":\"Not\\u00edcias Feira de Santana\",\"item\":\"https:\\\/\\\/www.encontrafeiradesantana.com.br\\\/sobre\\\/noticias-em-feira-de-santana\\\/\",\"nextItem\":{\"@type\":\"ListItem\",\"@id\":\"https:\\\/\\\/www.encontrafeiradesantana.com.br\\\/sobre\\\/atendente-de-e\\\/#listItem\",\"name\":\"Atendente de e\"},\"previousItem\":{\"@type\":\"ListItem\",\"@id\":\"https:\\\/\\\/www.encontrafeiradesantana.com.br\\\/sobre#listItem\",\"name\":\"In\\u00edcio\"}},{\"@type\":\"ListItem\",\"@id\":\"https:\\\/\\\/www.encontrafeiradesantana.com.br\\\/sobre\\\/atendente-de-e\\\/#listItem\",\"position\":3,\"name\":\"Atendente de e\",\"previousItem\":{\"@type\":\"ListItem\",\"@id\":\"https:\\\/\\\/www.encontrafeiradesantana.com.br\\\/sobre\\\/noticias-em-feira-de-santana\\\/#listItem\",\"name\":\"Not\\u00edcias Feira de Santana\"}}]},{\"@type\":\"Organization\",\"@id\":\"https:\\\/\\\/www.encontrafeiradesantana.com.br\\\/sobre\\\/#organization\",\"name\":\"Encontra Feira de Santana\",\"description\":\"Not\\u00edcias, eventos, informa\\u00e7\\u00f5es e dicas na cidade Feira de Santana e regi\\u00e3o.\",\"url\":\"https:\\\/\\\/www.encontrafeiradesantana.com.br\\\/sobre\\\/\"},{\"@type\":\"Person\",\"@id\":\"https:\\\/\\\/www.encontrafeiradesantana.com.br\\\/sobre\\\/author\\\/efeiradesantana\\\/#author\",\"url\":\"https:\\\/\\\/www.encontrafeiradesantana.com.br\\\/sobre\\\/author\\\/efeiradesantana\\\/\",\"name\":\"Encontra Feira de Santana\",\"image\":{\"@type\":\"ImageObject\",\"@id\":\"https:\\\/\\\/www.encontrafeiradesantana.com.br\\\/sobre\\\/atendente-de-e\\\/#authorImage\",\"url\":\"https:\\\/\\\/secure.gravatar.com\\\/avatar\\\/507340682b8270222e1f208e23198b6ae7e2c6a1033ae84e99bc6bce4f82a387?s=96&d=mm&r=g\",\"width\":96,\"height\":96,\"caption\":\"Encontra Feira de Santana\"}},{\"@type\":\"WebPage\",\"@id\":\"https:\\\/\\\/www.encontrafeiradesantana.com.br\\\/sobre\\\/atendente-de-e\\\/#webpage\",\"url\":\"https:\\\/\\\/www.encontrafeiradesantana.com.br\\\/sobre\\\/atendente-de-e\\\/\",\"name\":\"Atendente de e | Encontra Feira de Santana\",\"description\":\"Atendente de e-commerce destaca 378 vagas de emprego dispon\\u00edveis na cidade.\",\"inLanguage\":\"pt-BR\",\"isPartOf\":{\"@id\":\"https:\\\/\\\/www.encontrafeiradesantana.com.br\\\/sobre\\\/#website\"},\"breadcrumb\":{\"@id\":\"https:\\\/\\\/www.encontrafeiradesantana.com.br\\\/sobre\\\/atendente-de-e\\\/#breadcrumblist\"},\"author\":{\"@id\":\"https:\\\/\\\/www.encontrafeiradesantana.com.br\\\/sobre\\\/author\\\/efeiradesantana\\\/#author\"},\"creator\":{\"@id\":\"https:\\\/\\\/www.encontrafeiradesantana.com.br\\\/sobre\\\/author\\\/efeiradesantana\\\/#author\"},\"datePublished\":\"2026-03-21T03:18:18-03:00\",\"dateModified\":\"2026-03-21T03:18:18-03:00\"},{\"@type\":\"WebSite\",\"@id\":\"https:\\\/\\\/www.encontrafeiradesantana.com.br\\\/sobre\\\/#website\",\"url\":\"https:\\\/\\\/www.encontrafeiradesantana.com.br\\\/sobre\\\/\",\"name\":\"Encontra Feira de Santana\",\"description\":\"Not\\u00edcias, eventos, informa\\u00e7\\u00f5es e dicas na cidade Feira de Santana e regi\\u00e3o.\",\"inLanguage\":\"pt-BR\",\"publisher\":{\"@id\":\"https:\\\/\\\/www.encontrafeiradesantana.com.br\\\/sobre\\\/#organization\"}}]}\n\t\t<\/script>\n\t\t<!-- All in One SEO -->\n\n","aioseo_head_json":{"title":"Atendente de e | Encontra Feira de Santana","description":"Atendente de e-commerce destaca 378 vagas de emprego dispon\u00edveis na cidade.","canonical_url":"https:\/\/www.encontrafeiradesantana.com.br\/sobre\/atendente-de-e\/","robots":"max-image-preview:large","keywords":"","webmasterTools":{"miscellaneous":""},"schema":{"@context":"https:\/\/schema.org","@graph":[{"@type":"Article","@id":"https:\/\/www.encontrafeiradesantana.com.br\/sobre\/atendente-de-e\/#article","name":"Atendente de e | Encontra Feira de Santana","headline":"Atendente de e","author":{"@id":"https:\/\/www.encontrafeiradesantana.com.br\/sobre\/author\/efeiradesantana\/#author"},"publisher":{"@id":"https:\/\/www.encontrafeiradesantana.com.br\/sobre\/#organization"},"datePublished":"2026-03-21T03:18:18-03:00","dateModified":"2026-03-21T03:18:18-03:00","inLanguage":"pt-BR","mainEntityOfPage":{"@id":"https:\/\/www.encontrafeiradesantana.com.br\/sobre\/atendente-de-e\/#webpage"},"isPartOf":{"@id":"https:\/\/www.encontrafeiradesantana.com.br\/sobre\/atendente-de-e\/#webpage"},"articleSection":"Not\u00edcias Feira de Santana"},{"@type":"BreadcrumbList","@id":"https:\/\/www.encontrafeiradesantana.com.br\/sobre\/atendente-de-e\/#breadcrumblist","itemListElement":[{"@type":"ListItem","@id":"https:\/\/www.encontrafeiradesantana.com.br\/sobre#listItem","position":1,"name":"In\u00edcio","item":"https:\/\/www.encontrafeiradesantana.com.br\/sobre","nextItem":{"@type":"ListItem","@id":"https:\/\/www.encontrafeiradesantana.com.br\/sobre\/noticias-em-feira-de-santana\/#listItem","name":"Not\u00edcias Feira de Santana"}},{"@type":"ListItem","@id":"https:\/\/www.encontrafeiradesantana.com.br\/sobre\/noticias-em-feira-de-santana\/#listItem","position":2,"name":"Not\u00edcias Feira de Santana","item":"https:\/\/www.encontrafeiradesantana.com.br\/sobre\/noticias-em-feira-de-santana\/","nextItem":{"@type":"ListItem","@id":"https:\/\/www.encontrafeiradesantana.com.br\/sobre\/atendente-de-e\/#listItem","name":"Atendente de e"},"previousItem":{"@type":"ListItem","@id":"https:\/\/www.encontrafeiradesantana.com.br\/sobre#listItem","name":"In\u00edcio"}},{"@type":"ListItem","@id":"https:\/\/www.encontrafeiradesantana.com.br\/sobre\/atendente-de-e\/#listItem","position":3,"name":"Atendente de e","previousItem":{"@type":"ListItem","@id":"https:\/\/www.encontrafeiradesantana.com.br\/sobre\/noticias-em-feira-de-santana\/#listItem","name":"Not\u00edcias Feira de Santana"}}]},{"@type":"Organization","@id":"https:\/\/www.encontrafeiradesantana.com.br\/sobre\/#organization","name":"Encontra Feira de Santana","description":"Not\u00edcias, eventos, informa\u00e7\u00f5es e dicas na cidade Feira de Santana e regi\u00e3o.","url":"https:\/\/www.encontrafeiradesantana.com.br\/sobre\/"},{"@type":"Person","@id":"https:\/\/www.encontrafeiradesantana.com.br\/sobre\/author\/efeiradesantana\/#author","url":"https:\/\/www.encontrafeiradesantana.com.br\/sobre\/author\/efeiradesantana\/","name":"Encontra Feira de Santana","image":{"@type":"ImageObject","@id":"https:\/\/www.encontrafeiradesantana.com.br\/sobre\/atendente-de-e\/#authorImage","url":"https:\/\/secure.gravatar.com\/avatar\/507340682b8270222e1f208e23198b6ae7e2c6a1033ae84e99bc6bce4f82a387?s=96&d=mm&r=g","width":96,"height":96,"caption":"Encontra Feira de Santana"}},{"@type":"WebPage","@id":"https:\/\/www.encontrafeiradesantana.com.br\/sobre\/atendente-de-e\/#webpage","url":"https:\/\/www.encontrafeiradesantana.com.br\/sobre\/atendente-de-e\/","name":"Atendente de e | Encontra Feira de Santana","description":"Atendente de e-commerce destaca 378 vagas de emprego dispon\u00edveis na cidade.","inLanguage":"pt-BR","isPartOf":{"@id":"https:\/\/www.encontrafeiradesantana.com.br\/sobre\/#website"},"breadcrumb":{"@id":"https:\/\/www.encontrafeiradesantana.com.br\/sobre\/atendente-de-e\/#breadcrumblist"},"author":{"@id":"https:\/\/www.encontrafeiradesantana.com.br\/sobre\/author\/efeiradesantana\/#author"},"creator":{"@id":"https:\/\/www.encontrafeiradesantana.com.br\/sobre\/author\/efeiradesantana\/#author"},"datePublished":"2026-03-21T03:18:18-03:00","dateModified":"2026-03-21T03:18:18-03:00"},{"@type":"WebSite","@id":"https:\/\/www.encontrafeiradesantana.com.br\/sobre\/#website","url":"https:\/\/www.encontrafeiradesantana.com.br\/sobre\/","name":"Encontra Feira de Santana","description":"Not\u00edcias, eventos, informa\u00e7\u00f5es e dicas na cidade Feira de Santana e regi\u00e3o.","inLanguage":"pt-BR","publisher":{"@id":"https:\/\/www.encontrafeiradesantana.com.br\/sobre\/#organization"}}]},"og:locale":"pt_BR","og:site_name":"Encontra Feira de Santana | Not\u00edcias, eventos, informa\u00e7\u00f5es e dicas na cidade Feira de Santana e regi\u00e3o.","og:type":"article","og:title":"Atendente de e | Encontra Feira de Santana","og:description":"Atendente de e-commerce destaca 378 vagas de emprego dispon\u00edveis na cidade.","og:url":"https:\/\/www.encontrafeiradesantana.com.br\/sobre\/atendente-de-e\/","article:published_time":"2026-03-21T06:18:18+00:00","article:modified_time":"2026-03-21T06:18:18+00:00","twitter:card":"summary","twitter:title":"Atendente de e | Encontra Feira de Santana","twitter:description":"Atendente de e-commerce destaca 378 vagas de emprego dispon\u00edveis na cidade."},"aioseo_meta_data":{"post_id":"1803","title":null,"description":null,"keywords":null,"keyphrases":null,"primary_term":null,"canonical_url":null,"og_title":null,"og_description":null,"og_object_type":"default","og_image_type":"default","og_image_url":null,"og_image_width":null,"og_image_height":null,"og_image_custom_url":null,"og_image_custom_fields":null,"og_video":null,"og_custom_url":null,"og_article_section":null,"og_article_tags":null,"twitter_use_og":false,"twitter_card":"default","twitter_image_type":"default","twitter_image_url":null,"twitter_image_custom_url":null,"twitter_image_custom_fields":null,"twitter_title":null,"twitter_description":null,"schema":{"blockGraphs":[],"customGraphs":[],"default":{"data":{"Article":[],"Course":[],"Dataset":[],"FAQPage":[],"Movie":[],"Person":[],"Product":[],"ProductReview":[],"Car":[],"Recipe":[],"Service":[],"SoftwareApplication":[],"WebPage":[]},"graphName":"Article","isEnabled":true},"graphs":[]},"schema_type":"default","schema_type_options":null,"pillar_content":false,"robots_default":true,"robots_noindex":false,"robots_noarchive":false,"robots_nosnippet":false,"robots_nofollow":false,"robots_noimageindex":false,"robots_noodp":false,"robots_notranslate":false,"robots_max_snippet":null,"robots_max_videopreview":null,"robots_max_imagepreview":"large","priority":null,"frequency":null,"local_seo":null,"breadcrumb_settings":null,"limit_modified_date":false,"ai":null,"created":"2026-03-21 06:18:22","updated":"2026-03-21 06:30:01","focus_keyword":null,"additional_keywords":null,"truseo_locale":null,"seo_analyzer_scan_date":null},"aioseo_breadcrumb":"<div class=\"aioseo-breadcrumbs\"><span class=\"aioseo-breadcrumb\">\n\t\t\t<a href=\"https:\/\/www.encontrafeiradesantana.com.br\/sobre\" title=\"In\u00edcio\">In\u00edcio<\/a>\n\t\t<\/span><span class=\"aioseo-breadcrumb-separator\">&raquo;<\/span><span class=\"aioseo-breadcrumb\">\n\t\t\t<a href=\"https:\/\/www.encontrafeiradesantana.com.br\/sobre\/noticias-em-feira-de-santana\/\" title=\"Not\u00edcias Feira de Santana\">Not\u00edcias Feira de Santana<\/a>\n\t\t<\/span><span class=\"aioseo-breadcrumb-separator\">&raquo;<\/span><span class=\"aioseo-breadcrumb\">\n\t\t\tAtendente de e\n\t\t<\/span><\/div>","aioseo_breadcrumb_json":[{"label":"In\u00edcio","link":"https:\/\/www.encontrafeiradesantana.com.br\/sobre"},{"label":"Not\u00edcias Feira de Santana","link":"https:\/\/www.encontrafeiradesantana.com.br\/sobre\/noticias-em-feira-de-santana\/"},{"label":"Atendente de e","link":"https:\/\/www.encontrafeiradesantana.com.br\/sobre\/atendente-de-e\/"}],"_links":{"self":[{"href":"https:\/\/www.encontrafeiradesantana.com.br\/sobre\/wp-json\/wp\/v2\/posts\/1803","targetHints":{"allow":["GET"]}}],"collection":[{"href":"https:\/\/www.encontrafeiradesantana.com.br\/sobre\/wp-json\/wp\/v2\/posts"}],"about":[{"href":"https:\/\/www.encontrafeiradesantana.com.br\/sobre\/wp-json\/wp\/v2\/types\/post"}],"author":[{"embeddable":true,"href":"https:\/\/www.encontrafeiradesantana.com.br\/sobre\/wp-json\/wp\/v2\/users\/1"}],"replies":[{"embeddable":true,"href":"https:\/\/www.encontrafeiradesantana.com.br\/sobre\/wp-json\/wp\/v2\/comments?post=1803"}],"version-history":[{"count":0,"href":"https:\/\/www.encontrafeiradesantana.com.br\/sobre\/wp-json\/wp\/v2\/posts\/1803\/revisions"}],"wp:attachment":[{"href":"https:\/\/www.encontrafeiradesantana.com.br\/sobre\/wp-json\/wp\/v2\/media?parent=1803"}],"wp:term":[{"taxonomy":"category","embeddable":true,"href":"https:\/\/www.encontrafeiradesantana.com.br\/sobre\/wp-json\/wp\/v2\/categories?post=1803"},{"taxonomy":"post_tag","embeddable":true,"href":"https:\/\/www.encontrafeiradesantana.com.br\/sobre\/wp-json\/wp\/v2\/tags?post=1803"}],"curies":[{"name":"wp","href":"https:\/\/api.w.org\/{rel}","templated":true}]}}