{"id":1802,"date":"2026-03-21T03:16:18","date_gmt":"2026-03-21T06:16:18","guid":{"rendered":"https:\/\/www.encontrafeiradesantana.com.br\/sobre\/marcha-para-jesus-2026-tera-dois-dias-de-programacao-em-feira-de-santana\/"},"modified":"2026-03-21T03:16:18","modified_gmt":"2026-03-21T06:16:18","slug":"marcha-para-jesus-2026-tera-dois-dias-de-programacao-em-feira-de-santana","status":"publish","type":"post","link":"https:\/\/www.encontrafeiradesantana.com.br\/sobre\/marcha-para-jesus-2026-tera-dois-dias-de-programacao-em-feira-de-santana\/","title":{"rendered":"Marcha para Jesus 2026 ter\u00e1 dois dias de programa\u00e7\u00e3o em Feira de Santana"},"content":{"rendered":"<div class=\"3f468104ad11f00a3c9ac948316f4265\" data-index=\"1\" style=\"float: none; margin:0px;\">\n<ins class=\"adsbygoogle\"\r\n     style=\"display:block\"\r\n     data-ad-client=\"ca-pub-8585364105181520\"\r\n     data-ad-slot=\"8789329856\"\r\n     data-ad-format=\"auto\"\r\n     data-full-width-responsive=\"true\"><\/ins>\r\n<script>\r\n     (adsbygoogle = window.adsbygoogle || []).push({});\r\n<\/script>\r\n\n<\/div>\n<h2>Programa\u00e7\u00e3o da Marcha<\/h2>\n<p>A Marcha para Jesus 2026 em Feira de Santana promete um evento in\u00e9dito, inovando com dois dias de celebra\u00e7\u00f5es. A coordena\u00e7\u00e3o do evento foi discutida em uma reuni\u00e3o entre o prefeito Jos\u00e9 Ronaldo e l\u00edderes da comunidade evang\u00e9lica, onde foram estabelecidos moldes para essa grandiosa celebra\u00e7\u00e3o. Os dias escolhidos para a marcha s\u00e3o 7 e 8 de agosto, um layout que promete atrair ainda mais participantes em compara\u00e7\u00e3o \u00e0s edi\u00e7\u00f5es anteriores que eram concentradas em apenas um dia.<\/p>\n<h2>Cultos e celebra\u00e7\u00f5es na Avenida<\/h2>\n<p>No primeiro dia, um culto especial ser\u00e1 realizado na avenida, proporcionando um ambiente de ora\u00e7\u00e3o e espiritualidade para todos os presentes. Este culto \u00e9 um momento de conex\u00e3o com a f\u00e9, reunindo diversos l\u00edderes religiosos e fi\u00e9is para um momento \u00fanico de adora\u00e7\u00e3o. No segundo dia, a celebra\u00e7\u00e3o ganhar\u00e1 as ruas com a tradicional marcha, que percorrer\u00e1 a Avenida Get\u00falio Vargas, tangendo os participantes em uma linda demonstra\u00e7\u00e3o de uni\u00e3o e f\u00e9 coletiva.<\/p>\n<h2>Apoio da Prefeitura<\/h2>\n<p>O prefeito Jos\u00e9 Ronaldo destacou a relev\u00e2ncia do evento para a cidade, prometendo apoio log\u00edstico e estrutural por parte da gest\u00e3o municipal. O comprometimento da prefeitura \u00e9 um cen\u00e1rio positivo nesse contexto, assegurando que a Marcha para Jesus se torne um espet\u00e1culo digno dos seus participantes. Com as melhorias j\u00e1 prometidas, espera-se uma organiza\u00e7\u00e3o que atenda bem ao grande p\u00fablico esperado.<\/p>\n<h2>Lideran\u00e7as evang\u00e9licas unidas<\/h2>\n<p>As lideran\u00e7as evang\u00e9licas mostraram-se comprometidas e unidas na organiza\u00e7\u00e3o da Marcha para Jesus e est\u00e3o ansiosas para fazer desse evento um marco em Feira de Santana. O ap\u00f3stolo Roque Hudson expressou a import\u00e2ncia dessa colabora\u00e7\u00e3o, afirmando que o sucesso depende do esfor\u00e7o conjunto de todos os envolvidos. A ap\u00f3stola Mary Angela, que representa o Conselho Federal de Mulheres Ministras do Evangelho e Femininas (COMMFE), tamb\u00e9m realizou um papel vital ao garantir que as vozes femininas estivessem presentes e ouvidas no planejamento do evento, reafirmando a parceria com a administra\u00e7\u00e3o p\u00fablica.<\/p>\n<h2>Import\u00e2ncia do evento para a cidade<\/h2>\n<p>A Marcha para Jesus \u00e9 mais do que um evento religioso; \u00e9 uma importante manifesta\u00e7\u00e3o cultural e social para Feira de Santana. A participa\u00e7\u00e3o de milhares de pessoas n\u00e3o apenas refor\u00e7a a f\u00e9 e a espiritualidade, mas tamb\u00e9m contribui para o fortalecimento da economia local, com movimenta\u00e7\u00e3o em diversos setores. Restaurantes, lojas e servi\u00e7os ser\u00e3o beneficiados com o fluxo de pessoas, tornando-se uma oportunidade valiosa para o com\u00e9rcio local.<\/p>\n<h2>O que esperar dos dois dias<\/h2>\n<p>Os dois dias de evento est\u00e3o programados para ser repletos de atividade vibrante e espiritualidade intensa. Espera-se que, na primeira jornada, haja momentos emocionantes de louvor e adora\u00e7\u00e3o, seguidos por um dia de celebra\u00e7\u00e3o numa marcha que promete ser grandiosa. Haver\u00e1 grupos musicais, dan\u00e7as e v\u00e1rias apresenta\u00e7\u00f5es que valorizar\u00e3o a diversidade da cultura evang\u00e9lica. Com isso, todos os participantes ter\u00e3o a chance de vivenciar momentos inesquec\u00edveis.<\/p>\n<h2>Hist\u00f3ria da Marcha para Jesus<\/h2>\n<p>A Marcha para Jesus \u00e9 uma tradi\u00e7\u00e3o que remonta aos anos 80, iniciada como uma forma de levar a mensagem de f\u00e9 ao povo. Ao longo dos anos, esse evento ganhou propor\u00e7\u00f5es cada vez maiores em diversas cidades do Brasil e no mundo, buscando n\u00e3o s\u00f3 evangelizar, mas tamb\u00e9m promover a uni\u00e3o entre os crist\u00e3os. Feira de Santana se integra a esse grande movimento, oferecendo seu pr\u00f3prio espa\u00e7o de celebra\u00e7\u00e3o e louvor coletivo.<\/p>\n<h2>Expectativas da comunidade<\/h2>\n<p>A comunidade est\u00e1 bastante animada com a aproxima\u00e7\u00e3o da Marcha para Jesus. Muitos aguardam n\u00e3o apenas o aspecto espiritual do evento, mas tamb\u00e9m a oportunidade de se encontrarem e celebrarem juntos. Espera-se, portanto, que a atmosfera do evento seja de alegria, paz e amor. Al\u00e9m disso, muitos fi\u00e9is comentam sobre como estes momentos refor\u00e7am la\u00e7os comunit\u00e1rios e fortalecem a f\u00e9.<\/p>\n<h2>Como participar do evento<\/h2>\n<p>A participa\u00e7\u00e3o na Marcha para Jesus \u00e9 aberta a todos. Os interessados devem ficar atentos \u00e0s informa\u00e7\u00f5es e atualiza\u00e7\u00f5es fornecidas pelas redes sociais e canais oficiais. Incentiva-se que as pessoas cheguem mais cedo para garantir um bom lugar durante os cultos e prepara\u00e7\u00e3o para a marcha. Se voc\u00ea \u00e9 parte de alguma congrega\u00e7\u00e3o religiosa, \u00e9 uma \u00f3tima ideia organizar grupos e ingressar \u00e0 marcha em conjunto, trazendo bandeiras e vestindo camisetas que simbolizem a sua f\u00e9.<\/p>\n<h2>Outras edi\u00e7\u00f5es da marcha<\/h2>\n<p>As edi\u00e7\u00f5es anteriores da Marcha para Jesus em Feira de Santana foram marcadas por uma significativa mobiliza\u00e7\u00e3o da comunidade local. Para este ano, ao expandir a programa\u00e7\u00e3o para dois dias, h\u00e1 uma expectativa ainda maior em rela\u00e7\u00e3o ao conte\u00fado proporcionado durante os cultos e atividades. Com a mudan\u00e7a, poder\u00e1 haver uma integra\u00e7\u00e3o ainda maior entre as diferentes denomina\u00e7\u00f5es, fortalecendo o esp\u00edrito de uni\u00e3o que caracteriza essa marcha.<\/p>\n\n<div style=\"font-size: 0px; height: 0px; line-height: 0px; margin: 0; padding: 0; clear: both;\"><\/div>","protected":false},"excerpt":{"rendered":"<p>A Marcha para Jesus 2026 em Feira de Santana promete dois dias incr\u00edveis de programa\u00e7\u00e3o!<\/p>\n","protected":false},"author":1,"featured_media":0,"comment_status":"open","ping_status":"closed","sticky":false,"template":"","format":"standard","meta":{"footnotes":""},"categories":[9],"tags":[],"class_list":["post-1802","post","type-post","status-publish","format-standard","hentry","category-shows-em-feira-de-santana"],"aioseo_notices":[],"_links":{"self":[{"href":"https:\/\/www.encontrafeiradesantana.com.br\/sobre\/wp-json\/wp\/v2\/posts\/1802","targetHints":{"allow":["GET"]}}],"collection":[{"href":"https:\/\/www.encontrafeiradesantana.com.br\/sobre\/wp-json\/wp\/v2\/posts"}],"about":[{"href":"https:\/\/www.encontrafeiradesantana.com.br\/sobre\/wp-json\/wp\/v2\/types\/post"}],"author":[{"embeddable":true,"href":"https:\/\/www.encontrafeiradesantana.com.br\/sobre\/wp-json\/wp\/v2\/users\/1"}],"replies":[{"embeddable":true,"href":"https:\/\/www.encontrafeiradesantana.com.br\/sobre\/wp-json\/wp\/v2\/comments?post=1802"}],"version-history":[{"count":0,"href":"https:\/\/www.encontrafeiradesantana.com.br\/sobre\/wp-json\/wp\/v2\/posts\/1802\/revisions"}],"wp:attachment":[{"href":"https:\/\/www.encontrafeiradesantana.com.br\/sobre\/wp-json\/wp\/v2\/media?parent=1802"}],"wp:term":[{"taxonomy":"category","embeddable":true,"href":"https:\/\/www.encontrafeiradesantana.com.br\/sobre\/wp-json\/wp\/v2\/categories?post=1802"},{"taxonomy":"post_tag","embeddable":true,"href":"https:\/\/www.encontrafeiradesantana.com.br\/sobre\/wp-json\/wp\/v2\/tags?post=1802"}],"curies":[{"name":"wp","href":"https:\/\/api.w.org\/{rel}","templated":true}]}}