{"id":1786,"date":"2026-03-17T03:17:55","date_gmt":"2026-03-17T06:17:55","guid":{"rendered":"https:\/\/www.encontrafeiradesantana.com.br\/sobre\/feira-em-acao-leva-servicos-de-saude-e-cidadania-ao-distrito-de-jaguara-neste-sabado-21\/"},"modified":"2026-03-17T03:17:55","modified_gmt":"2026-03-17T06:17:55","slug":"feira-em-acao-leva-servicos-de-saude-e-cidadania-ao-distrito-de-jaguara-neste-sabado-21","status":"publish","type":"post","link":"https:\/\/www.encontrafeiradesantana.com.br\/sobre\/feira-em-acao-leva-servicos-de-saude-e-cidadania-ao-distrito-de-jaguara-neste-sabado-21\/","title":{"rendered":"Feira em A\u00e7\u00e3o leva servi\u00e7os de sa\u00fade e cidadania ao distrito de Jaguara neste s\u00e1bado (21)"},"content":{"rendered":"<div class=\"3f468104ad11f00a3c9ac948316f4265\" data-index=\"1\" style=\"float: none; margin:0px;\">\n<ins class=\"adsbygoogle\"\r\n     style=\"display:block\"\r\n     data-ad-client=\"ca-pub-8585364105181520\"\r\n     data-ad-slot=\"8789329856\"\r\n     data-ad-format=\"auto\"\r\n     data-full-width-responsive=\"true\"><\/ins>\r\n<script>\r\n     (adsbygoogle = window.adsbygoogle || []).push({});\r\n<\/script>\r\n\n<\/div>\n<h2>Feira em A\u00e7\u00e3o: Servi\u00e7os de Sa\u00fade e Cidadania em Jaguara<\/h2>\n<p>No pr\u00f3ximo s\u00e1bado, dia 21, a popula\u00e7\u00e3o do distrito de Jaguara, localizado em Feira de Santana, ter\u00e1 a oportunidade de usufruir de uma ampla gama de servi\u00e7os gratuitos mediante a realiza\u00e7\u00e3o do projeto Feira em A\u00e7\u00e3o. Esta iniciativa \u00e9 promovida pela Prefeitura e conta com a colabora\u00e7\u00e3o de diversas secretarias municipais, com o intuito de facilitar o acesso da comunidade a servi\u00e7os essenciais nas \u00e1reas de sa\u00fade e cidadania. O evento ocorrer\u00e1 nas depend\u00eancias da Escola Municipal Dr. Colbert Martins da Silva, das 7h \u00e0s 13h.<\/p>\n<h2>Servi\u00e7os de Sa\u00fade Gratuitos<\/h2>\n<p>Durante o evento, ser\u00e3o oferecidos diversos atendimentos na \u00e1rea da sa\u00fade. Os moradores poder\u00e3o contar com:<\/p>\n<ul>\n<li><strong>Atendimento Cl\u00ednico:<\/strong> Consultas gerais com m\u00e9dicos qualificados para avalia\u00e7\u00e3o e cuidados de sa\u00fade.<\/li>\n<li><strong>Consulta Pedi\u00e1trica:<\/strong> Atendimento espec\u00edfico para crian\u00e7as, garantindo cuidados e orienta\u00e7\u00f5es adequadas para os pequenos.<\/li>\n<li><strong>Marca\u00e7\u00e3o de Consultas e Exames:<\/strong> Facilita\u00e7\u00e3o do agendamento de servi\u00e7os m\u00e9dicos e exames laboratoriais.<\/li>\n<li><strong>Aferi\u00e7\u00e3o da Press\u00e3o Arterial:<\/strong> Verifica\u00e7\u00e3o da press\u00e3o arterial para monitoramento da sa\u00fade cardiovascular.<\/li>\n<li><strong>Teste de Glicemia:<\/strong> Controle do n\u00edvel de glicose no sangue, essencial para a preven\u00e7\u00e3o de diabetes.<\/li>\n<li><strong>Atualiza\u00e7\u00e3o da Caderneta de Vacina\u00e7\u00e3o:<\/strong> Possibilidade de atualizar vacinas, garantindo a imuniza\u00e7\u00e3o das crian\u00e7as e adultos.<\/li>\n<li><strong>Testes R\u00e1pidos:<\/strong> Diagn\u00f3sticos para infec\u00e7\u00f5es virais, contribuindo para a identifica\u00e7\u00e3o e preven\u00e7\u00e3o de doen\u00e7as.<\/li>\n<li><strong>Triagem Odontol\u00f3gica:<\/strong> Avalia\u00e7\u00e3o da sa\u00fade bucal, identificando necessidades de tratamento dental.<\/li>\n<li><strong>Vacina\u00e7\u00e3o Antirr\u00e1bica:<\/strong> Vacina\u00e7\u00e3o de c\u00e3es e gatos, promovendo a sa\u00fade animal e seguran\u00e7a da comunidade.<\/li>\n<\/ul>\n<h2>Atendimentos Cl\u00ednicos<\/h2>\n<p>O atendimento cl\u00ednico ser\u00e1 um dos principais destaques do projeto Feira em A\u00e7\u00e3o. Profissionais de sa\u00fade estar\u00e3o dispon\u00edveis para consultas, oferecendo suporte e orienta\u00e7\u00e3o sobre diversas condi\u00e7\u00f5es de sa\u00fade. Este \u00e9 um momento importante para que a popula\u00e7\u00e3o possa esclarecer d\u00favidas e receber cuidados m\u00e9dicos.<\/p>\n<p><img decoding=\"async\" src=\"https:\/\/www.encontrafeiradesantana.com.br\/sobre\/wp-content\/uploads\/2026\/03\/feira-em-acao-leva-servicos-de-saude-e-cidadania-ao-distrito-de-jaguara-neste-sabado-21.webp\" alt=\"Feira em A\u00e7\u00e3o\" loading=\"lazy\" \/><\/p>\n<h2>Vacina\u00e7\u00e3o e Sa\u00fade Animal<\/h2>\n<p>A vacina\u00e7\u00e3o antirr\u00e1bica ser\u00e1 disponibilizada para c\u00e3es e gatos, um servi\u00e7o crucial para proteger n\u00e3o apenas os animais, mas tamb\u00e9m a popula\u00e7\u00e3o contra a raiva. A imuniza\u00e7\u00e3o animal \u00e9 uma medida preventiva vital, especialmente em \u00e1reas onde a conviv\u00eancia entre animais e humanos \u00e9 intensa.<\/p>\n<h2>Consultas Pedi\u00e1tricas<\/h2>\n<p>As consultas pedi\u00e1tricas garantir\u00e3o que as crian\u00e7as recebam a aten\u00e7\u00e3o m\u00e9dica necess\u00e1ria. Pais e respons\u00e1veis poder\u00e3o aproveitar a oportunidade para discutir a sa\u00fade e o desenvolvimento infantil com profissionais experientes, assegurando que as crian\u00e7as estejam bem cuidadas.<\/p>\n<h2>Teste de Glicemia e Press\u00e3o Arterial<\/h2>\n<p>Aferir a press\u00e3o arterial e realizar o teste de glicemia s\u00e3o medidas preventivas valiosas que ajudam a identificar potenciais problemas de sa\u00fade antes que se agravem. Esses procedimentos, que ser\u00e3o realizados durante a feira, s\u00e3o essenciais para a detec\u00e7\u00e3o precoce de doen\u00e7as que podem comprometer a qualidade de vida.<\/p>\n<h2>Atualiza\u00e7\u00e3o de Vacina\u00e7\u00e3o<\/h2>\n<p>A atualiza\u00e7\u00e3o da caderneta de vacina\u00e7\u00e3o ser\u00e1 facilmente acess\u00edvel durante o evento, permitindo que os moradores garantam que suas vacinas est\u00e3o em dia. Manter as vacinas atualizadas \u00e9 fundamental para a preven\u00e7\u00e3o de doen\u00e7as, especialmente em crian\u00e7as.<\/p>\n<h2>Triagem Odontol\u00f3gica<\/h2>\n<p>A triagem odontol\u00f3gica \u00e9 uma parte importante da sa\u00fade geral. Durante a feira, dentistas realizar\u00e3o exames r\u00e1pidos para avaliar a sa\u00fade bucal dos participantes. Essa a\u00e7\u00e3o ajuda a identificar problemas que podem exigir aten\u00e7\u00e3o adicional e esclarece a import\u00e2ncia da sa\u00fade dental na vida cotidiana.<\/p>\n<h2>Oportunidades de Cidadania<\/h2>\n<p>Al\u00e9m dos servi\u00e7os de sa\u00fade, o projeto Feira em A\u00e7\u00e3o tamb\u00e9m promove direitos e deveres da cidadania. Ser\u00e3o disponibilizados servi\u00e7os que facilitam o acesso a informa\u00e7\u00f5es e documentos necess\u00e1rios para que os moradores possam usufruir de seus direitos. Essa iniciativa \u00e9 um passos importante para a inclus\u00e3o e conscientiza\u00e7\u00e3o de todos os cidad\u00e3os.<\/p>\n<h2>Participa\u00e7\u00e3o da Comunidade<\/h2>\n<p>A participa\u00e7\u00e3o da comunidade \u00e9 um dos pilares do Feira em A\u00e7\u00e3o. O secret\u00e1rio municipal de Sa\u00fade, Rodrigo Matos, enfatiza que a presen\u00e7a de v\u00e1rias secretarias em um \u00fanico evento \u00e9 fundamental para aproximar os servi\u00e7os da popula\u00e7\u00e3o, especialmente nas \u00e1reas mais distantes do munic\u00edpio. Essas a\u00e7\u00f5es colaborativas visam aumentar o acesso aos servi\u00e7os p\u00fablicos e promover a qualidade de vida.<\/p>\n<h2>Import\u00e2ncia da A\u00e7\u00e3o para Jaguara<\/h2>\n<p>Para o distrito de Jaguara, a realiza\u00e7\u00e3o do projeto Feira em A\u00e7\u00e3o representa uma oportunidade significativa de acesso \u00e0 sa\u00fade e cidadania. A a\u00e7\u00e3o n\u00e3o apenas melhora o acesso a servi\u00e7os essenciais, mas tamb\u00e9m fortalece a uni\u00e3o comunit\u00e1ria, promovendo a import\u00e2ncia do cuidado e da responsabilidade com a sa\u00fade. As moradias em Jaguara, assim como em v\u00e1rias outras \u00e1reas, s\u00e3o beneficiadas por iniciativas que levam servi\u00e7os diretamente \u00e0s portas da popula\u00e7\u00e3o, refletindo um comprometimento com o bem-estar de todos.<\/p>\n<p>Portanto, neste s\u00e1bado, dia 21, a comunidade de Jaguara poder\u00e1 participar de um evento que representa mais do que apenas servi\u00e7os; \u00e9 uma reuni\u00e3o de esfor\u00e7os para sanar necessidades e melhorar a qualidade de vida dos cidad\u00e3os. <\/p>\n\n<div style=\"font-size: 0px; height: 0px; line-height: 0px; margin: 0; padding: 0; clear: both;\"><\/div>","protected":false},"excerpt":{"rendered":"<p>Feira em A\u00e7\u00e3o traz servi\u00e7os de sa\u00fade e cidadania para Jaguara!<\/p>\n","protected":false},"author":1,"featured_media":1785,"comment_status":"open","ping_status":"closed","sticky":false,"template":"","format":"standard","meta":{"footnotes":""},"categories":[6],"tags":[],"class_list":["post-1786","post","type-post","status-publish","format-standard","has-post-thumbnail","hentry","category-noticias-em-feira-de-santana","has_thumb"],"aioseo_notices":[],"_links":{"self":[{"href":"https:\/\/www.encontrafeiradesantana.com.br\/sobre\/wp-json\/wp\/v2\/posts\/1786","targetHints":{"allow":["GET"]}}],"collection":[{"href":"https:\/\/www.encontrafeiradesantana.com.br\/sobre\/wp-json\/wp\/v2\/posts"}],"about":[{"href":"https:\/\/www.encontrafeiradesantana.com.br\/sobre\/wp-json\/wp\/v2\/types\/post"}],"author":[{"embeddable":true,"href":"https:\/\/www.encontrafeiradesantana.com.br\/sobre\/wp-json\/wp\/v2\/users\/1"}],"replies":[{"embeddable":true,"href":"https:\/\/www.encontrafeiradesantana.com.br\/sobre\/wp-json\/wp\/v2\/comments?post=1786"}],"version-history":[{"count":0,"href":"https:\/\/www.encontrafeiradesantana.com.br\/sobre\/wp-json\/wp\/v2\/posts\/1786\/revisions"}],"wp:featuredmedia":[{"embeddable":true,"href":"https:\/\/www.encontrafeiradesantana.com.br\/sobre\/wp-json\/wp\/v2\/media\/1785"}],"wp:attachment":[{"href":"https:\/\/www.encontrafeiradesantana.com.br\/sobre\/wp-json\/wp\/v2\/media?parent=1786"}],"wp:term":[{"taxonomy":"category","embeddable":true,"href":"https:\/\/www.encontrafeiradesantana.com.br\/sobre\/wp-json\/wp\/v2\/categories?post=1786"},{"taxonomy":"post_tag","embeddable":true,"href":"https:\/\/www.encontrafeiradesantana.com.br\/sobre\/wp-json\/wp\/v2\/tags?post=1786"}],"curies":[{"name":"wp","href":"https:\/\/api.w.org\/{rel}","templated":true}]}}