{"id":1774,"date":"2026-03-15T03:16:30","date_gmt":"2026-03-15T06:16:30","guid":{"rendered":"https:\/\/www.encontrafeiradesantana.com.br\/sobre\/rua-realeza-ganha-pavimentacao-e-facilita-trafego-no-parque-getulio-vargas\/"},"modified":"2026-03-15T03:16:30","modified_gmt":"2026-03-15T06:16:30","slug":"rua-realeza-ganha-pavimentacao-e-facilita-trafego-no-parque-getulio-vargas","status":"publish","type":"post","link":"https:\/\/www.encontrafeiradesantana.com.br\/sobre\/rua-realeza-ganha-pavimentacao-e-facilita-trafego-no-parque-getulio-vargas\/","title":{"rendered":"Rua Realeza ganha pavimenta\u00e7\u00e3o e facilita tr\u00e1fego no Parque Get\u00falio Vargas"},"content":{"rendered":"<div class=\"3f468104ad11f00a3c9ac948316f4265\" data-index=\"1\" style=\"float: none; margin:0px;\">\n<ins class=\"adsbygoogle\"\r\n     style=\"display:block\"\r\n     data-ad-client=\"ca-pub-8585364105181520\"\r\n     data-ad-slot=\"8789329856\"\r\n     data-ad-format=\"auto\"\r\n     data-full-width-responsive=\"true\"><\/ins>\r\n<script>\r\n     (adsbygoogle = window.adsbygoogle || []).push({});\r\n<\/script>\r\n\n<\/div>\n<h2>A import\u00e2ncia da pavimenta\u00e7\u00e3o para a mobilidade urbana<\/h2>\n<p>A pavimenta\u00e7\u00e3o da Rua Realeza representa um marco significativo na melhoria da mobilidade urbana no bairro Parque Get\u00falio Vargas. Com a obra, a prefeitura n\u00e3o apenas melhora a infraestrutura vi\u00e1ria, mas tamb\u00e9m cria condi\u00e7\u00f5es mais seguras e confort\u00e1veis para o tr\u00e2nsito de ve\u00edculos e pedestres. Uma rua bem pavimentada reduz problemas como buracos e irregularidades, que dificultam a locomo\u00e7\u00e3o e podem causar acidentes. Al\u00e9m disso, essa iniciativa colabora para a fluidez do tr\u00e1fego na regi\u00e3o, facilitando o deslocamento entre as \u00e1reas mais movimentadas da cidade.<\/p>\n<h2>Como a Rua Realeza liga importantes corredores de tr\u00e1fego<\/h2>\n<p>Localizada de forma estrat\u00e9gica, a Rua Realeza conecta a Avenida Get\u00falio Vargas a outras vias significativas, como a Rua S\u00e3o Roque, que se estende ligando diretamente a outras avenidas relevantes da cidade. Essa conex\u00e3o \u00e9 vital, pois atua como um corredor de tr\u00e1fego que suporta o escoamento de ve\u00edculos em hor\u00e1rios de pico, ajudando a evitar congestionamentos. Com essa nova pavimenta\u00e7\u00e3o, a Rua Realeza se torna um elo ainda mais forte entre diversos pontos de interesse, como escolas, academias e centros comerciais, atendendo \u00e0s necessidades di\u00e1rias de moradores e visitantes.<\/p>\n<h2>Depoimentos de moradores sobre a nova pavimenta\u00e7\u00e3o<\/h2>\n<p>Os moradores da Rua Realeza est\u00e3o entusiasmados com a nova pavimenta\u00e7\u00e3o. Pedro Lu\u00eds Leite, um dentista que reside na via h\u00e1 17 anos, expressou sua satisfa\u00e7\u00e3o, destacando a necessidade dessa melhoria: &#8220;A pavimenta\u00e7\u00e3o era um desejo antigo da comunidade, especialmente por ser uma via de conex\u00e3o vital entre a Avenida Get\u00falio Vargas e outras \u00e1reas.&#8221;  Outros moradores tamb\u00e9m ressaltaram como a nova estrutura facilitar\u00e1 o fluxo de ve\u00edculos, melhorando a qualidade de vida na regi\u00e3o. Esses depoimentos refletam a import\u00e2ncia da obra para a comunidade local, que finalmente v\u00ea suas demandas sendo atendidas.<\/p>\n<h2>A rela\u00e7\u00e3o entre infraestrutura e qualidade de vida<\/h2>\n<p>A qualidade da infraestrutura urbana, como as ruas, \u00e9 um dos determinantes mais importantes da qualidade de vida em uma comunidade. A pavimenta\u00e7\u00e3o da Rua Realeza n\u00e3o apenas melhora a mobilidade, mas tamb\u00e9m aumenta o valor das propriedades ao redor e proporciona um ambiente mais est\u00e9tico e agrad\u00e1vel. Com a diminui\u00e7\u00e3o dos problemas de poeira e lama, a sa\u00fade dos moradores \u00e9 beneficiada, evitando doen\u00e7as respirat\u00f3rias causadas por essas condi\u00e7\u00f5es. Uma infraestrutura bem mantida \u00e9 sin\u00f4nimo de bem-estar e satisfa\u00e7\u00e3o dos cidad\u00e3os.<\/p>\n<h2>O impacto positivo do tr\u00e1fego facilitado em com\u00e9rcio local<\/h2>\n<p>Com a nova pavimenta\u00e7\u00e3o, espera-se que o com\u00e9rcio local se beneficie significativamente. Vias bem estruturadas permitem um melhor acesso aos estabelecimentos, o que pode resultar em um aumento no fluxo de clientes para lojas e servi\u00e7os na regi\u00e3o. A melhoria do tr\u00e1fego favorece n\u00e3o apenas os consumidores que circulam pela Rua Realeza, mas tamb\u00e9m facilita o trabalho de entregas, contribuindo para a gera\u00e7\u00e3o de receita e emprego no bairro. Os comerciantes est\u00e3o otimistas com o impacto que a nova estrutura trar\u00e1 para seus neg\u00f3cios.<\/p>\n<h2>As demandas da comunidade atendidas pela obra<\/h2>\n<p>A pavimenta\u00e7\u00e3o da Rua Realeza atende a uma demanda antiga dos moradores, que buscavam por melhorias na infraestrutura vi\u00e1ria como um meio de facilitar o acesso e proporcionar seguran\u00e7a. Obras como essa demonstram que a administra\u00e7\u00e3o p\u00fablica est\u00e1 atenta \u00e0s necessidades dos cidad\u00e3os e busca, por meio de a\u00e7\u00f5es concretas, resolver problemas que afetam o dia a dia da popula\u00e7\u00e3o. Esta pavimenta\u00e7\u00e3o \u00e9 apenas uma parte do compromisso da prefeitura em investir em obras que promovam o bem-estar e a seguran\u00e7a da comunidade.<\/p>\n<h2>Desafios enfrentados durante a constru\u00e7\u00e3o<\/h2>\n<p>Todo projeto de infraestrutura enfrenta desafios, e a pavimenta\u00e7\u00e3o da Rua Realeza n\u00e3o foi exce\u00e7\u00e3o. Durante a execu\u00e7\u00e3o da obra, quest\u00f5es como o clima, o tr\u00e1fego existente e a necessidade de manter a seguran\u00e7a dos pedestres e motoristas foram continuamente monitoradas. Apesar dos obst\u00e1culos, as equipes de obras foram capazes de adaptar o planejamento e realizar as interven\u00e7\u00f5es de forma eficiente, garantindo que os transtornos \u00e0 popula\u00e7\u00e3o fossem minimizados. A gest\u00e3o eficaz dos recursos e o planejamento met\u00f3dico foram fundamentais para o sucesso da pavimenta\u00e7\u00e3o.<\/p>\n<h2>O papel da Prefeitura na melhoria das ruas da cidade<\/h2>\n<p>A interven\u00e7\u00e3o na Rua Realeza \u00e9 parte de uma estrat\u00e9gia mais ampla da Prefeitura de Feira de Santana de promover a melhoria da infraestrutura urbana. A administra\u00e7\u00e3o municipal tem se comprometido a investir em projetos que visam modernizar e manter as vias da cidade, reconhecendo que ruas bem pavimentadas s\u00e3o essenciais para a disciplina do tr\u00e2nsito e a seguran\u00e7a vi\u00e1ria. A atua\u00e7\u00e3o da Superintend\u00eancia de Opera\u00e7\u00f5es e Manuten\u00e7\u00e3o (Soma) demonstrou a reatividade da prefeitura em atender as demandas da popula\u00e7\u00e3o, impulsionando a qualidade dos servi\u00e7os p\u00fablicos oferecidos.<\/p>\n<h2>Perspectivas futuras para o Parque Get\u00falio Vargas<\/h2>\n<p>Com a nova pavimenta\u00e7\u00e3o, surgem expectativas positivas para o futuro do Parque Get\u00falio Vargas. A melhoria nas infraestruturas pode atrair novas iniciativas e investimentos na \u00e1rea, inclu\u00eddo a requalifica\u00e7\u00e3o de espa\u00e7os p\u00fablicos e a cria\u00e7\u00e3o de mais atividades de lazer para a comunidade. As expectativas s\u00e3o de que, com o aumento do tr\u00e1fego e o interesse de novos empreendedores, o bairro se desenvolva ainda mais como um forte polo comercial e social, beneficiando todos que nele habitam.<\/p>\n<h2>Como essa obra se encaixa nas pol\u00edticas de urbaniza\u00e7\u00e3o<\/h2>\n<p>A pavimenta\u00e7\u00e3o da Rua Realeza integra um conjunto de pol\u00edticas de urbaniza\u00e7\u00e3o que visam modernizar a estrutura urbana de Feira de Santana. Programas de urbanismo focados na melhoria das vias p\u00fablicas t\u00eam mostrado ser eficazes em criar ambientes mais agrad\u00e1veis e funcionais. A necessidade de conectar bairros e promover a acessibilidade \u00e9 uma prioridade para a gest\u00e3o, e esse projeto \u00e9 um claro exemplo de como os investimentos em infraestrutura podem melhorar a vida urbana, fazer a cidade mais conectada e acess\u00edvel a todos os cidad\u00e3os.<\/p>\n\n<div style=\"font-size: 0px; height: 0px; line-height: 0px; margin: 0; padding: 0; clear: both;\"><\/div>","protected":false},"excerpt":{"rendered":"<p>Rua Realeza facilita tr\u00e1fego e melhora mobilidade no Parque Get\u00falio Vargas.<\/p>\n","protected":false},"author":1,"featured_media":0,"comment_status":"open","ping_status":"closed","sticky":false,"template":"","format":"standard","meta":{"footnotes":""},"categories":[25],"tags":[],"class_list":["post-1774","post","type-post","status-publish","format-standard","hentry","category-construcao-em-feira-de-santana"],"aioseo_notices":[],"aioseo_head":"\n\t\t<!-- All in One SEO 5.0.0.1 - aioseo.com -->\n\t<meta name=\"description\" content=\"Rua Realeza facilita tr\u00e1fego e melhora mobilidade no Parque Get\u00falio Vargas.\" \/>\n\t<meta name=\"robots\" content=\"max-image-preview:large\" \/>\n\t<meta name=\"author\" content=\"Encontra Feira de Santana\"\/>\n\t<link rel=\"canonical\" href=\"https:\/\/www.encontrafeiradesantana.com.br\/sobre\/rua-realeza-ganha-pavimentacao-e-facilita-trafego-no-parque-getulio-vargas\/\" \/>\n\t<meta name=\"generator\" content=\"All in One SEO (AIOSEO) 5.0.0.1\" \/>\n\t\t<meta property=\"og:locale\" content=\"pt_BR\" \/>\n\t\t<meta property=\"og:site_name\" content=\"Encontra Feira de Santana | Not\u00edcias, eventos, informa\u00e7\u00f5es e dicas na cidade Feira de Santana e regi\u00e3o.\" \/>\n\t\t<meta property=\"og:type\" content=\"article\" \/>\n\t\t<meta property=\"og:title\" content=\"Rua Realeza ganha pavimenta\u00e7\u00e3o e facilita tr\u00e1fego no Parque Get\u00falio Vargas | Encontra Feira de Santana\" \/>\n\t\t<meta property=\"og:description\" content=\"Rua Realeza facilita tr\u00e1fego e melhora mobilidade no Parque Get\u00falio Vargas.\" \/>\n\t\t<meta property=\"og:url\" content=\"https:\/\/www.encontrafeiradesantana.com.br\/sobre\/rua-realeza-ganha-pavimentacao-e-facilita-trafego-no-parque-getulio-vargas\/\" \/>\n\t\t<meta property=\"article:published_time\" content=\"2026-03-15T06:16:30+00:00\" \/>\n\t\t<meta property=\"article:modified_time\" content=\"2026-03-15T06:16:30+00:00\" \/>\n\t\t<meta name=\"twitter:card\" content=\"summary\" \/>\n\t\t<meta name=\"twitter:title\" content=\"Rua Realeza ganha pavimenta\u00e7\u00e3o e facilita tr\u00e1fego no Parque Get\u00falio Vargas | Encontra Feira de Santana\" \/>\n\t\t<meta name=\"twitter:description\" content=\"Rua Realeza facilita tr\u00e1fego e melhora mobilidade no Parque Get\u00falio Vargas.\" \/>\n\t\t<script type=\"application\/ld+json\" class=\"aioseo-schema\">\n\t\t\t{\"@context\":\"https:\\\/\\\/schema.org\",\"@graph\":[{\"@type\":\"Article\",\"@id\":\"https:\\\/\\\/www.encontrafeiradesantana.com.br\\\/sobre\\\/rua-realeza-ganha-pavimentacao-e-facilita-trafego-no-parque-getulio-vargas\\\/#article\",\"name\":\"Rua Realeza ganha pavimenta\\u00e7\\u00e3o e facilita tr\\u00e1fego no Parque Get\\u00falio Vargas | Encontra Feira de Santana\",\"headline\":\"Rua Realeza ganha pavimenta\\u00e7\\u00e3o e facilita tr\\u00e1fego no Parque Get\\u00falio Vargas\",\"author\":{\"@id\":\"https:\\\/\\\/www.encontrafeiradesantana.com.br\\\/sobre\\\/author\\\/efeiradesantana\\\/#author\"},\"publisher\":{\"@id\":\"https:\\\/\\\/www.encontrafeiradesantana.com.br\\\/sobre\\\/#organization\"},\"datePublished\":\"2026-03-15T03:16:30-03:00\",\"dateModified\":\"2026-03-15T03:16:30-03:00\",\"inLanguage\":\"pt-BR\",\"mainEntityOfPage\":{\"@id\":\"https:\\\/\\\/www.encontrafeiradesantana.com.br\\\/sobre\\\/rua-realeza-ganha-pavimentacao-e-facilita-trafego-no-parque-getulio-vargas\\\/#webpage\"},\"isPartOf\":{\"@id\":\"https:\\\/\\\/www.encontrafeiradesantana.com.br\\\/sobre\\\/rua-realeza-ganha-pavimentacao-e-facilita-trafego-no-parque-getulio-vargas\\\/#webpage\"},\"articleSection\":\"Constru\\u00e7\\u00e3o Feira de Santana\"},{\"@type\":\"BreadcrumbList\",\"@id\":\"https:\\\/\\\/www.encontrafeiradesantana.com.br\\\/sobre\\\/rua-realeza-ganha-pavimentacao-e-facilita-trafego-no-parque-getulio-vargas\\\/#breadcrumblist\",\"itemListElement\":[{\"@type\":\"ListItem\",\"@id\":\"https:\\\/\\\/www.encontrafeiradesantana.com.br\\\/sobre#listItem\",\"position\":1,\"name\":\"In\\u00edcio\",\"item\":\"https:\\\/\\\/www.encontrafeiradesantana.com.br\\\/sobre\",\"nextItem\":{\"@type\":\"ListItem\",\"@id\":\"https:\\\/\\\/www.encontrafeiradesantana.com.br\\\/sobre\\\/construcao-em-feira-de-santana\\\/#listItem\",\"name\":\"Constru\\u00e7\\u00e3o Feira de Santana\"}},{\"@type\":\"ListItem\",\"@id\":\"https:\\\/\\\/www.encontrafeiradesantana.com.br\\\/sobre\\\/construcao-em-feira-de-santana\\\/#listItem\",\"position\":2,\"name\":\"Constru\\u00e7\\u00e3o Feira de Santana\",\"item\":\"https:\\\/\\\/www.encontrafeiradesantana.com.br\\\/sobre\\\/construcao-em-feira-de-santana\\\/\",\"nextItem\":{\"@type\":\"ListItem\",\"@id\":\"https:\\\/\\\/www.encontrafeiradesantana.com.br\\\/sobre\\\/rua-realeza-ganha-pavimentacao-e-facilita-trafego-no-parque-getulio-vargas\\\/#listItem\",\"name\":\"Rua Realeza ganha pavimenta\\u00e7\\u00e3o e facilita tr\\u00e1fego no Parque Get\\u00falio Vargas\"},\"previousItem\":{\"@type\":\"ListItem\",\"@id\":\"https:\\\/\\\/www.encontrafeiradesantana.com.br\\\/sobre#listItem\",\"name\":\"In\\u00edcio\"}},{\"@type\":\"ListItem\",\"@id\":\"https:\\\/\\\/www.encontrafeiradesantana.com.br\\\/sobre\\\/rua-realeza-ganha-pavimentacao-e-facilita-trafego-no-parque-getulio-vargas\\\/#listItem\",\"position\":3,\"name\":\"Rua Realeza ganha pavimenta\\u00e7\\u00e3o e facilita tr\\u00e1fego no Parque Get\\u00falio Vargas\",\"previousItem\":{\"@type\":\"ListItem\",\"@id\":\"https:\\\/\\\/www.encontrafeiradesantana.com.br\\\/sobre\\\/construcao-em-feira-de-santana\\\/#listItem\",\"name\":\"Constru\\u00e7\\u00e3o Feira de Santana\"}}]},{\"@type\":\"Organization\",\"@id\":\"https:\\\/\\\/www.encontrafeiradesantana.com.br\\\/sobre\\\/#organization\",\"name\":\"Encontra Feira de Santana\",\"description\":\"Not\\u00edcias, eventos, informa\\u00e7\\u00f5es e dicas na cidade Feira de Santana e regi\\u00e3o.\",\"url\":\"https:\\\/\\\/www.encontrafeiradesantana.com.br\\\/sobre\\\/\"},{\"@type\":\"Person\",\"@id\":\"https:\\\/\\\/www.encontrafeiradesantana.com.br\\\/sobre\\\/author\\\/efeiradesantana\\\/#author\",\"url\":\"https:\\\/\\\/www.encontrafeiradesantana.com.br\\\/sobre\\\/author\\\/efeiradesantana\\\/\",\"name\":\"Encontra Feira de Santana\",\"image\":{\"@type\":\"ImageObject\",\"@id\":\"https:\\\/\\\/www.encontrafeiradesantana.com.br\\\/sobre\\\/rua-realeza-ganha-pavimentacao-e-facilita-trafego-no-parque-getulio-vargas\\\/#authorImage\",\"url\":\"https:\\\/\\\/secure.gravatar.com\\\/avatar\\\/507340682b8270222e1f208e23198b6ae7e2c6a1033ae84e99bc6bce4f82a387?s=96&d=mm&r=g\",\"width\":96,\"height\":96,\"caption\":\"Encontra Feira de Santana\"}},{\"@type\":\"WebPage\",\"@id\":\"https:\\\/\\\/www.encontrafeiradesantana.com.br\\\/sobre\\\/rua-realeza-ganha-pavimentacao-e-facilita-trafego-no-parque-getulio-vargas\\\/#webpage\",\"url\":\"https:\\\/\\\/www.encontrafeiradesantana.com.br\\\/sobre\\\/rua-realeza-ganha-pavimentacao-e-facilita-trafego-no-parque-getulio-vargas\\\/\",\"name\":\"Rua Realeza ganha pavimenta\\u00e7\\u00e3o e facilita tr\\u00e1fego no Parque Get\\u00falio Vargas | Encontra Feira de Santana\",\"description\":\"Rua Realeza facilita tr\\u00e1fego e melhora mobilidade no Parque Get\\u00falio Vargas.\",\"inLanguage\":\"pt-BR\",\"isPartOf\":{\"@id\":\"https:\\\/\\\/www.encontrafeiradesantana.com.br\\\/sobre\\\/#website\"},\"breadcrumb\":{\"@id\":\"https:\\\/\\\/www.encontrafeiradesantana.com.br\\\/sobre\\\/rua-realeza-ganha-pavimentacao-e-facilita-trafego-no-parque-getulio-vargas\\\/#breadcrumblist\"},\"author\":{\"@id\":\"https:\\\/\\\/www.encontrafeiradesantana.com.br\\\/sobre\\\/author\\\/efeiradesantana\\\/#author\"},\"creator\":{\"@id\":\"https:\\\/\\\/www.encontrafeiradesantana.com.br\\\/sobre\\\/author\\\/efeiradesantana\\\/#author\"},\"datePublished\":\"2026-03-15T03:16:30-03:00\",\"dateModified\":\"2026-03-15T03:16:30-03:00\"},{\"@type\":\"WebSite\",\"@id\":\"https:\\\/\\\/www.encontrafeiradesantana.com.br\\\/sobre\\\/#website\",\"url\":\"https:\\\/\\\/www.encontrafeiradesantana.com.br\\\/sobre\\\/\",\"name\":\"Encontra Feira de Santana\",\"description\":\"Not\\u00edcias, eventos, informa\\u00e7\\u00f5es e dicas na cidade Feira de Santana e regi\\u00e3o.\",\"inLanguage\":\"pt-BR\",\"publisher\":{\"@id\":\"https:\\\/\\\/www.encontrafeiradesantana.com.br\\\/sobre\\\/#organization\"}}]}\n\t\t<\/script>\n\t\t<!-- All in One SEO -->\n\n","aioseo_head_json":{"title":"Rua Realeza ganha pavimenta\u00e7\u00e3o e facilita tr\u00e1fego no Parque Get\u00falio Vargas | Encontra Feira de Santana","description":"Rua Realeza facilita tr\u00e1fego e melhora mobilidade no Parque Get\u00falio Vargas.","canonical_url":"https:\/\/www.encontrafeiradesantana.com.br\/sobre\/rua-realeza-ganha-pavimentacao-e-facilita-trafego-no-parque-getulio-vargas\/","robots":"max-image-preview:large","keywords":"","webmasterTools":{"miscellaneous":""},"schema":{"@context":"https:\/\/schema.org","@graph":[{"@type":"Article","@id":"https:\/\/www.encontrafeiradesantana.com.br\/sobre\/rua-realeza-ganha-pavimentacao-e-facilita-trafego-no-parque-getulio-vargas\/#article","name":"Rua Realeza ganha pavimenta\u00e7\u00e3o e facilita tr\u00e1fego no Parque Get\u00falio Vargas | Encontra Feira de Santana","headline":"Rua Realeza ganha pavimenta\u00e7\u00e3o e facilita tr\u00e1fego no Parque Get\u00falio Vargas","author":{"@id":"https:\/\/www.encontrafeiradesantana.com.br\/sobre\/author\/efeiradesantana\/#author"},"publisher":{"@id":"https:\/\/www.encontrafeiradesantana.com.br\/sobre\/#organization"},"datePublished":"2026-03-15T03:16:30-03:00","dateModified":"2026-03-15T03:16:30-03:00","inLanguage":"pt-BR","mainEntityOfPage":{"@id":"https:\/\/www.encontrafeiradesantana.com.br\/sobre\/rua-realeza-ganha-pavimentacao-e-facilita-trafego-no-parque-getulio-vargas\/#webpage"},"isPartOf":{"@id":"https:\/\/www.encontrafeiradesantana.com.br\/sobre\/rua-realeza-ganha-pavimentacao-e-facilita-trafego-no-parque-getulio-vargas\/#webpage"},"articleSection":"Constru\u00e7\u00e3o Feira de Santana"},{"@type":"BreadcrumbList","@id":"https:\/\/www.encontrafeiradesantana.com.br\/sobre\/rua-realeza-ganha-pavimentacao-e-facilita-trafego-no-parque-getulio-vargas\/#breadcrumblist","itemListElement":[{"@type":"ListItem","@id":"https:\/\/www.encontrafeiradesantana.com.br\/sobre#listItem","position":1,"name":"In\u00edcio","item":"https:\/\/www.encontrafeiradesantana.com.br\/sobre","nextItem":{"@type":"ListItem","@id":"https:\/\/www.encontrafeiradesantana.com.br\/sobre\/construcao-em-feira-de-santana\/#listItem","name":"Constru\u00e7\u00e3o Feira de Santana"}},{"@type":"ListItem","@id":"https:\/\/www.encontrafeiradesantana.com.br\/sobre\/construcao-em-feira-de-santana\/#listItem","position":2,"name":"Constru\u00e7\u00e3o Feira de Santana","item":"https:\/\/www.encontrafeiradesantana.com.br\/sobre\/construcao-em-feira-de-santana\/","nextItem":{"@type":"ListItem","@id":"https:\/\/www.encontrafeiradesantana.com.br\/sobre\/rua-realeza-ganha-pavimentacao-e-facilita-trafego-no-parque-getulio-vargas\/#listItem","name":"Rua Realeza ganha pavimenta\u00e7\u00e3o e facilita tr\u00e1fego no Parque Get\u00falio Vargas"},"previousItem":{"@type":"ListItem","@id":"https:\/\/www.encontrafeiradesantana.com.br\/sobre#listItem","name":"In\u00edcio"}},{"@type":"ListItem","@id":"https:\/\/www.encontrafeiradesantana.com.br\/sobre\/rua-realeza-ganha-pavimentacao-e-facilita-trafego-no-parque-getulio-vargas\/#listItem","position":3,"name":"Rua Realeza ganha pavimenta\u00e7\u00e3o e facilita tr\u00e1fego no Parque Get\u00falio Vargas","previousItem":{"@type":"ListItem","@id":"https:\/\/www.encontrafeiradesantana.com.br\/sobre\/construcao-em-feira-de-santana\/#listItem","name":"Constru\u00e7\u00e3o Feira de Santana"}}]},{"@type":"Organization","@id":"https:\/\/www.encontrafeiradesantana.com.br\/sobre\/#organization","name":"Encontra Feira de Santana","description":"Not\u00edcias, eventos, informa\u00e7\u00f5es e dicas na cidade Feira de Santana e regi\u00e3o.","url":"https:\/\/www.encontrafeiradesantana.com.br\/sobre\/"},{"@type":"Person","@id":"https:\/\/www.encontrafeiradesantana.com.br\/sobre\/author\/efeiradesantana\/#author","url":"https:\/\/www.encontrafeiradesantana.com.br\/sobre\/author\/efeiradesantana\/","name":"Encontra Feira de Santana","image":{"@type":"ImageObject","@id":"https:\/\/www.encontrafeiradesantana.com.br\/sobre\/rua-realeza-ganha-pavimentacao-e-facilita-trafego-no-parque-getulio-vargas\/#authorImage","url":"https:\/\/secure.gravatar.com\/avatar\/507340682b8270222e1f208e23198b6ae7e2c6a1033ae84e99bc6bce4f82a387?s=96&d=mm&r=g","width":96,"height":96,"caption":"Encontra Feira de Santana"}},{"@type":"WebPage","@id":"https:\/\/www.encontrafeiradesantana.com.br\/sobre\/rua-realeza-ganha-pavimentacao-e-facilita-trafego-no-parque-getulio-vargas\/#webpage","url":"https:\/\/www.encontrafeiradesantana.com.br\/sobre\/rua-realeza-ganha-pavimentacao-e-facilita-trafego-no-parque-getulio-vargas\/","name":"Rua Realeza ganha pavimenta\u00e7\u00e3o e facilita tr\u00e1fego no Parque Get\u00falio Vargas | Encontra Feira de Santana","description":"Rua Realeza facilita tr\u00e1fego e melhora mobilidade no Parque Get\u00falio Vargas.","inLanguage":"pt-BR","isPartOf":{"@id":"https:\/\/www.encontrafeiradesantana.com.br\/sobre\/#website"},"breadcrumb":{"@id":"https:\/\/www.encontrafeiradesantana.com.br\/sobre\/rua-realeza-ganha-pavimentacao-e-facilita-trafego-no-parque-getulio-vargas\/#breadcrumblist"},"author":{"@id":"https:\/\/www.encontrafeiradesantana.com.br\/sobre\/author\/efeiradesantana\/#author"},"creator":{"@id":"https:\/\/www.encontrafeiradesantana.com.br\/sobre\/author\/efeiradesantana\/#author"},"datePublished":"2026-03-15T03:16:30-03:00","dateModified":"2026-03-15T03:16:30-03:00"},{"@type":"WebSite","@id":"https:\/\/www.encontrafeiradesantana.com.br\/sobre\/#website","url":"https:\/\/www.encontrafeiradesantana.com.br\/sobre\/","name":"Encontra Feira de Santana","description":"Not\u00edcias, eventos, informa\u00e7\u00f5es e dicas na cidade Feira de Santana e regi\u00e3o.","inLanguage":"pt-BR","publisher":{"@id":"https:\/\/www.encontrafeiradesantana.com.br\/sobre\/#organization"}}]},"og:locale":"pt_BR","og:site_name":"Encontra Feira de Santana | Not\u00edcias, eventos, informa\u00e7\u00f5es e dicas na cidade Feira de Santana e regi\u00e3o.","og:type":"article","og:title":"Rua Realeza ganha pavimenta\u00e7\u00e3o e facilita tr\u00e1fego no Parque Get\u00falio Vargas | Encontra Feira de Santana","og:description":"Rua Realeza facilita tr\u00e1fego e melhora mobilidade no Parque Get\u00falio Vargas.","og:url":"https:\/\/www.encontrafeiradesantana.com.br\/sobre\/rua-realeza-ganha-pavimentacao-e-facilita-trafego-no-parque-getulio-vargas\/","article:published_time":"2026-03-15T06:16:30+00:00","article:modified_time":"2026-03-15T06:16:30+00:00","twitter:card":"summary","twitter:title":"Rua Realeza ganha pavimenta\u00e7\u00e3o e facilita tr\u00e1fego no Parque Get\u00falio Vargas | Encontra Feira de Santana","twitter:description":"Rua Realeza facilita tr\u00e1fego e melhora mobilidade no Parque Get\u00falio Vargas."},"aioseo_meta_data":{"post_id":"1774","title":null,"description":null,"keywords":null,"keyphrases":null,"primary_term":null,"canonical_url":null,"og_title":null,"og_description":null,"og_object_type":"default","og_image_type":"default","og_image_url":null,"og_image_width":null,"og_image_height":null,"og_image_custom_url":null,"og_image_custom_fields":null,"og_video":null,"og_custom_url":null,"og_article_section":null,"og_article_tags":null,"twitter_use_og":false,"twitter_card":"default","twitter_image_type":"default","twitter_image_url":null,"twitter_image_custom_url":null,"twitter_image_custom_fields":null,"twitter_title":null,"twitter_description":null,"schema":{"blockGraphs":[],"customGraphs":[],"default":{"data":{"Article":[],"Course":[],"Dataset":[],"FAQPage":[],"Movie":[],"Person":[],"Product":[],"ProductReview":[],"Car":[],"Recipe":[],"Service":[],"SoftwareApplication":[],"WebPage":[]},"graphName":"Article","isEnabled":true},"graphs":[]},"schema_type":"default","schema_type_options":null,"pillar_content":false,"robots_default":true,"robots_noindex":false,"robots_noarchive":false,"robots_nosnippet":false,"robots_nofollow":false,"robots_noimageindex":false,"robots_noodp":false,"robots_notranslate":false,"robots_max_snippet":null,"robots_max_videopreview":null,"robots_max_imagepreview":"large","priority":null,"frequency":null,"local_seo":null,"breadcrumb_settings":null,"limit_modified_date":false,"ai":null,"created":"2026-03-15 06:16:34","updated":"2026-03-15 06:18:16","focus_keyword":null,"additional_keywords":null,"truseo_locale":null,"seo_analyzer_scan_date":null},"aioseo_breadcrumb":"<div class=\"aioseo-breadcrumbs\"><span class=\"aioseo-breadcrumb\">\n\t\t\t<a href=\"https:\/\/www.encontrafeiradesantana.com.br\/sobre\" title=\"In\u00edcio\">In\u00edcio<\/a>\n\t\t<\/span><span class=\"aioseo-breadcrumb-separator\">&raquo;<\/span><span class=\"aioseo-breadcrumb\">\n\t\t\t<a href=\"https:\/\/www.encontrafeiradesantana.com.br\/sobre\/construcao-em-feira-de-santana\/\" title=\"Constru\u00e7\u00e3o Feira de Santana\">Constru\u00e7\u00e3o Feira de Santana<\/a>\n\t\t<\/span><span class=\"aioseo-breadcrumb-separator\">&raquo;<\/span><span class=\"aioseo-breadcrumb\">\n\t\t\tRua Realeza ganha pavimenta\u00e7\u00e3o e facilita tr\u00e1fego no Parque Get\u00falio Vargas\n\t\t<\/span><\/div>","aioseo_breadcrumb_json":[{"label":"In\u00edcio","link":"https:\/\/www.encontrafeiradesantana.com.br\/sobre"},{"label":"Constru\u00e7\u00e3o Feira de Santana","link":"https:\/\/www.encontrafeiradesantana.com.br\/sobre\/construcao-em-feira-de-santana\/"},{"label":"Rua Realeza ganha pavimenta\u00e7\u00e3o e facilita tr\u00e1fego no Parque Get\u00falio Vargas","link":"https:\/\/www.encontrafeiradesantana.com.br\/sobre\/rua-realeza-ganha-pavimentacao-e-facilita-trafego-no-parque-getulio-vargas\/"}],"_links":{"self":[{"href":"https:\/\/www.encontrafeiradesantana.com.br\/sobre\/wp-json\/wp\/v2\/posts\/1774","targetHints":{"allow":["GET"]}}],"collection":[{"href":"https:\/\/www.encontrafeiradesantana.com.br\/sobre\/wp-json\/wp\/v2\/posts"}],"about":[{"href":"https:\/\/www.encontrafeiradesantana.com.br\/sobre\/wp-json\/wp\/v2\/types\/post"}],"author":[{"embeddable":true,"href":"https:\/\/www.encontrafeiradesantana.com.br\/sobre\/wp-json\/wp\/v2\/users\/1"}],"replies":[{"embeddable":true,"href":"https:\/\/www.encontrafeiradesantana.com.br\/sobre\/wp-json\/wp\/v2\/comments?post=1774"}],"version-history":[{"count":0,"href":"https:\/\/www.encontrafeiradesantana.com.br\/sobre\/wp-json\/wp\/v2\/posts\/1774\/revisions"}],"wp:attachment":[{"href":"https:\/\/www.encontrafeiradesantana.com.br\/sobre\/wp-json\/wp\/v2\/media?parent=1774"}],"wp:term":[{"taxonomy":"category","embeddable":true,"href":"https:\/\/www.encontrafeiradesantana.com.br\/sobre\/wp-json\/wp\/v2\/categories?post=1774"},{"taxonomy":"post_tag","embeddable":true,"href":"https:\/\/www.encontrafeiradesantana.com.br\/sobre\/wp-json\/wp\/v2\/tags?post=1774"}],"curies":[{"name":"wp","href":"https:\/\/api.w.org\/{rel}","templated":true}]}}