{"id":1769,"date":"2026-03-13T03:17:16","date_gmt":"2026-03-13T06:17:16","guid":{"rendered":"https:\/\/www.encontrafeiradesantana.com.br\/sobre\/rede-de-protecao-a-mulher-reflete-sobre-direitos-e-protecao-do-publico-feminino-em-evento-nesta-6a\/"},"modified":"2026-03-13T03:17:16","modified_gmt":"2026-03-13T06:17:16","slug":"rede-de-protecao-a-mulher-reflete-sobre-direitos-e-protecao-do-publico-feminino-em-evento-nesta-6a","status":"publish","type":"post","link":"https:\/\/www.encontrafeiradesantana.com.br\/sobre\/rede-de-protecao-a-mulher-reflete-sobre-direitos-e-protecao-do-publico-feminino-em-evento-nesta-6a\/","title":{"rendered":"Rede de Prote\u00e7\u00e3o \u00e0 Mulher reflete sobre direitos e prote\u00e7\u00e3o do p\u00fablico feminino em evento nesta 6\u00aa"},"content":{"rendered":"<div class=\"3f468104ad11f00a3c9ac948316f4265\" data-index=\"1\" style=\"float: none; margin:0px;\">\n<ins class=\"adsbygoogle\"\r\n     style=\"display:block\"\r\n     data-ad-client=\"ca-pub-8585364105181520\"\r\n     data-ad-slot=\"8789329856\"\r\n     data-ad-format=\"auto\"\r\n     data-full-width-responsive=\"true\"><\/ins>\r\n<script>\r\n     (adsbygoogle = window.adsbygoogle || []).push({});\r\n<\/script>\r\n\n<\/div>\n<h2>O que \u00e9 a Rede de Prote\u00e7\u00e3o \u00e0 Mulher?<\/h2>\n<p>A Rede de Prote\u00e7\u00e3o \u00e0 Mulher \u00e9 uma iniciativa interinstitucional que visa garantir os direitos e a seguran\u00e7a das mulheres, em especial aquelas que enfrentam situa\u00e7\u00f5es de viol\u00eancia. Essa rede \u00e9 composta por diferentes \u00f3rg\u00e3os e entidades que trabalham em conjunto para oferecer suporte e assist\u00eancia \u00e0s mulheres em situa\u00e7\u00e3o vulner\u00e1vel, promovendo a\u00e7\u00f5es que favore\u00e7am a autonomia e dignidade feminina.<\/p>\n<h2>Objetivos do Evento em Homenagem ao M\u00eas da Mulher<\/h2>\n<p>O evento que ocorrer\u00e1 no dia 13 de mar\u00e7o de 2026, \u00e0s 14h, no audit\u00f3rio da Secretaria Municipal de Educa\u00e7\u00e3o (SEDUC), tem como meta central discutir e refletir a respeito da valoriza\u00e7\u00e3o dos direitos das mulheres. Essa homenagem \u00e9 parte das celebra\u00e7\u00f5es do M\u00eas da Mulher, um per\u00edodo que busca evidenciar a luta e as conquistas femininas ao longo da hist\u00f3ria.<\/p>\n<p>O desenvolvimento de um espa\u00e7o para di\u00e1logos \u00e9 essencial para debater as quest\u00f5es que envolvem a prote\u00e7\u00e3o das mulheres e a igualdade de g\u00eanero, promovendo a conscientiza\u00e7\u00e3o sobre a necessidade de erradicar a viol\u00eancia e as desigualdades enfrentadas.<\/p>\n<h2>Participa\u00e7\u00e3o das Institui\u00e7\u00f5es na Rede de Prote\u00e7\u00e3o<\/h2>\n<p>Diversas institui\u00e7\u00f5es participam ativamente da Rede de Prote\u00e7\u00e3o \u00e0 Mulher, contribuindo para a constru\u00e7\u00e3o de um ambiente mais seguro e acolhedor. Entre as entidades envolvidas est\u00e3o:<\/p>\n<ul>\n<li><strong>Delegacia Especial de Atendimento \u00e0 Mulher (DEAM):<\/strong> respons\u00e1vel por atender e registrar ocorr\u00eancias de viol\u00eancia contra a mulher.<\/li>\n<li><strong>Ronda Maria da Penha:<\/strong> unidade policial que realiza patrulhamento em \u00e1reas onde ocorrem casos de viol\u00eancia contra mulheres.<\/li>\n<li><strong>Conselho Municipal da Mulher:<\/strong> \u00f3rg\u00e3o que discute e prop\u00f5e pol\u00edticas p\u00fablicas voltadas para os direitos femininos.<\/li>\n<li><strong>Defensoria P\u00fablica:<\/strong> oferece assist\u00eancia jur\u00eddica \u00e0s mulheres em situa\u00e7\u00e3o de vulnerabilidade.<\/li>\n<li><strong>Centro de Refer\u00eancia Maria Quit\u00e9ria (CRMQ):<\/strong> oferta servi\u00e7os de apoio psicol\u00f3gico e social \u00e0s mulheres v\u00edtimas de viol\u00eancia.<\/li>\n<li><strong>Minist\u00e9rio P\u00fablico:<\/strong> atua na defesa dos direitos das mulheres e na responsabiliza\u00e7\u00e3o dos agressores.<\/li>\n<\/ul>\n<h2>A Contribui\u00e7\u00e3o da DEAM e da Ronda Maria da Penha<\/h2>\n<p>A Delegacia Especial de Atendimento \u00e0 Mulher (DEAM) desempenha um papel fundamental no atendimento \u00e0s v\u00edtimas, proporcionando um espa\u00e7o seguro para den\u00fancias e acolhimento. J\u00e1 a Ronda Maria da Penha atua como um recurso de seguran\u00e7a, fazendo visitas e patrulhas em locais com alta incid\u00eancia de viol\u00eancia, ajudando a prevenir novos casos e oferecendo um suporte imediato \u00e0s v\u00edtimas.<\/p>\n<p>Essas institui\u00e7\u00f5es se integram na busca pela efetiva\u00e7\u00e3o dos direitos humanos e na promo\u00e7\u00e3o de um ambiente onde as mulheres possam viver com dignidade e seguran\u00e7a.<\/p>\n<h2>Import\u00e2ncia da Valoriza\u00e7\u00e3o dos Direitos das Mulheres<\/h2>\n<p>Valoriza\u00e7\u00e3o dos direitos das mulheres \u00e9 um elemento vital na luta contra a viol\u00eancia de g\u00eanero. Investir em campanhas de conscientiza\u00e7\u00e3o e promo\u00e7\u00e3o de pol\u00edticas p\u00fablicas n\u00e3o apenas empodera as mulheres, mas tamb\u00e9m educa a sociedade sobre a igualdade de g\u00eanero.<\/p>\n<p>Essa valoriza\u00e7\u00e3o passa pela transforma\u00e7\u00e3o de cultura e mentalidades, onde o respeito e a igualdade devem ser a norma. A promo\u00e7\u00e3o da igualdade \u00e9 um ato de resist\u00eancia e de fundamental import\u00e2ncia em nossa sociedade contempor\u00e2nea.<\/p>\n<h2>Debates e Reflex\u00f5es sobre Viol\u00eancia de G\u00eanero<\/h2>\n<p>Durante o evento, haver\u00e1 momentos dedicados a debates e reflex\u00f5es que engajar\u00e3o todos os participantes a pensar sobre a viol\u00eancia de g\u00eanero e suas consequ\u00eancias. Os di\u00e1logos pretendem questionar normas sociais que perpetuam a desigualdade e a viol\u00eancia e buscar solu\u00e7\u00f5es coletivas para esses problemas.<\/p>\n<p>Essas trocas de ideias s\u00e3o essenciais para que se encontre formas de trabalhar a den\u00fancia, acolhimento e reabilita\u00e7\u00e3o das v\u00edtimas, fortalecendo a rede de prote\u00e7\u00e3o instaurada.<\/p>\n<h2>Programa\u00e7\u00e3o do Evento e Atividades Planejadas<\/h2>\n<p>A programa\u00e7\u00e3o do evento conta com um enfoque diversificado, permitindo que os participantes explorem diversos temas relacionados \u00e0 igualdade e direitos das mulheres. Entre as atividades est\u00e3o:<\/p>\n<ul>\n<li>Palestras com especialistas na \u00e1rea de direitos humanos e viol\u00eancia de g\u00eanero.<\/li>\n<li>Discuss\u00f5es em mesas redondas sobre como enriquecer as pol\u00edticas p\u00fablicas voltadas para as mulheres.<\/li>\n<li>Espa\u00e7os para relatos e trocas de experi\u00eancias entre as participantes.<\/li>\n<li>Atividades de sensibiliza\u00e7\u00e3o que buscam mobilizar a comunidade sobre a import\u00e2ncia da quest\u00e3o de g\u00eanero.<\/li>\n<\/ul>\n<h2>O Papel do Minist\u00e9rio P\u00fablico na Prote\u00e7\u00e3o Feminina<\/h2>\n<p>O Minist\u00e9rio P\u00fablico exerce um papel crucial na prote\u00e7\u00e3o das mulheres, atuando na fiscaliza\u00e7\u00e3o das pol\u00edticas p\u00fablicas, na promo\u00e7\u00e3o de a\u00e7\u00f5es judiciais e na defesa dos direitos das v\u00edtimas. Sua participa\u00e7\u00e3o no evento refor\u00e7a a import\u00e2ncia de uma atua\u00e7\u00e3o integrada entre os diferentes \u00f3rg\u00e3os, tornando a busca por justi\u00e7a e repara\u00e7\u00e3o um esfor\u00e7o coletivo.<\/p>\n<p>Al\u00e9m disso, o MP tamb\u00e9m \u00e9 respons\u00e1vel por educar e informar a popula\u00e7\u00e3o sobre os direitos das mulheres e como estes podem ser reivindicados.<\/p>\n<h2>Como a Sociedade Pode Participar e Apoiar<\/h2>\n<p>A sociedade desempenha um papel essencial no fortalecimento da Rede de Prote\u00e7\u00e3o \u00e0 Mulher. A participa\u00e7\u00e3o se d\u00e1 de v\u00e1rias maneiras:<\/p>\n<ul>\n<li><strong>Participa\u00e7\u00e3o em eventos:<\/strong> Engajar-se e comparecer a eventos que promovem os direitos das mulheres.<\/li>\n<li><strong>Divulga\u00e7\u00e3o de informa\u00e7\u00f5es:<\/strong> Utilizar redes sociais e outros meios de comunica\u00e7\u00e3o para disseminar informa\u00e7\u00f5es relevantes sobre preven\u00e7\u00e3o e direitos.<\/li>\n<li><strong>Forma\u00e7\u00e3o de grupos de apoio:<\/strong> Contribuir para a cria\u00e7\u00e3o de grupos que auxiliem v\u00edtimas de viol\u00eancia, oferecendo um suporte emocional e pr\u00e1tico.<\/li>\n<li><strong>Compromisso pessoal:<\/strong> Adotar uma postura de respeito \u00e0s mulheres em todas as esferas da vida social.<\/li>\n<\/ul>\n<h2>Perspectivas Futuras para as Pol\u00edticas P\u00fablicas para Mulheres<\/h2>\n<p>\u00c9 fundamental que as pol\u00edticas p\u00fablicas continuem a evoluir e se adaptar \u00e0s necessidades das mulheres. O fortalecimento da Rede de Prote\u00e7\u00e3o \u00e0 Mulher \u00e9 um passo importante, mas \u00e9 necess\u00e1rio que haja uma const\u00e2ncia nas a\u00e7\u00f5es e um comprometimento real por parte de todos os envolvidos.<\/p>\n<p>Expectativa \u00e9 que, ao longo dos anos, haja um avan\u00e7o significativo nas legisla\u00e7\u00f5es que garantem a prote\u00e7\u00e3o das mulheres, bem como a cria\u00e7\u00e3o de mais espa\u00e7os de acolhimento e suporte. \u00c9 essencial que a discuss\u00e3o sobre viol\u00eancia de g\u00eanero se mantenha viva, para que a sociedade consiga, efetivamente, trabalhar na constru\u00e7\u00e3o de um futuro mais justo e igualit\u00e1rio.<\/p>\n\n<div style=\"font-size: 0px; height: 0px; line-height: 0px; margin: 0; padding: 0; clear: both;\"><\/div>","protected":false},"excerpt":{"rendered":"<p>Rede de Prote\u00e7\u00e3o \u00e0 Mulher destaca direitos e prote\u00e7\u00e3o do p\u00fablico feminino.<\/p>\n","protected":false},"author":1,"featured_media":0,"comment_status":"open","ping_status":"closed","sticky":false,"template":"","format":"standard","meta":{"footnotes":""},"categories":[6],"tags":[],"class_list":["post-1769","post","type-post","status-publish","format-standard","hentry","category-noticias-em-feira-de-santana"],"aioseo_notices":[],"aioseo_head":"\n\t\t<!-- All in One SEO 5.0.0.1 - aioseo.com -->\n\t<meta name=\"description\" content=\"Rede de Prote\u00e7\u00e3o \u00e0 Mulher destaca direitos e prote\u00e7\u00e3o do p\u00fablico feminino.\" \/>\n\t<meta name=\"robots\" content=\"max-image-preview:large\" \/>\n\t<meta name=\"author\" content=\"Encontra Feira de Santana\"\/>\n\t<link rel=\"canonical\" href=\"https:\/\/www.encontrafeiradesantana.com.br\/sobre\/rede-de-protecao-a-mulher-reflete-sobre-direitos-e-protecao-do-publico-feminino-em-evento-nesta-6a\/\" \/>\n\t<meta name=\"generator\" content=\"All in One SEO (AIOSEO) 5.0.0.1\" \/>\n\t\t<meta property=\"og:locale\" content=\"pt_BR\" \/>\n\t\t<meta property=\"og:site_name\" content=\"Encontra Feira de Santana | Not\u00edcias, eventos, informa\u00e7\u00f5es e dicas na cidade Feira de Santana e regi\u00e3o.\" \/>\n\t\t<meta property=\"og:type\" content=\"article\" \/>\n\t\t<meta property=\"og:title\" content=\"Rede de Prote\u00e7\u00e3o \u00e0 Mulher reflete sobre direitos e prote\u00e7\u00e3o do p\u00fablico feminino em evento nesta 6\u00aa | Encontra Feira de Santana\" \/>\n\t\t<meta property=\"og:description\" content=\"Rede de Prote\u00e7\u00e3o \u00e0 Mulher destaca direitos e prote\u00e7\u00e3o do p\u00fablico feminino.\" \/>\n\t\t<meta property=\"og:url\" content=\"https:\/\/www.encontrafeiradesantana.com.br\/sobre\/rede-de-protecao-a-mulher-reflete-sobre-direitos-e-protecao-do-publico-feminino-em-evento-nesta-6a\/\" \/>\n\t\t<meta property=\"article:published_time\" content=\"2026-03-13T06:17:16+00:00\" \/>\n\t\t<meta property=\"article:modified_time\" content=\"2026-03-13T06:17:16+00:00\" \/>\n\t\t<meta name=\"twitter:card\" content=\"summary\" \/>\n\t\t<meta name=\"twitter:title\" content=\"Rede de Prote\u00e7\u00e3o \u00e0 Mulher reflete sobre direitos e prote\u00e7\u00e3o do p\u00fablico feminino em evento nesta 6\u00aa | Encontra Feira de Santana\" \/>\n\t\t<meta name=\"twitter:description\" content=\"Rede de Prote\u00e7\u00e3o \u00e0 Mulher destaca direitos e prote\u00e7\u00e3o do p\u00fablico feminino.\" \/>\n\t\t<script type=\"application\/ld+json\" class=\"aioseo-schema\">\n\t\t\t{\"@context\":\"https:\\\/\\\/schema.org\",\"@graph\":[{\"@type\":\"Article\",\"@id\":\"https:\\\/\\\/www.encontrafeiradesantana.com.br\\\/sobre\\\/rede-de-protecao-a-mulher-reflete-sobre-direitos-e-protecao-do-publico-feminino-em-evento-nesta-6a\\\/#article\",\"name\":\"Rede de Prote\\u00e7\\u00e3o \\u00e0 Mulher reflete sobre direitos e prote\\u00e7\\u00e3o do p\\u00fablico feminino em evento nesta 6\\u00aa | Encontra Feira de Santana\",\"headline\":\"Rede de Prote\\u00e7\\u00e3o \\u00e0 Mulher reflete sobre direitos e prote\\u00e7\\u00e3o do p\\u00fablico feminino em evento nesta 6\\u00aa\",\"author\":{\"@id\":\"https:\\\/\\\/www.encontrafeiradesantana.com.br\\\/sobre\\\/author\\\/efeiradesantana\\\/#author\"},\"publisher\":{\"@id\":\"https:\\\/\\\/www.encontrafeiradesantana.com.br\\\/sobre\\\/#organization\"},\"datePublished\":\"2026-03-13T03:17:16-03:00\",\"dateModified\":\"2026-03-13T03:17:16-03:00\",\"inLanguage\":\"pt-BR\",\"mainEntityOfPage\":{\"@id\":\"https:\\\/\\\/www.encontrafeiradesantana.com.br\\\/sobre\\\/rede-de-protecao-a-mulher-reflete-sobre-direitos-e-protecao-do-publico-feminino-em-evento-nesta-6a\\\/#webpage\"},\"isPartOf\":{\"@id\":\"https:\\\/\\\/www.encontrafeiradesantana.com.br\\\/sobre\\\/rede-de-protecao-a-mulher-reflete-sobre-direitos-e-protecao-do-publico-feminino-em-evento-nesta-6a\\\/#webpage\"},\"articleSection\":\"Not\\u00edcias Feira de Santana\"},{\"@type\":\"BreadcrumbList\",\"@id\":\"https:\\\/\\\/www.encontrafeiradesantana.com.br\\\/sobre\\\/rede-de-protecao-a-mulher-reflete-sobre-direitos-e-protecao-do-publico-feminino-em-evento-nesta-6a\\\/#breadcrumblist\",\"itemListElement\":[{\"@type\":\"ListItem\",\"@id\":\"https:\\\/\\\/www.encontrafeiradesantana.com.br\\\/sobre#listItem\",\"position\":1,\"name\":\"In\\u00edcio\",\"item\":\"https:\\\/\\\/www.encontrafeiradesantana.com.br\\\/sobre\",\"nextItem\":{\"@type\":\"ListItem\",\"@id\":\"https:\\\/\\\/www.encontrafeiradesantana.com.br\\\/sobre\\\/noticias-em-feira-de-santana\\\/#listItem\",\"name\":\"Not\\u00edcias Feira de Santana\"}},{\"@type\":\"ListItem\",\"@id\":\"https:\\\/\\\/www.encontrafeiradesantana.com.br\\\/sobre\\\/noticias-em-feira-de-santana\\\/#listItem\",\"position\":2,\"name\":\"Not\\u00edcias Feira de Santana\",\"item\":\"https:\\\/\\\/www.encontrafeiradesantana.com.br\\\/sobre\\\/noticias-em-feira-de-santana\\\/\",\"nextItem\":{\"@type\":\"ListItem\",\"@id\":\"https:\\\/\\\/www.encontrafeiradesantana.com.br\\\/sobre\\\/rede-de-protecao-a-mulher-reflete-sobre-direitos-e-protecao-do-publico-feminino-em-evento-nesta-6a\\\/#listItem\",\"name\":\"Rede de Prote\\u00e7\\u00e3o \\u00e0 Mulher reflete sobre direitos e prote\\u00e7\\u00e3o do p\\u00fablico feminino em evento nesta 6\\u00aa\"},\"previousItem\":{\"@type\":\"ListItem\",\"@id\":\"https:\\\/\\\/www.encontrafeiradesantana.com.br\\\/sobre#listItem\",\"name\":\"In\\u00edcio\"}},{\"@type\":\"ListItem\",\"@id\":\"https:\\\/\\\/www.encontrafeiradesantana.com.br\\\/sobre\\\/rede-de-protecao-a-mulher-reflete-sobre-direitos-e-protecao-do-publico-feminino-em-evento-nesta-6a\\\/#listItem\",\"position\":3,\"name\":\"Rede de Prote\\u00e7\\u00e3o \\u00e0 Mulher reflete sobre direitos e prote\\u00e7\\u00e3o do p\\u00fablico feminino em evento nesta 6\\u00aa\",\"previousItem\":{\"@type\":\"ListItem\",\"@id\":\"https:\\\/\\\/www.encontrafeiradesantana.com.br\\\/sobre\\\/noticias-em-feira-de-santana\\\/#listItem\",\"name\":\"Not\\u00edcias Feira de Santana\"}}]},{\"@type\":\"Organization\",\"@id\":\"https:\\\/\\\/www.encontrafeiradesantana.com.br\\\/sobre\\\/#organization\",\"name\":\"Encontra Feira de Santana\",\"description\":\"Not\\u00edcias, eventos, informa\\u00e7\\u00f5es e dicas na cidade Feira de Santana e regi\\u00e3o.\",\"url\":\"https:\\\/\\\/www.encontrafeiradesantana.com.br\\\/sobre\\\/\"},{\"@type\":\"Person\",\"@id\":\"https:\\\/\\\/www.encontrafeiradesantana.com.br\\\/sobre\\\/author\\\/efeiradesantana\\\/#author\",\"url\":\"https:\\\/\\\/www.encontrafeiradesantana.com.br\\\/sobre\\\/author\\\/efeiradesantana\\\/\",\"name\":\"Encontra Feira de Santana\",\"image\":{\"@type\":\"ImageObject\",\"@id\":\"https:\\\/\\\/www.encontrafeiradesantana.com.br\\\/sobre\\\/rede-de-protecao-a-mulher-reflete-sobre-direitos-e-protecao-do-publico-feminino-em-evento-nesta-6a\\\/#authorImage\",\"url\":\"https:\\\/\\\/secure.gravatar.com\\\/avatar\\\/507340682b8270222e1f208e23198b6ae7e2c6a1033ae84e99bc6bce4f82a387?s=96&d=mm&r=g\",\"width\":96,\"height\":96,\"caption\":\"Encontra Feira de Santana\"}},{\"@type\":\"WebPage\",\"@id\":\"https:\\\/\\\/www.encontrafeiradesantana.com.br\\\/sobre\\\/rede-de-protecao-a-mulher-reflete-sobre-direitos-e-protecao-do-publico-feminino-em-evento-nesta-6a\\\/#webpage\",\"url\":\"https:\\\/\\\/www.encontrafeiradesantana.com.br\\\/sobre\\\/rede-de-protecao-a-mulher-reflete-sobre-direitos-e-protecao-do-publico-feminino-em-evento-nesta-6a\\\/\",\"name\":\"Rede de Prote\\u00e7\\u00e3o \\u00e0 Mulher reflete sobre direitos e prote\\u00e7\\u00e3o do p\\u00fablico feminino em evento nesta 6\\u00aa | Encontra Feira de Santana\",\"description\":\"Rede de Prote\\u00e7\\u00e3o \\u00e0 Mulher destaca direitos e prote\\u00e7\\u00e3o do p\\u00fablico feminino.\",\"inLanguage\":\"pt-BR\",\"isPartOf\":{\"@id\":\"https:\\\/\\\/www.encontrafeiradesantana.com.br\\\/sobre\\\/#website\"},\"breadcrumb\":{\"@id\":\"https:\\\/\\\/www.encontrafeiradesantana.com.br\\\/sobre\\\/rede-de-protecao-a-mulher-reflete-sobre-direitos-e-protecao-do-publico-feminino-em-evento-nesta-6a\\\/#breadcrumblist\"},\"author\":{\"@id\":\"https:\\\/\\\/www.encontrafeiradesantana.com.br\\\/sobre\\\/author\\\/efeiradesantana\\\/#author\"},\"creator\":{\"@id\":\"https:\\\/\\\/www.encontrafeiradesantana.com.br\\\/sobre\\\/author\\\/efeiradesantana\\\/#author\"},\"datePublished\":\"2026-03-13T03:17:16-03:00\",\"dateModified\":\"2026-03-13T03:17:16-03:00\"},{\"@type\":\"WebSite\",\"@id\":\"https:\\\/\\\/www.encontrafeiradesantana.com.br\\\/sobre\\\/#website\",\"url\":\"https:\\\/\\\/www.encontrafeiradesantana.com.br\\\/sobre\\\/\",\"name\":\"Encontra Feira de Santana\",\"description\":\"Not\\u00edcias, eventos, informa\\u00e7\\u00f5es e dicas na cidade Feira de Santana e regi\\u00e3o.\",\"inLanguage\":\"pt-BR\",\"publisher\":{\"@id\":\"https:\\\/\\\/www.encontrafeiradesantana.com.br\\\/sobre\\\/#organization\"}}]}\n\t\t<\/script>\n\t\t<!-- All in One SEO -->\n\n","aioseo_head_json":{"title":"Rede de Prote\u00e7\u00e3o \u00e0 Mulher reflete sobre direitos e prote\u00e7\u00e3o do p\u00fablico feminino em evento nesta 6\u00aa | Encontra Feira de Santana","description":"Rede de Prote\u00e7\u00e3o \u00e0 Mulher destaca direitos e prote\u00e7\u00e3o do p\u00fablico feminino.","canonical_url":"https:\/\/www.encontrafeiradesantana.com.br\/sobre\/rede-de-protecao-a-mulher-reflete-sobre-direitos-e-protecao-do-publico-feminino-em-evento-nesta-6a\/","robots":"max-image-preview:large","keywords":"","webmasterTools":{"miscellaneous":""},"schema":{"@context":"https:\/\/schema.org","@graph":[{"@type":"Article","@id":"https:\/\/www.encontrafeiradesantana.com.br\/sobre\/rede-de-protecao-a-mulher-reflete-sobre-direitos-e-protecao-do-publico-feminino-em-evento-nesta-6a\/#article","name":"Rede de Prote\u00e7\u00e3o \u00e0 Mulher reflete sobre direitos e prote\u00e7\u00e3o do p\u00fablico feminino em evento nesta 6\u00aa | Encontra Feira de Santana","headline":"Rede de Prote\u00e7\u00e3o \u00e0 Mulher reflete sobre direitos e prote\u00e7\u00e3o do p\u00fablico feminino em evento nesta 6\u00aa","author":{"@id":"https:\/\/www.encontrafeiradesantana.com.br\/sobre\/author\/efeiradesantana\/#author"},"publisher":{"@id":"https:\/\/www.encontrafeiradesantana.com.br\/sobre\/#organization"},"datePublished":"2026-03-13T03:17:16-03:00","dateModified":"2026-03-13T03:17:16-03:00","inLanguage":"pt-BR","mainEntityOfPage":{"@id":"https:\/\/www.encontrafeiradesantana.com.br\/sobre\/rede-de-protecao-a-mulher-reflete-sobre-direitos-e-protecao-do-publico-feminino-em-evento-nesta-6a\/#webpage"},"isPartOf":{"@id":"https:\/\/www.encontrafeiradesantana.com.br\/sobre\/rede-de-protecao-a-mulher-reflete-sobre-direitos-e-protecao-do-publico-feminino-em-evento-nesta-6a\/#webpage"},"articleSection":"Not\u00edcias Feira de Santana"},{"@type":"BreadcrumbList","@id":"https:\/\/www.encontrafeiradesantana.com.br\/sobre\/rede-de-protecao-a-mulher-reflete-sobre-direitos-e-protecao-do-publico-feminino-em-evento-nesta-6a\/#breadcrumblist","itemListElement":[{"@type":"ListItem","@id":"https:\/\/www.encontrafeiradesantana.com.br\/sobre#listItem","position":1,"name":"In\u00edcio","item":"https:\/\/www.encontrafeiradesantana.com.br\/sobre","nextItem":{"@type":"ListItem","@id":"https:\/\/www.encontrafeiradesantana.com.br\/sobre\/noticias-em-feira-de-santana\/#listItem","name":"Not\u00edcias Feira de Santana"}},{"@type":"ListItem","@id":"https:\/\/www.encontrafeiradesantana.com.br\/sobre\/noticias-em-feira-de-santana\/#listItem","position":2,"name":"Not\u00edcias Feira de Santana","item":"https:\/\/www.encontrafeiradesantana.com.br\/sobre\/noticias-em-feira-de-santana\/","nextItem":{"@type":"ListItem","@id":"https:\/\/www.encontrafeiradesantana.com.br\/sobre\/rede-de-protecao-a-mulher-reflete-sobre-direitos-e-protecao-do-publico-feminino-em-evento-nesta-6a\/#listItem","name":"Rede de Prote\u00e7\u00e3o \u00e0 Mulher reflete sobre direitos e prote\u00e7\u00e3o do p\u00fablico feminino em evento nesta 6\u00aa"},"previousItem":{"@type":"ListItem","@id":"https:\/\/www.encontrafeiradesantana.com.br\/sobre#listItem","name":"In\u00edcio"}},{"@type":"ListItem","@id":"https:\/\/www.encontrafeiradesantana.com.br\/sobre\/rede-de-protecao-a-mulher-reflete-sobre-direitos-e-protecao-do-publico-feminino-em-evento-nesta-6a\/#listItem","position":3,"name":"Rede de Prote\u00e7\u00e3o \u00e0 Mulher reflete sobre direitos e prote\u00e7\u00e3o do p\u00fablico feminino em evento nesta 6\u00aa","previousItem":{"@type":"ListItem","@id":"https:\/\/www.encontrafeiradesantana.com.br\/sobre\/noticias-em-feira-de-santana\/#listItem","name":"Not\u00edcias Feira de Santana"}}]},{"@type":"Organization","@id":"https:\/\/www.encontrafeiradesantana.com.br\/sobre\/#organization","name":"Encontra Feira de Santana","description":"Not\u00edcias, eventos, informa\u00e7\u00f5es e dicas na cidade Feira de Santana e regi\u00e3o.","url":"https:\/\/www.encontrafeiradesantana.com.br\/sobre\/"},{"@type":"Person","@id":"https:\/\/www.encontrafeiradesantana.com.br\/sobre\/author\/efeiradesantana\/#author","url":"https:\/\/www.encontrafeiradesantana.com.br\/sobre\/author\/efeiradesantana\/","name":"Encontra Feira de Santana","image":{"@type":"ImageObject","@id":"https:\/\/www.encontrafeiradesantana.com.br\/sobre\/rede-de-protecao-a-mulher-reflete-sobre-direitos-e-protecao-do-publico-feminino-em-evento-nesta-6a\/#authorImage","url":"https:\/\/secure.gravatar.com\/avatar\/507340682b8270222e1f208e23198b6ae7e2c6a1033ae84e99bc6bce4f82a387?s=96&d=mm&r=g","width":96,"height":96,"caption":"Encontra Feira de Santana"}},{"@type":"WebPage","@id":"https:\/\/www.encontrafeiradesantana.com.br\/sobre\/rede-de-protecao-a-mulher-reflete-sobre-direitos-e-protecao-do-publico-feminino-em-evento-nesta-6a\/#webpage","url":"https:\/\/www.encontrafeiradesantana.com.br\/sobre\/rede-de-protecao-a-mulher-reflete-sobre-direitos-e-protecao-do-publico-feminino-em-evento-nesta-6a\/","name":"Rede de Prote\u00e7\u00e3o \u00e0 Mulher reflete sobre direitos e prote\u00e7\u00e3o do p\u00fablico feminino em evento nesta 6\u00aa | Encontra Feira de Santana","description":"Rede de Prote\u00e7\u00e3o \u00e0 Mulher destaca direitos e prote\u00e7\u00e3o do p\u00fablico feminino.","inLanguage":"pt-BR","isPartOf":{"@id":"https:\/\/www.encontrafeiradesantana.com.br\/sobre\/#website"},"breadcrumb":{"@id":"https:\/\/www.encontrafeiradesantana.com.br\/sobre\/rede-de-protecao-a-mulher-reflete-sobre-direitos-e-protecao-do-publico-feminino-em-evento-nesta-6a\/#breadcrumblist"},"author":{"@id":"https:\/\/www.encontrafeiradesantana.com.br\/sobre\/author\/efeiradesantana\/#author"},"creator":{"@id":"https:\/\/www.encontrafeiradesantana.com.br\/sobre\/author\/efeiradesantana\/#author"},"datePublished":"2026-03-13T03:17:16-03:00","dateModified":"2026-03-13T03:17:16-03:00"},{"@type":"WebSite","@id":"https:\/\/www.encontrafeiradesantana.com.br\/sobre\/#website","url":"https:\/\/www.encontrafeiradesantana.com.br\/sobre\/","name":"Encontra Feira de Santana","description":"Not\u00edcias, eventos, informa\u00e7\u00f5es e dicas na cidade Feira de Santana e regi\u00e3o.","inLanguage":"pt-BR","publisher":{"@id":"https:\/\/www.encontrafeiradesantana.com.br\/sobre\/#organization"}}]},"og:locale":"pt_BR","og:site_name":"Encontra Feira de Santana | Not\u00edcias, eventos, informa\u00e7\u00f5es e dicas na cidade Feira de Santana e regi\u00e3o.","og:type":"article","og:title":"Rede de Prote\u00e7\u00e3o \u00e0 Mulher reflete sobre direitos e prote\u00e7\u00e3o do p\u00fablico feminino em evento nesta 6\u00aa | Encontra Feira de Santana","og:description":"Rede de Prote\u00e7\u00e3o \u00e0 Mulher destaca direitos e prote\u00e7\u00e3o do p\u00fablico feminino.","og:url":"https:\/\/www.encontrafeiradesantana.com.br\/sobre\/rede-de-protecao-a-mulher-reflete-sobre-direitos-e-protecao-do-publico-feminino-em-evento-nesta-6a\/","article:published_time":"2026-03-13T06:17:16+00:00","article:modified_time":"2026-03-13T06:17:16+00:00","twitter:card":"summary","twitter:title":"Rede de Prote\u00e7\u00e3o \u00e0 Mulher reflete sobre direitos e prote\u00e7\u00e3o do p\u00fablico feminino em evento nesta 6\u00aa | Encontra Feira de Santana","twitter:description":"Rede de Prote\u00e7\u00e3o \u00e0 Mulher destaca direitos e prote\u00e7\u00e3o do p\u00fablico feminino."},"aioseo_meta_data":{"post_id":"1769","title":null,"description":null,"keywords":null,"keyphrases":null,"primary_term":null,"canonical_url":null,"og_title":null,"og_description":null,"og_object_type":"default","og_image_type":"default","og_image_url":null,"og_image_width":null,"og_image_height":null,"og_image_custom_url":null,"og_image_custom_fields":null,"og_video":null,"og_custom_url":null,"og_article_section":null,"og_article_tags":null,"twitter_use_og":false,"twitter_card":"default","twitter_image_type":"default","twitter_image_url":null,"twitter_image_custom_url":null,"twitter_image_custom_fields":null,"twitter_title":null,"twitter_description":null,"schema":{"blockGraphs":[],"customGraphs":[],"default":{"data":{"Article":[],"Course":[],"Dataset":[],"FAQPage":[],"Movie":[],"Person":[],"Product":[],"ProductReview":[],"Car":[],"Recipe":[],"Service":[],"SoftwareApplication":[],"WebPage":[]},"graphName":"Article","isEnabled":true},"graphs":[]},"schema_type":"default","schema_type_options":null,"pillar_content":false,"robots_default":true,"robots_noindex":false,"robots_noarchive":false,"robots_nosnippet":false,"robots_nofollow":false,"robots_noimageindex":false,"robots_noodp":false,"robots_notranslate":false,"robots_max_snippet":null,"robots_max_videopreview":null,"robots_max_imagepreview":"large","priority":null,"frequency":null,"local_seo":null,"breadcrumb_settings":null,"limit_modified_date":false,"ai":null,"created":"2026-03-13 06:17:21","updated":"2026-03-13 06:19:07","focus_keyword":null,"additional_keywords":null,"truseo_locale":null,"seo_analyzer_scan_date":null},"aioseo_breadcrumb":"<div class=\"aioseo-breadcrumbs\"><span class=\"aioseo-breadcrumb\">\n\t\t\t<a href=\"https:\/\/www.encontrafeiradesantana.com.br\/sobre\" title=\"In\u00edcio\">In\u00edcio<\/a>\n\t\t<\/span><span class=\"aioseo-breadcrumb-separator\">&raquo;<\/span><span class=\"aioseo-breadcrumb\">\n\t\t\t<a href=\"https:\/\/www.encontrafeiradesantana.com.br\/sobre\/noticias-em-feira-de-santana\/\" title=\"Not\u00edcias Feira de Santana\">Not\u00edcias Feira de Santana<\/a>\n\t\t<\/span><span class=\"aioseo-breadcrumb-separator\">&raquo;<\/span><span class=\"aioseo-breadcrumb\">\n\t\t\tRede de Prote\u00e7\u00e3o \u00e0 Mulher reflete sobre direitos e prote\u00e7\u00e3o do p\u00fablico feminino em evento nesta 6\u00aa\n\t\t<\/span><\/div>","aioseo_breadcrumb_json":[{"label":"In\u00edcio","link":"https:\/\/www.encontrafeiradesantana.com.br\/sobre"},{"label":"Not\u00edcias Feira de Santana","link":"https:\/\/www.encontrafeiradesantana.com.br\/sobre\/noticias-em-feira-de-santana\/"},{"label":"Rede de Prote\u00e7\u00e3o \u00e0 Mulher reflete sobre direitos e prote\u00e7\u00e3o do p\u00fablico feminino em evento nesta 6\u00aa","link":"https:\/\/www.encontrafeiradesantana.com.br\/sobre\/rede-de-protecao-a-mulher-reflete-sobre-direitos-e-protecao-do-publico-feminino-em-evento-nesta-6a\/"}],"_links":{"self":[{"href":"https:\/\/www.encontrafeiradesantana.com.br\/sobre\/wp-json\/wp\/v2\/posts\/1769","targetHints":{"allow":["GET"]}}],"collection":[{"href":"https:\/\/www.encontrafeiradesantana.com.br\/sobre\/wp-json\/wp\/v2\/posts"}],"about":[{"href":"https:\/\/www.encontrafeiradesantana.com.br\/sobre\/wp-json\/wp\/v2\/types\/post"}],"author":[{"embeddable":true,"href":"https:\/\/www.encontrafeiradesantana.com.br\/sobre\/wp-json\/wp\/v2\/users\/1"}],"replies":[{"embeddable":true,"href":"https:\/\/www.encontrafeiradesantana.com.br\/sobre\/wp-json\/wp\/v2\/comments?post=1769"}],"version-history":[{"count":0,"href":"https:\/\/www.encontrafeiradesantana.com.br\/sobre\/wp-json\/wp\/v2\/posts\/1769\/revisions"}],"wp:attachment":[{"href":"https:\/\/www.encontrafeiradesantana.com.br\/sobre\/wp-json\/wp\/v2\/media?parent=1769"}],"wp:term":[{"taxonomy":"category","embeddable":true,"href":"https:\/\/www.encontrafeiradesantana.com.br\/sobre\/wp-json\/wp\/v2\/categories?post=1769"},{"taxonomy":"post_tag","embeddable":true,"href":"https:\/\/www.encontrafeiradesantana.com.br\/sobre\/wp-json\/wp\/v2\/tags?post=1769"}],"curies":[{"name":"wp","href":"https:\/\/api.w.org\/{rel}","templated":true}]}}