{"id":1768,"date":"2026-03-13T03:15:42","date_gmt":"2026-03-13T06:15:42","guid":{"rendered":"https:\/\/www.encontrafeiradesantana.com.br\/sobre\/divulgado-resultado-final-de-processo-seletivo-reda-para-contratacao-de-professores\/"},"modified":"2026-03-13T03:15:42","modified_gmt":"2026-03-13T06:15:42","slug":"divulgado-resultado-final-de-processo-seletivo-reda-para-contratacao-de-professores","status":"publish","type":"post","link":"https:\/\/www.encontrafeiradesantana.com.br\/sobre\/divulgado-resultado-final-de-processo-seletivo-reda-para-contratacao-de-professores\/","title":{"rendered":"Divulgado resultado final de processo seletivo REDA para contrata\u00e7\u00e3o de professores"},"content":{"rendered":"<div class=\"3f468104ad11f00a3c9ac948316f4265\" data-index=\"1\" style=\"float: none; margin:0px;\">\n<ins class=\"adsbygoogle\"\r\n     style=\"display:block\"\r\n     data-ad-client=\"ca-pub-8585364105181520\"\r\n     data-ad-slot=\"8789329856\"\r\n     data-ad-format=\"auto\"\r\n     data-full-width-responsive=\"true\"><\/ins>\r\n<script>\r\n     (adsbygoogle = window.adsbygoogle || []).push({});\r\n<\/script>\r\n\n<\/div>\n<h2>O que \u00e9 o REDA?<\/h2>\n<p>O <strong>Regime Especial de Direito Administrativo<\/strong> (REDA) \u00e9 um mecanismo utilizado por prefeituras e \u00f3rg\u00e3os p\u00fablicos para a contrata\u00e7\u00e3o de profissionais em car\u00e1ter tempor\u00e1rio. Seu principal objetivo \u00e9 atender a demandas espec\u00edficas, permitindo que as institui\u00e7\u00f5es possam contar com recursos humanos em per\u00edodos onde h\u00e1 necessidade de refor\u00e7o em suas equipes, especialmente em \u00e1reas essenciais como a educa\u00e7\u00e3o. No caso do munic\u00edpio de Feira de Santana, o REDA foi aplicado para a contrata\u00e7\u00e3o de professores, a fim de atender \u00e0s necessidades da rede municipal de ensino.<\/p>\n<h2>Import\u00e2ncia do Processo Seletivo<\/h2>\n<p>O processo seletivo realizado sob o Regime Especial de Direito Administrativo \u00e9 fundamental para garantir a qualidade da educa\u00e7\u00e3o p\u00fablica. Ele busca atrair profissionais qualificados e capacitados para atender as exig\u00eancias pedag\u00f3gicas, al\u00e9m de proporcionar mais agilidade nas contrata\u00e7\u00f5es. A realiza\u00e7\u00e3o desse processo tamb\u00e9m \u00e9 uma forma de assegurar que os docentes contratados estejam em conformidade com os crit\u00e9rios estabelecidos, promovendo um ensino de qualidade para os alunos da rede municipal.<\/p>\n<h2>Cronograma do Selecionamento<\/h2>\n<p>O cronograma do processo seletivo, conforme determinado no edital, inclui diversas etapas, que s\u00e3o essenciais para a sele\u00e7\u00e3o dos candidatos. As principais fases incluem:<\/p>\n<ul>\n<li><strong>Inscri\u00e7\u00f5es:<\/strong> Per\u00edodo em que os candidatos se inscrevem para participar do processo.<\/li>\n<li><strong>An\u00e1lise Curricular:<\/strong> Avalia\u00e7\u00e3o dos documentos e experi\u00eancias apresentadas pelos candidatos.<\/li>\n<li><strong>Divulga\u00e7\u00e3o do Resultado:<\/strong> Publica\u00e7\u00e3o dos resultados finais e das classifica\u00e7\u00f5es dos candidatos.<\/li>\n<li><strong>Contrata\u00e7\u00e3o:<\/strong> Processo de formaliza\u00e7\u00e3o da contrata\u00e7\u00e3o dos aprovados.<\/li>\n<\/ul>\n<h2>Como foi a An\u00e1lise Curricular?<\/h2>\n<p>A an\u00e1lise curricular \u00e9 uma etapa essencial do processo seletivo, onde s\u00e3o avaliados os documentos apresentados pelos candidatos. Essa an\u00e1lise busca verificar as qualifica\u00e7\u00f5es e experi\u00eancias anteriores dos candidatos em \u00e1reas relacionadas \u00e0 educa\u00e7\u00e3o. Os pontos considerados na an\u00e1lise incluem:<\/p>\n<ul>\n<li><strong>Forma\u00e7\u00e3o Acad\u00eamica:<\/strong> N\u00edvel de escolaridade e \u00e1rea de forma\u00e7\u00e3o do candidato.<\/li>\n<li><strong>Experi\u00eancia Profissional:<\/strong> Tempo e qualidade das experi\u00eancias anteriores na \u00e1rea de educa\u00e7\u00e3o.<\/li>\n<li><strong>Qualifica\u00e7\u00f5es Adicionais:<\/strong> Cursos de especializa\u00e7\u00e3o, idiomas e outras habilidades relevantes.<\/li>\n<\/ul>\n<h2>Resultados Dispon\u00edveis no Site<\/h2>\n<p>Os resultados do processo seletivo est\u00e3o acess\u00edveis ao p\u00fablico atrav\u00e9s do site oficial da Prefeitura de Feira de Santana. Todos os candidatos podem consultar as listas de classifica\u00e7\u00e3o e verificar sua posi\u00e7\u00e3o no processo. Esse acesso \u00e9 importante para garantir a transpar\u00eancia do processo seletivo e para que os candidatos possam acompanhar seu desempenho.<\/p>\n<h2>Consultando a Lista de Classifica\u00e7\u00e3o<\/h2>\n<p>Os candidatos podem acessar diretamente as listas de classifica\u00e7\u00e3o atrav\u00e9s dos links disponibilizados no site. As listas s\u00e3o organizadas em diferentes categorias, incluindo:<\/p>\n<ul>\n<li><strong>Ampla concorr\u00eancia:<\/strong> Candidatos sem restri\u00e7\u00f5es espec\u00edficas.<\/li>\n<li><strong>Pessoas com defici\u00eancia (PCD):<\/strong> Candidatos que se enquadram nas normas de inclus\u00e3o.<\/li>\n<li><strong>Afrodescendentes e ind\u00edgenas:<\/strong> Vagas reservadas para esses grupos conforme legisla\u00e7\u00e3o vigente.<\/li>\n<li><strong>Oriundos de escola p\u00fablica ou bolsistas de escola particular:<\/strong> Vagas apontadas para aqueles que atendem a essas especifica\u00e7\u00f5es.<\/li>\n<\/ul>\n<h2>Detalhes sobre as Vagas Dispon\u00edveis<\/h2>\n<p>As vagas oferecidas no processo seletivo s\u00e3o voltadas para a atua\u00e7\u00e3o como professores nas escolas municipais. \u00c9 essencial que os candidatos conhe\u00e7am os requisitos e as \u00e1reas espec\u00edficas de atua\u00e7\u00e3o. Os detalhes incluem:<\/p>\n<ul>\n<li><strong>Adequa\u00e7\u00e3o \u00e0 demanda:<\/strong> As vagas dispon\u00edveis s\u00e3o definidas com base nas necessidades da rede municipal de ensino.<\/li>\n<li><strong>Forma\u00e7\u00e3o espec\u00edfica:<\/strong> \u00c9 requerido que os candidatos possuam a forma\u00e7\u00e3o acad\u00eamica compat\u00edvel com as disciplinas que ir\u00e3o lecionar.<\/li>\n<li><strong>Recursos dispon\u00edveis:<\/strong> O REDA permite um preenchimento r\u00e1pido e eficiente das vagas necess\u00e1rias, garantindo a continuidade das atividades pedag\u00f3gicas.<\/li>\n<\/ul>\n<h2>O Papel da Educa\u00e7\u00e3o P\u00fablica<\/h2>\n<p>A educa\u00e7\u00e3o p\u00fablica desempenha um papel crucial na forma\u00e7\u00e3o cidad\u00e3 e no desenvolvimento social. Atrav\u00e9s do processo seletivo, a Prefeitura busca fortalecer a educa\u00e7\u00e3o no munic\u00edpio, assegurando que haja profissionais capacitados para educar as novas gera\u00e7\u00f5es. O investimento em educa\u00e7\u00e3o reflete diretamente na melhora da qualidade de vida da comunidade, criando um ambiente prop\u00edcio para o aprendizado e para a forma\u00e7\u00e3o de cidad\u00e3os conscientes e participativos.<\/p>\n<h2>Pr\u00f3ximos Passos para os Candidatos<\/h2>\n<p>Ap\u00f3s a divulga\u00e7\u00e3o dos resultados, os candidatos precisam ficar atentos aos pr\u00f3ximos passos, que geralmente incluem:<\/p>\n<ul>\n<li><strong>Confirma\u00e7\u00e3o da Contrata\u00e7\u00e3o:<\/strong> Os aprovados devem seguir as orienta\u00e7\u00f5es para concluir o processo de contrato.<\/li>\n<li><strong>Prepara\u00e7\u00e3o para a Atua\u00e7\u00e3o:<\/strong> Os professores contratados devem se preparar para integrar o ambiente escolar, que inclui conhecer a din\u00e2mica da escola e as necessidades dos alunos.<\/li>\n<li><strong>Capacita\u00e7\u00e3o:<\/strong> Participar de treinamentos e capacita\u00e7\u00f5es para garantir que estejam atualizados com as metodologias de ensino.<\/li>\n<\/ul>\n<h2>Acesso ao Edital Completo<\/h2>\n<p>O edital completo do processo seletivo est\u00e1 dispon\u00edvel para download no portal oficial da Prefeitura. \u00c9 importante que todos os candidatos leiam atentamente as orienta\u00e7\u00f5es contidas no edital para estarem plenamente informados sobre as regras e procedimentos do processo seletivo. O edital cont\u00e9m informa\u00e7\u00f5es detalhadas sobre as etapas do processo, crit\u00e9rios de sele\u00e7\u00e3o e direitos e deveres dos candidatos.<\/p>\n<p>A disponibiliza\u00e7\u00e3o desse documento \u00e9 uma ferramenta importante para facilitar o entendimento e ajudar os candidatos em sua jornada no processo seletivo do REDA. O acesso a informa\u00e7\u00f5es claras e transparentes \u00e9 fundamental para garantir um processo justo e eficiente.<\/p>\n\n<div style=\"font-size: 0px; height: 0px; line-height: 0px; margin: 0; padding: 0; clear: both;\"><\/div>","protected":false},"excerpt":{"rendered":"<p>Resultado final do processo seletivo REDA para contrata\u00e7\u00e3o de professores divulgado hoje.<\/p>\n","protected":false},"author":1,"featured_media":0,"comment_status":"open","ping_status":"closed","sticky":false,"template":"","format":"standard","meta":{"footnotes":""},"categories":[1],"tags":[],"class_list":["post-1768","post","type-post","status-publish","format-standard","hentry","category-cursos-em-feira-de-santana"],"aioseo_notices":[],"_links":{"self":[{"href":"https:\/\/www.encontrafeiradesantana.com.br\/sobre\/wp-json\/wp\/v2\/posts\/1768","targetHints":{"allow":["GET"]}}],"collection":[{"href":"https:\/\/www.encontrafeiradesantana.com.br\/sobre\/wp-json\/wp\/v2\/posts"}],"about":[{"href":"https:\/\/www.encontrafeiradesantana.com.br\/sobre\/wp-json\/wp\/v2\/types\/post"}],"author":[{"embeddable":true,"href":"https:\/\/www.encontrafeiradesantana.com.br\/sobre\/wp-json\/wp\/v2\/users\/1"}],"replies":[{"embeddable":true,"href":"https:\/\/www.encontrafeiradesantana.com.br\/sobre\/wp-json\/wp\/v2\/comments?post=1768"}],"version-history":[{"count":0,"href":"https:\/\/www.encontrafeiradesantana.com.br\/sobre\/wp-json\/wp\/v2\/posts\/1768\/revisions"}],"wp:attachment":[{"href":"https:\/\/www.encontrafeiradesantana.com.br\/sobre\/wp-json\/wp\/v2\/media?parent=1768"}],"wp:term":[{"taxonomy":"category","embeddable":true,"href":"https:\/\/www.encontrafeiradesantana.com.br\/sobre\/wp-json\/wp\/v2\/categories?post=1768"},{"taxonomy":"post_tag","embeddable":true,"href":"https:\/\/www.encontrafeiradesantana.com.br\/sobre\/wp-json\/wp\/v2\/tags?post=1768"}],"curies":[{"name":"wp","href":"https:\/\/api.w.org\/{rel}","templated":true}]}}