{"id":1767,"date":"2026-03-12T03:17:27","date_gmt":"2026-03-12T06:17:27","guid":{"rendered":"https:\/\/www.encontrafeiradesantana.com.br\/sobre\/secretaria-da-mulher-promove-manha-de-acolhimento-reflexao-e-autocuidado\/"},"modified":"2026-03-12T03:17:27","modified_gmt":"2026-03-12T06:17:27","slug":"secretaria-da-mulher-promove-manha-de-acolhimento-reflexao-e-autocuidado","status":"publish","type":"post","link":"https:\/\/www.encontrafeiradesantana.com.br\/sobre\/secretaria-da-mulher-promove-manha-de-acolhimento-reflexao-e-autocuidado\/","title":{"rendered":"Secretaria da Mulher promove manh\u00e3 de acolhimento, reflex\u00e3o e autocuidado"},"content":{"rendered":"<div class=\"3f468104ad11f00a3c9ac948316f4265\" data-index=\"1\" style=\"float: none; margin:0px;\">\n<ins class=\"adsbygoogle\"\r\n     style=\"display:block\"\r\n     data-ad-client=\"ca-pub-8585364105181520\"\r\n     data-ad-slot=\"8789329856\"\r\n     data-ad-format=\"auto\"\r\n     data-full-width-responsive=\"true\"><\/ins>\r\n<script>\r\n     (adsbygoogle = window.adsbygoogle || []).push({});\r\n<\/script>\r\n\n<\/div>\n<h2>O Valor do Acolhimento para Mulheres<\/h2>\n<p>A iniciativa promovida pela Secretaria Municipal de Pol\u00edticas para Mulheres de Feira de Santana transcendeu um simples encontro; foi um ponto de encontro significativo para o desenvolvimento pessoal e coletivo das mulheres participantes. O acolhimento, nesse contexto, fez parte de um esfor\u00e7o consciente para fortalecer a moral e a autovaloriza\u00e7\u00e3o feminina. Em um ambiente seguro e incentivador, as mulheres puderam se expressar livremente, compartilhando suas experi\u00eancias e dores em um espa\u00e7o que priorizou a escuta ativa e a empatia.<\/p>\n<h2>Roda de Conversa: Fortalecendo La\u00e7os<\/h2>\n<p>Uma das etapas mais enriquecedoras do evento foi a roda de conversa, que reuniu as participantes em um di\u00e1logo aberto. A presen\u00e7a de uma psic\u00f3loga e assistentes sociais foi fundamental para facilitar esse espa\u00e7o, proporcionando uma troca de ideias que explorou quest\u00f5es de autoestima, resili\u00eancia e a necessidade de apoio emocional. Essa intera\u00e7\u00e3o n\u00e3o apenas serviu para desabafar, mas tamb\u00e9m para criar la\u00e7os entre as participantes, permitindo que se vissem como parte de uma comunidade que entende suas lutas.<\/p>\n<h2>Atividades de Autocuidado e Bem-Estar<\/h2>\n<p>A import\u00e2ncia do autocuidado n\u00e3o p\u00f4de ser subestimada durante o evento. As atividades propostas, como massoterapia e servi\u00e7os de beleza, foram n\u00e3o apenas um prazer imediato, mas um lembrete da import\u00e2ncia de cuidar de si mesma. Esse espa\u00e7o foi cuidadosamente planejado para favorecer o bem-estar, permitindo momentos relaxantes que encorajaram as participantes a investirem em si mesmas.<\/p>\n<h2>A Experi\u00eancia das Participantes<\/h2>\n<p>As mulheres que participaram deste dia especial relataram um sentimento renovado ao final da programa\u00e7\u00e3o. Muitas delas expressaram que momentos como esse s\u00e3o cruciais para quem busca apoio e acolhimento. Uma das participantes comentou: \u201c\u00c9 muito bom saber que temos um lugar que nos acolhe\u201d, refletindo a import\u00e2ncia de ter um suporte vis\u00edvel e acess\u00edvel. Esse tipo de evento n\u00e3o s\u00f3 melhora a autoestima individual, mas tamb\u00e9m transforma o modo como as mulheres se veem dentro da sociedade.<\/p>\n<h2>A Voz da Secret\u00e1ria Neinha Bastos<\/h2>\n<p>A secret\u00e1ria municipal de Pol\u00edticas para Mulheres, Neinha Bastos, destacou a relev\u00e2ncia de iniciativas como essa, afirmando que s\u00e3o essenciais para empoderar as mulheres atendidas pela rede municipal. Em sua fala, ela enfatizou o papel do suporte emocional e social, lembrando a cada mulher de seu potencial e for\u00e7a. \u201cNosso trabalho \u00e9 mostrar que elas podem ir muito al\u00e9m, que existe uma rede de apoio preparada para acolher, orientar e caminhar junto com elas\u201d, ressaltou Neinha, refor\u00e7ando o compromisso da Secretaria com a causa feminina.<\/p>\n<h2>Rede de Prote\u00e7\u00e3o \u00e0s Mulheres<\/h2>\n<p>A a\u00e7\u00e3o realizada \u00e9 parte fundamental da rede de apoio implementada pela Secretaria. Este sistema visa n\u00e3o apenas acolher, mas tamb\u00e9m fornecer recursos pr\u00e1ticos e emocionais \u00e0s mulheres em situa\u00e7\u00e3o de vulnerabilidade. Com uma estrutura organizada que envolve profissionais capacitados, o objetivo \u00e9 criar um ambiente de amparo onde as mulheres possam se sentir seguras e apoiadas em suas jornadas pessoais.<\/p>\n<h2>Atividade no M\u00eas de Valoriza\u00e7\u00e3o Feminina<\/h2>\n<p>O evento se integrou a uma s\u00e9rie de atividades promovidas em mar\u00e7o, um m\u00eas especialmente dedicado \u00e0 valoriza\u00e7\u00e3o e aos direitos das mulheres. Durante esse per\u00edodo, diversas iniciativas s\u00e3o intensificadas, ressaltando a necessidade de discutir e fomentar a\u00e7\u00f5es que visem promover a equidade de g\u00eanero no munic\u00edpio. Isso n\u00e3o apenas destaca a import\u00e2ncia das pol\u00edticas p\u00fablicas voltadas para as mulheres, mas tamb\u00e9m uma cultura de apoio e respeito entre todos os cidad\u00e3os.<\/p>\n<h2>Momentos de Conviv\u00eancia e Ch\u00e1 Especial<\/h2>\n<p>Outro momento marcante do evento foi o ch\u00e1 especial, que proporcionou um espa\u00e7o para a conviv\u00eancia. Este tempo reservado para o conv\u00edvio social n\u00e3o apenas possibilitou que as mulheres se sentissem parte de uma comunidade, mas tamb\u00e9m estimulou a troca de experi\u00eancias, favorecendo novos v\u00ednculos e amizades. A intera\u00e7\u00e3o em um ambiente caloroso e acolhedor \u00e9 fundamental para a constru\u00e7\u00e3o de uma rede de apoio m\u00fatua.<\/p>\n<h2>Servi\u00e7os de Beleza e Valoriza\u00e7\u00e3o Pessoal<\/h2>\n<p>As atividades de beleza, como maquiagem e cuidados f\u00edsicos, foram pensadas para ajudar as mulheres a se sentirem valorizadas e bonitas. O autocuidado \u00e9 uma parte essencial do bem-estar e, muitas vezes, negligenciado. Ao proporcionar esses servi\u00e7os, a Secretaria busca refor\u00e7ar a import\u00e2ncia de cuidar de si mesma, ajudando as participantes a reconhecerem seu valor pessoal.<\/p>\n<h2>Fortalecendo a Autoestima e a Supera\u00e7\u00e3o<\/h2>\n<p>Atrav\u00e9s de a\u00e7\u00f5es neste formato, a Secretaria n\u00e3o apenas promove um espa\u00e7o de acolhimento, mas fomenta tamb\u00e9m processos de supera\u00e7\u00e3o. O reconhecimento das capacidades individuais e o fortalecimento da autoestima s\u00e3o vitais para que as mulheres se sintam capacitadas a enfrentar desafios. Cada atividade, cada conversa e cada momento de autocuidado contribu\u00edram para a constru\u00e7\u00e3o de uma nova narrativa sobre o que significa ser mulher no mundo contempor\u00e2neo.<\/p>\n\n<div style=\"font-size: 0px; height: 0px; line-height: 0px; margin: 0; padding: 0; clear: both;\"><\/div>","protected":false},"excerpt":{"rendered":"<p>Acolhimento e autocuidado das mulheres s\u00e3o essenciais para o bem-estar.<\/p>\n","protected":false},"author":1,"featured_media":0,"comment_status":"open","ping_status":"closed","sticky":false,"template":"","format":"standard","meta":{"footnotes":""},"categories":[31],"tags":[],"class_list":["post-1767","post","type-post","status-publish","format-standard","hentry","category-saude-em-feira-de-santana"],"aioseo_notices":[],"_links":{"self":[{"href":"https:\/\/www.encontrafeiradesantana.com.br\/sobre\/wp-json\/wp\/v2\/posts\/1767","targetHints":{"allow":["GET"]}}],"collection":[{"href":"https:\/\/www.encontrafeiradesantana.com.br\/sobre\/wp-json\/wp\/v2\/posts"}],"about":[{"href":"https:\/\/www.encontrafeiradesantana.com.br\/sobre\/wp-json\/wp\/v2\/types\/post"}],"author":[{"embeddable":true,"href":"https:\/\/www.encontrafeiradesantana.com.br\/sobre\/wp-json\/wp\/v2\/users\/1"}],"replies":[{"embeddable":true,"href":"https:\/\/www.encontrafeiradesantana.com.br\/sobre\/wp-json\/wp\/v2\/comments?post=1767"}],"version-history":[{"count":0,"href":"https:\/\/www.encontrafeiradesantana.com.br\/sobre\/wp-json\/wp\/v2\/posts\/1767\/revisions"}],"wp:attachment":[{"href":"https:\/\/www.encontrafeiradesantana.com.br\/sobre\/wp-json\/wp\/v2\/media?parent=1767"}],"wp:term":[{"taxonomy":"category","embeddable":true,"href":"https:\/\/www.encontrafeiradesantana.com.br\/sobre\/wp-json\/wp\/v2\/categories?post=1767"},{"taxonomy":"post_tag","embeddable":true,"href":"https:\/\/www.encontrafeiradesantana.com.br\/sobre\/wp-json\/wp\/v2\/tags?post=1767"}],"curies":[{"name":"wp","href":"https:\/\/api.w.org\/{rel}","templated":true}]}}