{"id":1750,"date":"2026-03-08T03:16:11","date_gmt":"2026-03-08T06:16:11","guid":{"rendered":"https:\/\/www.encontrafeiradesantana.com.br\/sobre\/feira-de-santana-recebe-investimentos-do-novo-pac-saude-para-fortalecer-o-sus\/"},"modified":"2026-03-08T03:16:11","modified_gmt":"2026-03-08T06:16:11","slug":"feira-de-santana-recebe-investimentos-do-novo-pac-saude-para-fortalecer-o-sus","status":"publish","type":"post","link":"https:\/\/www.encontrafeiradesantana.com.br\/sobre\/feira-de-santana-recebe-investimentos-do-novo-pac-saude-para-fortalecer-o-sus\/","title":{"rendered":"Feira de Santana recebe investimentos do Novo PAC Sa\u00fade para fortalecer o SUS"},"content":{"rendered":"<div class=\"3f468104ad11f00a3c9ac948316f4265\" data-index=\"1\" style=\"float: none; margin:0px;\">\n<ins class=\"adsbygoogle\"\r\n     style=\"display:block\"\r\n     data-ad-client=\"ca-pub-8585364105181520\"\r\n     data-ad-slot=\"8789329856\"\r\n     data-ad-format=\"auto\"\r\n     data-full-width-responsive=\"true\"><\/ins>\r\n<script>\r\n     (adsbygoogle = window.adsbygoogle || []).push({});\r\n<\/script>\r\n\n<\/div>\n<h2>Eventos do Novo PAC Sa\u00fade em Feira de Santana<\/h2>\n<p>Na \u00faltima sexta-feira, dia 6 de fevereiro de 2026, Feira de Santana foi palco de um evento significativo promovido pelo Minist\u00e9rio da Sa\u00fade, no qual foram anunciados investimentos robustos destinados ao fortalecimento do Sistema \u00danico de Sa\u00fade (SUS) no munic\u00edpio. Este evento contou com a participa\u00e7\u00e3o do secret\u00e1rio municipal de Sa\u00fade, Rodrigo Matos, que representou a cidade. Presentes tamb\u00e9m estavam autoridades de destaque, incluindo o presidente da Rep\u00fablica, Luiz In\u00e1cio Lula da Silva, o governador da Bahia, Jer\u00f4nimo Rodrigues, e o ministro da Sa\u00fade, Alexandre Padilha, al\u00e9m de outros prefeitos e representantes governamentais.<\/p>\n<h2>Investimentos e equipamentos entregues ao SUS<\/h2>\n<p>No encontro, realizado no Parque de Exposi\u00e7\u00f5es, foram entregues equipamentos essenciais, como ambul\u00e2ncias para o Servi\u00e7o de Atendimento M\u00f3vel de Urg\u00eancia (SAMU), al\u00e9m de equipamentos para Unidades B\u00e1sicas de Sa\u00fade (UBS), que incluem unidades odontol\u00f3gicas. Essas entregas s\u00e3o parte de um esfor\u00e7o mais amplo para garantir que a popula\u00e7\u00e3o tenha acesso a servi\u00e7os de sa\u00fade de qualidade.<\/p>\n<h2>A import\u00e2ncia das ambul\u00e2ncias do SAMU<\/h2>\n<p>As ambul\u00e2ncias entregues s\u00e3o um componente vital do atendimento de emerg\u00eancia, pois s\u00e3o respons\u00e1veis por prover suporte imediato a pacientes em situa\u00e7\u00f5es cr\u00edticas. A melhoria na infraestrutura do SAMU proporciona uma resposta r\u00e1pida e eficiente, que \u00e9 fundamental para salvar vidas. A presen\u00e7a dessas unidades ir\u00e1 garantir que os moradores de Feira de Santana tenham um atendimento \u00e1gil no momento em que mais precisam.<\/p>\n<h2>A implanta\u00e7\u00e3o de novas policl\u00ednicas regionais<\/h2>\n<p>Anunciou-se, ainda, a implanta\u00e7\u00e3o de novas policl\u00ednicas regionais. Estas cl\u00ednicas poder\u00e3o oferecer uma gama ampla de servi\u00e7os, desde consultas m\u00e9dicas a exames especializados,\u5c3dem receitas. Assim, os cidad\u00e3os ter\u00e3o acesso facilitado a uma assist\u00eancia m\u00e9dica multifacetada, o que, por sua vez, poder\u00e1 reduzir filas e melhorar a qualidade do atendimento em sa\u00fade.<\/p>\n<h2>Melhorias no acesso aos servi\u00e7os de sa\u00fade<\/h2>\n<p>Os investimentos do Novo PAC Sa\u00fade t\u00eam como objetivo primordial ampliar o acesso da popula\u00e7\u00e3o aos servi\u00e7os de sa\u00fade. Isso implica em garantir n\u00e3o apenas mais unidades de atendimento, mas tamb\u00e9m melhorar a qualidade dos servi\u00e7os prestados. O objetivo final \u00e9 que desde consultas e exames comuns at\u00e9 cirurgias e tratamentos especializados estejam mais acess\u00edveis ao p\u00fablico.<\/p>\n<h2>O papel do Telessa\u00fade nas Unidades B\u00e1sicas<\/h2>\n<p>Um dos destaques do evento foi a introdu\u00e7\u00e3o do Kit Multim\u00eddia do Telessa\u00fade, que em breve estar\u00e1 dispon\u00edvel nas Unidades B\u00e1sicas de Sa\u00fade. Este kit permitir\u00e1 a amplia\u00e7\u00e3o do atendimento remoto, facilitando o diagn\u00f3stico e a qualifica\u00e7\u00e3o do cuidado ao usu\u00e1rio do SUS. Com essa nova tecnologia, os profissionais de sa\u00fade poder\u00e3o prestar um atendimento mais eficiente e \u00e1gil, al\u00e9m de otimizar o tempo de espera dos pacientes.<\/p>\n<h2>Depoimento do secret\u00e1rio municipal de Sa\u00fade<\/h2>\n<p>Em sua fala, o secret\u00e1rio Rodrigo Matos destacou a import\u00e2ncia desses novos recursos para a sa\u00fade p\u00fablica do munic\u00edpio. Ele ressaltou que &#8220;Esses investimentos fortalecem a rede municipal de sa\u00fade e ampliam o acesso da popula\u00e7\u00e3o a servi\u00e7os essenciais. Essas a\u00e7\u00f5es geram impacto direto na melhoria da assist\u00eancia, aproximando o cuidado das pessoas e qualificando ainda mais o SUS em Feira de Santana.&#8221; Esse depoimento destaca n\u00e3o apenas o impacto positivo no presente, mas tamb\u00e9m a vis\u00e3o de fortalecimento do SUS em longo prazo.<\/p>\n<h2>Avan\u00e7os nas cirurgias e atendimentos especializados<\/h2>\n<p>Outro aspecto relevante do evento foi a assinatura do Termo de Execu\u00e7\u00e3o do Componente de Cr\u00e9ditos Financeiros do programa Agora Tem Especialista. Esse programa est\u00e1 direcionado \u00e0 realiza\u00e7\u00e3o de cirurgias, consultas e exames em Feira de Santana. Com esse avan\u00e7o, espera-se que a fila de espera por atendimentos especializados diminua significativamente, melhorando a experi\u00eancia dos pacientes.<\/p>\n<h2>Impacto dos investimentos na sa\u00fade p\u00fablica local<\/h2>\n<p>Os investimentos realizados no \u00e2mbito do Novo PAC Sa\u00fade ter\u00e3o um impacto positivo direto sobre a sa\u00fade p\u00fablica local. Com a entrega de novos equipamentos, a amplia\u00e7\u00e3o do Telessa\u00fade e o fortalecimento da rede de atendimento, o munic\u00edpio est\u00e1 se preparando para responder de forma mais eficaz \u00e0s demandas da popula\u00e7\u00e3o. Essa transforma\u00e7\u00e3o no acesso aos servi\u00e7os representa um passo significativo em dire\u00e7\u00e3o a um sistema de sa\u00fade mais robusto e acess\u00edvel.<\/p>\n<h2>O futuro do SUS em Feira de Santana<\/h2>\n<p>No que diz respeito ao futuro do SUS em Feira de Santana, as a\u00e7\u00f5es implementadas atrav\u00e9s do Novo PAC Sa\u00fade geram um otimismo palp\u00e1vel. A proje\u00e7\u00e3o \u00e9 de um sistema de sa\u00fade em crescimento, com expans\u00e3o no acesso a uma variedade de servi\u00e7os m\u00e9dicos e um atendimento mais qualificado. Com essas melhorias, espera-se n\u00e3o apenas atender melhor a popula\u00e7\u00e3o, mas tamb\u00e9m formar uma rede de sa\u00fade mais integrada e eficiente, alinhada \u00e0s necessidades da sociedade.<\/p>\n\n<div style=\"font-size: 0px; height: 0px; line-height: 0px; margin: 0; padding: 0; clear: both;\"><\/div>","protected":false},"excerpt":{"rendered":"<p>Feira de Santana recebe investimentos do Novo PAC Sa\u00fade para fortalecer o SUS.<\/p>\n","protected":false},"author":1,"featured_media":0,"comment_status":"open","ping_status":"closed","sticky":false,"template":"","format":"standard","meta":{"footnotes":""},"categories":[31],"tags":[],"class_list":["post-1750","post","type-post","status-publish","format-standard","hentry","category-saude-em-feira-de-santana"],"aioseo_notices":[],"_links":{"self":[{"href":"https:\/\/www.encontrafeiradesantana.com.br\/sobre\/wp-json\/wp\/v2\/posts\/1750","targetHints":{"allow":["GET"]}}],"collection":[{"href":"https:\/\/www.encontrafeiradesantana.com.br\/sobre\/wp-json\/wp\/v2\/posts"}],"about":[{"href":"https:\/\/www.encontrafeiradesantana.com.br\/sobre\/wp-json\/wp\/v2\/types\/post"}],"author":[{"embeddable":true,"href":"https:\/\/www.encontrafeiradesantana.com.br\/sobre\/wp-json\/wp\/v2\/users\/1"}],"replies":[{"embeddable":true,"href":"https:\/\/www.encontrafeiradesantana.com.br\/sobre\/wp-json\/wp\/v2\/comments?post=1750"}],"version-history":[{"count":0,"href":"https:\/\/www.encontrafeiradesantana.com.br\/sobre\/wp-json\/wp\/v2\/posts\/1750\/revisions"}],"wp:attachment":[{"href":"https:\/\/www.encontrafeiradesantana.com.br\/sobre\/wp-json\/wp\/v2\/media?parent=1750"}],"wp:term":[{"taxonomy":"category","embeddable":true,"href":"https:\/\/www.encontrafeiradesantana.com.br\/sobre\/wp-json\/wp\/v2\/categories?post=1750"},{"taxonomy":"post_tag","embeddable":true,"href":"https:\/\/www.encontrafeiradesantana.com.br\/sobre\/wp-json\/wp\/v2\/tags?post=1750"}],"curies":[{"name":"wp","href":"https:\/\/api.w.org\/{rel}","templated":true}]}}