{"id":1744,"date":"2026-03-07T03:27:57","date_gmt":"2026-03-07T06:27:57","guid":{"rendered":"https:\/\/www.encontrafeiradesantana.com.br\/sobre\/provas-do-concurso-publico-com-mil-vagas-para-professor-acontecem-neste-domingo-8\/"},"modified":"2026-03-07T03:27:57","modified_gmt":"2026-03-07T06:27:57","slug":"provas-do-concurso-publico-com-mil-vagas-para-professor-acontecem-neste-domingo-8","status":"publish","type":"post","link":"https:\/\/www.encontrafeiradesantana.com.br\/sobre\/provas-do-concurso-publico-com-mil-vagas-para-professor-acontecem-neste-domingo-8\/","title":{"rendered":"Provas do concurso p\u00fablico com mil vagas para professor acontecem neste domingo (8)"},"content":{"rendered":"<div class=\"3f468104ad11f00a3c9ac948316f4265\" data-index=\"1\" style=\"float: none; margin:0px;\">\n<ins class=\"adsbygoogle\"\r\n     style=\"display:block\"\r\n     data-ad-client=\"ca-pub-8585364105181520\"\r\n     data-ad-slot=\"8789329856\"\r\n     data-ad-format=\"auto\"\r\n     data-full-width-responsive=\"true\"><\/ins>\r\n<script>\r\n     (adsbygoogle = window.adsbygoogle || []).push({});\r\n<\/script>\r\n\n<\/div>\n<h2>Provas do Concurso P\u00fablico para Professor: Detalhes Importantes<\/h2>\n<p>As provas do concurso p\u00fablico da Prefeitura de Feira de Santana, que oferece 1.000 oportunidades para professores da rede municipal de ensino, ocorrer\u00e3o neste domingo, dia 8. Com um total de <strong>29.082 candidatos<\/strong> inscritos, a disputa promete ser acirrada.<\/p>\n<h2>Cronograma do Concurso P\u00fablico<\/h2>\n<p>A organiza\u00e7\u00e3o deste concurso \u00e9 efetuada pelo <strong>Instituto de Desenvolvimento Educacional, Cultural e Assistencial Nacional (Idecan)<\/strong>, que supervisionar\u00e1 todas as fases do processo seletivo. As provas ser\u00e3o realizadas em dois per\u00edodos distintos:<\/p>\n<ul>\n<li><strong>Turno da Manh\u00e3:<\/strong> Das 8h \u00e0s 13h, incluindo as disciplinas de L\u00edngua Portuguesa, L\u00edngua Inglesa, Matem\u00e1tica, Ci\u00eancias, Geografia, Hist\u00f3ria, Educa\u00e7\u00e3o F\u00edsica e Artes.<\/li>\n<li><strong>Turno da Tarde:<\/strong> Das 15h \u00e0s 20h, voltado para professores pedag\u00f3gicos.<\/li>\n<\/ul>\n<p>Os port\u00f5es de entrada ser\u00e3o abertos uma hora antes do in\u00edcio de cada prova, sendo fechados pontualmente \u00e0s 8h e 15h, respectivamente. Os candidatos dever\u00e3o estar atentos aos hor\u00e1rios para evitar contratempos.<\/p>\n<p><img decoding=\"async\" src=\"https:\/\/www.encontrafeiradesantana.com.br\/sobre\/wp-content\/uploads\/2026\/03\/provas-do-concurso-publico-com-mil-vagas-para-professor-acontecem-neste-domingo-8.webp\" alt=\"concurso p\u00fablico para professor\" loading=\"lazy\" \/><\/p>\n<h2>Como Consultar o Local das Provas<\/h2>\n<p>Os participantes poder\u00e3o verificar onde realizar\u00e3o suas provas atrav\u00e9s do site da banca organizadora. \u00c9 importante que cada candidato fa\u00e7a essa consulta para evitar surpresas no dia do exame. Para acessar a informa\u00e7\u00e3o, basta visitar <a href=\"https:\/\/concurso.idecan.org.br\/\">https:\/\/concurso.idecan.org.br\/<\/a>.<\/p>\n<h2>Turnos e Hor\u00e1rios das Provas<\/h2>\n<p>\u00c9 imprescind\u00edvel que os candidatos cheguem aos locais de aplica\u00e7\u00e3o com anteced\u00eancia. A estrutura dos turnos \u00e9 a seguinte:<\/p>\n<ul>\n<li><strong>Manh\u00e3:<\/strong>\n<ul>\n<li>In\u00edcio: 8h<\/li>\n<li>Final: 13h<\/li>\n<\/ul>\n<\/li>\n<li><strong>Tarde:<\/strong>\n<ul>\n<li>In\u00edcio: 15h<\/li>\n<li>Final: 20h<\/li>\n<\/ul>\n<\/li>\n<\/ul>\n<h2>Vagas Dispon\u00edveis e Sal\u00e1rios<\/h2>\n<p>O concurso oferece um total de <strong>1.000 vagas<\/strong>, sendo <strong>782<\/strong> para a fun\u00e7\u00e3o de pedagogo e 218 para professores de diversas disciplinas. As oportunidades s\u00e3o as seguintes:<\/p>\n<ul>\n<li>L\u00edngua Portuguesa: 40 vagas<\/li>\n<li>L\u00edngua Inglesa: 26 vagas<\/li>\n<li>Matem\u00e1tica: 35 vagas<\/li>\n<li>Ci\u00eancias: 40 vagas<\/li>\n<li>Geografia: 25 vagas<\/li>\n<li>Hist\u00f3ria: 27 vagas<\/li>\n<li>Educa\u00e7\u00e3o F\u00edsica: 15 vagas<\/li>\n<li>Artes: 10 vagas<\/li>\n<\/ul>\n<p>O sal\u00e1rio inicial para os aprovados \u00e9 de <strong>R$ 5.212,34<\/strong>, para uma carga hor\u00e1ria de 40 horas semanais.<\/p>\n<h2>Principais Cargos e Fun\u00e7\u00f5es<\/h2>\n<p>O concurso visa preencher v\u00e1rias fun\u00e7\u00f5es dentro da educa\u00e7\u00e3o municipal. As principais s\u00e3o:<\/p>\n<ul>\n<li>Pedagogos, respons\u00e1veis por gerir e coordenar atividades educacionais.<\/li>\n<li>Professores de L\u00edngua Portuguesa, ingl\u00eas e disciplinas diversas, que atuar\u00e3o na forma\u00e7\u00e3o acad\u00eamica dos alunos.<\/li>\n<\/ul>\n<h2>Informa\u00e7\u00f5es sobre a Banca Organizadora<\/h2>\n<p>O <strong>Instituto de Desenvolvimento Educacional, Cultural e Assistencial Nacional (Idecan)<\/strong> \u00e9 respons\u00e1vel por todo o processo de sele\u00e7\u00e3o, desde as inscri\u00e7\u00f5es at\u00e9 a aplica\u00e7\u00e3o das provas. A organiza\u00e7\u00e3o do certame \u00e9 uma etapa crucial para garantir a lisura e transpar\u00eancia do concurso, portanto, \u00e9 recomend\u00e1vel que os candidatos sempre acessem as informa\u00e7\u00f5es diretamente por meio do site oficial da banca.<\/p>\n<h2>Estrutura das Provas: Objetiva e Discursiva<\/h2>\n<p>As provas ser\u00e3o compostas por quest\u00f5es objetivas e uma parte discursiva, que inclui reda\u00e7\u00e3o. A parte objetiva avaliar\u00e1 o conhecimento espec\u00edfico em cada \u00e1rea, enquanto a reda\u00e7\u00e3o servir\u00e1 para testar a capacidade de express\u00e3o escrita dos candidatos. Assim, a prepara\u00e7\u00e3o deve englobar as duas modalidades de avalia\u00e7\u00e3o.<\/p>\n<h2>Locais de Aplica\u00e7\u00e3o das Provas<\/h2>\n<p>As provas ser\u00e3o realizadas em v\u00e1rias institui\u00e7\u00f5es de ensino, entre as quais se destacam:<\/p>\n<ul>\n<li>Centro Estadual de Educa\u00e7\u00e3o Profissional em Sa\u00fade do Centro Baiano<\/li>\n<li>Centro Integrado de Educa\u00e7\u00e3o Assis Chateaubriand<\/li>\n<li>Centro Integrado de Educa\u00e7\u00e3o Municipal Professor Joselito Falc\u00e3o de Amorim<\/li>\n<li>CETI Carolina Maria de Jesus<\/li>\n<li>CETI Professora Ang\u00e9lica Vergne de Morais<\/li>\n<li>Col\u00e9gio Estadual de Tempo Integral de Feira de Santana<\/li>\n<li>Col\u00e9gio Modelo Lu\u00eds Eduardo Magalh\u00e3es \u2013 Tempo Integral<\/li>\n<li>Escola Municipal Jo\u00e3o Durval Carneiro<\/li>\n<li>Instituto de Educa\u00e7\u00e3o de Tempo Integral Gast\u00e3o Guimar\u00e3es<\/li>\n<\/ul>\n<p>Cada local de aplica\u00e7\u00e3o foi escolhido com base na capacidade de abrigar os candidatos, buscando promover um ambiente prop\u00edcio para a realiza\u00e7\u00e3o das provas.<\/p>\n<h2>Dicas para se Preparar para o Concurso<\/h2>\n<p>Candidatos devem estar bem preparados para o dia do teste. Algumas dicas essenciais incluem:<\/p>\n<ul>\n<li>Fa\u00e7a revis\u00f5es peri\u00f3dicas do conte\u00fado, focando nas disciplinas espec\u00edficas da sua \u00e1rea de atua\u00e7\u00e3o.<\/li>\n<li>Pratique reda\u00e7\u00e3o e resolva quest\u00f5es de provas anteriores para estar familiarizado com o formato.<\/li>\n<li>Organize seus materiais e documentos com anteced\u00eancia para evitar estresse ou confus\u00f5es no dia das provas.<\/li>\n<li>Mantenha-se atualizado sobre as informa\u00e7\u00f5es fornecidas pela banca atrav\u00e9s do site oficial.<\/li>\n<\/ul>\n<h2>Resultados e Prazos Importantes<\/h2>\n<p>Os resultados das provas ter\u00e3o um cronograma bem definido, sendo:<\/p>\n<ul>\n<li><strong>Resultado Definitivo das Provas Objetivas:<\/strong> 20 de abril<\/li>\n<li><strong>Resultado das Provas Discursivas:<\/strong> 25 de maio<\/li>\n<li><strong>Resultado Final do Concurso:<\/strong> 14 de julho<\/li>\n<\/ul>\n<p>Os candidatos devem estar atentos a estas datas, pois elas s\u00e3o fundamentais para o acompanhamento do progresso do concurso e para a futura convoca\u00e7\u00e3o.<\/p>\n\n<div style=\"font-size: 0px; height: 0px; line-height: 0px; margin: 0; padding: 0; clear: both;\"><\/div>","protected":false},"excerpt":{"rendered":"<p>N\u00e3o perca as provas do concurso p\u00fablico com mil vagas para professores neste domingo.<\/p>\n","protected":false},"author":1,"featured_media":1743,"comment_status":"open","ping_status":"closed","sticky":false,"template":"","format":"standard","meta":{"footnotes":""},"categories":[6],"tags":[],"class_list":["post-1744","post","type-post","status-publish","format-standard","has-post-thumbnail","hentry","category-noticias-em-feira-de-santana","has_thumb"],"aioseo_notices":[],"_links":{"self":[{"href":"https:\/\/www.encontrafeiradesantana.com.br\/sobre\/wp-json\/wp\/v2\/posts\/1744","targetHints":{"allow":["GET"]}}],"collection":[{"href":"https:\/\/www.encontrafeiradesantana.com.br\/sobre\/wp-json\/wp\/v2\/posts"}],"about":[{"href":"https:\/\/www.encontrafeiradesantana.com.br\/sobre\/wp-json\/wp\/v2\/types\/post"}],"author":[{"embeddable":true,"href":"https:\/\/www.encontrafeiradesantana.com.br\/sobre\/wp-json\/wp\/v2\/users\/1"}],"replies":[{"embeddable":true,"href":"https:\/\/www.encontrafeiradesantana.com.br\/sobre\/wp-json\/wp\/v2\/comments?post=1744"}],"version-history":[{"count":0,"href":"https:\/\/www.encontrafeiradesantana.com.br\/sobre\/wp-json\/wp\/v2\/posts\/1744\/revisions"}],"wp:featuredmedia":[{"embeddable":true,"href":"https:\/\/www.encontrafeiradesantana.com.br\/sobre\/wp-json\/wp\/v2\/media\/1743"}],"wp:attachment":[{"href":"https:\/\/www.encontrafeiradesantana.com.br\/sobre\/wp-json\/wp\/v2\/media?parent=1744"}],"wp:term":[{"taxonomy":"category","embeddable":true,"href":"https:\/\/www.encontrafeiradesantana.com.br\/sobre\/wp-json\/wp\/v2\/categories?post=1744"},{"taxonomy":"post_tag","embeddable":true,"href":"https:\/\/www.encontrafeiradesantana.com.br\/sobre\/wp-json\/wp\/v2\/tags?post=1744"}],"curies":[{"name":"wp","href":"https:\/\/api.w.org\/{rel}","templated":true}]}}