{"id":1674,"date":"2026-02-21T03:19:59","date_gmt":"2026-02-21T06:19:59","guid":{"rendered":"https:\/\/www.encontrafeiradesantana.com.br\/sobre\/prefeito-jose-ronaldo-e-ministro-rui-costa-cumprem-agenda-de-obras-em-feira-na-segunda-23\/"},"modified":"2026-02-21T03:19:59","modified_gmt":"2026-02-21T06:19:59","slug":"prefeito-jose-ronaldo-e-ministro-rui-costa-cumprem-agenda-de-obras-em-feira-na-segunda-23","status":"publish","type":"post","link":"https:\/\/www.encontrafeiradesantana.com.br\/sobre\/prefeito-jose-ronaldo-e-ministro-rui-costa-cumprem-agenda-de-obras-em-feira-na-segunda-23\/","title":{"rendered":"Prefeito Jos\u00e9 Ronaldo e ministro Rui Costa cumprem agenda de obras em Feira na segunda (23)"},"content":{"rendered":"<div class=\"3f468104ad11f00a3c9ac948316f4265\" data-index=\"1\" style=\"float: none; margin:0px;\">\n<ins class=\"adsbygoogle\"\r\n     style=\"display:block\"\r\n     data-ad-client=\"ca-pub-8585364105181520\"\r\n     data-ad-slot=\"8789329856\"\r\n     data-ad-format=\"auto\"\r\n     data-full-width-responsive=\"true\"><\/ins>\r\n<script>\r\n     (adsbygoogle = window.adsbygoogle || []).push({});\r\n<\/script>\r\n\n<\/div>\n<h2>Agenda de Visitas em Feira de Santana<\/h2>\n<p>No pr\u00f3ximo dia 23, o prefeito de Feira de Santana, Jos\u00e9 Ronaldo de Carvalho, junto ao ministro da Casa Civil, Rui Costa, estar\u00e1 desenvolvendo uma s\u00e9rie de visitas t\u00e9cnicas e formaliza\u00e7\u00f5es que prometem impactar positivamente a viv\u00eancia da popula\u00e7\u00e3o local. A programa\u00e7\u00e3o, que se inicia \u00e0s 8h30, contar\u00e1 ainda com a presen\u00e7a do governador interino, Geraldo J\u00fanior.<\/p>\n<p>O evento \u00e9 uma continuidade dos esfor\u00e7os da gest\u00e3o municipal em avan\u00e7ar na execu\u00e7\u00e3o de obras essenciais e servi\u00e7os que visam atender as demandas da comunidade. Desde a educa\u00e7\u00e3o, sa\u00fade at\u00e9 a infraestrutura, a agenda contemplar\u00e1 \u00e1reas cruciais para o desenvolvimento da cidade.<\/p>\n<h2>Amplia\u00e7\u00e3o da Rede Municipal de Educa\u00e7\u00e3o<\/h2>\n<p>A primeira parada da comitiva ser\u00e1 na Creche Pr\u00f3-Inf\u00e2ncia, situada no bairro Asa Branca. Este equipamento revela um investimento importante na amplia\u00e7\u00e3o da rede municipal de educa\u00e7\u00e3o infantil. Tornar a educa\u00e7\u00e3o acess\u00edvel a mais crian\u00e7as \u00e9 um compromisso que a gest\u00e3o de Jos\u00e9 Ronaldo est\u00e1 cumprindo com seriedade, assegurando a constru\u00e7\u00e3o de novas vagas e a melhoria das condi\u00e7\u00f5es de atendimento.<\/p>\n<p><img decoding=\"async\" src=\"https:\/\/www.encontrafeiradesantana.com.br\/sobre\/wp-content\/uploads\/2026\/02\/prefeito-jose-ronaldo-e-ministro-rui-costa-cumprem-agenda-de-obras-em-feira-na-segunda-23.webp\" alt=\"Prefeito Jos\u00e9 Ronaldo\" loading=\"lazy\" \/><\/p>\n<h2>A Import\u00e2ncia da Oficina Ortop\u00e9dica<\/h2>\n<p>Ap\u00f3s a visita \u00e0 creche, a agenda prosseguir\u00e1 para a Oficina Ortop\u00e9dica, localizada no Parque Chau\u00e1, no bairro Papagaio. Este espa\u00e7o \u00e9 fundamental para a amplia\u00e7\u00e3o do atendimento m\u00e9dico especializado, garantindo acesso \u00e0queles que necessitam de \u00f3rteses, pr\u00f3teses e dispositivos de reabilita\u00e7\u00e3o. A sa\u00fade da popula\u00e7\u00e3o \u00e9 uma prioridade, e essa unidade contribui para que pessoas com necessidades especiais tenham seus direitos atendidos.<\/p>\n<h2>Fortalecimento da Aten\u00e7\u00e3o Prim\u00e1ria em Sa\u00fade<\/h2>\n<p>Ainda no Parque Chau\u00e1, a comitiva se dirigir\u00e1 \u00e0 Unidade B\u00e1sica de Sa\u00fade (UBS). Esta visita refor\u00e7a a inten\u00e7\u00e3o de fortalecer a aten\u00e7\u00e3o prim\u00e1ria, promovendo acesso mais amplo a consultas m\u00e9dicas, acompanhamentos peri\u00f3dicos e a\u00e7\u00f5es preventivas. A sa\u00fade da popula\u00e7\u00e3o \u00e9 uma preocupa\u00e7\u00e3o constante e necess\u00e1ria para elevar a qualidade de vida de todos os cidad\u00e3os.<\/p>\n<h2>Assinatura da Ordem de Servi\u00e7o do Convive<\/h2>\n<p>O ponto alto da agenda ser\u00e1 a assinatura da ordem de servi\u00e7o do Centro Comunit\u00e1rio pela Vida (Convive), que ser\u00e1 constru\u00eddo na Rua Eur\u00e1polis, s\/n, no bairro Alto do Papagaio. Esse centro \u00e9 pensado para ser um equipamento de grande porte e profundo impacto social, ocupando uma \u00e1rea de aproximadamente 10 mil metros quadrados. O local ir\u00e1 substituir as atribui\u00e7\u00f5es da antiga Emater-BA, oferecendo novos servi\u00e7os e atividades para as comunidades do Alto do Papagaio, Mangabeira e adjac\u00eancias.<\/p>\n<h2>Obras Estruturantes na Regi\u00e3o do Alto do Papagaio<\/h2>\n<p>A cerim\u00f4nia n\u00e3o se limitar\u00e1 apenas \u00e0 assinatura do Convive. O prefeito tamb\u00e9m conceder\u00e1 autoriza\u00e7\u00e3o para outras obras estruturantes previamente planejadas para a regi\u00e3o. Essas interven\u00e7\u00f5es s\u00e3o esperadas com grande expectativa pela popula\u00e7\u00e3o, pois visam contribuir direta e positivamente para o dia a dia dos moradores. A constru\u00e7\u00e3o de estruturas que promovam a inclus\u00e3o e o bem-estar \u00e9 fundamental para o desenvolvimento sustent\u00e1vel da cidade.<\/p>\n<h2>Recursos Federais e Parcerias Locais<\/h2>\n<p>Os investimentos que viabilizam essas a\u00e7\u00f5es t\u00eam origem em recursos do Governo Federal, acompanhados da contrapartida da Prefeitura de Feira de Santana. Essa colabora\u00e7\u00e3o reafirma a parceria entre os n\u00edveis de governo para a qualifica\u00e7\u00e3o da infraestrutura p\u00fablica, essencial para a melhoria cont\u00ednua da qualidade de vida. Juntos, os governos municipal e federal buscam solu\u00e7\u00f5es estrat\u00e9gicas que beneficiem a coletividade.<\/p>\n<h2>Drenagem e Seguran\u00e7a para a Popula\u00e7\u00e3o<\/h2>\n<p>Uma das ordens de servi\u00e7o que ser\u00e1 exposta durante a visita diz respeito ao in\u00edcio das obras de drenagem da regi\u00e3o. Haver\u00e1 a implanta\u00e7\u00e3o de um sistema de escoamento de \u00e1guas pluviais e a requalifica\u00e7\u00e3o da lagoa do Chico Maia. Essa iniciativa vem para minimizar riscos de alagamentos, um problema recorrente na cidade, proporcionando seguran\u00e7a e qualidade de vida para os moradores ao redor. Este projeto \u00e9 uma resposta direta \u00e0s necessidades identificadas pela popula\u00e7\u00e3o e representa um passo significativo rumo a uma infraestrutura urbana mais resiliente.<\/p>\n<h2>Impacto Social das Novas Iniciativas<\/h2>\n<p>As novas iniciativas e obras programadas durante esta visita s\u00e3o esperadas para ter um impacto social positivo e direto na vida dos feirenses. A educa\u00e7\u00e3o, a sa\u00fade e o bem-estar s\u00e3o pilares essenciais que afetam as rela\u00e7\u00f5es e perspectivas de futuro da popula\u00e7\u00e3o. Cada projeto n\u00e3o apenas atende a uma demanda, mas tamb\u00e9m cria oportunidades para que as comunidades se desenvolvam, se integrem e se fortale\u00e7am.<\/p>\n<h2>Como a Comunidade Pode Participar<\/h2>\n<p>A participa\u00e7\u00e3o ativa da comunidade \u00e9 crucial para o sucesso destas iniciativas. A popula\u00e7\u00e3o pode acompanhar o andamento das obras, utilizar os novos equipamentos e se engajar nas atividades promovidas. A gest\u00e3o municipal tamb\u00e9m encoraja os cidad\u00e3os a se envolverem em consultas p\u00fablicas e discuss\u00f5es sobre novas a\u00e7\u00f5es, a fim de que as decis\u00f5es estejam alinhadas com as reais necessidades da comunidade.<\/p>\n<p>Com isso, espera-se que as a\u00e7\u00f5es inauguradas no dia 23 contribuam para um ambiente positivo e de progresso, refletindo um compromisso com o bem-estar da popula\u00e7\u00e3o de Feira de Santana e a constru\u00e7\u00e3o de um futuro melhor para todos os cidad\u00e3os.<\/p>\n\n<div style=\"font-size: 0px; height: 0px; line-height: 0px; margin: 0; padding: 0; clear: both;\"><\/div>","protected":false},"excerpt":{"rendered":"<p>Prefeito Jos\u00e9 Ronaldo e ministro Rui Costa trazem grandes obras para Feira de Santana.<\/p>\n","protected":false},"author":1,"featured_media":1673,"comment_status":"open","ping_status":"closed","sticky":false,"template":"","format":"standard","meta":{"footnotes":""},"categories":[6],"tags":[],"class_list":["post-1674","post","type-post","status-publish","format-standard","has-post-thumbnail","hentry","category-noticias-em-feira-de-santana","has_thumb"],"aioseo_notices":[],"aioseo_head":"\n\t\t<!-- All in One SEO 5.0.0.1 - aioseo.com -->\n\t<meta name=\"description\" content=\"Prefeito Jos\u00e9 Ronaldo e ministro Rui Costa trazem grandes obras para Feira de Santana.\" \/>\n\t<meta name=\"robots\" content=\"max-image-preview:large\" \/>\n\t<meta name=\"author\" content=\"Encontra Feira de Santana\"\/>\n\t<link rel=\"canonical\" href=\"https:\/\/www.encontrafeiradesantana.com.br\/sobre\/prefeito-jose-ronaldo-e-ministro-rui-costa-cumprem-agenda-de-obras-em-feira-na-segunda-23\/\" \/>\n\t<meta name=\"generator\" content=\"All in One SEO (AIOSEO) 5.0.0.1\" \/>\n\t\t<meta property=\"og:locale\" content=\"pt_BR\" \/>\n\t\t<meta property=\"og:site_name\" content=\"Encontra Feira de Santana | Not\u00edcias, eventos, informa\u00e7\u00f5es e dicas na cidade Feira de Santana e regi\u00e3o.\" \/>\n\t\t<meta property=\"og:type\" content=\"article\" \/>\n\t\t<meta property=\"og:title\" content=\"Prefeito Jos\u00e9 Ronaldo e ministro Rui Costa cumprem agenda de obras em Feira na segunda (23) | Encontra Feira de Santana\" \/>\n\t\t<meta property=\"og:description\" content=\"Prefeito Jos\u00e9 Ronaldo e ministro Rui Costa trazem grandes obras para Feira de Santana.\" \/>\n\t\t<meta property=\"og:url\" content=\"https:\/\/www.encontrafeiradesantana.com.br\/sobre\/prefeito-jose-ronaldo-e-ministro-rui-costa-cumprem-agenda-de-obras-em-feira-na-segunda-23\/\" \/>\n\t\t<meta property=\"article:published_time\" content=\"2026-02-21T06:19:59+00:00\" \/>\n\t\t<meta property=\"article:modified_time\" content=\"2026-02-21T06:19:59+00:00\" \/>\n\t\t<meta name=\"twitter:card\" content=\"summary\" \/>\n\t\t<meta name=\"twitter:title\" content=\"Prefeito Jos\u00e9 Ronaldo e ministro Rui Costa cumprem agenda de obras em Feira na segunda (23) | Encontra Feira de Santana\" \/>\n\t\t<meta name=\"twitter:description\" content=\"Prefeito Jos\u00e9 Ronaldo e ministro Rui Costa trazem grandes obras para Feira de Santana.\" \/>\n\t\t<script type=\"application\/ld+json\" class=\"aioseo-schema\">\n\t\t\t{\"@context\":\"https:\\\/\\\/schema.org\",\"@graph\":[{\"@type\":\"Article\",\"@id\":\"https:\\\/\\\/www.encontrafeiradesantana.com.br\\\/sobre\\\/prefeito-jose-ronaldo-e-ministro-rui-costa-cumprem-agenda-de-obras-em-feira-na-segunda-23\\\/#article\",\"name\":\"Prefeito Jos\\u00e9 Ronaldo e ministro Rui Costa cumprem agenda de obras em Feira na segunda (23) | Encontra Feira de Santana\",\"headline\":\"Prefeito Jos\\u00e9 Ronaldo e ministro Rui Costa cumprem agenda de obras em Feira na segunda (23)\",\"author\":{\"@id\":\"https:\\\/\\\/www.encontrafeiradesantana.com.br\\\/sobre\\\/author\\\/efeiradesantana\\\/#author\"},\"publisher\":{\"@id\":\"https:\\\/\\\/www.encontrafeiradesantana.com.br\\\/sobre\\\/#organization\"},\"image\":{\"@type\":\"ImageObject\",\"url\":\"https:\\\/\\\/www.encontrafeiradesantana.com.br\\\/sobre\\\/wp-content\\\/uploads\\\/2026\\\/02\\\/prefeito-jose-ronaldo-e-ministro-rui-costa-cumprem-agenda-de-obras-em-feira-na-segunda-23.webp\",\"width\":280,\"height\":280,\"caption\":\"Prefeito Jos\\u00e9 Ronaldo\"},\"datePublished\":\"2026-02-21T03:19:59-03:00\",\"dateModified\":\"2026-02-21T03:19:59-03:00\",\"inLanguage\":\"pt-BR\",\"mainEntityOfPage\":{\"@id\":\"https:\\\/\\\/www.encontrafeiradesantana.com.br\\\/sobre\\\/prefeito-jose-ronaldo-e-ministro-rui-costa-cumprem-agenda-de-obras-em-feira-na-segunda-23\\\/#webpage\"},\"isPartOf\":{\"@id\":\"https:\\\/\\\/www.encontrafeiradesantana.com.br\\\/sobre\\\/prefeito-jose-ronaldo-e-ministro-rui-costa-cumprem-agenda-de-obras-em-feira-na-segunda-23\\\/#webpage\"},\"articleSection\":\"Not\\u00edcias Feira de Santana\"},{\"@type\":\"BreadcrumbList\",\"@id\":\"https:\\\/\\\/www.encontrafeiradesantana.com.br\\\/sobre\\\/prefeito-jose-ronaldo-e-ministro-rui-costa-cumprem-agenda-de-obras-em-feira-na-segunda-23\\\/#breadcrumblist\",\"itemListElement\":[{\"@type\":\"ListItem\",\"@id\":\"https:\\\/\\\/www.encontrafeiradesantana.com.br\\\/sobre#listItem\",\"position\":1,\"name\":\"In\\u00edcio\",\"item\":\"https:\\\/\\\/www.encontrafeiradesantana.com.br\\\/sobre\",\"nextItem\":{\"@type\":\"ListItem\",\"@id\":\"https:\\\/\\\/www.encontrafeiradesantana.com.br\\\/sobre\\\/noticias-em-feira-de-santana\\\/#listItem\",\"name\":\"Not\\u00edcias Feira de Santana\"}},{\"@type\":\"ListItem\",\"@id\":\"https:\\\/\\\/www.encontrafeiradesantana.com.br\\\/sobre\\\/noticias-em-feira-de-santana\\\/#listItem\",\"position\":2,\"name\":\"Not\\u00edcias Feira de Santana\",\"item\":\"https:\\\/\\\/www.encontrafeiradesantana.com.br\\\/sobre\\\/noticias-em-feira-de-santana\\\/\",\"nextItem\":{\"@type\":\"ListItem\",\"@id\":\"https:\\\/\\\/www.encontrafeiradesantana.com.br\\\/sobre\\\/prefeito-jose-ronaldo-e-ministro-rui-costa-cumprem-agenda-de-obras-em-feira-na-segunda-23\\\/#listItem\",\"name\":\"Prefeito Jos\\u00e9 Ronaldo e ministro Rui Costa cumprem agenda de obras em Feira na segunda (23)\"},\"previousItem\":{\"@type\":\"ListItem\",\"@id\":\"https:\\\/\\\/www.encontrafeiradesantana.com.br\\\/sobre#listItem\",\"name\":\"In\\u00edcio\"}},{\"@type\":\"ListItem\",\"@id\":\"https:\\\/\\\/www.encontrafeiradesantana.com.br\\\/sobre\\\/prefeito-jose-ronaldo-e-ministro-rui-costa-cumprem-agenda-de-obras-em-feira-na-segunda-23\\\/#listItem\",\"position\":3,\"name\":\"Prefeito Jos\\u00e9 Ronaldo e ministro Rui Costa cumprem agenda de obras em Feira na segunda (23)\",\"previousItem\":{\"@type\":\"ListItem\",\"@id\":\"https:\\\/\\\/www.encontrafeiradesantana.com.br\\\/sobre\\\/noticias-em-feira-de-santana\\\/#listItem\",\"name\":\"Not\\u00edcias Feira de Santana\"}}]},{\"@type\":\"Organization\",\"@id\":\"https:\\\/\\\/www.encontrafeiradesantana.com.br\\\/sobre\\\/#organization\",\"name\":\"Encontra Feira de Santana\",\"description\":\"Not\\u00edcias, eventos, informa\\u00e7\\u00f5es e dicas na cidade Feira de Santana e regi\\u00e3o.\",\"url\":\"https:\\\/\\\/www.encontrafeiradesantana.com.br\\\/sobre\\\/\"},{\"@type\":\"Person\",\"@id\":\"https:\\\/\\\/www.encontrafeiradesantana.com.br\\\/sobre\\\/author\\\/efeiradesantana\\\/#author\",\"url\":\"https:\\\/\\\/www.encontrafeiradesantana.com.br\\\/sobre\\\/author\\\/efeiradesantana\\\/\",\"name\":\"Encontra Feira de Santana\",\"image\":{\"@type\":\"ImageObject\",\"@id\":\"https:\\\/\\\/www.encontrafeiradesantana.com.br\\\/sobre\\\/prefeito-jose-ronaldo-e-ministro-rui-costa-cumprem-agenda-de-obras-em-feira-na-segunda-23\\\/#authorImage\",\"url\":\"https:\\\/\\\/secure.gravatar.com\\\/avatar\\\/507340682b8270222e1f208e23198b6ae7e2c6a1033ae84e99bc6bce4f82a387?s=96&d=mm&r=g\",\"width\":96,\"height\":96,\"caption\":\"Encontra Feira de Santana\"}},{\"@type\":\"WebPage\",\"@id\":\"https:\\\/\\\/www.encontrafeiradesantana.com.br\\\/sobre\\\/prefeito-jose-ronaldo-e-ministro-rui-costa-cumprem-agenda-de-obras-em-feira-na-segunda-23\\\/#webpage\",\"url\":\"https:\\\/\\\/www.encontrafeiradesantana.com.br\\\/sobre\\\/prefeito-jose-ronaldo-e-ministro-rui-costa-cumprem-agenda-de-obras-em-feira-na-segunda-23\\\/\",\"name\":\"Prefeito Jos\\u00e9 Ronaldo e ministro Rui Costa cumprem agenda de obras em Feira na segunda (23) | Encontra Feira de Santana\",\"description\":\"Prefeito Jos\\u00e9 Ronaldo e ministro Rui Costa trazem grandes obras para Feira de Santana.\",\"inLanguage\":\"pt-BR\",\"isPartOf\":{\"@id\":\"https:\\\/\\\/www.encontrafeiradesantana.com.br\\\/sobre\\\/#website\"},\"breadcrumb\":{\"@id\":\"https:\\\/\\\/www.encontrafeiradesantana.com.br\\\/sobre\\\/prefeito-jose-ronaldo-e-ministro-rui-costa-cumprem-agenda-de-obras-em-feira-na-segunda-23\\\/#breadcrumblist\"},\"author\":{\"@id\":\"https:\\\/\\\/www.encontrafeiradesantana.com.br\\\/sobre\\\/author\\\/efeiradesantana\\\/#author\"},\"creator\":{\"@id\":\"https:\\\/\\\/www.encontrafeiradesantana.com.br\\\/sobre\\\/author\\\/efeiradesantana\\\/#author\"},\"image\":{\"@type\":\"ImageObject\",\"url\":\"https:\\\/\\\/www.encontrafeiradesantana.com.br\\\/sobre\\\/wp-content\\\/uploads\\\/2026\\\/02\\\/prefeito-jose-ronaldo-e-ministro-rui-costa-cumprem-agenda-de-obras-em-feira-na-segunda-23.webp\",\"@id\":\"https:\\\/\\\/www.encontrafeiradesantana.com.br\\\/sobre\\\/prefeito-jose-ronaldo-e-ministro-rui-costa-cumprem-agenda-de-obras-em-feira-na-segunda-23\\\/#mainImage\",\"width\":280,\"height\":280,\"caption\":\"Prefeito Jos\\u00e9 Ronaldo\"},\"primaryImageOfPage\":{\"@id\":\"https:\\\/\\\/www.encontrafeiradesantana.com.br\\\/sobre\\\/prefeito-jose-ronaldo-e-ministro-rui-costa-cumprem-agenda-de-obras-em-feira-na-segunda-23\\\/#mainImage\"},\"datePublished\":\"2026-02-21T03:19:59-03:00\",\"dateModified\":\"2026-02-21T03:19:59-03:00\"},{\"@type\":\"WebSite\",\"@id\":\"https:\\\/\\\/www.encontrafeiradesantana.com.br\\\/sobre\\\/#website\",\"url\":\"https:\\\/\\\/www.encontrafeiradesantana.com.br\\\/sobre\\\/\",\"name\":\"Encontra Feira de Santana\",\"description\":\"Not\\u00edcias, eventos, informa\\u00e7\\u00f5es e dicas na cidade Feira de Santana e regi\\u00e3o.\",\"inLanguage\":\"pt-BR\",\"publisher\":{\"@id\":\"https:\\\/\\\/www.encontrafeiradesantana.com.br\\\/sobre\\\/#organization\"}}]}\n\t\t<\/script>\n\t\t<!-- All in One SEO -->\n\n","aioseo_head_json":{"title":"Prefeito Jos\u00e9 Ronaldo e ministro Rui Costa cumprem agenda de obras em Feira na segunda (23) | Encontra Feira de Santana","description":"Prefeito Jos\u00e9 Ronaldo e ministro Rui Costa trazem grandes obras para Feira de Santana.","canonical_url":"https:\/\/www.encontrafeiradesantana.com.br\/sobre\/prefeito-jose-ronaldo-e-ministro-rui-costa-cumprem-agenda-de-obras-em-feira-na-segunda-23\/","robots":"max-image-preview:large","keywords":"","webmasterTools":{"miscellaneous":""},"schema":{"@context":"https:\/\/schema.org","@graph":[{"@type":"Article","@id":"https:\/\/www.encontrafeiradesantana.com.br\/sobre\/prefeito-jose-ronaldo-e-ministro-rui-costa-cumprem-agenda-de-obras-em-feira-na-segunda-23\/#article","name":"Prefeito Jos\u00e9 Ronaldo e ministro Rui Costa cumprem agenda de obras em Feira na segunda (23) | Encontra Feira de Santana","headline":"Prefeito Jos\u00e9 Ronaldo e ministro Rui Costa cumprem agenda de obras em Feira na segunda (23)","author":{"@id":"https:\/\/www.encontrafeiradesantana.com.br\/sobre\/author\/efeiradesantana\/#author"},"publisher":{"@id":"https:\/\/www.encontrafeiradesantana.com.br\/sobre\/#organization"},"image":{"@type":"ImageObject","url":"https:\/\/www.encontrafeiradesantana.com.br\/sobre\/wp-content\/uploads\/2026\/02\/prefeito-jose-ronaldo-e-ministro-rui-costa-cumprem-agenda-de-obras-em-feira-na-segunda-23.webp","width":280,"height":280,"caption":"Prefeito Jos\u00e9 Ronaldo"},"datePublished":"2026-02-21T03:19:59-03:00","dateModified":"2026-02-21T03:19:59-03:00","inLanguage":"pt-BR","mainEntityOfPage":{"@id":"https:\/\/www.encontrafeiradesantana.com.br\/sobre\/prefeito-jose-ronaldo-e-ministro-rui-costa-cumprem-agenda-de-obras-em-feira-na-segunda-23\/#webpage"},"isPartOf":{"@id":"https:\/\/www.encontrafeiradesantana.com.br\/sobre\/prefeito-jose-ronaldo-e-ministro-rui-costa-cumprem-agenda-de-obras-em-feira-na-segunda-23\/#webpage"},"articleSection":"Not\u00edcias Feira de Santana"},{"@type":"BreadcrumbList","@id":"https:\/\/www.encontrafeiradesantana.com.br\/sobre\/prefeito-jose-ronaldo-e-ministro-rui-costa-cumprem-agenda-de-obras-em-feira-na-segunda-23\/#breadcrumblist","itemListElement":[{"@type":"ListItem","@id":"https:\/\/www.encontrafeiradesantana.com.br\/sobre#listItem","position":1,"name":"In\u00edcio","item":"https:\/\/www.encontrafeiradesantana.com.br\/sobre","nextItem":{"@type":"ListItem","@id":"https:\/\/www.encontrafeiradesantana.com.br\/sobre\/noticias-em-feira-de-santana\/#listItem","name":"Not\u00edcias Feira de Santana"}},{"@type":"ListItem","@id":"https:\/\/www.encontrafeiradesantana.com.br\/sobre\/noticias-em-feira-de-santana\/#listItem","position":2,"name":"Not\u00edcias Feira de Santana","item":"https:\/\/www.encontrafeiradesantana.com.br\/sobre\/noticias-em-feira-de-santana\/","nextItem":{"@type":"ListItem","@id":"https:\/\/www.encontrafeiradesantana.com.br\/sobre\/prefeito-jose-ronaldo-e-ministro-rui-costa-cumprem-agenda-de-obras-em-feira-na-segunda-23\/#listItem","name":"Prefeito Jos\u00e9 Ronaldo e ministro Rui Costa cumprem agenda de obras em Feira na segunda (23)"},"previousItem":{"@type":"ListItem","@id":"https:\/\/www.encontrafeiradesantana.com.br\/sobre#listItem","name":"In\u00edcio"}},{"@type":"ListItem","@id":"https:\/\/www.encontrafeiradesantana.com.br\/sobre\/prefeito-jose-ronaldo-e-ministro-rui-costa-cumprem-agenda-de-obras-em-feira-na-segunda-23\/#listItem","position":3,"name":"Prefeito Jos\u00e9 Ronaldo e ministro Rui Costa cumprem agenda de obras em Feira na segunda (23)","previousItem":{"@type":"ListItem","@id":"https:\/\/www.encontrafeiradesantana.com.br\/sobre\/noticias-em-feira-de-santana\/#listItem","name":"Not\u00edcias Feira de Santana"}}]},{"@type":"Organization","@id":"https:\/\/www.encontrafeiradesantana.com.br\/sobre\/#organization","name":"Encontra Feira de Santana","description":"Not\u00edcias, eventos, informa\u00e7\u00f5es e dicas na cidade Feira de Santana e regi\u00e3o.","url":"https:\/\/www.encontrafeiradesantana.com.br\/sobre\/"},{"@type":"Person","@id":"https:\/\/www.encontrafeiradesantana.com.br\/sobre\/author\/efeiradesantana\/#author","url":"https:\/\/www.encontrafeiradesantana.com.br\/sobre\/author\/efeiradesantana\/","name":"Encontra Feira de Santana","image":{"@type":"ImageObject","@id":"https:\/\/www.encontrafeiradesantana.com.br\/sobre\/prefeito-jose-ronaldo-e-ministro-rui-costa-cumprem-agenda-de-obras-em-feira-na-segunda-23\/#authorImage","url":"https:\/\/secure.gravatar.com\/avatar\/507340682b8270222e1f208e23198b6ae7e2c6a1033ae84e99bc6bce4f82a387?s=96&d=mm&r=g","width":96,"height":96,"caption":"Encontra Feira de Santana"}},{"@type":"WebPage","@id":"https:\/\/www.encontrafeiradesantana.com.br\/sobre\/prefeito-jose-ronaldo-e-ministro-rui-costa-cumprem-agenda-de-obras-em-feira-na-segunda-23\/#webpage","url":"https:\/\/www.encontrafeiradesantana.com.br\/sobre\/prefeito-jose-ronaldo-e-ministro-rui-costa-cumprem-agenda-de-obras-em-feira-na-segunda-23\/","name":"Prefeito Jos\u00e9 Ronaldo e ministro Rui Costa cumprem agenda de obras em Feira na segunda (23) | Encontra Feira de Santana","description":"Prefeito Jos\u00e9 Ronaldo e ministro Rui Costa trazem grandes obras para Feira de Santana.","inLanguage":"pt-BR","isPartOf":{"@id":"https:\/\/www.encontrafeiradesantana.com.br\/sobre\/#website"},"breadcrumb":{"@id":"https:\/\/www.encontrafeiradesantana.com.br\/sobre\/prefeito-jose-ronaldo-e-ministro-rui-costa-cumprem-agenda-de-obras-em-feira-na-segunda-23\/#breadcrumblist"},"author":{"@id":"https:\/\/www.encontrafeiradesantana.com.br\/sobre\/author\/efeiradesantana\/#author"},"creator":{"@id":"https:\/\/www.encontrafeiradesantana.com.br\/sobre\/author\/efeiradesantana\/#author"},"image":{"@type":"ImageObject","url":"https:\/\/www.encontrafeiradesantana.com.br\/sobre\/wp-content\/uploads\/2026\/02\/prefeito-jose-ronaldo-e-ministro-rui-costa-cumprem-agenda-de-obras-em-feira-na-segunda-23.webp","@id":"https:\/\/www.encontrafeiradesantana.com.br\/sobre\/prefeito-jose-ronaldo-e-ministro-rui-costa-cumprem-agenda-de-obras-em-feira-na-segunda-23\/#mainImage","width":280,"height":280,"caption":"Prefeito Jos\u00e9 Ronaldo"},"primaryImageOfPage":{"@id":"https:\/\/www.encontrafeiradesantana.com.br\/sobre\/prefeito-jose-ronaldo-e-ministro-rui-costa-cumprem-agenda-de-obras-em-feira-na-segunda-23\/#mainImage"},"datePublished":"2026-02-21T03:19:59-03:00","dateModified":"2026-02-21T03:19:59-03:00"},{"@type":"WebSite","@id":"https:\/\/www.encontrafeiradesantana.com.br\/sobre\/#website","url":"https:\/\/www.encontrafeiradesantana.com.br\/sobre\/","name":"Encontra Feira de Santana","description":"Not\u00edcias, eventos, informa\u00e7\u00f5es e dicas na cidade Feira de Santana e regi\u00e3o.","inLanguage":"pt-BR","publisher":{"@id":"https:\/\/www.encontrafeiradesantana.com.br\/sobre\/#organization"}}]},"og:locale":"pt_BR","og:site_name":"Encontra Feira de Santana | Not\u00edcias, eventos, informa\u00e7\u00f5es e dicas na cidade Feira de Santana e regi\u00e3o.","og:type":"article","og:title":"Prefeito Jos\u00e9 Ronaldo e ministro Rui Costa cumprem agenda de obras em Feira na segunda (23) | Encontra Feira de Santana","og:description":"Prefeito Jos\u00e9 Ronaldo e ministro Rui Costa trazem grandes obras para Feira de Santana.","og:url":"https:\/\/www.encontrafeiradesantana.com.br\/sobre\/prefeito-jose-ronaldo-e-ministro-rui-costa-cumprem-agenda-de-obras-em-feira-na-segunda-23\/","article:published_time":"2026-02-21T06:19:59+00:00","article:modified_time":"2026-02-21T06:19:59+00:00","twitter:card":"summary","twitter:title":"Prefeito Jos\u00e9 Ronaldo e ministro Rui Costa cumprem agenda de obras em Feira na segunda (23) | Encontra Feira de Santana","twitter:description":"Prefeito Jos\u00e9 Ronaldo e ministro Rui Costa trazem grandes obras para Feira de Santana."},"aioseo_meta_data":{"post_id":"1674","title":null,"description":null,"keywords":null,"keyphrases":null,"primary_term":null,"canonical_url":null,"og_title":null,"og_description":null,"og_object_type":"default","og_image_type":"default","og_image_url":null,"og_image_width":null,"og_image_height":null,"og_image_custom_url":null,"og_image_custom_fields":null,"og_video":null,"og_custom_url":null,"og_article_section":null,"og_article_tags":null,"twitter_use_og":false,"twitter_card":"default","twitter_image_type":"default","twitter_image_url":null,"twitter_image_custom_url":null,"twitter_image_custom_fields":null,"twitter_title":null,"twitter_description":null,"schema":{"blockGraphs":[],"customGraphs":[],"default":{"data":{"Article":[],"Course":[],"Dataset":[],"FAQPage":[],"Movie":[],"Person":[],"Product":[],"ProductReview":[],"Car":[],"Recipe":[],"Service":[],"SoftwareApplication":[],"WebPage":[]},"graphName":"Article","isEnabled":true},"graphs":[]},"schema_type":"default","schema_type_options":null,"pillar_content":false,"robots_default":true,"robots_noindex":false,"robots_noarchive":false,"robots_nosnippet":false,"robots_nofollow":false,"robots_noimageindex":false,"robots_noodp":false,"robots_notranslate":false,"robots_max_snippet":null,"robots_max_videopreview":null,"robots_max_imagepreview":"large","priority":null,"frequency":null,"local_seo":null,"breadcrumb_settings":null,"limit_modified_date":false,"ai":null,"created":"2026-02-21 06:20:03","updated":"2026-02-21 06:25:05","focus_keyword":null,"additional_keywords":null,"truseo_locale":null,"seo_analyzer_scan_date":null},"aioseo_breadcrumb":"<div class=\"aioseo-breadcrumbs\"><span class=\"aioseo-breadcrumb\">\n\t\t\t<a href=\"https:\/\/www.encontrafeiradesantana.com.br\/sobre\" title=\"In\u00edcio\">In\u00edcio<\/a>\n\t\t<\/span><span class=\"aioseo-breadcrumb-separator\">&raquo;<\/span><span class=\"aioseo-breadcrumb\">\n\t\t\t<a href=\"https:\/\/www.encontrafeiradesantana.com.br\/sobre\/noticias-em-feira-de-santana\/\" title=\"Not\u00edcias Feira de Santana\">Not\u00edcias Feira de Santana<\/a>\n\t\t<\/span><span class=\"aioseo-breadcrumb-separator\">&raquo;<\/span><span class=\"aioseo-breadcrumb\">\n\t\t\tPrefeito Jos\u00e9 Ronaldo e ministro Rui Costa cumprem agenda de obras em Feira na segunda (23)\n\t\t<\/span><\/div>","aioseo_breadcrumb_json":[{"label":"In\u00edcio","link":"https:\/\/www.encontrafeiradesantana.com.br\/sobre"},{"label":"Not\u00edcias Feira de Santana","link":"https:\/\/www.encontrafeiradesantana.com.br\/sobre\/noticias-em-feira-de-santana\/"},{"label":"Prefeito Jos\u00e9 Ronaldo e ministro Rui Costa cumprem agenda de obras em Feira na segunda (23)","link":"https:\/\/www.encontrafeiradesantana.com.br\/sobre\/prefeito-jose-ronaldo-e-ministro-rui-costa-cumprem-agenda-de-obras-em-feira-na-segunda-23\/"}],"_links":{"self":[{"href":"https:\/\/www.encontrafeiradesantana.com.br\/sobre\/wp-json\/wp\/v2\/posts\/1674","targetHints":{"allow":["GET"]}}],"collection":[{"href":"https:\/\/www.encontrafeiradesantana.com.br\/sobre\/wp-json\/wp\/v2\/posts"}],"about":[{"href":"https:\/\/www.encontrafeiradesantana.com.br\/sobre\/wp-json\/wp\/v2\/types\/post"}],"author":[{"embeddable":true,"href":"https:\/\/www.encontrafeiradesantana.com.br\/sobre\/wp-json\/wp\/v2\/users\/1"}],"replies":[{"embeddable":true,"href":"https:\/\/www.encontrafeiradesantana.com.br\/sobre\/wp-json\/wp\/v2\/comments?post=1674"}],"version-history":[{"count":0,"href":"https:\/\/www.encontrafeiradesantana.com.br\/sobre\/wp-json\/wp\/v2\/posts\/1674\/revisions"}],"wp:featuredmedia":[{"embeddable":true,"href":"https:\/\/www.encontrafeiradesantana.com.br\/sobre\/wp-json\/wp\/v2\/media\/1673"}],"wp:attachment":[{"href":"https:\/\/www.encontrafeiradesantana.com.br\/sobre\/wp-json\/wp\/v2\/media?parent=1674"}],"wp:term":[{"taxonomy":"category","embeddable":true,"href":"https:\/\/www.encontrafeiradesantana.com.br\/sobre\/wp-json\/wp\/v2\/categories?post=1674"},{"taxonomy":"post_tag","embeddable":true,"href":"https:\/\/www.encontrafeiradesantana.com.br\/sobre\/wp-json\/wp\/v2\/tags?post=1674"}],"curies":[{"name":"wp","href":"https:\/\/api.w.org\/{rel}","templated":true}]}}