{"id":1672,"date":"2026-02-21T03:18:17","date_gmt":"2026-02-21T06:18:17","guid":{"rendered":"https:\/\/www.encontrafeiradesantana.com.br\/sobre\/publicado-decreto-que-denomina-rua-que-liga-a-artemia-pires-ao-bairro-registro\/"},"modified":"2026-02-21T03:18:17","modified_gmt":"2026-02-21T06:18:17","slug":"publicado-decreto-que-denomina-rua-que-liga-a-artemia-pires-ao-bairro-registro","status":"publish","type":"post","link":"https:\/\/www.encontrafeiradesantana.com.br\/sobre\/publicado-decreto-que-denomina-rua-que-liga-a-artemia-pires-ao-bairro-registro\/","title":{"rendered":"Publicado decreto que denomina rua que liga a Art\u00eamia Pires ao bairro Registro"},"content":{"rendered":"<div class=\"3f468104ad11f00a3c9ac948316f4265\" data-index=\"1\" style=\"float: none; margin:0px;\">\n<ins class=\"adsbygoogle\"\r\n     style=\"display:block\"\r\n     data-ad-client=\"ca-pub-8585364105181520\"\r\n     data-ad-slot=\"8789329856\"\r\n     data-ad-format=\"auto\"\r\n     data-full-width-responsive=\"true\"><\/ins>\r\n<script>\r\n     (adsbygoogle = window.adsbygoogle || []).push({});\r\n<\/script>\r\n\n<\/div>\n<h2>O que diz o Decreto n\u00ba 14.372?<\/h2>\n<p>No dia 20 de fevereiro de 2026, foi publicado no Di\u00e1rio Oficial Eletr\u00f4nico o Decreto n\u00ba 14.372, que estabelece a denomina\u00e7\u00e3o de uma nova via p\u00fablica na cidade de Feira de Santana. Esse documento, assinado pelo prefeito Jos\u00e9 Ronaldo de Carvalho, confere ao logradouro o nome de Rua Pedro Paulo D\u2019 Oliveira. A rua \u00e9 uma extens\u00e3o que se inicia na Avenida Artemia Pires Freitas, sendo uma via sem sa\u00edda ao lado do Condom\u00ednio Villa Felicitt\u00e0, situado no bairro Registro.<\/p>\n<p>O decreto determina que as placas indicativas com o novo nome da rua sejam instaladas pela Prefeitura, para que haja uma correta identifica\u00e7\u00e3o do local e para facilitar a organiza\u00e7\u00e3o da cidade. Al\u00e9m do prefeito, o decreto tamb\u00e9m \u00e9 assinado por outras autoridades, como o chefe de Gabinete, Mario Costa Borges, e o procurador-geral do Munic\u00edpio, Antonio Augusto Gra\u00e7a Leal.<\/p>\n<h2>Quem foi Pedro Paulo D\u2019 Oliveira?<\/h2>\n<p>Pedro Paulo D\u2019 Oliveira \u00e9 uma figura que merece reconhecimento na hist\u00f3ria local. Embora informa\u00e7\u00f5es detalhadas sobre sua vida e contribui\u00e7\u00f5es possam n\u00e3o ser amplamente conhecidas, a nomea\u00e7\u00e3o da rua em homenagem a ele sugere que foi uma pessoa que teve um impacto significativo na comunidade ou que se destacou em alguma \u00e1rea relevante para a sociedade. Estruturar homenagens desse tipo \u00e9 uma forma de celebrar legados e manter a mem\u00f3ria de cidad\u00e3os que contribu\u00edram para o desenvolvimento da cidade de Feira de Santana.<\/p>\n<p><img decoding=\"async\" src=\"https:\/\/www.encontrafeiradesantana.com.br\/sobre\/wp-content\/uploads\/2026\/02\/publicado-decreto-que-denomina-rua-que-liga-a-artemia-pires-ao-bairro-registro.webp\" alt=\"Rua Pedro Paulo D\u2019 Oliveira\" loading=\"lazy\" \/><\/p>\n<h2>A import\u00e2ncia das placas de identifica\u00e7\u00e3o<\/h2>\n<p>As placas de identifica\u00e7\u00e3o das ruas desempenham um papel crucial na urbaniza\u00e7\u00e3o e na organiza\u00e7\u00e3o do espa\u00e7o p\u00fablico. Com o novo nome registrado, os cidad\u00e3os e visitantes poder\u00e3o encontrar mais facilmente o caminho, facilitando o tr\u00e1fego e a navega\u00e7\u00e3o pela regi\u00e3o. As placas visam n\u00e3o apenas a orienta\u00e7\u00e3o de pessoas que transitam pelo local, mas tamb\u00e9m fortalecem a identidade do bairro Registro, integrando-o de maneira mais n\u00edtida no mapa urbano.<\/p>\n<p>A aus\u00eancia de denomina\u00e7\u00f5es claras pode levar a confus\u00f5es e erros na localiza\u00e7\u00e3o de endere\u00e7os, afetando servi\u00e7os essenciais como entrega de correspond\u00eancias e servi\u00e7os de emerg\u00eancia. Portanto, a afixa\u00e7\u00e3o das placas que indicam Rua Pedro Paulo D\u2019 Oliveira \u00e9 um passo importante para a melhoria da infraestrutura urbana.<\/p>\n<h2>Conex\u00f5es e acessibilidade no bairro Registro<\/h2>\n<p>O bairro Registro, ao receber esta nova via, pode esperar um aumento na conectividade com outras \u00e1reas da cidade, particularmente com a Avenida Artemia Pires Freitas, uma via significativa na regi\u00e3o. Com o desenvolvimento de novas ruas, como a Rua Pedro Paulo D\u2019 Oliveira, a acessibilidade tamb\u00e9m se expande, permitindo melhores condi\u00e7\u00f5es de deslocamento para os moradores. <\/p>\n<p>A melhoria nas conex\u00f5es vi\u00e1rias \u00e9 um fator vital para a valoriza\u00e7\u00e3o do bairro e para a qualidade de vida de seus residentes. A cria\u00e7\u00e3o de novas vias pode promover o com\u00e9rcio local, incentivar a constru\u00e7\u00e3o civil e gerar novos empregos. Al\u00e9m disso, avenidas mais conectadas facilitam o tr\u00e2nsito e podem proporcionar um ambiente mais seguro para pedestres e ciclistas.<\/p>\n<h2>Significado de denominar ruas<\/h2>\n<p>A denomina\u00e7\u00e3o de ruas tem um significado importante para a constru\u00e7\u00e3o da identidade cultural e hist\u00f3rica de uma cidade. Nomes de figuras significativas, como o de Pedro Paulo D\u2019 Oliveira, s\u00e3o uma forma de reconhecimento e respeito por aqueles que contribu\u00edram de maneira positiva para a sociedade. Essa pr\u00e1tica ajuda a preservar a mem\u00f3ria coletiva e a transmitir aos cidad\u00e3os o valor de suas hist\u00f3rias e legados.<\/p>\n<p>Al\u00e9m disso, a nomea\u00e7\u00e3o de ruas tamb\u00e9m pode incentivar o envolvimento da comunidade em quest\u00f5es sociais e hist\u00f3ricas, criando um sentimento de pertencimento e identifica\u00e7\u00e3o com o local onde vivem. Cada rua nomeada traz consigo uma narrativa, um elo com o passado que pode inspirar as futuras gera\u00e7\u00f5es.<\/p>\n<h2>Impacto na organiza\u00e7\u00e3o urbana de Feira de Santana<\/h2>\n<p>Com a implementa\u00e7\u00e3o do Decreto n\u00ba 14.372 e a cria\u00e7\u00e3o da Rua Pedro Paulo D\u2019 Oliveira, o impacto na organiza\u00e7\u00e3o urbana de Feira de Santana pode ser observado em diferentes \u00e1reas. Em primeiro lugar, a iniciativa promove uma melhor estrutura\u00e7\u00e3o do espa\u00e7o urbano, tornando a cidade mais organizada e visualmente agrad\u00e1vel. <\/p>\n<p>Al\u00e9m disso, a correta identifica\u00e7\u00e3o dos logradouros pode facilitar os servi\u00e7os p\u00fablicos, como coleta de lixo, manuten\u00e7\u00e3o de infraestrutura, seguran\u00e7a p\u00fablica, entre outros. Uma cidade bem organizada tende a ser mais atrativa tanto para quem reside quanto para investidores e turistas, refletindo positivamente na economia local.<\/p>\n<h2>Expectativas dos moradores sobre a nova rua<\/h2>\n<p>Os moradores do bairro Registro, assim como os de \u00e1reas vizinhas, podem ter muitas expectativas em rela\u00e7\u00e3o a essa nova denomina\u00e7\u00e3o. A cria\u00e7\u00e3o da Rua Pedro Paulo D\u2019 Oliveira pode trazer um aumento no valor de suas propriedades, tornando a \u00e1rea mais valorizada e atraente para novos residentes e comerciantes.<\/p>\n<p>Al\u00e9m disso, a expectativa \u00e9 que a nova via traga melhorias na infraestrutura e, consequentemente, na qualidade de vida. Os cidad\u00e3os podem esperar um aumento na seguran\u00e7a e na comodidade com a numera\u00e7\u00e3o das casas e a organiza\u00e7\u00e3o do tr\u00e1fico, fatores que impactam diretamente na rotina e bem-estar de quem reside naquela regi\u00e3o.<\/p>\n<h2>Como se d\u00e1 o processo de denomina\u00e7\u00e3o de logradouros<\/h2>\n<p>O processo de denomina\u00e7\u00e3o de logradouros geralmente envolve v\u00e1rias etapas que incluem discuss\u00f5es p\u00fablicas e a aprova\u00e7\u00e3o de um projeto oficial. A iniciativa pode partir da pr\u00f3pria Prefeitura, de propostas de cidad\u00e3os ou de comiss\u00f5es locais. Ap\u00f3s a proposta ser elaborada, ela precisa seguir os tr\u00e2mites legais, que incluem pareceres t\u00e9cnicos e aprova\u00e7\u00e3o legislativa.<\/p>\n<p>Uma vez aprovada, a nova denomina\u00e7\u00e3o \u00e9 tornada p\u00fablica, como aconteceu com a Rua Pedro Paulo D\u2019 Oliveira, atrav\u00e9s de um decreto que formaliza a altera\u00e7\u00e3o. Essa formaliza\u00e7\u00e3o \u00e9 essencial para que haja uma identifica\u00e7\u00e3o clara e sistem\u00e1tica do novo nome, bem como para a eventual instala\u00e7\u00e3o das placas indicativas.<\/p>\n<h2>Hist\u00f3rias de outras ruas not\u00e1veis em Feira<\/h2>\n<p>Feira de Santana possui diversas ruas que, ao longo da sua hist\u00f3ria, passaram a ter nomes relacionados a figuras hist\u00f3ricas, eventos ou caracter\u00edsticas da regi\u00e3o. Cada nomeado traz consigo uma hist\u00f3ria que contribui para a identidade cultural da cidade. Ruas como a Avenida Senhor dos Passos e Rua Conselheiro Franco s\u00e3o exemplos de denomina\u00e7\u00f5es que refletem a trajet\u00f3ria e a mem\u00f3ria da popula\u00e7\u00e3o.<\/p>\n<p>Essas hist\u00f3rias n\u00e3o s\u00f3 interligam o presente ao passado, mas tamb\u00e9m servem como refer\u00eancia para a forma\u00e7\u00e3o do car\u00e1ter comunit\u00e1rio e hist\u00f3rico da cidade. Atrav\u00e9s dessa narrativa urbana, os cidad\u00e3os se conectam aos eventos e personalidades que moldaram sua comunidade.<\/p>\n<h2>O papel da Prefeitura na melhoria urbana<\/h2>\n<p>A Prefeitura desempenha um papel fundamental na melhoria da infraestrutura urbana e na qualidade dos servi\u00e7os p\u00fablicos. Atrav\u00e9s de a\u00e7\u00f5es como a nomea\u00e7\u00e3o de ruas e a implementa\u00e7\u00e3o de novos logradouros, ela busca atender \u00e0s necessidades dos cidad\u00e3os e trazer melhorias significativas para o espa\u00e7o urbano.<\/p>\n<p>Al\u00e9m disso, a administra\u00e7\u00e3o municipal \u00e9 respons\u00e1vel por planejar e executar obras que visam favorecer o desenvolvimento sustent\u00e1vel da cidade. Com o comprometimento em modernizar e estruturar melhor a cidade, a Prefeitura contribui para o bem-estar de todos os seus moradores, estabelecendo um ambiente adequado para viver, trabalhar e se divertir. Medidas como essas s\u00e3o parte de um esfor\u00e7o cont\u00ednuo de transforma\u00e7\u00e3o e progresso que busca tornar Feira de Santana uma cidade ainda mais vibrante e acolhedora.<\/p>\n\n<div style=\"font-size: 0px; height: 0px; line-height: 0px; margin: 0; padding: 0; clear: both;\"><\/div>","protected":false},"excerpt":{"rendered":"<p>Rua Pedro Paulo D\u2019 Oliveira \u00e9 oficialmente a nova denomina\u00e7\u00e3o em Feira de Santana.<\/p>\n","protected":false},"author":1,"featured_media":1671,"comment_status":"open","ping_status":"closed","sticky":false,"template":"","format":"standard","meta":{"footnotes":""},"categories":[6],"tags":[],"class_list":["post-1672","post","type-post","status-publish","format-standard","has-post-thumbnail","hentry","category-noticias-em-feira-de-santana","has_thumb"],"aioseo_notices":[],"aioseo_head":"\n\t\t<!-- All in One SEO 5.0.0.1 - aioseo.com -->\n\t<meta name=\"description\" content=\"Rua Pedro Paulo D\u2019 Oliveira \u00e9 oficialmente a nova denomina\u00e7\u00e3o em Feira de Santana.\" \/>\n\t<meta name=\"robots\" content=\"max-image-preview:large\" \/>\n\t<meta name=\"author\" content=\"Encontra Feira de Santana\"\/>\n\t<link rel=\"canonical\" href=\"https:\/\/www.encontrafeiradesantana.com.br\/sobre\/publicado-decreto-que-denomina-rua-que-liga-a-artemia-pires-ao-bairro-registro\/\" \/>\n\t<meta name=\"generator\" content=\"All in One SEO (AIOSEO) 5.0.0.1\" \/>\n\t\t<meta property=\"og:locale\" content=\"pt_BR\" \/>\n\t\t<meta property=\"og:site_name\" content=\"Encontra Feira de Santana | Not\u00edcias, eventos, informa\u00e7\u00f5es e dicas na cidade Feira de Santana e regi\u00e3o.\" \/>\n\t\t<meta property=\"og:type\" content=\"article\" \/>\n\t\t<meta property=\"og:title\" content=\"Publicado decreto que denomina rua que liga a Art\u00eamia Pires ao bairro Registro | Encontra Feira de Santana\" \/>\n\t\t<meta property=\"og:description\" content=\"Rua Pedro Paulo D\u2019 Oliveira \u00e9 oficialmente a nova denomina\u00e7\u00e3o em Feira de Santana.\" \/>\n\t\t<meta property=\"og:url\" content=\"https:\/\/www.encontrafeiradesantana.com.br\/sobre\/publicado-decreto-que-denomina-rua-que-liga-a-artemia-pires-ao-bairro-registro\/\" \/>\n\t\t<meta property=\"article:published_time\" content=\"2026-02-21T06:18:17+00:00\" \/>\n\t\t<meta property=\"article:modified_time\" content=\"2026-02-21T06:18:17+00:00\" \/>\n\t\t<meta name=\"twitter:card\" content=\"summary\" \/>\n\t\t<meta name=\"twitter:title\" content=\"Publicado decreto que denomina rua que liga a Art\u00eamia Pires ao bairro Registro | Encontra Feira de Santana\" \/>\n\t\t<meta name=\"twitter:description\" content=\"Rua Pedro Paulo D\u2019 Oliveira \u00e9 oficialmente a nova denomina\u00e7\u00e3o em Feira de Santana.\" \/>\n\t\t<script type=\"application\/ld+json\" class=\"aioseo-schema\">\n\t\t\t{\"@context\":\"https:\\\/\\\/schema.org\",\"@graph\":[{\"@type\":\"Article\",\"@id\":\"https:\\\/\\\/www.encontrafeiradesantana.com.br\\\/sobre\\\/publicado-decreto-que-denomina-rua-que-liga-a-artemia-pires-ao-bairro-registro\\\/#article\",\"name\":\"Publicado decreto que denomina rua que liga a Art\\u00eamia Pires ao bairro Registro | Encontra Feira de Santana\",\"headline\":\"Publicado decreto que denomina rua que liga a Art\\u00eamia Pires ao bairro Registro\",\"author\":{\"@id\":\"https:\\\/\\\/www.encontrafeiradesantana.com.br\\\/sobre\\\/author\\\/efeiradesantana\\\/#author\"},\"publisher\":{\"@id\":\"https:\\\/\\\/www.encontrafeiradesantana.com.br\\\/sobre\\\/#organization\"},\"image\":{\"@type\":\"ImageObject\",\"url\":\"https:\\\/\\\/www.encontrafeiradesantana.com.br\\\/sobre\\\/wp-content\\\/uploads\\\/2026\\\/02\\\/publicado-decreto-que-denomina-rua-que-liga-a-artemia-pires-ao-bairro-registro.webp\",\"width\":280,\"height\":280,\"caption\":\"Rua Pedro Paulo D\\u2019 Oliveira\"},\"datePublished\":\"2026-02-21T03:18:17-03:00\",\"dateModified\":\"2026-02-21T03:18:17-03:00\",\"inLanguage\":\"pt-BR\",\"mainEntityOfPage\":{\"@id\":\"https:\\\/\\\/www.encontrafeiradesantana.com.br\\\/sobre\\\/publicado-decreto-que-denomina-rua-que-liga-a-artemia-pires-ao-bairro-registro\\\/#webpage\"},\"isPartOf\":{\"@id\":\"https:\\\/\\\/www.encontrafeiradesantana.com.br\\\/sobre\\\/publicado-decreto-que-denomina-rua-que-liga-a-artemia-pires-ao-bairro-registro\\\/#webpage\"},\"articleSection\":\"Not\\u00edcias Feira de Santana\"},{\"@type\":\"BreadcrumbList\",\"@id\":\"https:\\\/\\\/www.encontrafeiradesantana.com.br\\\/sobre\\\/publicado-decreto-que-denomina-rua-que-liga-a-artemia-pires-ao-bairro-registro\\\/#breadcrumblist\",\"itemListElement\":[{\"@type\":\"ListItem\",\"@id\":\"https:\\\/\\\/www.encontrafeiradesantana.com.br\\\/sobre#listItem\",\"position\":1,\"name\":\"In\\u00edcio\",\"item\":\"https:\\\/\\\/www.encontrafeiradesantana.com.br\\\/sobre\",\"nextItem\":{\"@type\":\"ListItem\",\"@id\":\"https:\\\/\\\/www.encontrafeiradesantana.com.br\\\/sobre\\\/noticias-em-feira-de-santana\\\/#listItem\",\"name\":\"Not\\u00edcias Feira de Santana\"}},{\"@type\":\"ListItem\",\"@id\":\"https:\\\/\\\/www.encontrafeiradesantana.com.br\\\/sobre\\\/noticias-em-feira-de-santana\\\/#listItem\",\"position\":2,\"name\":\"Not\\u00edcias Feira de Santana\",\"item\":\"https:\\\/\\\/www.encontrafeiradesantana.com.br\\\/sobre\\\/noticias-em-feira-de-santana\\\/\",\"nextItem\":{\"@type\":\"ListItem\",\"@id\":\"https:\\\/\\\/www.encontrafeiradesantana.com.br\\\/sobre\\\/publicado-decreto-que-denomina-rua-que-liga-a-artemia-pires-ao-bairro-registro\\\/#listItem\",\"name\":\"Publicado decreto que denomina rua que liga a Art\\u00eamia Pires ao bairro Registro\"},\"previousItem\":{\"@type\":\"ListItem\",\"@id\":\"https:\\\/\\\/www.encontrafeiradesantana.com.br\\\/sobre#listItem\",\"name\":\"In\\u00edcio\"}},{\"@type\":\"ListItem\",\"@id\":\"https:\\\/\\\/www.encontrafeiradesantana.com.br\\\/sobre\\\/publicado-decreto-que-denomina-rua-que-liga-a-artemia-pires-ao-bairro-registro\\\/#listItem\",\"position\":3,\"name\":\"Publicado decreto que denomina rua que liga a Art\\u00eamia Pires ao bairro Registro\",\"previousItem\":{\"@type\":\"ListItem\",\"@id\":\"https:\\\/\\\/www.encontrafeiradesantana.com.br\\\/sobre\\\/noticias-em-feira-de-santana\\\/#listItem\",\"name\":\"Not\\u00edcias Feira de Santana\"}}]},{\"@type\":\"Organization\",\"@id\":\"https:\\\/\\\/www.encontrafeiradesantana.com.br\\\/sobre\\\/#organization\",\"name\":\"Encontra Feira de Santana\",\"description\":\"Not\\u00edcias, eventos, informa\\u00e7\\u00f5es e dicas na cidade Feira de Santana e regi\\u00e3o.\",\"url\":\"https:\\\/\\\/www.encontrafeiradesantana.com.br\\\/sobre\\\/\"},{\"@type\":\"Person\",\"@id\":\"https:\\\/\\\/www.encontrafeiradesantana.com.br\\\/sobre\\\/author\\\/efeiradesantana\\\/#author\",\"url\":\"https:\\\/\\\/www.encontrafeiradesantana.com.br\\\/sobre\\\/author\\\/efeiradesantana\\\/\",\"name\":\"Encontra Feira de Santana\",\"image\":{\"@type\":\"ImageObject\",\"@id\":\"https:\\\/\\\/www.encontrafeiradesantana.com.br\\\/sobre\\\/publicado-decreto-que-denomina-rua-que-liga-a-artemia-pires-ao-bairro-registro\\\/#authorImage\",\"url\":\"https:\\\/\\\/secure.gravatar.com\\\/avatar\\\/507340682b8270222e1f208e23198b6ae7e2c6a1033ae84e99bc6bce4f82a387?s=96&d=mm&r=g\",\"width\":96,\"height\":96,\"caption\":\"Encontra Feira de Santana\"}},{\"@type\":\"WebPage\",\"@id\":\"https:\\\/\\\/www.encontrafeiradesantana.com.br\\\/sobre\\\/publicado-decreto-que-denomina-rua-que-liga-a-artemia-pires-ao-bairro-registro\\\/#webpage\",\"url\":\"https:\\\/\\\/www.encontrafeiradesantana.com.br\\\/sobre\\\/publicado-decreto-que-denomina-rua-que-liga-a-artemia-pires-ao-bairro-registro\\\/\",\"name\":\"Publicado decreto que denomina rua que liga a Art\\u00eamia Pires ao bairro Registro | Encontra Feira de Santana\",\"description\":\"Rua Pedro Paulo D\\u2019 Oliveira \\u00e9 oficialmente a nova denomina\\u00e7\\u00e3o em Feira de Santana.\",\"inLanguage\":\"pt-BR\",\"isPartOf\":{\"@id\":\"https:\\\/\\\/www.encontrafeiradesantana.com.br\\\/sobre\\\/#website\"},\"breadcrumb\":{\"@id\":\"https:\\\/\\\/www.encontrafeiradesantana.com.br\\\/sobre\\\/publicado-decreto-que-denomina-rua-que-liga-a-artemia-pires-ao-bairro-registro\\\/#breadcrumblist\"},\"author\":{\"@id\":\"https:\\\/\\\/www.encontrafeiradesantana.com.br\\\/sobre\\\/author\\\/efeiradesantana\\\/#author\"},\"creator\":{\"@id\":\"https:\\\/\\\/www.encontrafeiradesantana.com.br\\\/sobre\\\/author\\\/efeiradesantana\\\/#author\"},\"image\":{\"@type\":\"ImageObject\",\"url\":\"https:\\\/\\\/www.encontrafeiradesantana.com.br\\\/sobre\\\/wp-content\\\/uploads\\\/2026\\\/02\\\/publicado-decreto-que-denomina-rua-que-liga-a-artemia-pires-ao-bairro-registro.webp\",\"@id\":\"https:\\\/\\\/www.encontrafeiradesantana.com.br\\\/sobre\\\/publicado-decreto-que-denomina-rua-que-liga-a-artemia-pires-ao-bairro-registro\\\/#mainImage\",\"width\":280,\"height\":280,\"caption\":\"Rua Pedro Paulo D\\u2019 Oliveira\"},\"primaryImageOfPage\":{\"@id\":\"https:\\\/\\\/www.encontrafeiradesantana.com.br\\\/sobre\\\/publicado-decreto-que-denomina-rua-que-liga-a-artemia-pires-ao-bairro-registro\\\/#mainImage\"},\"datePublished\":\"2026-02-21T03:18:17-03:00\",\"dateModified\":\"2026-02-21T03:18:17-03:00\"},{\"@type\":\"WebSite\",\"@id\":\"https:\\\/\\\/www.encontrafeiradesantana.com.br\\\/sobre\\\/#website\",\"url\":\"https:\\\/\\\/www.encontrafeiradesantana.com.br\\\/sobre\\\/\",\"name\":\"Encontra Feira de Santana\",\"description\":\"Not\\u00edcias, eventos, informa\\u00e7\\u00f5es e dicas na cidade Feira de Santana e regi\\u00e3o.\",\"inLanguage\":\"pt-BR\",\"publisher\":{\"@id\":\"https:\\\/\\\/www.encontrafeiradesantana.com.br\\\/sobre\\\/#organization\"}}]}\n\t\t<\/script>\n\t\t<!-- All in One SEO -->\n\n","aioseo_head_json":{"title":"Publicado decreto que denomina rua que liga a Art\u00eamia Pires ao bairro Registro | Encontra Feira de Santana","description":"Rua Pedro Paulo D\u2019 Oliveira \u00e9 oficialmente a nova denomina\u00e7\u00e3o em Feira de Santana.","canonical_url":"https:\/\/www.encontrafeiradesantana.com.br\/sobre\/publicado-decreto-que-denomina-rua-que-liga-a-artemia-pires-ao-bairro-registro\/","robots":"max-image-preview:large","keywords":"","webmasterTools":{"miscellaneous":""},"schema":{"@context":"https:\/\/schema.org","@graph":[{"@type":"Article","@id":"https:\/\/www.encontrafeiradesantana.com.br\/sobre\/publicado-decreto-que-denomina-rua-que-liga-a-artemia-pires-ao-bairro-registro\/#article","name":"Publicado decreto que denomina rua que liga a Art\u00eamia Pires ao bairro Registro | Encontra Feira de Santana","headline":"Publicado decreto que denomina rua que liga a Art\u00eamia Pires ao bairro Registro","author":{"@id":"https:\/\/www.encontrafeiradesantana.com.br\/sobre\/author\/efeiradesantana\/#author"},"publisher":{"@id":"https:\/\/www.encontrafeiradesantana.com.br\/sobre\/#organization"},"image":{"@type":"ImageObject","url":"https:\/\/www.encontrafeiradesantana.com.br\/sobre\/wp-content\/uploads\/2026\/02\/publicado-decreto-que-denomina-rua-que-liga-a-artemia-pires-ao-bairro-registro.webp","width":280,"height":280,"caption":"Rua Pedro Paulo D\u2019 Oliveira"},"datePublished":"2026-02-21T03:18:17-03:00","dateModified":"2026-02-21T03:18:17-03:00","inLanguage":"pt-BR","mainEntityOfPage":{"@id":"https:\/\/www.encontrafeiradesantana.com.br\/sobre\/publicado-decreto-que-denomina-rua-que-liga-a-artemia-pires-ao-bairro-registro\/#webpage"},"isPartOf":{"@id":"https:\/\/www.encontrafeiradesantana.com.br\/sobre\/publicado-decreto-que-denomina-rua-que-liga-a-artemia-pires-ao-bairro-registro\/#webpage"},"articleSection":"Not\u00edcias Feira de Santana"},{"@type":"BreadcrumbList","@id":"https:\/\/www.encontrafeiradesantana.com.br\/sobre\/publicado-decreto-que-denomina-rua-que-liga-a-artemia-pires-ao-bairro-registro\/#breadcrumblist","itemListElement":[{"@type":"ListItem","@id":"https:\/\/www.encontrafeiradesantana.com.br\/sobre#listItem","position":1,"name":"In\u00edcio","item":"https:\/\/www.encontrafeiradesantana.com.br\/sobre","nextItem":{"@type":"ListItem","@id":"https:\/\/www.encontrafeiradesantana.com.br\/sobre\/noticias-em-feira-de-santana\/#listItem","name":"Not\u00edcias Feira de Santana"}},{"@type":"ListItem","@id":"https:\/\/www.encontrafeiradesantana.com.br\/sobre\/noticias-em-feira-de-santana\/#listItem","position":2,"name":"Not\u00edcias Feira de Santana","item":"https:\/\/www.encontrafeiradesantana.com.br\/sobre\/noticias-em-feira-de-santana\/","nextItem":{"@type":"ListItem","@id":"https:\/\/www.encontrafeiradesantana.com.br\/sobre\/publicado-decreto-que-denomina-rua-que-liga-a-artemia-pires-ao-bairro-registro\/#listItem","name":"Publicado decreto que denomina rua que liga a Art\u00eamia Pires ao bairro Registro"},"previousItem":{"@type":"ListItem","@id":"https:\/\/www.encontrafeiradesantana.com.br\/sobre#listItem","name":"In\u00edcio"}},{"@type":"ListItem","@id":"https:\/\/www.encontrafeiradesantana.com.br\/sobre\/publicado-decreto-que-denomina-rua-que-liga-a-artemia-pires-ao-bairro-registro\/#listItem","position":3,"name":"Publicado decreto que denomina rua que liga a Art\u00eamia Pires ao bairro Registro","previousItem":{"@type":"ListItem","@id":"https:\/\/www.encontrafeiradesantana.com.br\/sobre\/noticias-em-feira-de-santana\/#listItem","name":"Not\u00edcias Feira de Santana"}}]},{"@type":"Organization","@id":"https:\/\/www.encontrafeiradesantana.com.br\/sobre\/#organization","name":"Encontra Feira de Santana","description":"Not\u00edcias, eventos, informa\u00e7\u00f5es e dicas na cidade Feira de Santana e regi\u00e3o.","url":"https:\/\/www.encontrafeiradesantana.com.br\/sobre\/"},{"@type":"Person","@id":"https:\/\/www.encontrafeiradesantana.com.br\/sobre\/author\/efeiradesantana\/#author","url":"https:\/\/www.encontrafeiradesantana.com.br\/sobre\/author\/efeiradesantana\/","name":"Encontra Feira de Santana","image":{"@type":"ImageObject","@id":"https:\/\/www.encontrafeiradesantana.com.br\/sobre\/publicado-decreto-que-denomina-rua-que-liga-a-artemia-pires-ao-bairro-registro\/#authorImage","url":"https:\/\/secure.gravatar.com\/avatar\/507340682b8270222e1f208e23198b6ae7e2c6a1033ae84e99bc6bce4f82a387?s=96&d=mm&r=g","width":96,"height":96,"caption":"Encontra Feira de Santana"}},{"@type":"WebPage","@id":"https:\/\/www.encontrafeiradesantana.com.br\/sobre\/publicado-decreto-que-denomina-rua-que-liga-a-artemia-pires-ao-bairro-registro\/#webpage","url":"https:\/\/www.encontrafeiradesantana.com.br\/sobre\/publicado-decreto-que-denomina-rua-que-liga-a-artemia-pires-ao-bairro-registro\/","name":"Publicado decreto que denomina rua que liga a Art\u00eamia Pires ao bairro Registro | Encontra Feira de Santana","description":"Rua Pedro Paulo D\u2019 Oliveira \u00e9 oficialmente a nova denomina\u00e7\u00e3o em Feira de Santana.","inLanguage":"pt-BR","isPartOf":{"@id":"https:\/\/www.encontrafeiradesantana.com.br\/sobre\/#website"},"breadcrumb":{"@id":"https:\/\/www.encontrafeiradesantana.com.br\/sobre\/publicado-decreto-que-denomina-rua-que-liga-a-artemia-pires-ao-bairro-registro\/#breadcrumblist"},"author":{"@id":"https:\/\/www.encontrafeiradesantana.com.br\/sobre\/author\/efeiradesantana\/#author"},"creator":{"@id":"https:\/\/www.encontrafeiradesantana.com.br\/sobre\/author\/efeiradesantana\/#author"},"image":{"@type":"ImageObject","url":"https:\/\/www.encontrafeiradesantana.com.br\/sobre\/wp-content\/uploads\/2026\/02\/publicado-decreto-que-denomina-rua-que-liga-a-artemia-pires-ao-bairro-registro.webp","@id":"https:\/\/www.encontrafeiradesantana.com.br\/sobre\/publicado-decreto-que-denomina-rua-que-liga-a-artemia-pires-ao-bairro-registro\/#mainImage","width":280,"height":280,"caption":"Rua Pedro Paulo D\u2019 Oliveira"},"primaryImageOfPage":{"@id":"https:\/\/www.encontrafeiradesantana.com.br\/sobre\/publicado-decreto-que-denomina-rua-que-liga-a-artemia-pires-ao-bairro-registro\/#mainImage"},"datePublished":"2026-02-21T03:18:17-03:00","dateModified":"2026-02-21T03:18:17-03:00"},{"@type":"WebSite","@id":"https:\/\/www.encontrafeiradesantana.com.br\/sobre\/#website","url":"https:\/\/www.encontrafeiradesantana.com.br\/sobre\/","name":"Encontra Feira de Santana","description":"Not\u00edcias, eventos, informa\u00e7\u00f5es e dicas na cidade Feira de Santana e regi\u00e3o.","inLanguage":"pt-BR","publisher":{"@id":"https:\/\/www.encontrafeiradesantana.com.br\/sobre\/#organization"}}]},"og:locale":"pt_BR","og:site_name":"Encontra Feira de Santana | Not\u00edcias, eventos, informa\u00e7\u00f5es e dicas na cidade Feira de Santana e regi\u00e3o.","og:type":"article","og:title":"Publicado decreto que denomina rua que liga a Art\u00eamia Pires ao bairro Registro | Encontra Feira de Santana","og:description":"Rua Pedro Paulo D\u2019 Oliveira \u00e9 oficialmente a nova denomina\u00e7\u00e3o em Feira de Santana.","og:url":"https:\/\/www.encontrafeiradesantana.com.br\/sobre\/publicado-decreto-que-denomina-rua-que-liga-a-artemia-pires-ao-bairro-registro\/","article:published_time":"2026-02-21T06:18:17+00:00","article:modified_time":"2026-02-21T06:18:17+00:00","twitter:card":"summary","twitter:title":"Publicado decreto que denomina rua que liga a Art\u00eamia Pires ao bairro Registro | Encontra Feira de Santana","twitter:description":"Rua Pedro Paulo D\u2019 Oliveira \u00e9 oficialmente a nova denomina\u00e7\u00e3o em Feira de Santana."},"aioseo_meta_data":{"post_id":"1672","title":null,"description":null,"keywords":null,"keyphrases":null,"primary_term":null,"canonical_url":null,"og_title":null,"og_description":null,"og_object_type":"default","og_image_type":"default","og_image_url":null,"og_image_width":null,"og_image_height":null,"og_image_custom_url":null,"og_image_custom_fields":null,"og_video":null,"og_custom_url":null,"og_article_section":null,"og_article_tags":null,"twitter_use_og":false,"twitter_card":"default","twitter_image_type":"default","twitter_image_url":null,"twitter_image_custom_url":null,"twitter_image_custom_fields":null,"twitter_title":null,"twitter_description":null,"schema":{"blockGraphs":[],"customGraphs":[],"default":{"data":{"Article":[],"Course":[],"Dataset":[],"FAQPage":[],"Movie":[],"Person":[],"Product":[],"ProductReview":[],"Car":[],"Recipe":[],"Service":[],"SoftwareApplication":[],"WebPage":[]},"graphName":"Article","isEnabled":true},"graphs":[]},"schema_type":"default","schema_type_options":null,"pillar_content":false,"robots_default":true,"robots_noindex":false,"robots_noarchive":false,"robots_nosnippet":false,"robots_nofollow":false,"robots_noimageindex":false,"robots_noodp":false,"robots_notranslate":false,"robots_max_snippet":null,"robots_max_videopreview":null,"robots_max_imagepreview":"large","priority":null,"frequency":null,"local_seo":null,"breadcrumb_settings":null,"limit_modified_date":false,"ai":null,"created":"2026-02-21 06:18:21","updated":"2026-02-21 06:25:05","focus_keyword":null,"additional_keywords":null,"truseo_locale":null,"seo_analyzer_scan_date":null},"aioseo_breadcrumb":"<div class=\"aioseo-breadcrumbs\"><span class=\"aioseo-breadcrumb\">\n\t\t\t<a href=\"https:\/\/www.encontrafeiradesantana.com.br\/sobre\" title=\"In\u00edcio\">In\u00edcio<\/a>\n\t\t<\/span><span class=\"aioseo-breadcrumb-separator\">&raquo;<\/span><span class=\"aioseo-breadcrumb\">\n\t\t\t<a href=\"https:\/\/www.encontrafeiradesantana.com.br\/sobre\/noticias-em-feira-de-santana\/\" title=\"Not\u00edcias Feira de Santana\">Not\u00edcias Feira de Santana<\/a>\n\t\t<\/span><span class=\"aioseo-breadcrumb-separator\">&raquo;<\/span><span class=\"aioseo-breadcrumb\">\n\t\t\tPublicado decreto que denomina rua que liga a Art\u00eamia Pires ao bairro Registro\n\t\t<\/span><\/div>","aioseo_breadcrumb_json":[{"label":"In\u00edcio","link":"https:\/\/www.encontrafeiradesantana.com.br\/sobre"},{"label":"Not\u00edcias Feira de Santana","link":"https:\/\/www.encontrafeiradesantana.com.br\/sobre\/noticias-em-feira-de-santana\/"},{"label":"Publicado decreto que denomina rua que liga a Art\u00eamia Pires ao bairro Registro","link":"https:\/\/www.encontrafeiradesantana.com.br\/sobre\/publicado-decreto-que-denomina-rua-que-liga-a-artemia-pires-ao-bairro-registro\/"}],"_links":{"self":[{"href":"https:\/\/www.encontrafeiradesantana.com.br\/sobre\/wp-json\/wp\/v2\/posts\/1672","targetHints":{"allow":["GET"]}}],"collection":[{"href":"https:\/\/www.encontrafeiradesantana.com.br\/sobre\/wp-json\/wp\/v2\/posts"}],"about":[{"href":"https:\/\/www.encontrafeiradesantana.com.br\/sobre\/wp-json\/wp\/v2\/types\/post"}],"author":[{"embeddable":true,"href":"https:\/\/www.encontrafeiradesantana.com.br\/sobre\/wp-json\/wp\/v2\/users\/1"}],"replies":[{"embeddable":true,"href":"https:\/\/www.encontrafeiradesantana.com.br\/sobre\/wp-json\/wp\/v2\/comments?post=1672"}],"version-history":[{"count":0,"href":"https:\/\/www.encontrafeiradesantana.com.br\/sobre\/wp-json\/wp\/v2\/posts\/1672\/revisions"}],"wp:featuredmedia":[{"embeddable":true,"href":"https:\/\/www.encontrafeiradesantana.com.br\/sobre\/wp-json\/wp\/v2\/media\/1671"}],"wp:attachment":[{"href":"https:\/\/www.encontrafeiradesantana.com.br\/sobre\/wp-json\/wp\/v2\/media?parent=1672"}],"wp:term":[{"taxonomy":"category","embeddable":true,"href":"https:\/\/www.encontrafeiradesantana.com.br\/sobre\/wp-json\/wp\/v2\/categories?post=1672"},{"taxonomy":"post_tag","embeddable":true,"href":"https:\/\/www.encontrafeiradesantana.com.br\/sobre\/wp-json\/wp\/v2\/tags?post=1672"}],"curies":[{"name":"wp","href":"https:\/\/api.w.org\/{rel}","templated":true}]}}