{"id":1670,"date":"2026-02-21T03:16:55","date_gmt":"2026-02-21T06:16:55","guid":{"rendered":"https:\/\/www.encontrafeiradesantana.com.br\/sobre\/prefeitura-convida-populacao-para-mais-uma-edicao-do-feira-na-avenida-neste-domingo\/"},"modified":"2026-02-21T03:16:55","modified_gmt":"2026-02-21T06:16:55","slug":"prefeitura-convida-populacao-para-mais-uma-edicao-do-feira-na-avenida-neste-domingo","status":"publish","type":"post","link":"https:\/\/www.encontrafeiradesantana.com.br\/sobre\/prefeitura-convida-populacao-para-mais-uma-edicao-do-feira-na-avenida-neste-domingo\/","title":{"rendered":"Prefeitura convida popula\u00e7\u00e3o para mais uma edi\u00e7\u00e3o do Feira na Avenida neste domingo"},"content":{"rendered":"<div class=\"3f468104ad11f00a3c9ac948316f4265\" data-index=\"1\" style=\"float: none; margin:0px;\">\n<ins class=\"adsbygoogle\"\r\n     style=\"display:block\"\r\n     data-ad-client=\"ca-pub-8585364105181520\"\r\n     data-ad-slot=\"8789329856\"\r\n     data-ad-format=\"auto\"\r\n     data-full-width-responsive=\"true\"><\/ins>\r\n<script>\r\n     (adsbygoogle = window.adsbygoogle || []).push({});\r\n<\/script>\r\n\n<\/div>\n<h2>O que \u00e9 a Feira na Avenida?<\/h2>\n<p>A Feira na Avenida \u00e9 um projeto promovido pela Prefeitura de Feira de Santana, que transforma um espa\u00e7o urbano em um vibrante ponto de encontro para a comunidade. Esse evento ocorre mensalmente, ocupando o canteiro central da Avenida Get\u00falio Vargas, e \u00e9 pensado para oferecer lazer, cultura e intera\u00e7\u00e3o social para todas as idades.<\/p>\n<h2>Programa\u00e7\u00e3o Diversificada Para Todos<\/h2>\n<p>A programa\u00e7\u00e3o da Feira na Avenida \u00e9 rica e variada, permitindo que cada visitante encontre atividades que lhe agradem. O evento abrange apresenta\u00e7\u00f5es culturais, stand-up de artistas locais, oficinas de arte, al\u00e9m de atividades voltadas para crian\u00e7as, como brincadeiras e conta\u00e7\u00e3o de hist\u00f3rias. Essa diversidade ajuda a atrair p\u00fablicos distintos, promovendo um ambiente inclusivo e acolhedor.<\/p>\n<h2>Benef\u00edcios da Feira Para a Comunidade<\/h2>\n<p>Participar da Feira na Avenida traz v\u00e1rias vantagens para a comunidade. O evento n\u00e3o s\u00f3 proporciona um espa\u00e7o de lazer acess\u00edvel, como tamb\u00e9m fortalece os la\u00e7os comunit\u00e1rios ao incentivar o encontro entre familiares e amigos. Al\u00e9m disso, promove a economia local ao dar visibilidade a empreendedores da regi\u00e3o.<\/p>\n<p><img decoding=\"async\" src=\"https:\/\/www.encontrafeiradesantana.com.br\/sobre\/wp-content\/uploads\/2026\/02\/prefeitura-convida-populacao-para-mais-uma-edicao-do-feira-na-avenida-neste-domingo.webp\" alt=\"Feira na Avenida\" loading=\"lazy\" \/><\/p>\n<h2>Como Participar da Feira na Avenida<\/h2>\n<p>Para aqueles que desejam participar da Feira na Avenida, a inscri\u00e7\u00e3o \u00e9 simples. Os visitantes podem simplesmente aparecer no local do evento durante o hor\u00e1rio programado, que vai das 7h \u00e0s 13h, sem a necessidade de pagamento de entrada. Todos s\u00e3o bem-vindos, e a participa\u00e7\u00e3o \u00e9 totalmente gratuita.<\/p>\n<h2>Espa\u00e7os de Lazer e Conviv\u00eancia<\/h2>\n<p>Um dos destaques da Feira na Avenida \u00e9 a cria\u00e7\u00e3o de um ambiente prop\u00edcio para o conv\u00edvio social. O canteiro central da Avenida Get\u00falio Vargas \u00e9 transformado em um espa\u00e7o seguro, onde as pessoas podem relaxar, conversar e se entreter. Sof\u00e1s e mesas s\u00e3o instalados para que os visitantes possam se sentar e desfrutar do ambiente acolhedor.<\/p>\n<h2>Gastronomia Local em Exibi\u00e7\u00e3o<\/h2>\n<p>A feira tamb\u00e9m \u00e9 uma excelente oportunidade para os amantes da gastronomia. Diversos estandes oferecem pratos t\u00edpicos e especialidades locais, proporcionando aos visitantes a chance de saborear del\u00edcias da culin\u00e1ria baiana. De pratos tradicionais a op\u00e7\u00f5es contempor\u00e2neas, a variedade \u00e9 ampla e satisfaz a todos os paladares.<\/p>\n<h2>Artesanato e Criatividade em Destaque<\/h2>\n<p>Um dos atrativos mais interessantes da Feira na Avenida \u00e9 a tradicional exposi\u00e7\u00e3o de artesanato, onde artes\u00e3os locais vendem suas cria\u00e7\u00f5es. Isso n\u00e3o s\u00f3 valoriza as culturas e tradi\u00e7\u00f5es locais, como tamb\u00e9m oferece aos visitantes a chance de adquirir pe\u00e7as \u00fanicas e aut\u00eanticas, al\u00e9m de apetrechos decorativos e souvenirs.<\/p>\n<h2>Atividades F\u00edsicas e Sa\u00fade<\/h2>\n<p>Outra faceta importante da Feira na Avenida s\u00e3o as atividades f\u00edsicas. Durante o evento, s\u00e3o promovidas aulas de yoga, dan\u00e7a e outras modalidades esportivas, permitindo que os participantes exer\u00e7am suas rotinas de exerc\u00edcios enquanto se divertem. Esse foco na sa\u00fade e bem-estar \u00e9 essencial para incentivar um estilo de vida ativo entre os cidad\u00e3os.<\/p>\n<h2>Import\u00e2ncia da Integra\u00e7\u00e3o Familiar<\/h2>\n<p>A Feira na Avenida se destaca como um evento que fortalece a integra\u00e7\u00e3o familiar. Com diversas atividades voltadas para o p\u00fablico infantil, a participa\u00e7\u00e3o dos pais e respons\u00e1veis \u00e9 incentivada, proporcionando um espa\u00e7o seguro onde as fam\u00edlias podem se divertir e passar tempo de qualidade juntas, algo cada vez mais necess\u00e1rio na vida moderna.<\/p>\n<h2>Apoio da Prefeitura ao Evento<\/h2>\n<p>O apoio da Prefeitura de Feira de Santana ao evento \u00e9 fundamental para seu sucesso. Por meio da Secretaria Municipal de Turismo, Trabalho e Desenvolvimento Econ\u00f4mico, a administra\u00e7\u00e3o municipal se compromete em garantir a realiza\u00e7\u00e3o regular da Feira na Avenida. Esse suporte n\u00e3o apenas assegura uma organiza\u00e7\u00e3o eficiente, mas tamb\u00e9m amplia o alcance e a visibilidade do evento na cidade.<\/p>\n\n<div style=\"font-size: 0px; height: 0px; line-height: 0px; margin: 0; padding: 0; clear: both;\"><\/div>","protected":false},"excerpt":{"rendered":"<p>Feira na Avenida oferece lazer e cultura para toda a fam\u00edlia!<\/p>\n","protected":false},"author":1,"featured_media":1669,"comment_status":"open","ping_status":"closed","sticky":false,"template":"","format":"standard","meta":{"footnotes":""},"categories":[6],"tags":[],"class_list":["post-1670","post","type-post","status-publish","format-standard","has-post-thumbnail","hentry","category-noticias-em-feira-de-santana","has_thumb"],"aioseo_notices":[],"aioseo_head":"\n\t\t<!-- All in One SEO 5.0.0.1 - aioseo.com -->\n\t<meta name=\"description\" content=\"Feira na Avenida oferece lazer e cultura para toda a fam\u00edlia!\" \/>\n\t<meta name=\"robots\" content=\"max-image-preview:large\" \/>\n\t<meta name=\"author\" content=\"Encontra Feira de Santana\"\/>\n\t<link rel=\"canonical\" href=\"https:\/\/www.encontrafeiradesantana.com.br\/sobre\/prefeitura-convida-populacao-para-mais-uma-edicao-do-feira-na-avenida-neste-domingo\/\" \/>\n\t<meta name=\"generator\" content=\"All in One SEO (AIOSEO) 5.0.0.1\" \/>\n\t\t<meta property=\"og:locale\" content=\"pt_BR\" \/>\n\t\t<meta property=\"og:site_name\" content=\"Encontra Feira de Santana | Not\u00edcias, eventos, informa\u00e7\u00f5es e dicas na cidade Feira de Santana e regi\u00e3o.\" \/>\n\t\t<meta property=\"og:type\" content=\"article\" \/>\n\t\t<meta property=\"og:title\" content=\"Prefeitura convida popula\u00e7\u00e3o para mais uma edi\u00e7\u00e3o do Feira na Avenida neste domingo | Encontra Feira de Santana\" \/>\n\t\t<meta property=\"og:description\" content=\"Feira na Avenida oferece lazer e cultura para toda a fam\u00edlia!\" \/>\n\t\t<meta property=\"og:url\" content=\"https:\/\/www.encontrafeiradesantana.com.br\/sobre\/prefeitura-convida-populacao-para-mais-uma-edicao-do-feira-na-avenida-neste-domingo\/\" \/>\n\t\t<meta property=\"article:published_time\" content=\"2026-02-21T06:16:55+00:00\" \/>\n\t\t<meta property=\"article:modified_time\" content=\"2026-02-21T06:16:55+00:00\" \/>\n\t\t<meta name=\"twitter:card\" content=\"summary\" \/>\n\t\t<meta name=\"twitter:title\" content=\"Prefeitura convida popula\u00e7\u00e3o para mais uma edi\u00e7\u00e3o do Feira na Avenida neste domingo | Encontra Feira de Santana\" \/>\n\t\t<meta name=\"twitter:description\" content=\"Feira na Avenida oferece lazer e cultura para toda a fam\u00edlia!\" \/>\n\t\t<script type=\"application\/ld+json\" class=\"aioseo-schema\">\n\t\t\t{\"@context\":\"https:\\\/\\\/schema.org\",\"@graph\":[{\"@type\":\"Article\",\"@id\":\"https:\\\/\\\/www.encontrafeiradesantana.com.br\\\/sobre\\\/prefeitura-convida-populacao-para-mais-uma-edicao-do-feira-na-avenida-neste-domingo\\\/#article\",\"name\":\"Prefeitura convida popula\\u00e7\\u00e3o para mais uma edi\\u00e7\\u00e3o do Feira na Avenida neste domingo | Encontra Feira de Santana\",\"headline\":\"Prefeitura convida popula\\u00e7\\u00e3o para mais uma edi\\u00e7\\u00e3o do Feira na Avenida neste domingo\",\"author\":{\"@id\":\"https:\\\/\\\/www.encontrafeiradesantana.com.br\\\/sobre\\\/author\\\/efeiradesantana\\\/#author\"},\"publisher\":{\"@id\":\"https:\\\/\\\/www.encontrafeiradesantana.com.br\\\/sobre\\\/#organization\"},\"image\":{\"@type\":\"ImageObject\",\"url\":\"https:\\\/\\\/www.encontrafeiradesantana.com.br\\\/sobre\\\/wp-content\\\/uploads\\\/2026\\\/02\\\/prefeitura-convida-populacao-para-mais-uma-edicao-do-feira-na-avenida-neste-domingo.webp\",\"width\":280,\"height\":280,\"caption\":\"Feira na Avenida\"},\"datePublished\":\"2026-02-21T03:16:55-03:00\",\"dateModified\":\"2026-02-21T03:16:55-03:00\",\"inLanguage\":\"pt-BR\",\"mainEntityOfPage\":{\"@id\":\"https:\\\/\\\/www.encontrafeiradesantana.com.br\\\/sobre\\\/prefeitura-convida-populacao-para-mais-uma-edicao-do-feira-na-avenida-neste-domingo\\\/#webpage\"},\"isPartOf\":{\"@id\":\"https:\\\/\\\/www.encontrafeiradesantana.com.br\\\/sobre\\\/prefeitura-convida-populacao-para-mais-uma-edicao-do-feira-na-avenida-neste-domingo\\\/#webpage\"},\"articleSection\":\"Not\\u00edcias Feira de Santana\"},{\"@type\":\"BreadcrumbList\",\"@id\":\"https:\\\/\\\/www.encontrafeiradesantana.com.br\\\/sobre\\\/prefeitura-convida-populacao-para-mais-uma-edicao-do-feira-na-avenida-neste-domingo\\\/#breadcrumblist\",\"itemListElement\":[{\"@type\":\"ListItem\",\"@id\":\"https:\\\/\\\/www.encontrafeiradesantana.com.br\\\/sobre#listItem\",\"position\":1,\"name\":\"In\\u00edcio\",\"item\":\"https:\\\/\\\/www.encontrafeiradesantana.com.br\\\/sobre\",\"nextItem\":{\"@type\":\"ListItem\",\"@id\":\"https:\\\/\\\/www.encontrafeiradesantana.com.br\\\/sobre\\\/noticias-em-feira-de-santana\\\/#listItem\",\"name\":\"Not\\u00edcias Feira de Santana\"}},{\"@type\":\"ListItem\",\"@id\":\"https:\\\/\\\/www.encontrafeiradesantana.com.br\\\/sobre\\\/noticias-em-feira-de-santana\\\/#listItem\",\"position\":2,\"name\":\"Not\\u00edcias Feira de Santana\",\"item\":\"https:\\\/\\\/www.encontrafeiradesantana.com.br\\\/sobre\\\/noticias-em-feira-de-santana\\\/\",\"nextItem\":{\"@type\":\"ListItem\",\"@id\":\"https:\\\/\\\/www.encontrafeiradesantana.com.br\\\/sobre\\\/prefeitura-convida-populacao-para-mais-uma-edicao-do-feira-na-avenida-neste-domingo\\\/#listItem\",\"name\":\"Prefeitura convida popula\\u00e7\\u00e3o para mais uma edi\\u00e7\\u00e3o do Feira na Avenida neste domingo\"},\"previousItem\":{\"@type\":\"ListItem\",\"@id\":\"https:\\\/\\\/www.encontrafeiradesantana.com.br\\\/sobre#listItem\",\"name\":\"In\\u00edcio\"}},{\"@type\":\"ListItem\",\"@id\":\"https:\\\/\\\/www.encontrafeiradesantana.com.br\\\/sobre\\\/prefeitura-convida-populacao-para-mais-uma-edicao-do-feira-na-avenida-neste-domingo\\\/#listItem\",\"position\":3,\"name\":\"Prefeitura convida popula\\u00e7\\u00e3o para mais uma edi\\u00e7\\u00e3o do Feira na Avenida neste domingo\",\"previousItem\":{\"@type\":\"ListItem\",\"@id\":\"https:\\\/\\\/www.encontrafeiradesantana.com.br\\\/sobre\\\/noticias-em-feira-de-santana\\\/#listItem\",\"name\":\"Not\\u00edcias Feira de Santana\"}}]},{\"@type\":\"Organization\",\"@id\":\"https:\\\/\\\/www.encontrafeiradesantana.com.br\\\/sobre\\\/#organization\",\"name\":\"Encontra Feira de Santana\",\"description\":\"Not\\u00edcias, eventos, informa\\u00e7\\u00f5es e dicas na cidade Feira de Santana e regi\\u00e3o.\",\"url\":\"https:\\\/\\\/www.encontrafeiradesantana.com.br\\\/sobre\\\/\"},{\"@type\":\"Person\",\"@id\":\"https:\\\/\\\/www.encontrafeiradesantana.com.br\\\/sobre\\\/author\\\/efeiradesantana\\\/#author\",\"url\":\"https:\\\/\\\/www.encontrafeiradesantana.com.br\\\/sobre\\\/author\\\/efeiradesantana\\\/\",\"name\":\"Encontra Feira de Santana\",\"image\":{\"@type\":\"ImageObject\",\"@id\":\"https:\\\/\\\/www.encontrafeiradesantana.com.br\\\/sobre\\\/prefeitura-convida-populacao-para-mais-uma-edicao-do-feira-na-avenida-neste-domingo\\\/#authorImage\",\"url\":\"https:\\\/\\\/secure.gravatar.com\\\/avatar\\\/507340682b8270222e1f208e23198b6ae7e2c6a1033ae84e99bc6bce4f82a387?s=96&d=mm&r=g\",\"width\":96,\"height\":96,\"caption\":\"Encontra Feira de Santana\"}},{\"@type\":\"WebPage\",\"@id\":\"https:\\\/\\\/www.encontrafeiradesantana.com.br\\\/sobre\\\/prefeitura-convida-populacao-para-mais-uma-edicao-do-feira-na-avenida-neste-domingo\\\/#webpage\",\"url\":\"https:\\\/\\\/www.encontrafeiradesantana.com.br\\\/sobre\\\/prefeitura-convida-populacao-para-mais-uma-edicao-do-feira-na-avenida-neste-domingo\\\/\",\"name\":\"Prefeitura convida popula\\u00e7\\u00e3o para mais uma edi\\u00e7\\u00e3o do Feira na Avenida neste domingo | Encontra Feira de Santana\",\"description\":\"Feira na Avenida oferece lazer e cultura para toda a fam\\u00edlia!\",\"inLanguage\":\"pt-BR\",\"isPartOf\":{\"@id\":\"https:\\\/\\\/www.encontrafeiradesantana.com.br\\\/sobre\\\/#website\"},\"breadcrumb\":{\"@id\":\"https:\\\/\\\/www.encontrafeiradesantana.com.br\\\/sobre\\\/prefeitura-convida-populacao-para-mais-uma-edicao-do-feira-na-avenida-neste-domingo\\\/#breadcrumblist\"},\"author\":{\"@id\":\"https:\\\/\\\/www.encontrafeiradesantana.com.br\\\/sobre\\\/author\\\/efeiradesantana\\\/#author\"},\"creator\":{\"@id\":\"https:\\\/\\\/www.encontrafeiradesantana.com.br\\\/sobre\\\/author\\\/efeiradesantana\\\/#author\"},\"image\":{\"@type\":\"ImageObject\",\"url\":\"https:\\\/\\\/www.encontrafeiradesantana.com.br\\\/sobre\\\/wp-content\\\/uploads\\\/2026\\\/02\\\/prefeitura-convida-populacao-para-mais-uma-edicao-do-feira-na-avenida-neste-domingo.webp\",\"@id\":\"https:\\\/\\\/www.encontrafeiradesantana.com.br\\\/sobre\\\/prefeitura-convida-populacao-para-mais-uma-edicao-do-feira-na-avenida-neste-domingo\\\/#mainImage\",\"width\":280,\"height\":280,\"caption\":\"Feira na Avenida\"},\"primaryImageOfPage\":{\"@id\":\"https:\\\/\\\/www.encontrafeiradesantana.com.br\\\/sobre\\\/prefeitura-convida-populacao-para-mais-uma-edicao-do-feira-na-avenida-neste-domingo\\\/#mainImage\"},\"datePublished\":\"2026-02-21T03:16:55-03:00\",\"dateModified\":\"2026-02-21T03:16:55-03:00\"},{\"@type\":\"WebSite\",\"@id\":\"https:\\\/\\\/www.encontrafeiradesantana.com.br\\\/sobre\\\/#website\",\"url\":\"https:\\\/\\\/www.encontrafeiradesantana.com.br\\\/sobre\\\/\",\"name\":\"Encontra Feira de Santana\",\"description\":\"Not\\u00edcias, eventos, informa\\u00e7\\u00f5es e dicas na cidade Feira de Santana e regi\\u00e3o.\",\"inLanguage\":\"pt-BR\",\"publisher\":{\"@id\":\"https:\\\/\\\/www.encontrafeiradesantana.com.br\\\/sobre\\\/#organization\"}}]}\n\t\t<\/script>\n\t\t<!-- All in One SEO -->\n\n","aioseo_head_json":{"title":"Prefeitura convida popula\u00e7\u00e3o para mais uma edi\u00e7\u00e3o do Feira na Avenida neste domingo | Encontra Feira de Santana","description":"Feira na Avenida oferece lazer e cultura para toda a fam\u00edlia!","canonical_url":"https:\/\/www.encontrafeiradesantana.com.br\/sobre\/prefeitura-convida-populacao-para-mais-uma-edicao-do-feira-na-avenida-neste-domingo\/","robots":"max-image-preview:large","keywords":"","webmasterTools":{"miscellaneous":""},"schema":{"@context":"https:\/\/schema.org","@graph":[{"@type":"Article","@id":"https:\/\/www.encontrafeiradesantana.com.br\/sobre\/prefeitura-convida-populacao-para-mais-uma-edicao-do-feira-na-avenida-neste-domingo\/#article","name":"Prefeitura convida popula\u00e7\u00e3o para mais uma edi\u00e7\u00e3o do Feira na Avenida neste domingo | Encontra Feira de Santana","headline":"Prefeitura convida popula\u00e7\u00e3o para mais uma edi\u00e7\u00e3o do Feira na Avenida neste domingo","author":{"@id":"https:\/\/www.encontrafeiradesantana.com.br\/sobre\/author\/efeiradesantana\/#author"},"publisher":{"@id":"https:\/\/www.encontrafeiradesantana.com.br\/sobre\/#organization"},"image":{"@type":"ImageObject","url":"https:\/\/www.encontrafeiradesantana.com.br\/sobre\/wp-content\/uploads\/2026\/02\/prefeitura-convida-populacao-para-mais-uma-edicao-do-feira-na-avenida-neste-domingo.webp","width":280,"height":280,"caption":"Feira na Avenida"},"datePublished":"2026-02-21T03:16:55-03:00","dateModified":"2026-02-21T03:16:55-03:00","inLanguage":"pt-BR","mainEntityOfPage":{"@id":"https:\/\/www.encontrafeiradesantana.com.br\/sobre\/prefeitura-convida-populacao-para-mais-uma-edicao-do-feira-na-avenida-neste-domingo\/#webpage"},"isPartOf":{"@id":"https:\/\/www.encontrafeiradesantana.com.br\/sobre\/prefeitura-convida-populacao-para-mais-uma-edicao-do-feira-na-avenida-neste-domingo\/#webpage"},"articleSection":"Not\u00edcias Feira de Santana"},{"@type":"BreadcrumbList","@id":"https:\/\/www.encontrafeiradesantana.com.br\/sobre\/prefeitura-convida-populacao-para-mais-uma-edicao-do-feira-na-avenida-neste-domingo\/#breadcrumblist","itemListElement":[{"@type":"ListItem","@id":"https:\/\/www.encontrafeiradesantana.com.br\/sobre#listItem","position":1,"name":"In\u00edcio","item":"https:\/\/www.encontrafeiradesantana.com.br\/sobre","nextItem":{"@type":"ListItem","@id":"https:\/\/www.encontrafeiradesantana.com.br\/sobre\/noticias-em-feira-de-santana\/#listItem","name":"Not\u00edcias Feira de Santana"}},{"@type":"ListItem","@id":"https:\/\/www.encontrafeiradesantana.com.br\/sobre\/noticias-em-feira-de-santana\/#listItem","position":2,"name":"Not\u00edcias Feira de Santana","item":"https:\/\/www.encontrafeiradesantana.com.br\/sobre\/noticias-em-feira-de-santana\/","nextItem":{"@type":"ListItem","@id":"https:\/\/www.encontrafeiradesantana.com.br\/sobre\/prefeitura-convida-populacao-para-mais-uma-edicao-do-feira-na-avenida-neste-domingo\/#listItem","name":"Prefeitura convida popula\u00e7\u00e3o para mais uma edi\u00e7\u00e3o do Feira na Avenida neste domingo"},"previousItem":{"@type":"ListItem","@id":"https:\/\/www.encontrafeiradesantana.com.br\/sobre#listItem","name":"In\u00edcio"}},{"@type":"ListItem","@id":"https:\/\/www.encontrafeiradesantana.com.br\/sobre\/prefeitura-convida-populacao-para-mais-uma-edicao-do-feira-na-avenida-neste-domingo\/#listItem","position":3,"name":"Prefeitura convida popula\u00e7\u00e3o para mais uma edi\u00e7\u00e3o do Feira na Avenida neste domingo","previousItem":{"@type":"ListItem","@id":"https:\/\/www.encontrafeiradesantana.com.br\/sobre\/noticias-em-feira-de-santana\/#listItem","name":"Not\u00edcias Feira de Santana"}}]},{"@type":"Organization","@id":"https:\/\/www.encontrafeiradesantana.com.br\/sobre\/#organization","name":"Encontra Feira de Santana","description":"Not\u00edcias, eventos, informa\u00e7\u00f5es e dicas na cidade Feira de Santana e regi\u00e3o.","url":"https:\/\/www.encontrafeiradesantana.com.br\/sobre\/"},{"@type":"Person","@id":"https:\/\/www.encontrafeiradesantana.com.br\/sobre\/author\/efeiradesantana\/#author","url":"https:\/\/www.encontrafeiradesantana.com.br\/sobre\/author\/efeiradesantana\/","name":"Encontra Feira de Santana","image":{"@type":"ImageObject","@id":"https:\/\/www.encontrafeiradesantana.com.br\/sobre\/prefeitura-convida-populacao-para-mais-uma-edicao-do-feira-na-avenida-neste-domingo\/#authorImage","url":"https:\/\/secure.gravatar.com\/avatar\/507340682b8270222e1f208e23198b6ae7e2c6a1033ae84e99bc6bce4f82a387?s=96&d=mm&r=g","width":96,"height":96,"caption":"Encontra Feira de Santana"}},{"@type":"WebPage","@id":"https:\/\/www.encontrafeiradesantana.com.br\/sobre\/prefeitura-convida-populacao-para-mais-uma-edicao-do-feira-na-avenida-neste-domingo\/#webpage","url":"https:\/\/www.encontrafeiradesantana.com.br\/sobre\/prefeitura-convida-populacao-para-mais-uma-edicao-do-feira-na-avenida-neste-domingo\/","name":"Prefeitura convida popula\u00e7\u00e3o para mais uma edi\u00e7\u00e3o do Feira na Avenida neste domingo | Encontra Feira de Santana","description":"Feira na Avenida oferece lazer e cultura para toda a fam\u00edlia!","inLanguage":"pt-BR","isPartOf":{"@id":"https:\/\/www.encontrafeiradesantana.com.br\/sobre\/#website"},"breadcrumb":{"@id":"https:\/\/www.encontrafeiradesantana.com.br\/sobre\/prefeitura-convida-populacao-para-mais-uma-edicao-do-feira-na-avenida-neste-domingo\/#breadcrumblist"},"author":{"@id":"https:\/\/www.encontrafeiradesantana.com.br\/sobre\/author\/efeiradesantana\/#author"},"creator":{"@id":"https:\/\/www.encontrafeiradesantana.com.br\/sobre\/author\/efeiradesantana\/#author"},"image":{"@type":"ImageObject","url":"https:\/\/www.encontrafeiradesantana.com.br\/sobre\/wp-content\/uploads\/2026\/02\/prefeitura-convida-populacao-para-mais-uma-edicao-do-feira-na-avenida-neste-domingo.webp","@id":"https:\/\/www.encontrafeiradesantana.com.br\/sobre\/prefeitura-convida-populacao-para-mais-uma-edicao-do-feira-na-avenida-neste-domingo\/#mainImage","width":280,"height":280,"caption":"Feira na Avenida"},"primaryImageOfPage":{"@id":"https:\/\/www.encontrafeiradesantana.com.br\/sobre\/prefeitura-convida-populacao-para-mais-uma-edicao-do-feira-na-avenida-neste-domingo\/#mainImage"},"datePublished":"2026-02-21T03:16:55-03:00","dateModified":"2026-02-21T03:16:55-03:00"},{"@type":"WebSite","@id":"https:\/\/www.encontrafeiradesantana.com.br\/sobre\/#website","url":"https:\/\/www.encontrafeiradesantana.com.br\/sobre\/","name":"Encontra Feira de Santana","description":"Not\u00edcias, eventos, informa\u00e7\u00f5es e dicas na cidade Feira de Santana e regi\u00e3o.","inLanguage":"pt-BR","publisher":{"@id":"https:\/\/www.encontrafeiradesantana.com.br\/sobre\/#organization"}}]},"og:locale":"pt_BR","og:site_name":"Encontra Feira de Santana | Not\u00edcias, eventos, informa\u00e7\u00f5es e dicas na cidade Feira de Santana e regi\u00e3o.","og:type":"article","og:title":"Prefeitura convida popula\u00e7\u00e3o para mais uma edi\u00e7\u00e3o do Feira na Avenida neste domingo | Encontra Feira de Santana","og:description":"Feira na Avenida oferece lazer e cultura para toda a fam\u00edlia!","og:url":"https:\/\/www.encontrafeiradesantana.com.br\/sobre\/prefeitura-convida-populacao-para-mais-uma-edicao-do-feira-na-avenida-neste-domingo\/","article:published_time":"2026-02-21T06:16:55+00:00","article:modified_time":"2026-02-21T06:16:55+00:00","twitter:card":"summary","twitter:title":"Prefeitura convida popula\u00e7\u00e3o para mais uma edi\u00e7\u00e3o do Feira na Avenida neste domingo | Encontra Feira de Santana","twitter:description":"Feira na Avenida oferece lazer e cultura para toda a fam\u00edlia!"},"aioseo_meta_data":{"post_id":"1670","title":null,"description":null,"keywords":null,"keyphrases":null,"primary_term":null,"canonical_url":null,"og_title":null,"og_description":null,"og_object_type":"default","og_image_type":"default","og_image_url":null,"og_image_width":null,"og_image_height":null,"og_image_custom_url":null,"og_image_custom_fields":null,"og_video":null,"og_custom_url":null,"og_article_section":null,"og_article_tags":null,"twitter_use_og":false,"twitter_card":"default","twitter_image_type":"default","twitter_image_url":null,"twitter_image_custom_url":null,"twitter_image_custom_fields":null,"twitter_title":null,"twitter_description":null,"schema":{"blockGraphs":[],"customGraphs":[],"default":{"data":{"Article":[],"Course":[],"Dataset":[],"FAQPage":[],"Movie":[],"Person":[],"Product":[],"ProductReview":[],"Car":[],"Recipe":[],"Service":[],"SoftwareApplication":[],"WebPage":[]},"graphName":"Article","isEnabled":true},"graphs":[]},"schema_type":"default","schema_type_options":null,"pillar_content":false,"robots_default":true,"robots_noindex":false,"robots_noarchive":false,"robots_nosnippet":false,"robots_nofollow":false,"robots_noimageindex":false,"robots_noodp":false,"robots_notranslate":false,"robots_max_snippet":null,"robots_max_videopreview":null,"robots_max_imagepreview":"large","priority":null,"frequency":null,"local_seo":null,"breadcrumb_settings":null,"limit_modified_date":false,"ai":null,"created":"2026-02-21 06:17:00","updated":"2026-02-21 06:25:05","focus_keyword":null,"additional_keywords":null,"truseo_locale":null,"seo_analyzer_scan_date":null},"aioseo_breadcrumb":"<div class=\"aioseo-breadcrumbs\"><span class=\"aioseo-breadcrumb\">\n\t\t\t<a href=\"https:\/\/www.encontrafeiradesantana.com.br\/sobre\" title=\"In\u00edcio\">In\u00edcio<\/a>\n\t\t<\/span><span class=\"aioseo-breadcrumb-separator\">&raquo;<\/span><span class=\"aioseo-breadcrumb\">\n\t\t\t<a href=\"https:\/\/www.encontrafeiradesantana.com.br\/sobre\/noticias-em-feira-de-santana\/\" title=\"Not\u00edcias Feira de Santana\">Not\u00edcias Feira de Santana<\/a>\n\t\t<\/span><span class=\"aioseo-breadcrumb-separator\">&raquo;<\/span><span class=\"aioseo-breadcrumb\">\n\t\t\tPrefeitura convida popula\u00e7\u00e3o para mais uma edi\u00e7\u00e3o do Feira na Avenida neste domingo\n\t\t<\/span><\/div>","aioseo_breadcrumb_json":[{"label":"In\u00edcio","link":"https:\/\/www.encontrafeiradesantana.com.br\/sobre"},{"label":"Not\u00edcias Feira de Santana","link":"https:\/\/www.encontrafeiradesantana.com.br\/sobre\/noticias-em-feira-de-santana\/"},{"label":"Prefeitura convida popula\u00e7\u00e3o para mais uma edi\u00e7\u00e3o do Feira na Avenida neste domingo","link":"https:\/\/www.encontrafeiradesantana.com.br\/sobre\/prefeitura-convida-populacao-para-mais-uma-edicao-do-feira-na-avenida-neste-domingo\/"}],"_links":{"self":[{"href":"https:\/\/www.encontrafeiradesantana.com.br\/sobre\/wp-json\/wp\/v2\/posts\/1670","targetHints":{"allow":["GET"]}}],"collection":[{"href":"https:\/\/www.encontrafeiradesantana.com.br\/sobre\/wp-json\/wp\/v2\/posts"}],"about":[{"href":"https:\/\/www.encontrafeiradesantana.com.br\/sobre\/wp-json\/wp\/v2\/types\/post"}],"author":[{"embeddable":true,"href":"https:\/\/www.encontrafeiradesantana.com.br\/sobre\/wp-json\/wp\/v2\/users\/1"}],"replies":[{"embeddable":true,"href":"https:\/\/www.encontrafeiradesantana.com.br\/sobre\/wp-json\/wp\/v2\/comments?post=1670"}],"version-history":[{"count":0,"href":"https:\/\/www.encontrafeiradesantana.com.br\/sobre\/wp-json\/wp\/v2\/posts\/1670\/revisions"}],"wp:featuredmedia":[{"embeddable":true,"href":"https:\/\/www.encontrafeiradesantana.com.br\/sobre\/wp-json\/wp\/v2\/media\/1669"}],"wp:attachment":[{"href":"https:\/\/www.encontrafeiradesantana.com.br\/sobre\/wp-json\/wp\/v2\/media?parent=1670"}],"wp:term":[{"taxonomy":"category","embeddable":true,"href":"https:\/\/www.encontrafeiradesantana.com.br\/sobre\/wp-json\/wp\/v2\/categories?post=1670"},{"taxonomy":"post_tag","embeddable":true,"href":"https:\/\/www.encontrafeiradesantana.com.br\/sobre\/wp-json\/wp\/v2\/tags?post=1670"}],"curies":[{"name":"wp","href":"https:\/\/api.w.org\/{rel}","templated":true}]}}