{"id":1664,"date":"2026-02-20T03:14:48","date_gmt":"2026-02-20T06:14:48","guid":{"rendered":"https:\/\/www.encontrafeiradesantana.com.br\/sobre\/prefeitura-reforca-apoio-e-convida-populacao-para-a-caminhada-do-perdao\/"},"modified":"2026-02-20T03:14:48","modified_gmt":"2026-02-20T06:14:48","slug":"prefeitura-reforca-apoio-e-convida-populacao-para-a-caminhada-do-perdao","status":"publish","type":"post","link":"https:\/\/www.encontrafeiradesantana.com.br\/sobre\/prefeitura-reforca-apoio-e-convida-populacao-para-a-caminhada-do-perdao\/","title":{"rendered":"Prefeitura refor\u00e7a apoio e convida popula\u00e7\u00e3o para a Caminhada do Perd\u00e3o"},"content":{"rendered":"<div class=\"3f468104ad11f00a3c9ac948316f4265\" data-index=\"1\" style=\"float: none; margin:0px;\">\n<ins class=\"adsbygoogle\"\r\n     style=\"display:block\"\r\n     data-ad-client=\"ca-pub-8585364105181520\"\r\n     data-ad-slot=\"8789329856\"\r\n     data-ad-format=\"auto\"\r\n     data-full-width-responsive=\"true\"><\/ins>\r\n<script>\r\n     (adsbygoogle = window.adsbygoogle || []).push({});\r\n<\/script>\r\n\n<\/div>\n<h2>O que \u00e9 a Caminhada do Perd\u00e3o?<\/h2>\n<p>A <strong>Caminhada do Perd\u00e3o<\/strong> \u00e9 um evento religioso de grande relev\u00e2ncia que ocorre na cidade de Feira de Santana, na Bahia. Realizada anualmente, esta caminhada tem como objetivo promover a f\u00e9, a uni\u00e3o e a reflex\u00e3o espiritual entre os participantes. Considerada uma das maiores manifesta\u00e7\u00f5es religiosas do interior da Bahia, a 12\u00aa edi\u00e7\u00e3o programada para o dia 1\u00ba de mar\u00e7o de 2026 \u00e9 um evento especial que atrai milhares de fi\u00e9is de diversas comunidades, configurando-se como Patrim\u00f4nio Imaterial do munic\u00edpio.<\/p>\n<h2>Import\u00e2ncia da Caminhada para a Comunidade<\/h2>\n<p>A Caminhada do Perd\u00e3o exerce um papel cr\u00edtico na comunidade local. N\u00e3o se limita apenas \u00e0 express\u00e3o da f\u00e9, mas tamb\u00e9m atua como um meio de fomentar a coes\u00e3o social e cultural entre os participantes. Por meio da caminhada, os fi\u00e9is se re\u00fanem para celebrar valores como a solidariedade e a fraternidade, promovendo um ambiente de paz e reflex\u00e3o. Al\u00e9m disso, esse evento oferece uma oportunidade para que as pessoas se conectem umas com as outras, fortalecendo la\u00e7os e favorecendo um fortalecimento dos v\u00ednculos comunit\u00e1rios.<\/p>\n<h2>Como Participar da Caminhada do Perd\u00e3o<\/h2>\n<p>A participa\u00e7\u00e3o na Caminhada do Perd\u00e3o \u00e9 aberta a todos que desejam compartilhar este momento especial de f\u00e9. Os interessados devem se preparar para o evento, que se inicia com uma concentra\u00e7\u00e3o de fi\u00e9is no Santu\u00e1rio Santo Ant\u00f4nio (Capuchinhos) a partir das 7h. Aqui, \u00e9 realizada uma Santa Missa, presidida por figuras importantes da Arquidiocese, incluindo o arcebispo metropolitano. A caminhada segue ent\u00e3o pelo centro da cidade, onde os participantes v\u00e1rias vezes s\u00e3o incentivados a refletir sobre o tema proposto para o ano, que neste caso \u00e9 &#8220;Fraternidade e Moradia Digna&#8221;.<\/p>\n<p><img decoding=\"async\" src=\"https:\/\/www.encontrafeiradesantana.com.br\/sobre\/wp-content\/uploads\/2026\/02\/prefeitura-reforca-apoio-e-convida-populacao-para-a-caminhada-do-perdao.webp\" alt=\"Caminhada do Perd\u00e3o\" loading=\"lazy\" \/><\/p>\n<h2>Apoio da Prefeitura e Log\u00edstica do Evento<\/h2>\n<p>A Prefeitura de Feira de Santana tem se mostrado um forte aliado na realiza\u00e7\u00e3o deste evento, oferecendo apoio institucional que inclui ajuda na divulga\u00e7\u00e3o e na log\u00edstica do evento. Durante um encontro recente, o prefeito Jos\u00e9 Ronaldo de Carvalho reafirmou o apoio da administra\u00e7\u00e3o municipal. Essa parceria \u00e9 crucial para garantir que a Caminhada do Perd\u00e3o ocorra da melhor forma poss\u00edvel, assegurando que todos os aspectos log\u00edsticos, como seguran\u00e7a e mobilidade, estejam adequadamente planejados e implementados.<\/p>\n<h2>Tema de 2026: Fraternidade e Moradia Digna<\/h2>\n<p>Em 2026, o tema da Caminhada do Perd\u00e3o \u00e9 &#8220;Fraternidade e Moradia Digna&#8221;. Essa escolha est\u00e1 alinhada com a Campanha da Fraternidade que \u00e9 promovida pela Confer\u00eancia Nacional dos Bispos do Brasil, refletindo quest\u00f5es sociais importantes e urgentes. O tema atrai a aten\u00e7\u00e3o para a necessidade de garantir um lar digno para todos, assim como ressalta a import\u00e2ncia da fraternidade entre os cidad\u00e3os, promovendo um ambiente de acolhimento e apoio m\u00fatuo.<\/p>\n<h2>Expectativa de P\u00fablico para o Evento<\/h2>\n<p>A Caminhada do Perd\u00e3o espera reunir um n\u00famero consider\u00e1vel de participantes, com estimativas apontando para a presen\u00e7a de cerca de 50 mil pessoas. Essas expectativas s\u00e3o baseadas na presen\u00e7a regular de caravanas das 46 par\u00f3quias que integram o munic\u00edpio e tamb\u00e9m de fi\u00e9is de cidades vizinhas. Este aumento no n\u00famero de participantes destaca a relev\u00e2ncia e o impacto que a caminhada possui dentro da comunidade cat\u00f3lica e da sociedade como um todo.<\/p>\n<h2>Concentra\u00e7\u00e3o e Celebra\u00e7\u00e3o da Santa Missa<\/h2>\n<p>A concentra\u00e7\u00e3o dos fi\u00e9is ter\u00e1 in\u00edcio \u00e0s 7h, no Santu\u00e1rio Santo Ant\u00f4nio, onde todos poder\u00e3o se reunir para participar da Santa Missa. Este momento de adora\u00e7\u00e3o \u00e9 uma tradi\u00e7\u00e3o que precede a caminhada e traz consigo um clima de espiritualidade intensa e devo\u00e7\u00e3o. O arcebispo Dom Zanoni Demettino Castro, junto com o arcebispo em\u00e9rito Dom Itamar Vian e outros padres e di\u00e1conos, estar\u00e1 presente para conduzir a celebra\u00e7\u00e3o, criando um ambiente sagrado que refor\u00e7a a import\u00e2ncia desse encontro.<\/p>\n<h2>Depoimentos de Participantes Anteriores<\/h2>\n<p>Os participantes de edi\u00e7\u00f5es anteriores da Caminhada do Perd\u00e3o frequentemente compartilham experi\u00eancias emocionantes e transformadoras. Muitos relatam que a caminhada n\u00e3o \u00e9 apenas uma jornada f\u00edsica, mas uma experi\u00eancia espiritual significativa que renova a f\u00e9 e promove o sentido de comunidade. As hist\u00f3rias de supera\u00e7\u00e3o, f\u00e9 e uni\u00e3o entre os participantes evidenciam como o evento possui um impacto duradouro nas vidas dos envolvidos, consolidando a caminhada como um evento n\u00e3o s\u00f3 religioso, mas social.<\/p>\n<h2>Impactos Sociais e Culturais da Caminhada<\/h2>\n<p>O impacto da Caminhada do Perd\u00e3o vai al\u00e9m do \u00e2mbito religioso, influenciando tamb\u00e9m o desenvolvimento social e cultural da regi\u00e3o. Eventos como este promovem a inclus\u00e3o social, incentivam o turismo e contribuem para a economia local. A Caminhada se torna um ponto de encontro que reflete e valoriza as tradi\u00e7\u00f5es culturais da cidade, promovendo um espa\u00e7o para a troca de experi\u00eancias, valoriza\u00e7\u00e3o do patrim\u00f4nio e celebra\u00e7\u00e3o da diversidade da comunidade.<\/p>\n\n<div style=\"font-size: 0px; height: 0px; line-height: 0px; margin: 0; padding: 0; clear: both;\"><\/div>","protected":false},"excerpt":{"rendered":"<p>Caminhada do Perd\u00e3o: uma oportunidade para renovar sua f\u00e9 e esperan\u00e7a.<\/p>\n","protected":false},"author":1,"featured_media":1663,"comment_status":"open","ping_status":"closed","sticky":false,"template":"","format":"standard","meta":{"footnotes":""},"categories":[6],"tags":[],"class_list":["post-1664","post","type-post","status-publish","format-standard","has-post-thumbnail","hentry","category-noticias-em-feira-de-santana","has_thumb"],"aioseo_notices":[],"aioseo_head":"\n\t\t<!-- All in One SEO 5.0.0.1 - aioseo.com -->\n\t<meta name=\"description\" content=\"Caminhada do Perd\u00e3o: uma oportunidade para renovar sua f\u00e9 e esperan\u00e7a.\" \/>\n\t<meta name=\"robots\" content=\"max-image-preview:large\" \/>\n\t<meta name=\"author\" content=\"Encontra Feira de Santana\"\/>\n\t<link rel=\"canonical\" href=\"https:\/\/www.encontrafeiradesantana.com.br\/sobre\/prefeitura-reforca-apoio-e-convida-populacao-para-a-caminhada-do-perdao\/\" \/>\n\t<meta name=\"generator\" content=\"All in One SEO (AIOSEO) 5.0.0.1\" \/>\n\t\t<meta property=\"og:locale\" content=\"pt_BR\" \/>\n\t\t<meta property=\"og:site_name\" content=\"Encontra Feira de Santana | Not\u00edcias, eventos, informa\u00e7\u00f5es e dicas na cidade Feira de Santana e regi\u00e3o.\" \/>\n\t\t<meta property=\"og:type\" content=\"article\" \/>\n\t\t<meta property=\"og:title\" content=\"Prefeitura refor\u00e7a apoio e convida popula\u00e7\u00e3o para a Caminhada do Perd\u00e3o | Encontra Feira de Santana\" \/>\n\t\t<meta property=\"og:description\" content=\"Caminhada do Perd\u00e3o: uma oportunidade para renovar sua f\u00e9 e esperan\u00e7a.\" \/>\n\t\t<meta property=\"og:url\" content=\"https:\/\/www.encontrafeiradesantana.com.br\/sobre\/prefeitura-reforca-apoio-e-convida-populacao-para-a-caminhada-do-perdao\/\" \/>\n\t\t<meta property=\"article:published_time\" content=\"2026-02-20T06:14:48+00:00\" \/>\n\t\t<meta property=\"article:modified_time\" content=\"2026-02-20T06:14:48+00:00\" \/>\n\t\t<meta name=\"twitter:card\" content=\"summary\" \/>\n\t\t<meta name=\"twitter:title\" content=\"Prefeitura refor\u00e7a apoio e convida popula\u00e7\u00e3o para a Caminhada do Perd\u00e3o | Encontra Feira de Santana\" \/>\n\t\t<meta name=\"twitter:description\" content=\"Caminhada do Perd\u00e3o: uma oportunidade para renovar sua f\u00e9 e esperan\u00e7a.\" \/>\n\t\t<script type=\"application\/ld+json\" class=\"aioseo-schema\">\n\t\t\t{\"@context\":\"https:\\\/\\\/schema.org\",\"@graph\":[{\"@type\":\"Article\",\"@id\":\"https:\\\/\\\/www.encontrafeiradesantana.com.br\\\/sobre\\\/prefeitura-reforca-apoio-e-convida-populacao-para-a-caminhada-do-perdao\\\/#article\",\"name\":\"Prefeitura refor\\u00e7a apoio e convida popula\\u00e7\\u00e3o para a Caminhada do Perd\\u00e3o | Encontra Feira de Santana\",\"headline\":\"Prefeitura refor\\u00e7a apoio e convida popula\\u00e7\\u00e3o para a Caminhada do Perd\\u00e3o\",\"author\":{\"@id\":\"https:\\\/\\\/www.encontrafeiradesantana.com.br\\\/sobre\\\/author\\\/efeiradesantana\\\/#author\"},\"publisher\":{\"@id\":\"https:\\\/\\\/www.encontrafeiradesantana.com.br\\\/sobre\\\/#organization\"},\"image\":{\"@type\":\"ImageObject\",\"url\":\"https:\\\/\\\/www.encontrafeiradesantana.com.br\\\/sobre\\\/wp-content\\\/uploads\\\/2026\\\/02\\\/prefeitura-reforca-apoio-e-convida-populacao-para-a-caminhada-do-perdao.webp\",\"width\":280,\"height\":280,\"caption\":\"Caminhada do Perd\\u00e3o\"},\"datePublished\":\"2026-02-20T03:14:48-03:00\",\"dateModified\":\"2026-02-20T03:14:48-03:00\",\"inLanguage\":\"pt-BR\",\"mainEntityOfPage\":{\"@id\":\"https:\\\/\\\/www.encontrafeiradesantana.com.br\\\/sobre\\\/prefeitura-reforca-apoio-e-convida-populacao-para-a-caminhada-do-perdao\\\/#webpage\"},\"isPartOf\":{\"@id\":\"https:\\\/\\\/www.encontrafeiradesantana.com.br\\\/sobre\\\/prefeitura-reforca-apoio-e-convida-populacao-para-a-caminhada-do-perdao\\\/#webpage\"},\"articleSection\":\"Not\\u00edcias Feira de Santana\"},{\"@type\":\"BreadcrumbList\",\"@id\":\"https:\\\/\\\/www.encontrafeiradesantana.com.br\\\/sobre\\\/prefeitura-reforca-apoio-e-convida-populacao-para-a-caminhada-do-perdao\\\/#breadcrumblist\",\"itemListElement\":[{\"@type\":\"ListItem\",\"@id\":\"https:\\\/\\\/www.encontrafeiradesantana.com.br\\\/sobre#listItem\",\"position\":1,\"name\":\"In\\u00edcio\",\"item\":\"https:\\\/\\\/www.encontrafeiradesantana.com.br\\\/sobre\",\"nextItem\":{\"@type\":\"ListItem\",\"@id\":\"https:\\\/\\\/www.encontrafeiradesantana.com.br\\\/sobre\\\/noticias-em-feira-de-santana\\\/#listItem\",\"name\":\"Not\\u00edcias Feira de Santana\"}},{\"@type\":\"ListItem\",\"@id\":\"https:\\\/\\\/www.encontrafeiradesantana.com.br\\\/sobre\\\/noticias-em-feira-de-santana\\\/#listItem\",\"position\":2,\"name\":\"Not\\u00edcias Feira de Santana\",\"item\":\"https:\\\/\\\/www.encontrafeiradesantana.com.br\\\/sobre\\\/noticias-em-feira-de-santana\\\/\",\"nextItem\":{\"@type\":\"ListItem\",\"@id\":\"https:\\\/\\\/www.encontrafeiradesantana.com.br\\\/sobre\\\/prefeitura-reforca-apoio-e-convida-populacao-para-a-caminhada-do-perdao\\\/#listItem\",\"name\":\"Prefeitura refor\\u00e7a apoio e convida popula\\u00e7\\u00e3o para a Caminhada do Perd\\u00e3o\"},\"previousItem\":{\"@type\":\"ListItem\",\"@id\":\"https:\\\/\\\/www.encontrafeiradesantana.com.br\\\/sobre#listItem\",\"name\":\"In\\u00edcio\"}},{\"@type\":\"ListItem\",\"@id\":\"https:\\\/\\\/www.encontrafeiradesantana.com.br\\\/sobre\\\/prefeitura-reforca-apoio-e-convida-populacao-para-a-caminhada-do-perdao\\\/#listItem\",\"position\":3,\"name\":\"Prefeitura refor\\u00e7a apoio e convida popula\\u00e7\\u00e3o para a Caminhada do Perd\\u00e3o\",\"previousItem\":{\"@type\":\"ListItem\",\"@id\":\"https:\\\/\\\/www.encontrafeiradesantana.com.br\\\/sobre\\\/noticias-em-feira-de-santana\\\/#listItem\",\"name\":\"Not\\u00edcias Feira de Santana\"}}]},{\"@type\":\"Organization\",\"@id\":\"https:\\\/\\\/www.encontrafeiradesantana.com.br\\\/sobre\\\/#organization\",\"name\":\"Encontra Feira de Santana\",\"description\":\"Not\\u00edcias, eventos, informa\\u00e7\\u00f5es e dicas na cidade Feira de Santana e regi\\u00e3o.\",\"url\":\"https:\\\/\\\/www.encontrafeiradesantana.com.br\\\/sobre\\\/\"},{\"@type\":\"Person\",\"@id\":\"https:\\\/\\\/www.encontrafeiradesantana.com.br\\\/sobre\\\/author\\\/efeiradesantana\\\/#author\",\"url\":\"https:\\\/\\\/www.encontrafeiradesantana.com.br\\\/sobre\\\/author\\\/efeiradesantana\\\/\",\"name\":\"Encontra Feira de Santana\",\"image\":{\"@type\":\"ImageObject\",\"@id\":\"https:\\\/\\\/www.encontrafeiradesantana.com.br\\\/sobre\\\/prefeitura-reforca-apoio-e-convida-populacao-para-a-caminhada-do-perdao\\\/#authorImage\",\"url\":\"https:\\\/\\\/secure.gravatar.com\\\/avatar\\\/507340682b8270222e1f208e23198b6ae7e2c6a1033ae84e99bc6bce4f82a387?s=96&d=mm&r=g\",\"width\":96,\"height\":96,\"caption\":\"Encontra Feira de Santana\"}},{\"@type\":\"WebPage\",\"@id\":\"https:\\\/\\\/www.encontrafeiradesantana.com.br\\\/sobre\\\/prefeitura-reforca-apoio-e-convida-populacao-para-a-caminhada-do-perdao\\\/#webpage\",\"url\":\"https:\\\/\\\/www.encontrafeiradesantana.com.br\\\/sobre\\\/prefeitura-reforca-apoio-e-convida-populacao-para-a-caminhada-do-perdao\\\/\",\"name\":\"Prefeitura refor\\u00e7a apoio e convida popula\\u00e7\\u00e3o para a Caminhada do Perd\\u00e3o | Encontra Feira de Santana\",\"description\":\"Caminhada do Perd\\u00e3o: uma oportunidade para renovar sua f\\u00e9 e esperan\\u00e7a.\",\"inLanguage\":\"pt-BR\",\"isPartOf\":{\"@id\":\"https:\\\/\\\/www.encontrafeiradesantana.com.br\\\/sobre\\\/#website\"},\"breadcrumb\":{\"@id\":\"https:\\\/\\\/www.encontrafeiradesantana.com.br\\\/sobre\\\/prefeitura-reforca-apoio-e-convida-populacao-para-a-caminhada-do-perdao\\\/#breadcrumblist\"},\"author\":{\"@id\":\"https:\\\/\\\/www.encontrafeiradesantana.com.br\\\/sobre\\\/author\\\/efeiradesantana\\\/#author\"},\"creator\":{\"@id\":\"https:\\\/\\\/www.encontrafeiradesantana.com.br\\\/sobre\\\/author\\\/efeiradesantana\\\/#author\"},\"image\":{\"@type\":\"ImageObject\",\"url\":\"https:\\\/\\\/www.encontrafeiradesantana.com.br\\\/sobre\\\/wp-content\\\/uploads\\\/2026\\\/02\\\/prefeitura-reforca-apoio-e-convida-populacao-para-a-caminhada-do-perdao.webp\",\"@id\":\"https:\\\/\\\/www.encontrafeiradesantana.com.br\\\/sobre\\\/prefeitura-reforca-apoio-e-convida-populacao-para-a-caminhada-do-perdao\\\/#mainImage\",\"width\":280,\"height\":280,\"caption\":\"Caminhada do Perd\\u00e3o\"},\"primaryImageOfPage\":{\"@id\":\"https:\\\/\\\/www.encontrafeiradesantana.com.br\\\/sobre\\\/prefeitura-reforca-apoio-e-convida-populacao-para-a-caminhada-do-perdao\\\/#mainImage\"},\"datePublished\":\"2026-02-20T03:14:48-03:00\",\"dateModified\":\"2026-02-20T03:14:48-03:00\"},{\"@type\":\"WebSite\",\"@id\":\"https:\\\/\\\/www.encontrafeiradesantana.com.br\\\/sobre\\\/#website\",\"url\":\"https:\\\/\\\/www.encontrafeiradesantana.com.br\\\/sobre\\\/\",\"name\":\"Encontra Feira de Santana\",\"description\":\"Not\\u00edcias, eventos, informa\\u00e7\\u00f5es e dicas na cidade Feira de Santana e regi\\u00e3o.\",\"inLanguage\":\"pt-BR\",\"publisher\":{\"@id\":\"https:\\\/\\\/www.encontrafeiradesantana.com.br\\\/sobre\\\/#organization\"}}]}\n\t\t<\/script>\n\t\t<!-- All in One SEO -->\n\n","aioseo_head_json":{"title":"Prefeitura refor\u00e7a apoio e convida popula\u00e7\u00e3o para a Caminhada do Perd\u00e3o | Encontra Feira de Santana","description":"Caminhada do Perd\u00e3o: uma oportunidade para renovar sua f\u00e9 e esperan\u00e7a.","canonical_url":"https:\/\/www.encontrafeiradesantana.com.br\/sobre\/prefeitura-reforca-apoio-e-convida-populacao-para-a-caminhada-do-perdao\/","robots":"max-image-preview:large","keywords":"","webmasterTools":{"miscellaneous":""},"schema":{"@context":"https:\/\/schema.org","@graph":[{"@type":"Article","@id":"https:\/\/www.encontrafeiradesantana.com.br\/sobre\/prefeitura-reforca-apoio-e-convida-populacao-para-a-caminhada-do-perdao\/#article","name":"Prefeitura refor\u00e7a apoio e convida popula\u00e7\u00e3o para a Caminhada do Perd\u00e3o | Encontra Feira de Santana","headline":"Prefeitura refor\u00e7a apoio e convida popula\u00e7\u00e3o para a Caminhada do Perd\u00e3o","author":{"@id":"https:\/\/www.encontrafeiradesantana.com.br\/sobre\/author\/efeiradesantana\/#author"},"publisher":{"@id":"https:\/\/www.encontrafeiradesantana.com.br\/sobre\/#organization"},"image":{"@type":"ImageObject","url":"https:\/\/www.encontrafeiradesantana.com.br\/sobre\/wp-content\/uploads\/2026\/02\/prefeitura-reforca-apoio-e-convida-populacao-para-a-caminhada-do-perdao.webp","width":280,"height":280,"caption":"Caminhada do Perd\u00e3o"},"datePublished":"2026-02-20T03:14:48-03:00","dateModified":"2026-02-20T03:14:48-03:00","inLanguage":"pt-BR","mainEntityOfPage":{"@id":"https:\/\/www.encontrafeiradesantana.com.br\/sobre\/prefeitura-reforca-apoio-e-convida-populacao-para-a-caminhada-do-perdao\/#webpage"},"isPartOf":{"@id":"https:\/\/www.encontrafeiradesantana.com.br\/sobre\/prefeitura-reforca-apoio-e-convida-populacao-para-a-caminhada-do-perdao\/#webpage"},"articleSection":"Not\u00edcias Feira de Santana"},{"@type":"BreadcrumbList","@id":"https:\/\/www.encontrafeiradesantana.com.br\/sobre\/prefeitura-reforca-apoio-e-convida-populacao-para-a-caminhada-do-perdao\/#breadcrumblist","itemListElement":[{"@type":"ListItem","@id":"https:\/\/www.encontrafeiradesantana.com.br\/sobre#listItem","position":1,"name":"In\u00edcio","item":"https:\/\/www.encontrafeiradesantana.com.br\/sobre","nextItem":{"@type":"ListItem","@id":"https:\/\/www.encontrafeiradesantana.com.br\/sobre\/noticias-em-feira-de-santana\/#listItem","name":"Not\u00edcias Feira de Santana"}},{"@type":"ListItem","@id":"https:\/\/www.encontrafeiradesantana.com.br\/sobre\/noticias-em-feira-de-santana\/#listItem","position":2,"name":"Not\u00edcias Feira de Santana","item":"https:\/\/www.encontrafeiradesantana.com.br\/sobre\/noticias-em-feira-de-santana\/","nextItem":{"@type":"ListItem","@id":"https:\/\/www.encontrafeiradesantana.com.br\/sobre\/prefeitura-reforca-apoio-e-convida-populacao-para-a-caminhada-do-perdao\/#listItem","name":"Prefeitura refor\u00e7a apoio e convida popula\u00e7\u00e3o para a Caminhada do Perd\u00e3o"},"previousItem":{"@type":"ListItem","@id":"https:\/\/www.encontrafeiradesantana.com.br\/sobre#listItem","name":"In\u00edcio"}},{"@type":"ListItem","@id":"https:\/\/www.encontrafeiradesantana.com.br\/sobre\/prefeitura-reforca-apoio-e-convida-populacao-para-a-caminhada-do-perdao\/#listItem","position":3,"name":"Prefeitura refor\u00e7a apoio e convida popula\u00e7\u00e3o para a Caminhada do Perd\u00e3o","previousItem":{"@type":"ListItem","@id":"https:\/\/www.encontrafeiradesantana.com.br\/sobre\/noticias-em-feira-de-santana\/#listItem","name":"Not\u00edcias Feira de Santana"}}]},{"@type":"Organization","@id":"https:\/\/www.encontrafeiradesantana.com.br\/sobre\/#organization","name":"Encontra Feira de Santana","description":"Not\u00edcias, eventos, informa\u00e7\u00f5es e dicas na cidade Feira de Santana e regi\u00e3o.","url":"https:\/\/www.encontrafeiradesantana.com.br\/sobre\/"},{"@type":"Person","@id":"https:\/\/www.encontrafeiradesantana.com.br\/sobre\/author\/efeiradesantana\/#author","url":"https:\/\/www.encontrafeiradesantana.com.br\/sobre\/author\/efeiradesantana\/","name":"Encontra Feira de Santana","image":{"@type":"ImageObject","@id":"https:\/\/www.encontrafeiradesantana.com.br\/sobre\/prefeitura-reforca-apoio-e-convida-populacao-para-a-caminhada-do-perdao\/#authorImage","url":"https:\/\/secure.gravatar.com\/avatar\/507340682b8270222e1f208e23198b6ae7e2c6a1033ae84e99bc6bce4f82a387?s=96&d=mm&r=g","width":96,"height":96,"caption":"Encontra Feira de Santana"}},{"@type":"WebPage","@id":"https:\/\/www.encontrafeiradesantana.com.br\/sobre\/prefeitura-reforca-apoio-e-convida-populacao-para-a-caminhada-do-perdao\/#webpage","url":"https:\/\/www.encontrafeiradesantana.com.br\/sobre\/prefeitura-reforca-apoio-e-convida-populacao-para-a-caminhada-do-perdao\/","name":"Prefeitura refor\u00e7a apoio e convida popula\u00e7\u00e3o para a Caminhada do Perd\u00e3o | Encontra Feira de Santana","description":"Caminhada do Perd\u00e3o: uma oportunidade para renovar sua f\u00e9 e esperan\u00e7a.","inLanguage":"pt-BR","isPartOf":{"@id":"https:\/\/www.encontrafeiradesantana.com.br\/sobre\/#website"},"breadcrumb":{"@id":"https:\/\/www.encontrafeiradesantana.com.br\/sobre\/prefeitura-reforca-apoio-e-convida-populacao-para-a-caminhada-do-perdao\/#breadcrumblist"},"author":{"@id":"https:\/\/www.encontrafeiradesantana.com.br\/sobre\/author\/efeiradesantana\/#author"},"creator":{"@id":"https:\/\/www.encontrafeiradesantana.com.br\/sobre\/author\/efeiradesantana\/#author"},"image":{"@type":"ImageObject","url":"https:\/\/www.encontrafeiradesantana.com.br\/sobre\/wp-content\/uploads\/2026\/02\/prefeitura-reforca-apoio-e-convida-populacao-para-a-caminhada-do-perdao.webp","@id":"https:\/\/www.encontrafeiradesantana.com.br\/sobre\/prefeitura-reforca-apoio-e-convida-populacao-para-a-caminhada-do-perdao\/#mainImage","width":280,"height":280,"caption":"Caminhada do Perd\u00e3o"},"primaryImageOfPage":{"@id":"https:\/\/www.encontrafeiradesantana.com.br\/sobre\/prefeitura-reforca-apoio-e-convida-populacao-para-a-caminhada-do-perdao\/#mainImage"},"datePublished":"2026-02-20T03:14:48-03:00","dateModified":"2026-02-20T03:14:48-03:00"},{"@type":"WebSite","@id":"https:\/\/www.encontrafeiradesantana.com.br\/sobre\/#website","url":"https:\/\/www.encontrafeiradesantana.com.br\/sobre\/","name":"Encontra Feira de Santana","description":"Not\u00edcias, eventos, informa\u00e7\u00f5es e dicas na cidade Feira de Santana e regi\u00e3o.","inLanguage":"pt-BR","publisher":{"@id":"https:\/\/www.encontrafeiradesantana.com.br\/sobre\/#organization"}}]},"og:locale":"pt_BR","og:site_name":"Encontra Feira de Santana | Not\u00edcias, eventos, informa\u00e7\u00f5es e dicas na cidade Feira de Santana e regi\u00e3o.","og:type":"article","og:title":"Prefeitura refor\u00e7a apoio e convida popula\u00e7\u00e3o para a Caminhada do Perd\u00e3o | Encontra Feira de Santana","og:description":"Caminhada do Perd\u00e3o: uma oportunidade para renovar sua f\u00e9 e esperan\u00e7a.","og:url":"https:\/\/www.encontrafeiradesantana.com.br\/sobre\/prefeitura-reforca-apoio-e-convida-populacao-para-a-caminhada-do-perdao\/","article:published_time":"2026-02-20T06:14:48+00:00","article:modified_time":"2026-02-20T06:14:48+00:00","twitter:card":"summary","twitter:title":"Prefeitura refor\u00e7a apoio e convida popula\u00e7\u00e3o para a Caminhada do Perd\u00e3o | Encontra Feira de Santana","twitter:description":"Caminhada do Perd\u00e3o: uma oportunidade para renovar sua f\u00e9 e esperan\u00e7a."},"aioseo_meta_data":{"post_id":"1664","title":null,"description":null,"keywords":null,"keyphrases":null,"primary_term":null,"canonical_url":null,"og_title":null,"og_description":null,"og_object_type":"default","og_image_type":"default","og_image_url":null,"og_image_width":null,"og_image_height":null,"og_image_custom_url":null,"og_image_custom_fields":null,"og_video":null,"og_custom_url":null,"og_article_section":null,"og_article_tags":null,"twitter_use_og":false,"twitter_card":"default","twitter_image_type":"default","twitter_image_url":null,"twitter_image_custom_url":null,"twitter_image_custom_fields":null,"twitter_title":null,"twitter_description":null,"schema":{"blockGraphs":[],"customGraphs":[],"default":{"data":{"Article":[],"Course":[],"Dataset":[],"FAQPage":[],"Movie":[],"Person":[],"Product":[],"ProductReview":[],"Car":[],"Recipe":[],"Service":[],"SoftwareApplication":[],"WebPage":[]},"graphName":"Article","isEnabled":true},"graphs":[]},"schema_type":"default","schema_type_options":null,"pillar_content":false,"robots_default":true,"robots_noindex":false,"robots_noarchive":false,"robots_nosnippet":false,"robots_nofollow":false,"robots_noimageindex":false,"robots_noodp":false,"robots_notranslate":false,"robots_max_snippet":null,"robots_max_videopreview":null,"robots_max_imagepreview":"large","priority":null,"frequency":null,"local_seo":null,"breadcrumb_settings":null,"limit_modified_date":false,"ai":null,"created":"2026-02-20 06:14:51","updated":"2026-02-20 06:16:02","focus_keyword":null,"additional_keywords":null,"truseo_locale":null,"seo_analyzer_scan_date":null},"aioseo_breadcrumb":"<div class=\"aioseo-breadcrumbs\"><span class=\"aioseo-breadcrumb\">\n\t\t\t<a href=\"https:\/\/www.encontrafeiradesantana.com.br\/sobre\" title=\"In\u00edcio\">In\u00edcio<\/a>\n\t\t<\/span><span class=\"aioseo-breadcrumb-separator\">&raquo;<\/span><span class=\"aioseo-breadcrumb\">\n\t\t\t<a href=\"https:\/\/www.encontrafeiradesantana.com.br\/sobre\/noticias-em-feira-de-santana\/\" title=\"Not\u00edcias Feira de Santana\">Not\u00edcias Feira de Santana<\/a>\n\t\t<\/span><span class=\"aioseo-breadcrumb-separator\">&raquo;<\/span><span class=\"aioseo-breadcrumb\">\n\t\t\tPrefeitura refor\u00e7a apoio e convida popula\u00e7\u00e3o para a Caminhada do Perd\u00e3o\n\t\t<\/span><\/div>","aioseo_breadcrumb_json":[{"label":"In\u00edcio","link":"https:\/\/www.encontrafeiradesantana.com.br\/sobre"},{"label":"Not\u00edcias Feira de Santana","link":"https:\/\/www.encontrafeiradesantana.com.br\/sobre\/noticias-em-feira-de-santana\/"},{"label":"Prefeitura refor\u00e7a apoio e convida popula\u00e7\u00e3o para a Caminhada do Perd\u00e3o","link":"https:\/\/www.encontrafeiradesantana.com.br\/sobre\/prefeitura-reforca-apoio-e-convida-populacao-para-a-caminhada-do-perdao\/"}],"_links":{"self":[{"href":"https:\/\/www.encontrafeiradesantana.com.br\/sobre\/wp-json\/wp\/v2\/posts\/1664","targetHints":{"allow":["GET"]}}],"collection":[{"href":"https:\/\/www.encontrafeiradesantana.com.br\/sobre\/wp-json\/wp\/v2\/posts"}],"about":[{"href":"https:\/\/www.encontrafeiradesantana.com.br\/sobre\/wp-json\/wp\/v2\/types\/post"}],"author":[{"embeddable":true,"href":"https:\/\/www.encontrafeiradesantana.com.br\/sobre\/wp-json\/wp\/v2\/users\/1"}],"replies":[{"embeddable":true,"href":"https:\/\/www.encontrafeiradesantana.com.br\/sobre\/wp-json\/wp\/v2\/comments?post=1664"}],"version-history":[{"count":0,"href":"https:\/\/www.encontrafeiradesantana.com.br\/sobre\/wp-json\/wp\/v2\/posts\/1664\/revisions"}],"wp:featuredmedia":[{"embeddable":true,"href":"https:\/\/www.encontrafeiradesantana.com.br\/sobre\/wp-json\/wp\/v2\/media\/1663"}],"wp:attachment":[{"href":"https:\/\/www.encontrafeiradesantana.com.br\/sobre\/wp-json\/wp\/v2\/media?parent=1664"}],"wp:term":[{"taxonomy":"category","embeddable":true,"href":"https:\/\/www.encontrafeiradesantana.com.br\/sobre\/wp-json\/wp\/v2\/categories?post=1664"},{"taxonomy":"post_tag","embeddable":true,"href":"https:\/\/www.encontrafeiradesantana.com.br\/sobre\/wp-json\/wp\/v2\/tags?post=1664"}],"curies":[{"name":"wp","href":"https:\/\/api.w.org\/{rel}","templated":true}]}}