{"id":1630,"date":"2026-02-12T03:31:17","date_gmt":"2026-02-12T06:31:17","guid":{"rendered":"https:\/\/www.encontrafeiradesantana.com.br\/sobre\/funtitec-assina-ordem-de-servico-para-implantacao-de-biblioteca-digital-em-feira-de-santana-no-dia-22\/"},"modified":"2026-02-12T03:31:17","modified_gmt":"2026-02-12T06:31:17","slug":"funtitec-assina-ordem-de-servico-para-implantacao-de-biblioteca-digital-em-feira-de-santana-no-dia-22","status":"publish","type":"post","link":"https:\/\/www.encontrafeiradesantana.com.br\/sobre\/funtitec-assina-ordem-de-servico-para-implantacao-de-biblioteca-digital-em-feira-de-santana-no-dia-22\/","title":{"rendered":"Funtitec assina ordem de servi\u00e7o para implanta\u00e7\u00e3o de Biblioteca Digital em Feira de Santana no dia 22"},"content":{"rendered":"<div class=\"3f468104ad11f00a3c9ac948316f4265\" data-index=\"1\" style=\"float: none; margin:0px;\">\n<ins class=\"adsbygoogle\"\r\n     style=\"display:block\"\r\n     data-ad-client=\"ca-pub-8585364105181520\"\r\n     data-ad-slot=\"8789329856\"\r\n     data-ad-format=\"auto\"\r\n     data-full-width-responsive=\"true\"><\/ins>\r\n<script>\r\n     (adsbygoogle = window.adsbygoogle || []).push({});\r\n<\/script>\r\n\n<\/div>\n<h2>O que \u00e9 a Biblioteca Digital?<\/h2>\n<p>A Biblioteca Digital surge como uma inova\u00e7\u00e3o essencial na forma de acesso ao conhecimento, permitindo que a popula\u00e7\u00e3o tenha \u00e0 sua disposi\u00e7\u00e3o um vasto acervo de materiais em formato digital. Com o advento dessa tecnologia, o acesso a conte\u00fados bibliogr\u00e1ficos se torna mais democr\u00e1tico e acess\u00edvel, especialmente em uma era onde a informa\u00e7\u00e3o \u00e9 um dos pilares do desenvolvimento social e intelectual.<\/p>\n<h2>Benef\u00edcios da Implanta\u00e7\u00e3o da Biblioteca Digital<\/h2>\n<p>A instala\u00e7\u00e3o de uma Biblioteca Digital oferece um leque diversificado de benef\u00edcios para a comunidade:<\/p>\n<ul>\n<li><strong>Acesso Ampliado:<\/strong> Facilita o acesso de todos \u00e0 literatura e a informa\u00e7\u00f5es variadas, sem as limita\u00e7\u00f5es f\u00edsicas das bibliotecas tradicionais.<\/li>\n<li><strong>Promo\u00e7\u00e3o da Leitura:<\/strong> Estimula o h\u00e1bito da leitura, especialmente entre jovens e crian\u00e7as, ao disponibilizar uma gama extensa de t\u00edtulos.<\/li>\n<li><strong>Moderniza\u00e7\u00e3o:<\/strong> Contribui para a moderniza\u00e7\u00e3o cultural do munic\u00edpio, alinhando-se \u00e0s tecnologias contempor\u00e2neas.<\/li>\n<li><strong>Inclus\u00e3o Digital:<\/strong> Beneficia a inclus\u00e3o digital, permitindo que mais pessoas aprendam a usar ferramentas e recursos online.<\/li>\n<\/ul>\n<h2>Como Acesso \u00e0 Informa\u00e7\u00e3o Transforma Vidas<\/h2>\n<p>O acesso \u00e0 informa\u00e7\u00e3o \u00e9 uma ferramenta transformadora que impacta diversas esferas da vida do indiv\u00edduo, como:<\/p>\n<p><img decoding=\"async\" src=\"https:\/\/www.encontrafeiradesantana.com.br\/sobre\/wp-content\/uploads\/2026\/02\/funtitec-assina-ordem-de-servico-para-implantacao-de-biblioteca-digital-em-feira-de-santana-no-dia-2.webp\" alt=\"Biblioteca Digital\" loading=\"lazy\" \/><\/p>\n<ul>\n<li><strong>Educa\u00e7\u00e3o:<\/strong> A disponibilidade de material educativo online enriquece o aprendizado e amplia horizontes acad\u00eamicos.<\/li>\n<li><strong>Autonomia:<\/strong> O dom\u00ednio de informa\u00e7\u00f5es permite que os cidad\u00e3os tomem decis\u00f5es mais informadas em suas vidas pessoais e profissionais.<\/li>\n<li><strong>Desenvolvimento Pessoal:<\/strong> O acesso \u00e0 leitura promove o autoconhecimento e a reflex\u00e3o.<\/li>\n<li><strong>Engajamento C\u00edvico:<\/strong> Cidad\u00e3os informados tendem a participar mais ativamente da sociedade.<\/li>\n<\/ul>\n<h2>A Import\u00e2ncia da Leitura na Sociedade Atual<\/h2>\n<p>Na sociedade contempor\u00e2nea, a leitura desempenha um papel fundamental:<\/p>\n<ul>\n<li><strong>Forma\u00e7\u00e3o Cr\u00edtica:<\/strong> L\u00ea-se, forma-se indiv\u00edduos mais cr\u00edticos e reflexivos.<\/li>\n<li><strong>Esp\u00edrito Cr\u00edtico:<\/strong> A leitura estimula o questionamento e a an\u00e1lise, essenciais para um debate p\u00fablico saud\u00e1vel.<\/li>\n<li><strong>Cidadania Ativa:<\/strong> Leitores engajados tendem a se tornar cidad\u00e3os mais ativos em suas comunidades, promovendo mudan\u00e7as sociais positivas.<\/li>\n<\/ul>\n<h2>Parceria com a Toca Livros Limitada<\/h2>\n<p>A Funtitec firmou uma parceria estrat\u00e9gica com a <strong>Toca Livros Limitada<\/strong>, que ser\u00e1 a respons\u00e1vel pela implementa\u00e7\u00e3o e gest\u00e3o da Biblioteca Digital. Esta colabora\u00e7\u00e3o \u00e9 crucial para o desenvolvimento do projeto, assegurando que um know-how especializado seja aplicado na cria\u00e7\u00e3o da plataforma.<\/p>\n<h2>Impacto nas Bibliotecas Municipais<\/h2>\n<p>A nova Biblioteca Digital n\u00e3o s\u00f3 enriquecer\u00e1 a Biblioteca Municipal Arnold Ferreira da Silva, mas tamb\u00e9m empresas bibliotec\u00e1rias situadas em diversos distritos, como:<\/p>\n<ul>\n<li>Maria Quit\u00e9ria<\/li>\n<li>Humildes<\/li>\n<li>Bonfim de Feira<\/li>\n<\/ul>\n<p>Isso assegura que todos os cidad\u00e3os de Feira de Santana tenham a mesma oportunidade de acessar a literatura e a informa\u00e7\u00e3o.<\/p>\n<h2>Cidades que Investem em Tecnologia e Leitura<\/h2>\n<p>Exemplos de cidades que t\u00eam colhido os frutos de investimentos em bibliotecas digitais incluem:<\/p>\n<ul>\n<li><strong>Cidade de S\u00e3o Paulo:<\/strong> Com vasta oferta de acervos digitais, promovendo acesso a livros e publica\u00e7\u00f5es.<\/li>\n<li><strong>Belo Horizonte:<\/strong> As bibliotecas digitais t\u00eam atra\u00eddo um n\u00famero crescente de leitores.<\/li>\n<li><strong>Curitiba:<\/strong> Pioneira em iniciativas de digitaliza\u00e7\u00e3o de acervos.<\/li>\n<\/ul>\n<p>Essas iniciativas mostram que um investimento em tecnologia educacional pode realmente transformar a cultura leitora.<\/p>\n<h2>Iniciativas de Incentivo \u00e0 Leitura na Bahia<\/h2>\n<p>A Bahia apresenta uma s\u00e9rie de iniciativas voltadas para o fomento \u00e0 leitura, que podem ser potencializadas com a nova Biblioteca Digital, como:<\/p>\n<ul>\n<li><strong>Feiras de Livros:<\/strong> Eventos que promovem a literatura nacional.<\/li>\n<li><strong>Programas de Leitura:<\/strong> Parcerias com escolas para incentivar a leitura entre os jovens.<\/li>\n<\/ul>\n<h2>O Papel da Funtitec na Educa\u00e7\u00e3o<\/h2>\n<p>A Funda\u00e7\u00e3o Municipal de Ci\u00eancia &#038; Tecnologia Egberto Tavares Costa (Funtitec) desempenha um papel central ao conectar tecnologia e educa\u00e7\u00e3o. Com a implementa\u00e7\u00e3o da Biblioteca Digital, a Funtitec visa modernizar o acesso \u00e0 cultura e ao conhecimento em Feira de Santana.<\/p>\n<h2>Pr\u00f3ximos Passos para o Projeto<\/h2>\n<p>Os pr\u00f3ximos passos para a implementa\u00e7\u00e3o da Biblioteca Digital incluem:<\/p>\n<ul>\n<li>Assinatura da ordem de servi\u00e7o com a Toca Livros Limitada.<\/li>\n<li>Planejamento do acervo digital, incluindo a curadoria dos 150 mil livros dispon\u00edveis.<\/li>\n<li>Treinamentos para a equipe das bibliotecas p\u00fablicas sobre o manuseio da nova plataforma.<\/li>\n<li>Divulga\u00e7\u00e3o do projeto para a popula\u00e7\u00e3o local, destacando os benef\u00edcios e como acess\u00e1-lo.<\/li>\n<\/ul>\n<p>Com essa iniciativa, Feira de Santana se posiciona na vanguarda da cultura digital, refletindo um compromisso em promover a educa\u00e7\u00e3o e o crescimento social.<\/p>\n\n<div style=\"font-size: 0px; height: 0px; line-height: 0px; margin: 0; padding: 0; clear: both;\"><\/div>","protected":false},"excerpt":{"rendered":"<p>Biblioteca Digital em Feira de Santana amplia acesso \u00e0 leitura para todos.<\/p>\n","protected":false},"author":1,"featured_media":1629,"comment_status":"open","ping_status":"closed","sticky":false,"template":"","format":"standard","meta":{"footnotes":""},"categories":[6],"tags":[],"class_list":["post-1630","post","type-post","status-publish","format-standard","has-post-thumbnail","hentry","category-noticias-em-feira-de-santana","has_thumb"],"aioseo_notices":[],"aioseo_head":"\n\t\t<!-- All in One SEO 5.0.0.1 - aioseo.com -->\n\t<meta name=\"description\" content=\"Biblioteca Digital em Feira de Santana amplia acesso \u00e0 leitura para todos.\" \/>\n\t<meta name=\"robots\" content=\"max-image-preview:large\" \/>\n\t<meta name=\"author\" content=\"Encontra Feira de Santana\"\/>\n\t<link rel=\"canonical\" href=\"https:\/\/www.encontrafeiradesantana.com.br\/sobre\/funtitec-assina-ordem-de-servico-para-implantacao-de-biblioteca-digital-em-feira-de-santana-no-dia-22\/\" \/>\n\t<meta name=\"generator\" content=\"All in One SEO (AIOSEO) 5.0.0.1\" \/>\n\t\t<meta property=\"og:locale\" content=\"pt_BR\" \/>\n\t\t<meta property=\"og:site_name\" content=\"Encontra Feira de Santana | Not\u00edcias, eventos, informa\u00e7\u00f5es e dicas na cidade Feira de Santana e regi\u00e3o.\" \/>\n\t\t<meta property=\"og:type\" content=\"article\" \/>\n\t\t<meta property=\"og:title\" content=\"Funtitec assina ordem de servi\u00e7o para implanta\u00e7\u00e3o de Biblioteca Digital em Feira de Santana no dia 22 | Encontra Feira de Santana\" \/>\n\t\t<meta property=\"og:description\" content=\"Biblioteca Digital em Feira de Santana amplia acesso \u00e0 leitura para todos.\" \/>\n\t\t<meta property=\"og:url\" content=\"https:\/\/www.encontrafeiradesantana.com.br\/sobre\/funtitec-assina-ordem-de-servico-para-implantacao-de-biblioteca-digital-em-feira-de-santana-no-dia-22\/\" \/>\n\t\t<meta property=\"article:published_time\" content=\"2026-02-12T06:31:17+00:00\" \/>\n\t\t<meta property=\"article:modified_time\" content=\"2026-02-12T06:31:17+00:00\" \/>\n\t\t<meta name=\"twitter:card\" content=\"summary\" \/>\n\t\t<meta name=\"twitter:title\" content=\"Funtitec assina ordem de servi\u00e7o para implanta\u00e7\u00e3o de Biblioteca Digital em Feira de Santana no dia 22 | Encontra Feira de Santana\" \/>\n\t\t<meta name=\"twitter:description\" content=\"Biblioteca Digital em Feira de Santana amplia acesso \u00e0 leitura para todos.\" \/>\n\t\t<script type=\"application\/ld+json\" class=\"aioseo-schema\">\n\t\t\t{\"@context\":\"https:\\\/\\\/schema.org\",\"@graph\":[{\"@type\":\"Article\",\"@id\":\"https:\\\/\\\/www.encontrafeiradesantana.com.br\\\/sobre\\\/funtitec-assina-ordem-de-servico-para-implantacao-de-biblioteca-digital-em-feira-de-santana-no-dia-22\\\/#article\",\"name\":\"Funtitec assina ordem de servi\\u00e7o para implanta\\u00e7\\u00e3o de Biblioteca Digital em Feira de Santana no dia 22 | Encontra Feira de Santana\",\"headline\":\"Funtitec assina ordem de servi\\u00e7o para implanta\\u00e7\\u00e3o de Biblioteca Digital em Feira de Santana no dia 22\",\"author\":{\"@id\":\"https:\\\/\\\/www.encontrafeiradesantana.com.br\\\/sobre\\\/author\\\/efeiradesantana\\\/#author\"},\"publisher\":{\"@id\":\"https:\\\/\\\/www.encontrafeiradesantana.com.br\\\/sobre\\\/#organization\"},\"image\":{\"@type\":\"ImageObject\",\"url\":\"https:\\\/\\\/www.encontrafeiradesantana.com.br\\\/sobre\\\/wp-content\\\/uploads\\\/2026\\\/02\\\/funtitec-assina-ordem-de-servico-para-implantacao-de-biblioteca-digital-em-feira-de-santana-no-dia-2.webp\",\"width\":280,\"height\":280,\"caption\":\"Biblioteca Digital\"},\"datePublished\":\"2026-02-12T03:31:17-03:00\",\"dateModified\":\"2026-02-12T03:31:17-03:00\",\"inLanguage\":\"pt-BR\",\"mainEntityOfPage\":{\"@id\":\"https:\\\/\\\/www.encontrafeiradesantana.com.br\\\/sobre\\\/funtitec-assina-ordem-de-servico-para-implantacao-de-biblioteca-digital-em-feira-de-santana-no-dia-22\\\/#webpage\"},\"isPartOf\":{\"@id\":\"https:\\\/\\\/www.encontrafeiradesantana.com.br\\\/sobre\\\/funtitec-assina-ordem-de-servico-para-implantacao-de-biblioteca-digital-em-feira-de-santana-no-dia-22\\\/#webpage\"},\"articleSection\":\"Not\\u00edcias Feira de Santana\"},{\"@type\":\"BreadcrumbList\",\"@id\":\"https:\\\/\\\/www.encontrafeiradesantana.com.br\\\/sobre\\\/funtitec-assina-ordem-de-servico-para-implantacao-de-biblioteca-digital-em-feira-de-santana-no-dia-22\\\/#breadcrumblist\",\"itemListElement\":[{\"@type\":\"ListItem\",\"@id\":\"https:\\\/\\\/www.encontrafeiradesantana.com.br\\\/sobre#listItem\",\"position\":1,\"name\":\"In\\u00edcio\",\"item\":\"https:\\\/\\\/www.encontrafeiradesantana.com.br\\\/sobre\",\"nextItem\":{\"@type\":\"ListItem\",\"@id\":\"https:\\\/\\\/www.encontrafeiradesantana.com.br\\\/sobre\\\/noticias-em-feira-de-santana\\\/#listItem\",\"name\":\"Not\\u00edcias Feira de Santana\"}},{\"@type\":\"ListItem\",\"@id\":\"https:\\\/\\\/www.encontrafeiradesantana.com.br\\\/sobre\\\/noticias-em-feira-de-santana\\\/#listItem\",\"position\":2,\"name\":\"Not\\u00edcias Feira de Santana\",\"item\":\"https:\\\/\\\/www.encontrafeiradesantana.com.br\\\/sobre\\\/noticias-em-feira-de-santana\\\/\",\"nextItem\":{\"@type\":\"ListItem\",\"@id\":\"https:\\\/\\\/www.encontrafeiradesantana.com.br\\\/sobre\\\/funtitec-assina-ordem-de-servico-para-implantacao-de-biblioteca-digital-em-feira-de-santana-no-dia-22\\\/#listItem\",\"name\":\"Funtitec assina ordem de servi\\u00e7o para implanta\\u00e7\\u00e3o de Biblioteca Digital em Feira de Santana no dia 22\"},\"previousItem\":{\"@type\":\"ListItem\",\"@id\":\"https:\\\/\\\/www.encontrafeiradesantana.com.br\\\/sobre#listItem\",\"name\":\"In\\u00edcio\"}},{\"@type\":\"ListItem\",\"@id\":\"https:\\\/\\\/www.encontrafeiradesantana.com.br\\\/sobre\\\/funtitec-assina-ordem-de-servico-para-implantacao-de-biblioteca-digital-em-feira-de-santana-no-dia-22\\\/#listItem\",\"position\":3,\"name\":\"Funtitec assina ordem de servi\\u00e7o para implanta\\u00e7\\u00e3o de Biblioteca Digital em Feira de Santana no dia 22\",\"previousItem\":{\"@type\":\"ListItem\",\"@id\":\"https:\\\/\\\/www.encontrafeiradesantana.com.br\\\/sobre\\\/noticias-em-feira-de-santana\\\/#listItem\",\"name\":\"Not\\u00edcias Feira de Santana\"}}]},{\"@type\":\"Organization\",\"@id\":\"https:\\\/\\\/www.encontrafeiradesantana.com.br\\\/sobre\\\/#organization\",\"name\":\"Encontra Feira de Santana\",\"description\":\"Not\\u00edcias, eventos, informa\\u00e7\\u00f5es e dicas na cidade Feira de Santana e regi\\u00e3o.\",\"url\":\"https:\\\/\\\/www.encontrafeiradesantana.com.br\\\/sobre\\\/\"},{\"@type\":\"Person\",\"@id\":\"https:\\\/\\\/www.encontrafeiradesantana.com.br\\\/sobre\\\/author\\\/efeiradesantana\\\/#author\",\"url\":\"https:\\\/\\\/www.encontrafeiradesantana.com.br\\\/sobre\\\/author\\\/efeiradesantana\\\/\",\"name\":\"Encontra Feira de Santana\",\"image\":{\"@type\":\"ImageObject\",\"@id\":\"https:\\\/\\\/www.encontrafeiradesantana.com.br\\\/sobre\\\/funtitec-assina-ordem-de-servico-para-implantacao-de-biblioteca-digital-em-feira-de-santana-no-dia-22\\\/#authorImage\",\"url\":\"https:\\\/\\\/secure.gravatar.com\\\/avatar\\\/507340682b8270222e1f208e23198b6ae7e2c6a1033ae84e99bc6bce4f82a387?s=96&d=mm&r=g\",\"width\":96,\"height\":96,\"caption\":\"Encontra Feira de Santana\"}},{\"@type\":\"WebPage\",\"@id\":\"https:\\\/\\\/www.encontrafeiradesantana.com.br\\\/sobre\\\/funtitec-assina-ordem-de-servico-para-implantacao-de-biblioteca-digital-em-feira-de-santana-no-dia-22\\\/#webpage\",\"url\":\"https:\\\/\\\/www.encontrafeiradesantana.com.br\\\/sobre\\\/funtitec-assina-ordem-de-servico-para-implantacao-de-biblioteca-digital-em-feira-de-santana-no-dia-22\\\/\",\"name\":\"Funtitec assina ordem de servi\\u00e7o para implanta\\u00e7\\u00e3o de Biblioteca Digital em Feira de Santana no dia 22 | Encontra Feira de Santana\",\"description\":\"Biblioteca Digital em Feira de Santana amplia acesso \\u00e0 leitura para todos.\",\"inLanguage\":\"pt-BR\",\"isPartOf\":{\"@id\":\"https:\\\/\\\/www.encontrafeiradesantana.com.br\\\/sobre\\\/#website\"},\"breadcrumb\":{\"@id\":\"https:\\\/\\\/www.encontrafeiradesantana.com.br\\\/sobre\\\/funtitec-assina-ordem-de-servico-para-implantacao-de-biblioteca-digital-em-feira-de-santana-no-dia-22\\\/#breadcrumblist\"},\"author\":{\"@id\":\"https:\\\/\\\/www.encontrafeiradesantana.com.br\\\/sobre\\\/author\\\/efeiradesantana\\\/#author\"},\"creator\":{\"@id\":\"https:\\\/\\\/www.encontrafeiradesantana.com.br\\\/sobre\\\/author\\\/efeiradesantana\\\/#author\"},\"image\":{\"@type\":\"ImageObject\",\"url\":\"https:\\\/\\\/www.encontrafeiradesantana.com.br\\\/sobre\\\/wp-content\\\/uploads\\\/2026\\\/02\\\/funtitec-assina-ordem-de-servico-para-implantacao-de-biblioteca-digital-em-feira-de-santana-no-dia-2.webp\",\"@id\":\"https:\\\/\\\/www.encontrafeiradesantana.com.br\\\/sobre\\\/funtitec-assina-ordem-de-servico-para-implantacao-de-biblioteca-digital-em-feira-de-santana-no-dia-22\\\/#mainImage\",\"width\":280,\"height\":280,\"caption\":\"Biblioteca Digital\"},\"primaryImageOfPage\":{\"@id\":\"https:\\\/\\\/www.encontrafeiradesantana.com.br\\\/sobre\\\/funtitec-assina-ordem-de-servico-para-implantacao-de-biblioteca-digital-em-feira-de-santana-no-dia-22\\\/#mainImage\"},\"datePublished\":\"2026-02-12T03:31:17-03:00\",\"dateModified\":\"2026-02-12T03:31:17-03:00\"},{\"@type\":\"WebSite\",\"@id\":\"https:\\\/\\\/www.encontrafeiradesantana.com.br\\\/sobre\\\/#website\",\"url\":\"https:\\\/\\\/www.encontrafeiradesantana.com.br\\\/sobre\\\/\",\"name\":\"Encontra Feira de Santana\",\"description\":\"Not\\u00edcias, eventos, informa\\u00e7\\u00f5es e dicas na cidade Feira de Santana e regi\\u00e3o.\",\"inLanguage\":\"pt-BR\",\"publisher\":{\"@id\":\"https:\\\/\\\/www.encontrafeiradesantana.com.br\\\/sobre\\\/#organization\"}}]}\n\t\t<\/script>\n\t\t<!-- All in One SEO -->\n\n","aioseo_head_json":{"title":"Funtitec assina ordem de servi\u00e7o para implanta\u00e7\u00e3o de Biblioteca Digital em Feira de Santana no dia 22 | Encontra Feira de Santana","description":"Biblioteca Digital em Feira de Santana amplia acesso \u00e0 leitura para todos.","canonical_url":"https:\/\/www.encontrafeiradesantana.com.br\/sobre\/funtitec-assina-ordem-de-servico-para-implantacao-de-biblioteca-digital-em-feira-de-santana-no-dia-22\/","robots":"max-image-preview:large","keywords":"","webmasterTools":{"miscellaneous":""},"schema":{"@context":"https:\/\/schema.org","@graph":[{"@type":"Article","@id":"https:\/\/www.encontrafeiradesantana.com.br\/sobre\/funtitec-assina-ordem-de-servico-para-implantacao-de-biblioteca-digital-em-feira-de-santana-no-dia-22\/#article","name":"Funtitec assina ordem de servi\u00e7o para implanta\u00e7\u00e3o de Biblioteca Digital em Feira de Santana no dia 22 | Encontra Feira de Santana","headline":"Funtitec assina ordem de servi\u00e7o para implanta\u00e7\u00e3o de Biblioteca Digital em Feira de Santana no dia 22","author":{"@id":"https:\/\/www.encontrafeiradesantana.com.br\/sobre\/author\/efeiradesantana\/#author"},"publisher":{"@id":"https:\/\/www.encontrafeiradesantana.com.br\/sobre\/#organization"},"image":{"@type":"ImageObject","url":"https:\/\/www.encontrafeiradesantana.com.br\/sobre\/wp-content\/uploads\/2026\/02\/funtitec-assina-ordem-de-servico-para-implantacao-de-biblioteca-digital-em-feira-de-santana-no-dia-2.webp","width":280,"height":280,"caption":"Biblioteca Digital"},"datePublished":"2026-02-12T03:31:17-03:00","dateModified":"2026-02-12T03:31:17-03:00","inLanguage":"pt-BR","mainEntityOfPage":{"@id":"https:\/\/www.encontrafeiradesantana.com.br\/sobre\/funtitec-assina-ordem-de-servico-para-implantacao-de-biblioteca-digital-em-feira-de-santana-no-dia-22\/#webpage"},"isPartOf":{"@id":"https:\/\/www.encontrafeiradesantana.com.br\/sobre\/funtitec-assina-ordem-de-servico-para-implantacao-de-biblioteca-digital-em-feira-de-santana-no-dia-22\/#webpage"},"articleSection":"Not\u00edcias Feira de Santana"},{"@type":"BreadcrumbList","@id":"https:\/\/www.encontrafeiradesantana.com.br\/sobre\/funtitec-assina-ordem-de-servico-para-implantacao-de-biblioteca-digital-em-feira-de-santana-no-dia-22\/#breadcrumblist","itemListElement":[{"@type":"ListItem","@id":"https:\/\/www.encontrafeiradesantana.com.br\/sobre#listItem","position":1,"name":"In\u00edcio","item":"https:\/\/www.encontrafeiradesantana.com.br\/sobre","nextItem":{"@type":"ListItem","@id":"https:\/\/www.encontrafeiradesantana.com.br\/sobre\/noticias-em-feira-de-santana\/#listItem","name":"Not\u00edcias Feira de Santana"}},{"@type":"ListItem","@id":"https:\/\/www.encontrafeiradesantana.com.br\/sobre\/noticias-em-feira-de-santana\/#listItem","position":2,"name":"Not\u00edcias Feira de Santana","item":"https:\/\/www.encontrafeiradesantana.com.br\/sobre\/noticias-em-feira-de-santana\/","nextItem":{"@type":"ListItem","@id":"https:\/\/www.encontrafeiradesantana.com.br\/sobre\/funtitec-assina-ordem-de-servico-para-implantacao-de-biblioteca-digital-em-feira-de-santana-no-dia-22\/#listItem","name":"Funtitec assina ordem de servi\u00e7o para implanta\u00e7\u00e3o de Biblioteca Digital em Feira de Santana no dia 22"},"previousItem":{"@type":"ListItem","@id":"https:\/\/www.encontrafeiradesantana.com.br\/sobre#listItem","name":"In\u00edcio"}},{"@type":"ListItem","@id":"https:\/\/www.encontrafeiradesantana.com.br\/sobre\/funtitec-assina-ordem-de-servico-para-implantacao-de-biblioteca-digital-em-feira-de-santana-no-dia-22\/#listItem","position":3,"name":"Funtitec assina ordem de servi\u00e7o para implanta\u00e7\u00e3o de Biblioteca Digital em Feira de Santana no dia 22","previousItem":{"@type":"ListItem","@id":"https:\/\/www.encontrafeiradesantana.com.br\/sobre\/noticias-em-feira-de-santana\/#listItem","name":"Not\u00edcias Feira de Santana"}}]},{"@type":"Organization","@id":"https:\/\/www.encontrafeiradesantana.com.br\/sobre\/#organization","name":"Encontra Feira de Santana","description":"Not\u00edcias, eventos, informa\u00e7\u00f5es e dicas na cidade Feira de Santana e regi\u00e3o.","url":"https:\/\/www.encontrafeiradesantana.com.br\/sobre\/"},{"@type":"Person","@id":"https:\/\/www.encontrafeiradesantana.com.br\/sobre\/author\/efeiradesantana\/#author","url":"https:\/\/www.encontrafeiradesantana.com.br\/sobre\/author\/efeiradesantana\/","name":"Encontra Feira de Santana","image":{"@type":"ImageObject","@id":"https:\/\/www.encontrafeiradesantana.com.br\/sobre\/funtitec-assina-ordem-de-servico-para-implantacao-de-biblioteca-digital-em-feira-de-santana-no-dia-22\/#authorImage","url":"https:\/\/secure.gravatar.com\/avatar\/507340682b8270222e1f208e23198b6ae7e2c6a1033ae84e99bc6bce4f82a387?s=96&d=mm&r=g","width":96,"height":96,"caption":"Encontra Feira de Santana"}},{"@type":"WebPage","@id":"https:\/\/www.encontrafeiradesantana.com.br\/sobre\/funtitec-assina-ordem-de-servico-para-implantacao-de-biblioteca-digital-em-feira-de-santana-no-dia-22\/#webpage","url":"https:\/\/www.encontrafeiradesantana.com.br\/sobre\/funtitec-assina-ordem-de-servico-para-implantacao-de-biblioteca-digital-em-feira-de-santana-no-dia-22\/","name":"Funtitec assina ordem de servi\u00e7o para implanta\u00e7\u00e3o de Biblioteca Digital em Feira de Santana no dia 22 | Encontra Feira de Santana","description":"Biblioteca Digital em Feira de Santana amplia acesso \u00e0 leitura para todos.","inLanguage":"pt-BR","isPartOf":{"@id":"https:\/\/www.encontrafeiradesantana.com.br\/sobre\/#website"},"breadcrumb":{"@id":"https:\/\/www.encontrafeiradesantana.com.br\/sobre\/funtitec-assina-ordem-de-servico-para-implantacao-de-biblioteca-digital-em-feira-de-santana-no-dia-22\/#breadcrumblist"},"author":{"@id":"https:\/\/www.encontrafeiradesantana.com.br\/sobre\/author\/efeiradesantana\/#author"},"creator":{"@id":"https:\/\/www.encontrafeiradesantana.com.br\/sobre\/author\/efeiradesantana\/#author"},"image":{"@type":"ImageObject","url":"https:\/\/www.encontrafeiradesantana.com.br\/sobre\/wp-content\/uploads\/2026\/02\/funtitec-assina-ordem-de-servico-para-implantacao-de-biblioteca-digital-em-feira-de-santana-no-dia-2.webp","@id":"https:\/\/www.encontrafeiradesantana.com.br\/sobre\/funtitec-assina-ordem-de-servico-para-implantacao-de-biblioteca-digital-em-feira-de-santana-no-dia-22\/#mainImage","width":280,"height":280,"caption":"Biblioteca Digital"},"primaryImageOfPage":{"@id":"https:\/\/www.encontrafeiradesantana.com.br\/sobre\/funtitec-assina-ordem-de-servico-para-implantacao-de-biblioteca-digital-em-feira-de-santana-no-dia-22\/#mainImage"},"datePublished":"2026-02-12T03:31:17-03:00","dateModified":"2026-02-12T03:31:17-03:00"},{"@type":"WebSite","@id":"https:\/\/www.encontrafeiradesantana.com.br\/sobre\/#website","url":"https:\/\/www.encontrafeiradesantana.com.br\/sobre\/","name":"Encontra Feira de Santana","description":"Not\u00edcias, eventos, informa\u00e7\u00f5es e dicas na cidade Feira de Santana e regi\u00e3o.","inLanguage":"pt-BR","publisher":{"@id":"https:\/\/www.encontrafeiradesantana.com.br\/sobre\/#organization"}}]},"og:locale":"pt_BR","og:site_name":"Encontra Feira de Santana | Not\u00edcias, eventos, informa\u00e7\u00f5es e dicas na cidade Feira de Santana e regi\u00e3o.","og:type":"article","og:title":"Funtitec assina ordem de servi\u00e7o para implanta\u00e7\u00e3o de Biblioteca Digital em Feira de Santana no dia 22 | Encontra Feira de Santana","og:description":"Biblioteca Digital em Feira de Santana amplia acesso \u00e0 leitura para todos.","og:url":"https:\/\/www.encontrafeiradesantana.com.br\/sobre\/funtitec-assina-ordem-de-servico-para-implantacao-de-biblioteca-digital-em-feira-de-santana-no-dia-22\/","article:published_time":"2026-02-12T06:31:17+00:00","article:modified_time":"2026-02-12T06:31:17+00:00","twitter:card":"summary","twitter:title":"Funtitec assina ordem de servi\u00e7o para implanta\u00e7\u00e3o de Biblioteca Digital em Feira de Santana no dia 22 | Encontra Feira de Santana","twitter:description":"Biblioteca Digital em Feira de Santana amplia acesso \u00e0 leitura para todos."},"aioseo_meta_data":{"post_id":"1630","title":null,"description":null,"keywords":null,"keyphrases":null,"primary_term":null,"canonical_url":null,"og_title":null,"og_description":null,"og_object_type":"default","og_image_type":"default","og_image_url":null,"og_image_width":null,"og_image_height":null,"og_image_custom_url":null,"og_image_custom_fields":null,"og_video":null,"og_custom_url":null,"og_article_section":null,"og_article_tags":null,"twitter_use_og":false,"twitter_card":"default","twitter_image_type":"default","twitter_image_url":null,"twitter_image_custom_url":null,"twitter_image_custom_fields":null,"twitter_title":null,"twitter_description":null,"schema":{"blockGraphs":[],"customGraphs":[],"default":{"data":{"Article":[],"Course":[],"Dataset":[],"FAQPage":[],"Movie":[],"Person":[],"Product":[],"ProductReview":[],"Car":[],"Recipe":[],"Service":[],"SoftwareApplication":[],"WebPage":[]},"graphName":"Article","isEnabled":true},"graphs":[]},"schema_type":"default","schema_type_options":null,"pillar_content":false,"robots_default":true,"robots_noindex":false,"robots_noarchive":false,"robots_nosnippet":false,"robots_nofollow":false,"robots_noimageindex":false,"robots_noodp":false,"robots_notranslate":false,"robots_max_snippet":null,"robots_max_videopreview":null,"robots_max_imagepreview":"large","priority":null,"frequency":null,"local_seo":null,"breadcrumb_settings":null,"limit_modified_date":false,"ai":null,"created":"2026-02-12 06:31:20","updated":"2026-02-12 06:34:33","focus_keyword":null,"additional_keywords":null,"truseo_locale":null,"seo_analyzer_scan_date":null},"aioseo_breadcrumb":"<div class=\"aioseo-breadcrumbs\"><span class=\"aioseo-breadcrumb\">\n\t\t\t<a href=\"https:\/\/www.encontrafeiradesantana.com.br\/sobre\" title=\"In\u00edcio\">In\u00edcio<\/a>\n\t\t<\/span><span class=\"aioseo-breadcrumb-separator\">&raquo;<\/span><span class=\"aioseo-breadcrumb\">\n\t\t\t<a href=\"https:\/\/www.encontrafeiradesantana.com.br\/sobre\/noticias-em-feira-de-santana\/\" title=\"Not\u00edcias Feira de Santana\">Not\u00edcias Feira de Santana<\/a>\n\t\t<\/span><span class=\"aioseo-breadcrumb-separator\">&raquo;<\/span><span class=\"aioseo-breadcrumb\">\n\t\t\tFuntitec assina ordem de servi\u00e7o para implanta\u00e7\u00e3o de Biblioteca Digital em Feira de Santana no dia 22\n\t\t<\/span><\/div>","aioseo_breadcrumb_json":[{"label":"In\u00edcio","link":"https:\/\/www.encontrafeiradesantana.com.br\/sobre"},{"label":"Not\u00edcias Feira de Santana","link":"https:\/\/www.encontrafeiradesantana.com.br\/sobre\/noticias-em-feira-de-santana\/"},{"label":"Funtitec assina ordem de servi\u00e7o para implanta\u00e7\u00e3o de Biblioteca Digital em Feira de Santana no dia 22","link":"https:\/\/www.encontrafeiradesantana.com.br\/sobre\/funtitec-assina-ordem-de-servico-para-implantacao-de-biblioteca-digital-em-feira-de-santana-no-dia-22\/"}],"_links":{"self":[{"href":"https:\/\/www.encontrafeiradesantana.com.br\/sobre\/wp-json\/wp\/v2\/posts\/1630","targetHints":{"allow":["GET"]}}],"collection":[{"href":"https:\/\/www.encontrafeiradesantana.com.br\/sobre\/wp-json\/wp\/v2\/posts"}],"about":[{"href":"https:\/\/www.encontrafeiradesantana.com.br\/sobre\/wp-json\/wp\/v2\/types\/post"}],"author":[{"embeddable":true,"href":"https:\/\/www.encontrafeiradesantana.com.br\/sobre\/wp-json\/wp\/v2\/users\/1"}],"replies":[{"embeddable":true,"href":"https:\/\/www.encontrafeiradesantana.com.br\/sobre\/wp-json\/wp\/v2\/comments?post=1630"}],"version-history":[{"count":0,"href":"https:\/\/www.encontrafeiradesantana.com.br\/sobre\/wp-json\/wp\/v2\/posts\/1630\/revisions"}],"wp:featuredmedia":[{"embeddable":true,"href":"https:\/\/www.encontrafeiradesantana.com.br\/sobre\/wp-json\/wp\/v2\/media\/1629"}],"wp:attachment":[{"href":"https:\/\/www.encontrafeiradesantana.com.br\/sobre\/wp-json\/wp\/v2\/media?parent=1630"}],"wp:term":[{"taxonomy":"category","embeddable":true,"href":"https:\/\/www.encontrafeiradesantana.com.br\/sobre\/wp-json\/wp\/v2\/categories?post=1630"},{"taxonomy":"post_tag","embeddable":true,"href":"https:\/\/www.encontrafeiradesantana.com.br\/sobre\/wp-json\/wp\/v2\/tags?post=1630"}],"curies":[{"name":"wp","href":"https:\/\/api.w.org\/{rel}","templated":true}]}}