{"id":1628,"date":"2026-02-12T03:29:28","date_gmt":"2026-02-12T06:29:28","guid":{"rendered":"https:\/\/www.encontrafeiradesantana.com.br\/sobre\/prefeitura-empossa-57-cuidadores-que-atuarao-em-escolas-municipais\/"},"modified":"2026-02-12T03:29:28","modified_gmt":"2026-02-12T06:29:28","slug":"prefeitura-empossa-57-cuidadores-que-atuarao-em-escolas-municipais","status":"publish","type":"post","link":"https:\/\/www.encontrafeiradesantana.com.br\/sobre\/prefeitura-empossa-57-cuidadores-que-atuarao-em-escolas-municipais\/","title":{"rendered":"Prefeitura empossa 57 cuidadores que atuar\u00e3o em escolas municipais"},"content":{"rendered":"<div class=\"3f468104ad11f00a3c9ac948316f4265\" data-index=\"1\" style=\"float: none; margin:0px;\">\n<ins class=\"adsbygoogle\"\r\n     style=\"display:block\"\r\n     data-ad-client=\"ca-pub-8585364105181520\"\r\n     data-ad-slot=\"8789329856\"\r\n     data-ad-format=\"auto\"\r\n     data-full-width-responsive=\"true\"><\/ins>\r\n<script>\r\n     (adsbygoogle = window.adsbygoogle || []).push({});\r\n<\/script>\r\n\n<\/div>\n<h2>O que s\u00e3o cuidadores na educa\u00e7\u00e3o?<\/h2>\n<p>Os cuidadores desempenham um papel essencial no ambiente escolar, especialmente nas escolas municipais, onde sua presen\u00e7a \u00e9 fundamental para o apoio a estudantes que enfrentam dificuldades de aprendizado. Esses profissionais s\u00e3o contratados para trabalhar diretamente com crian\u00e7as, muitas vezes diagnosticadas com condi\u00e7\u00f5es como autismo, TDAH e dislexia. A fun\u00e7\u00e3o deles vai al\u00e9m da supervis\u00e3o; trata-se de prover um ambiente acolhedor e adaptado \u00e0s necessidades de cada aluno, garantindo que todos tenham a oportunidade de desenvolver seu potencial.<\/p>\n<h2>A import\u00e2ncia da inclus\u00e3o nas escolas municipais<\/h2>\n<p>A promo\u00e7\u00e3o da inclus\u00e3o nas escolas p\u00fablicas \u00e9 um passo crucial para garantir que todos os alunos, independentemente de suas dificuldades ou particularidades, possam receber uma educa\u00e7\u00e3o de qualidade. A inclus\u00e3o n\u00e3o se trata apenas de oferecer vagas para crian\u00e7as neurodivergentes, mas de criar um sistema que permita intera\u00e7\u00f5es significativas entre todos os estudantes, promovendo a compreens\u00e3o e o respeito \u00e0s diversidades. Principais benef\u00edcios incluem:<\/p>\n<ul>\n<li><strong>Desenvolvimento social:<\/strong> Crian\u00e7as aprendem a respeitar as diferen\u00e7as e a colaborar com colegas de diversas forma\u00e7\u00f5es.<\/li>\n<li><strong>Aprimoramento do aprendizado:<\/strong> A conviv\u00eancia com diferentes estilos de aprendizado pode enriquecer o processo educativo de todos.<\/li>\n<li><strong>Redu\u00e7\u00e3o de preconceitos:<\/strong> Ambientes inclusivos combatem estigmas e promovem um olhar mais emp\u00e1tico em rela\u00e7\u00e3o \u00e0s diversidades.<\/li>\n<\/ul>\n<h2>Desafios enfrentados por crian\u00e7as neurodivergentes<\/h2>\n<p>Crian\u00e7as que possuem particularidades cognitivas, como as mencionadas, frequentemente se deparam com diversos desafios no ambiente educacional. Entre os obst\u00e1culos mais significativos est\u00e3o:<\/p>\n<p><img decoding=\"async\" src=\"https:\/\/www.encontrafeiradesantana.com.br\/sobre\/wp-content\/uploads\/2026\/02\/prefeitura-empossa-57-cuidadores-que-atuarao-em-escolas-municipais.webp\" alt=\"cuidadores nas escolas municipais\" loading=\"lazy\" \/><\/p>\n<ul>\n<li><strong>Barreiras de comunica\u00e7\u00e3o:<\/strong> Muitas crian\u00e7as t\u00eam dificuldades em expressar suas necessidades ou entender instru\u00e7\u00f5es, o que pode levar \u00e0 frustra\u00e7\u00e3o.<\/li>\n<li><strong>Aten\u00e7\u00e3o dispersa:<\/strong> Condi\u00e7\u00f5es como TDAH podem dificultar a concentra\u00e7\u00e3o em atividades escolares, acarretando em desempenho aqu\u00e9m do esperado.<\/li>\n<li><strong>Intera\u00e7\u00f5es sociais:<\/strong> O fortalecimento de habilidades sociais \u00e9 um ponto cr\u00edtico, pois a falta de intera\u00e7\u00e3o pode levar ao isolamento.<\/li>\n<\/ul>\n<h2>O papel dos cuidadores no processo de ensino<\/h2>\n<p>Os cuidadores atuam como mediadores, facilitadores e, por vezes, defensores dos alunos. Eles tem v\u00e1rias responsabilidades, tais como:<\/p>\n<ul>\n<li><strong>Suporte individualizado:<\/strong> Proporcionar aten\u00e7\u00e3o personalizada, ajudando a adaptar atividades \u00e0s necessidades espec\u00edficas dos alunos.<\/li>\n<li><strong>Promo\u00e7\u00e3o da autonomia:<\/strong> Auxiliarem as crian\u00e7as a se tornarem mais independentes em suas tarefas di\u00e1rias.<\/li>\n<li><strong>Colabora\u00e7\u00e3o com educadores:<\/strong> Servem como elo entre professores e alunos, garantindo que as necessidades especiais sejam atendidas de forma eficaz.<\/li>\n<\/ul>\n<h2>Testemunhos de novos cuidadores na Prefeitura<\/h2>\n<p>Os cuidadores rec\u00e9m-nomeados expressam entusiasmo e responsabilidade em suas novas fun\u00e7\u00f5es. Juliana de Sena, por exemplo, compartilha sua experi\u00eancia ao mencionar que est\u00e1 preparada e motivada para contribuir de maneira significativa no CMEI Luzia de Almeida Souza. De acordo com ela, &#8220;minha miss\u00e3o aqui \u00e9 cuidar e assegurar que as crian\u00e7as recebam a aten\u00e7\u00e3o necess\u00e1ria para o aprendizado&#8221;. Esses depoimentos refletem a dedica\u00e7\u00e3o e o comprometimento que esses profissionais trazem para suas fun\u00e7\u00f5es.<\/p>\n<h2>Como a forma\u00e7\u00e3o dos cuidadores pode fazer a diferen\u00e7a<\/h2>\n<p>Para que os cuidadores desempenhem suas fun\u00e7\u00f5es de maneira eficaz, a forma\u00e7\u00e3o cont\u00ednua \u00e9 essencial. Programas de capacita\u00e7\u00e3o que abordam temas como:<\/p>\n<ul>\n<li><strong>Estrat\u00e9gias de ensino inclusivas:<\/strong> Ensinar t\u00e9cnicas espec\u00edficas que favore\u00e7am a aprendizagem de alunos com diferentes capacidades.<\/li>\n<li><strong>Gest\u00e3o de comportamento:<\/strong> Ferramentas para lidar com desafios de comportamento de maneira positiva e construtiva.<\/li>\n<li><strong>Comunica\u00e7\u00e3o com fam\u00edlias:<\/strong> A import\u00e2ncia de envolver os pais no processo educativo e como estabelecer um di\u00e1logo aberto e produtivo.<\/li>\n<\/ul>\n<h2>Expectativas para o in\u00edcio do ano letivo<\/h2>\n<p>Com o in\u00edcio do ano escolar se aproximando, as expectativas s\u00e3o altas. Os cuidadores est\u00e3o empolgados para iniciar suas atividades, com o objetivo de garantir um ambiente de aprendizagem produtivo e inclusivo. Como pontuado pelo vice-prefeito e secret\u00e1rio de Educa\u00e7\u00e3o, Pablo Roberto, &#8220;o objetivo \u00e9 que tenhamos pelo menos um cuidador em todas as salas de aula que precisam desse apoio&#8221;. Isso demonstra o compromisso da administra\u00e7\u00e3o em assegurar que cada crian\u00e7a receba o suporte necess\u00e1rio.<\/p>\n<h2>O apoio da Prefeitura na inclus\u00e3o escolar<\/h2>\n<p>A Prefeitura de Feira de Santana tem se mostrado comprometida com a inclus\u00e3o educacional, implementando pol\u00edticas que favorecem a contrata\u00e7\u00e3o de cuidadores e a promo\u00e7\u00e3o de um ambiente inclusivo nas escolas municipais. A administra\u00e7\u00e3o tamb\u00e9m trabalha para garantir:<\/p>\n<ul>\n<li><strong>Infraestrutura acess\u00edvel:<\/strong> Adequa\u00e7\u00f5es f\u00edsicas nas escolas para atender \u00e0s demandas de alunos com mobilidade reduzida.<\/li>\n<li><strong>Recursos did\u00e1ticos adequados:<\/strong> Disponibiliza\u00e7\u00e3o de materiais que atendam \u00e0s diferentes necessidades dos alunos.<\/li>\n<\/ul>\n<h2>Vis\u00e3o do prefeito sobre a inclus\u00e3o educacional<\/h2>\n<p>O prefeito Jos\u00e9 Ronaldo de Carvalho enfatiza a import\u00e2ncia de oferecer um ambiente adequado para crian\u00e7as que necessitam de aten\u00e7\u00e3o especial. &#8220;Precisamos de profissionais que olhem para essas crian\u00e7as com amor e dedica\u00e7\u00e3o&#8221;, disse ele, destacando que o papel dos cuidadores \u00e9 crucial para o sucesso educacional desses alunos. A inclus\u00e3o \u00e9 vista como um compromisso da gest\u00e3o com a educa\u00e7\u00e3o de qualidade para todos.<\/p>\n<h2>Pr\u00f3ximos passos para garantir o sucesso dos cuidados<\/h2>\n<p>Para superar os desafios e garantir que todos os alunos recebam o suporte necess\u00e1rio, a Prefeitura planeja:<\/p>\n<ul>\n<li><strong>Avalia\u00e7\u00f5es cont\u00ednuas:<\/strong> Monitorar o progresso das crian\u00e7as e ajustar as interven\u00e7\u00f5es conforme necess\u00e1rio.<\/li>\n<li><strong>Parcerias com especialistas:<\/strong> Colaborar com profissionais da sa\u00fade e da educa\u00e7\u00e3o para proporcionar uma abordagem integrada ao cuidado e \u00e0 educa\u00e7\u00e3o.<\/li>\n<li><strong>A implementa\u00e7\u00e3o de programas de conscientiza\u00e7\u00e3o:<\/strong> Sensibilizar a comunidade escolar sobre a import\u00e2ncia da inclus\u00e3o e da diversidade, promovendo um ambiente ainda mais acolhedor.<\/li>\n<\/ul>\n\n<div style=\"font-size: 0px; height: 0px; line-height: 0px; margin: 0; padding: 0; clear: both;\"><\/div>","protected":false},"excerpt":{"rendered":"<p>Prefeitura empossa 57 cuidadores, melhorando a inclus\u00e3o nas escolas municipais.<\/p>\n","protected":false},"author":1,"featured_media":1627,"comment_status":"open","ping_status":"closed","sticky":false,"template":"","format":"standard","meta":{"footnotes":""},"categories":[6],"tags":[],"class_list":["post-1628","post","type-post","status-publish","format-standard","has-post-thumbnail","hentry","category-noticias-em-feira-de-santana","has_thumb"],"aioseo_notices":[],"aioseo_head":"\n\t\t<!-- All in One SEO 5.0.0.1 - aioseo.com -->\n\t<meta name=\"description\" content=\"Prefeitura empossa 57 cuidadores, melhorando a inclus\u00e3o nas escolas municipais.\" \/>\n\t<meta name=\"robots\" content=\"max-image-preview:large\" \/>\n\t<meta name=\"author\" content=\"Encontra Feira de Santana\"\/>\n\t<link rel=\"canonical\" href=\"https:\/\/www.encontrafeiradesantana.com.br\/sobre\/prefeitura-empossa-57-cuidadores-que-atuarao-em-escolas-municipais\/\" \/>\n\t<meta name=\"generator\" content=\"All in One SEO (AIOSEO) 5.0.0.1\" \/>\n\t\t<meta property=\"og:locale\" content=\"pt_BR\" \/>\n\t\t<meta property=\"og:site_name\" content=\"Encontra Feira de Santana | Not\u00edcias, eventos, informa\u00e7\u00f5es e dicas na cidade Feira de Santana e regi\u00e3o.\" \/>\n\t\t<meta property=\"og:type\" content=\"article\" \/>\n\t\t<meta property=\"og:title\" content=\"Prefeitura empossa 57 cuidadores que atuar\u00e3o em escolas municipais | Encontra Feira de Santana\" \/>\n\t\t<meta property=\"og:description\" content=\"Prefeitura empossa 57 cuidadores, melhorando a inclus\u00e3o nas escolas municipais.\" \/>\n\t\t<meta property=\"og:url\" content=\"https:\/\/www.encontrafeiradesantana.com.br\/sobre\/prefeitura-empossa-57-cuidadores-que-atuarao-em-escolas-municipais\/\" \/>\n\t\t<meta property=\"article:published_time\" content=\"2026-02-12T06:29:28+00:00\" \/>\n\t\t<meta property=\"article:modified_time\" content=\"2026-02-12T06:29:28+00:00\" \/>\n\t\t<meta name=\"twitter:card\" content=\"summary\" \/>\n\t\t<meta name=\"twitter:title\" content=\"Prefeitura empossa 57 cuidadores que atuar\u00e3o em escolas municipais | Encontra Feira de Santana\" \/>\n\t\t<meta name=\"twitter:description\" content=\"Prefeitura empossa 57 cuidadores, melhorando a inclus\u00e3o nas escolas municipais.\" \/>\n\t\t<script type=\"application\/ld+json\" class=\"aioseo-schema\">\n\t\t\t{\"@context\":\"https:\\\/\\\/schema.org\",\"@graph\":[{\"@type\":\"Article\",\"@id\":\"https:\\\/\\\/www.encontrafeiradesantana.com.br\\\/sobre\\\/prefeitura-empossa-57-cuidadores-que-atuarao-em-escolas-municipais\\\/#article\",\"name\":\"Prefeitura empossa 57 cuidadores que atuar\\u00e3o em escolas municipais | Encontra Feira de Santana\",\"headline\":\"Prefeitura empossa 57 cuidadores que atuar\\u00e3o em escolas municipais\",\"author\":{\"@id\":\"https:\\\/\\\/www.encontrafeiradesantana.com.br\\\/sobre\\\/author\\\/efeiradesantana\\\/#author\"},\"publisher\":{\"@id\":\"https:\\\/\\\/www.encontrafeiradesantana.com.br\\\/sobre\\\/#organization\"},\"image\":{\"@type\":\"ImageObject\",\"url\":\"https:\\\/\\\/www.encontrafeiradesantana.com.br\\\/sobre\\\/wp-content\\\/uploads\\\/2026\\\/02\\\/prefeitura-empossa-57-cuidadores-que-atuarao-em-escolas-municipais.webp\",\"width\":280,\"height\":280,\"caption\":\"cuidadores nas escolas municipais\"},\"datePublished\":\"2026-02-12T03:29:28-03:00\",\"dateModified\":\"2026-02-12T03:29:28-03:00\",\"inLanguage\":\"pt-BR\",\"mainEntityOfPage\":{\"@id\":\"https:\\\/\\\/www.encontrafeiradesantana.com.br\\\/sobre\\\/prefeitura-empossa-57-cuidadores-que-atuarao-em-escolas-municipais\\\/#webpage\"},\"isPartOf\":{\"@id\":\"https:\\\/\\\/www.encontrafeiradesantana.com.br\\\/sobre\\\/prefeitura-empossa-57-cuidadores-que-atuarao-em-escolas-municipais\\\/#webpage\"},\"articleSection\":\"Not\\u00edcias Feira de Santana\"},{\"@type\":\"BreadcrumbList\",\"@id\":\"https:\\\/\\\/www.encontrafeiradesantana.com.br\\\/sobre\\\/prefeitura-empossa-57-cuidadores-que-atuarao-em-escolas-municipais\\\/#breadcrumblist\",\"itemListElement\":[{\"@type\":\"ListItem\",\"@id\":\"https:\\\/\\\/www.encontrafeiradesantana.com.br\\\/sobre#listItem\",\"position\":1,\"name\":\"In\\u00edcio\",\"item\":\"https:\\\/\\\/www.encontrafeiradesantana.com.br\\\/sobre\",\"nextItem\":{\"@type\":\"ListItem\",\"@id\":\"https:\\\/\\\/www.encontrafeiradesantana.com.br\\\/sobre\\\/noticias-em-feira-de-santana\\\/#listItem\",\"name\":\"Not\\u00edcias Feira de Santana\"}},{\"@type\":\"ListItem\",\"@id\":\"https:\\\/\\\/www.encontrafeiradesantana.com.br\\\/sobre\\\/noticias-em-feira-de-santana\\\/#listItem\",\"position\":2,\"name\":\"Not\\u00edcias Feira de Santana\",\"item\":\"https:\\\/\\\/www.encontrafeiradesantana.com.br\\\/sobre\\\/noticias-em-feira-de-santana\\\/\",\"nextItem\":{\"@type\":\"ListItem\",\"@id\":\"https:\\\/\\\/www.encontrafeiradesantana.com.br\\\/sobre\\\/prefeitura-empossa-57-cuidadores-que-atuarao-em-escolas-municipais\\\/#listItem\",\"name\":\"Prefeitura empossa 57 cuidadores que atuar\\u00e3o em escolas municipais\"},\"previousItem\":{\"@type\":\"ListItem\",\"@id\":\"https:\\\/\\\/www.encontrafeiradesantana.com.br\\\/sobre#listItem\",\"name\":\"In\\u00edcio\"}},{\"@type\":\"ListItem\",\"@id\":\"https:\\\/\\\/www.encontrafeiradesantana.com.br\\\/sobre\\\/prefeitura-empossa-57-cuidadores-que-atuarao-em-escolas-municipais\\\/#listItem\",\"position\":3,\"name\":\"Prefeitura empossa 57 cuidadores que atuar\\u00e3o em escolas municipais\",\"previousItem\":{\"@type\":\"ListItem\",\"@id\":\"https:\\\/\\\/www.encontrafeiradesantana.com.br\\\/sobre\\\/noticias-em-feira-de-santana\\\/#listItem\",\"name\":\"Not\\u00edcias Feira de Santana\"}}]},{\"@type\":\"Organization\",\"@id\":\"https:\\\/\\\/www.encontrafeiradesantana.com.br\\\/sobre\\\/#organization\",\"name\":\"Encontra Feira de Santana\",\"description\":\"Not\\u00edcias, eventos, informa\\u00e7\\u00f5es e dicas na cidade Feira de Santana e regi\\u00e3o.\",\"url\":\"https:\\\/\\\/www.encontrafeiradesantana.com.br\\\/sobre\\\/\"},{\"@type\":\"Person\",\"@id\":\"https:\\\/\\\/www.encontrafeiradesantana.com.br\\\/sobre\\\/author\\\/efeiradesantana\\\/#author\",\"url\":\"https:\\\/\\\/www.encontrafeiradesantana.com.br\\\/sobre\\\/author\\\/efeiradesantana\\\/\",\"name\":\"Encontra Feira de Santana\",\"image\":{\"@type\":\"ImageObject\",\"@id\":\"https:\\\/\\\/www.encontrafeiradesantana.com.br\\\/sobre\\\/prefeitura-empossa-57-cuidadores-que-atuarao-em-escolas-municipais\\\/#authorImage\",\"url\":\"https:\\\/\\\/secure.gravatar.com\\\/avatar\\\/507340682b8270222e1f208e23198b6ae7e2c6a1033ae84e99bc6bce4f82a387?s=96&d=mm&r=g\",\"width\":96,\"height\":96,\"caption\":\"Encontra Feira de Santana\"}},{\"@type\":\"WebPage\",\"@id\":\"https:\\\/\\\/www.encontrafeiradesantana.com.br\\\/sobre\\\/prefeitura-empossa-57-cuidadores-que-atuarao-em-escolas-municipais\\\/#webpage\",\"url\":\"https:\\\/\\\/www.encontrafeiradesantana.com.br\\\/sobre\\\/prefeitura-empossa-57-cuidadores-que-atuarao-em-escolas-municipais\\\/\",\"name\":\"Prefeitura empossa 57 cuidadores que atuar\\u00e3o em escolas municipais | Encontra Feira de Santana\",\"description\":\"Prefeitura empossa 57 cuidadores, melhorando a inclus\\u00e3o nas escolas municipais.\",\"inLanguage\":\"pt-BR\",\"isPartOf\":{\"@id\":\"https:\\\/\\\/www.encontrafeiradesantana.com.br\\\/sobre\\\/#website\"},\"breadcrumb\":{\"@id\":\"https:\\\/\\\/www.encontrafeiradesantana.com.br\\\/sobre\\\/prefeitura-empossa-57-cuidadores-que-atuarao-em-escolas-municipais\\\/#breadcrumblist\"},\"author\":{\"@id\":\"https:\\\/\\\/www.encontrafeiradesantana.com.br\\\/sobre\\\/author\\\/efeiradesantana\\\/#author\"},\"creator\":{\"@id\":\"https:\\\/\\\/www.encontrafeiradesantana.com.br\\\/sobre\\\/author\\\/efeiradesantana\\\/#author\"},\"image\":{\"@type\":\"ImageObject\",\"url\":\"https:\\\/\\\/www.encontrafeiradesantana.com.br\\\/sobre\\\/wp-content\\\/uploads\\\/2026\\\/02\\\/prefeitura-empossa-57-cuidadores-que-atuarao-em-escolas-municipais.webp\",\"@id\":\"https:\\\/\\\/www.encontrafeiradesantana.com.br\\\/sobre\\\/prefeitura-empossa-57-cuidadores-que-atuarao-em-escolas-municipais\\\/#mainImage\",\"width\":280,\"height\":280,\"caption\":\"cuidadores nas escolas municipais\"},\"primaryImageOfPage\":{\"@id\":\"https:\\\/\\\/www.encontrafeiradesantana.com.br\\\/sobre\\\/prefeitura-empossa-57-cuidadores-que-atuarao-em-escolas-municipais\\\/#mainImage\"},\"datePublished\":\"2026-02-12T03:29:28-03:00\",\"dateModified\":\"2026-02-12T03:29:28-03:00\"},{\"@type\":\"WebSite\",\"@id\":\"https:\\\/\\\/www.encontrafeiradesantana.com.br\\\/sobre\\\/#website\",\"url\":\"https:\\\/\\\/www.encontrafeiradesantana.com.br\\\/sobre\\\/\",\"name\":\"Encontra Feira de Santana\",\"description\":\"Not\\u00edcias, eventos, informa\\u00e7\\u00f5es e dicas na cidade Feira de Santana e regi\\u00e3o.\",\"inLanguage\":\"pt-BR\",\"publisher\":{\"@id\":\"https:\\\/\\\/www.encontrafeiradesantana.com.br\\\/sobre\\\/#organization\"}}]}\n\t\t<\/script>\n\t\t<!-- All in One SEO -->\n\n","aioseo_head_json":{"title":"Prefeitura empossa 57 cuidadores que atuar\u00e3o em escolas municipais | Encontra Feira de Santana","description":"Prefeitura empossa 57 cuidadores, melhorando a inclus\u00e3o nas escolas municipais.","canonical_url":"https:\/\/www.encontrafeiradesantana.com.br\/sobre\/prefeitura-empossa-57-cuidadores-que-atuarao-em-escolas-municipais\/","robots":"max-image-preview:large","keywords":"","webmasterTools":{"miscellaneous":""},"schema":{"@context":"https:\/\/schema.org","@graph":[{"@type":"Article","@id":"https:\/\/www.encontrafeiradesantana.com.br\/sobre\/prefeitura-empossa-57-cuidadores-que-atuarao-em-escolas-municipais\/#article","name":"Prefeitura empossa 57 cuidadores que atuar\u00e3o em escolas municipais | Encontra Feira de Santana","headline":"Prefeitura empossa 57 cuidadores que atuar\u00e3o em escolas municipais","author":{"@id":"https:\/\/www.encontrafeiradesantana.com.br\/sobre\/author\/efeiradesantana\/#author"},"publisher":{"@id":"https:\/\/www.encontrafeiradesantana.com.br\/sobre\/#organization"},"image":{"@type":"ImageObject","url":"https:\/\/www.encontrafeiradesantana.com.br\/sobre\/wp-content\/uploads\/2026\/02\/prefeitura-empossa-57-cuidadores-que-atuarao-em-escolas-municipais.webp","width":280,"height":280,"caption":"cuidadores nas escolas municipais"},"datePublished":"2026-02-12T03:29:28-03:00","dateModified":"2026-02-12T03:29:28-03:00","inLanguage":"pt-BR","mainEntityOfPage":{"@id":"https:\/\/www.encontrafeiradesantana.com.br\/sobre\/prefeitura-empossa-57-cuidadores-que-atuarao-em-escolas-municipais\/#webpage"},"isPartOf":{"@id":"https:\/\/www.encontrafeiradesantana.com.br\/sobre\/prefeitura-empossa-57-cuidadores-que-atuarao-em-escolas-municipais\/#webpage"},"articleSection":"Not\u00edcias Feira de Santana"},{"@type":"BreadcrumbList","@id":"https:\/\/www.encontrafeiradesantana.com.br\/sobre\/prefeitura-empossa-57-cuidadores-que-atuarao-em-escolas-municipais\/#breadcrumblist","itemListElement":[{"@type":"ListItem","@id":"https:\/\/www.encontrafeiradesantana.com.br\/sobre#listItem","position":1,"name":"In\u00edcio","item":"https:\/\/www.encontrafeiradesantana.com.br\/sobre","nextItem":{"@type":"ListItem","@id":"https:\/\/www.encontrafeiradesantana.com.br\/sobre\/noticias-em-feira-de-santana\/#listItem","name":"Not\u00edcias Feira de Santana"}},{"@type":"ListItem","@id":"https:\/\/www.encontrafeiradesantana.com.br\/sobre\/noticias-em-feira-de-santana\/#listItem","position":2,"name":"Not\u00edcias Feira de Santana","item":"https:\/\/www.encontrafeiradesantana.com.br\/sobre\/noticias-em-feira-de-santana\/","nextItem":{"@type":"ListItem","@id":"https:\/\/www.encontrafeiradesantana.com.br\/sobre\/prefeitura-empossa-57-cuidadores-que-atuarao-em-escolas-municipais\/#listItem","name":"Prefeitura empossa 57 cuidadores que atuar\u00e3o em escolas municipais"},"previousItem":{"@type":"ListItem","@id":"https:\/\/www.encontrafeiradesantana.com.br\/sobre#listItem","name":"In\u00edcio"}},{"@type":"ListItem","@id":"https:\/\/www.encontrafeiradesantana.com.br\/sobre\/prefeitura-empossa-57-cuidadores-que-atuarao-em-escolas-municipais\/#listItem","position":3,"name":"Prefeitura empossa 57 cuidadores que atuar\u00e3o em escolas municipais","previousItem":{"@type":"ListItem","@id":"https:\/\/www.encontrafeiradesantana.com.br\/sobre\/noticias-em-feira-de-santana\/#listItem","name":"Not\u00edcias Feira de Santana"}}]},{"@type":"Organization","@id":"https:\/\/www.encontrafeiradesantana.com.br\/sobre\/#organization","name":"Encontra Feira de Santana","description":"Not\u00edcias, eventos, informa\u00e7\u00f5es e dicas na cidade Feira de Santana e regi\u00e3o.","url":"https:\/\/www.encontrafeiradesantana.com.br\/sobre\/"},{"@type":"Person","@id":"https:\/\/www.encontrafeiradesantana.com.br\/sobre\/author\/efeiradesantana\/#author","url":"https:\/\/www.encontrafeiradesantana.com.br\/sobre\/author\/efeiradesantana\/","name":"Encontra Feira de Santana","image":{"@type":"ImageObject","@id":"https:\/\/www.encontrafeiradesantana.com.br\/sobre\/prefeitura-empossa-57-cuidadores-que-atuarao-em-escolas-municipais\/#authorImage","url":"https:\/\/secure.gravatar.com\/avatar\/507340682b8270222e1f208e23198b6ae7e2c6a1033ae84e99bc6bce4f82a387?s=96&d=mm&r=g","width":96,"height":96,"caption":"Encontra Feira de Santana"}},{"@type":"WebPage","@id":"https:\/\/www.encontrafeiradesantana.com.br\/sobre\/prefeitura-empossa-57-cuidadores-que-atuarao-em-escolas-municipais\/#webpage","url":"https:\/\/www.encontrafeiradesantana.com.br\/sobre\/prefeitura-empossa-57-cuidadores-que-atuarao-em-escolas-municipais\/","name":"Prefeitura empossa 57 cuidadores que atuar\u00e3o em escolas municipais | Encontra Feira de Santana","description":"Prefeitura empossa 57 cuidadores, melhorando a inclus\u00e3o nas escolas municipais.","inLanguage":"pt-BR","isPartOf":{"@id":"https:\/\/www.encontrafeiradesantana.com.br\/sobre\/#website"},"breadcrumb":{"@id":"https:\/\/www.encontrafeiradesantana.com.br\/sobre\/prefeitura-empossa-57-cuidadores-que-atuarao-em-escolas-municipais\/#breadcrumblist"},"author":{"@id":"https:\/\/www.encontrafeiradesantana.com.br\/sobre\/author\/efeiradesantana\/#author"},"creator":{"@id":"https:\/\/www.encontrafeiradesantana.com.br\/sobre\/author\/efeiradesantana\/#author"},"image":{"@type":"ImageObject","url":"https:\/\/www.encontrafeiradesantana.com.br\/sobre\/wp-content\/uploads\/2026\/02\/prefeitura-empossa-57-cuidadores-que-atuarao-em-escolas-municipais.webp","@id":"https:\/\/www.encontrafeiradesantana.com.br\/sobre\/prefeitura-empossa-57-cuidadores-que-atuarao-em-escolas-municipais\/#mainImage","width":280,"height":280,"caption":"cuidadores nas escolas municipais"},"primaryImageOfPage":{"@id":"https:\/\/www.encontrafeiradesantana.com.br\/sobre\/prefeitura-empossa-57-cuidadores-que-atuarao-em-escolas-municipais\/#mainImage"},"datePublished":"2026-02-12T03:29:28-03:00","dateModified":"2026-02-12T03:29:28-03:00"},{"@type":"WebSite","@id":"https:\/\/www.encontrafeiradesantana.com.br\/sobre\/#website","url":"https:\/\/www.encontrafeiradesantana.com.br\/sobre\/","name":"Encontra Feira de Santana","description":"Not\u00edcias, eventos, informa\u00e7\u00f5es e dicas na cidade Feira de Santana e regi\u00e3o.","inLanguage":"pt-BR","publisher":{"@id":"https:\/\/www.encontrafeiradesantana.com.br\/sobre\/#organization"}}]},"og:locale":"pt_BR","og:site_name":"Encontra Feira de Santana | Not\u00edcias, eventos, informa\u00e7\u00f5es e dicas na cidade Feira de Santana e regi\u00e3o.","og:type":"article","og:title":"Prefeitura empossa 57 cuidadores que atuar\u00e3o em escolas municipais | Encontra Feira de Santana","og:description":"Prefeitura empossa 57 cuidadores, melhorando a inclus\u00e3o nas escolas municipais.","og:url":"https:\/\/www.encontrafeiradesantana.com.br\/sobre\/prefeitura-empossa-57-cuidadores-que-atuarao-em-escolas-municipais\/","article:published_time":"2026-02-12T06:29:28+00:00","article:modified_time":"2026-02-12T06:29:28+00:00","twitter:card":"summary","twitter:title":"Prefeitura empossa 57 cuidadores que atuar\u00e3o em escolas municipais | Encontra Feira de Santana","twitter:description":"Prefeitura empossa 57 cuidadores, melhorando a inclus\u00e3o nas escolas municipais."},"aioseo_meta_data":{"post_id":"1628","title":null,"description":null,"keywords":null,"keyphrases":null,"primary_term":null,"canonical_url":null,"og_title":null,"og_description":null,"og_object_type":"default","og_image_type":"default","og_image_url":null,"og_image_width":null,"og_image_height":null,"og_image_custom_url":null,"og_image_custom_fields":null,"og_video":null,"og_custom_url":null,"og_article_section":null,"og_article_tags":null,"twitter_use_og":false,"twitter_card":"default","twitter_image_type":"default","twitter_image_url":null,"twitter_image_custom_url":null,"twitter_image_custom_fields":null,"twitter_title":null,"twitter_description":null,"schema":{"blockGraphs":[],"customGraphs":[],"default":{"data":{"Article":[],"Course":[],"Dataset":[],"FAQPage":[],"Movie":[],"Person":[],"Product":[],"ProductReview":[],"Car":[],"Recipe":[],"Service":[],"SoftwareApplication":[],"WebPage":[]},"graphName":"Article","isEnabled":true},"graphs":[]},"schema_type":"default","schema_type_options":null,"pillar_content":false,"robots_default":true,"robots_noindex":false,"robots_noarchive":false,"robots_nosnippet":false,"robots_nofollow":false,"robots_noimageindex":false,"robots_noodp":false,"robots_notranslate":false,"robots_max_snippet":null,"robots_max_videopreview":null,"robots_max_imagepreview":"large","priority":null,"frequency":null,"local_seo":null,"breadcrumb_settings":null,"limit_modified_date":false,"ai":null,"created":"2026-02-12 06:29:31","updated":"2026-02-12 06:34:33","focus_keyword":null,"additional_keywords":null,"truseo_locale":null,"seo_analyzer_scan_date":null},"aioseo_breadcrumb":"<div class=\"aioseo-breadcrumbs\"><span class=\"aioseo-breadcrumb\">\n\t\t\t<a href=\"https:\/\/www.encontrafeiradesantana.com.br\/sobre\" title=\"In\u00edcio\">In\u00edcio<\/a>\n\t\t<\/span><span class=\"aioseo-breadcrumb-separator\">&raquo;<\/span><span class=\"aioseo-breadcrumb\">\n\t\t\t<a href=\"https:\/\/www.encontrafeiradesantana.com.br\/sobre\/noticias-em-feira-de-santana\/\" title=\"Not\u00edcias Feira de Santana\">Not\u00edcias Feira de Santana<\/a>\n\t\t<\/span><span class=\"aioseo-breadcrumb-separator\">&raquo;<\/span><span class=\"aioseo-breadcrumb\">\n\t\t\tPrefeitura empossa 57 cuidadores que atuar\u00e3o em escolas municipais\n\t\t<\/span><\/div>","aioseo_breadcrumb_json":[{"label":"In\u00edcio","link":"https:\/\/www.encontrafeiradesantana.com.br\/sobre"},{"label":"Not\u00edcias Feira de Santana","link":"https:\/\/www.encontrafeiradesantana.com.br\/sobre\/noticias-em-feira-de-santana\/"},{"label":"Prefeitura empossa 57 cuidadores que atuar\u00e3o em escolas municipais","link":"https:\/\/www.encontrafeiradesantana.com.br\/sobre\/prefeitura-empossa-57-cuidadores-que-atuarao-em-escolas-municipais\/"}],"_links":{"self":[{"href":"https:\/\/www.encontrafeiradesantana.com.br\/sobre\/wp-json\/wp\/v2\/posts\/1628","targetHints":{"allow":["GET"]}}],"collection":[{"href":"https:\/\/www.encontrafeiradesantana.com.br\/sobre\/wp-json\/wp\/v2\/posts"}],"about":[{"href":"https:\/\/www.encontrafeiradesantana.com.br\/sobre\/wp-json\/wp\/v2\/types\/post"}],"author":[{"embeddable":true,"href":"https:\/\/www.encontrafeiradesantana.com.br\/sobre\/wp-json\/wp\/v2\/users\/1"}],"replies":[{"embeddable":true,"href":"https:\/\/www.encontrafeiradesantana.com.br\/sobre\/wp-json\/wp\/v2\/comments?post=1628"}],"version-history":[{"count":0,"href":"https:\/\/www.encontrafeiradesantana.com.br\/sobre\/wp-json\/wp\/v2\/posts\/1628\/revisions"}],"wp:featuredmedia":[{"embeddable":true,"href":"https:\/\/www.encontrafeiradesantana.com.br\/sobre\/wp-json\/wp\/v2\/media\/1627"}],"wp:attachment":[{"href":"https:\/\/www.encontrafeiradesantana.com.br\/sobre\/wp-json\/wp\/v2\/media?parent=1628"}],"wp:term":[{"taxonomy":"category","embeddable":true,"href":"https:\/\/www.encontrafeiradesantana.com.br\/sobre\/wp-json\/wp\/v2\/categories?post=1628"},{"taxonomy":"post_tag","embeddable":true,"href":"https:\/\/www.encontrafeiradesantana.com.br\/sobre\/wp-json\/wp\/v2\/tags?post=1628"}],"curies":[{"name":"wp","href":"https:\/\/api.w.org\/{rel}","templated":true}]}}