{"id":1580,"date":"2026-02-03T03:30:38","date_gmt":"2026-02-03T06:30:38","guid":{"rendered":"https:\/\/www.encontrafeiradesantana.com.br\/sobre\/mutirao-da-tel-telematica-oferta-300-vagas-e-amplia-oportunidades-de-emprego-nesta-sexta\/"},"modified":"2026-02-03T03:30:38","modified_gmt":"2026-02-03T06:30:38","slug":"mutirao-da-tel-telematica-oferta-300-vagas-e-amplia-oportunidades-de-emprego-nesta-sexta","status":"publish","type":"post","link":"https:\/\/www.encontrafeiradesantana.com.br\/sobre\/mutirao-da-tel-telematica-oferta-300-vagas-e-amplia-oportunidades-de-emprego-nesta-sexta\/","title":{"rendered":"Mutir\u00e3o da Tel Telem\u00e1tica oferta 300 vagas e amplia oportunidades de emprego nesta sexta"},"content":{"rendered":"<div class=\"3f468104ad11f00a3c9ac948316f4265\" data-index=\"1\" style=\"float: none; margin:0px;\">\n<ins class=\"adsbygoogle\"\r\n     style=\"display:block\"\r\n     data-ad-client=\"ca-pub-8585364105181520\"\r\n     data-ad-slot=\"8789329856\"\r\n     data-ad-format=\"auto\"\r\n     data-full-width-responsive=\"true\"><\/ins>\r\n<script>\r\n     (adsbygoogle = window.adsbygoogle || []).push({});\r\n<\/script>\r\n\n<\/div>\n<h2>O que \u00e9 o Mutir\u00e3o da Tel Telem\u00e1tica?<\/h2>\n<p>O Mutir\u00e3o da Tel Telem\u00e1tica \u00e9 um evento promovido pela Casa do Trabalhador, que faz parte da Secretaria de Trabalho, Turismo e Desenvolvimento Econ\u00f4mico (Settdec) de Feira de Santana. Esse evento tem como objetivo oferecer uma quantidade significativa de vagas de emprego em diversos setores, facilitando a inclus\u00e3o de cidad\u00e3os no mercado de trabalho. Na edi\u00e7\u00e3o mais recente, realizada no dia 09, foram disponibilizadas 300 oportunidades para o cargo de Especialista em Atendimento \/ E-commerce, atendendo a demanda crescente de profissionais na \u00e1rea de telem\u00e1tica.<\/p>\n<h2>Quantas vagas estar\u00e3o dispon\u00edveis?<\/h2>\n<p>Neste mutir\u00e3o em particular, foram oferecidas 300 vagas espec\u00edficas para a Tel Telem\u00e1tica, al\u00e9m de outras oportunidades em diferentes segmentos, totalizando 369 vagas. Isto demonstra a diversidade de op\u00e7\u00f5es dispon\u00edveis para os candidatos, abrangendo \u00e1reas como com\u00e9rcio, servi\u00e7os, ind\u00fastrias e supermercados.<\/p>\n<h2>Quem pode se inscrever?<\/h2>\n<p>A iniciativa \u00e9 voltada para todos os interessados que possuem o Ensino M\u00e9dio completo. N\u00e3o h\u00e1 exig\u00eancia de experi\u00eancia anterior nas \u00e1reas mencionadas, o que \u00e9 uma vantagem para muitos candidatos que buscam uma primeira oportunidade ou uma nova chance no mercado de trabalho. O evento \u00e9 uma \u00f3tima oportunidade para aqueles que desejam se inserir ou se reintegrar ao mercado profissional.<\/p>\n<p><img decoding=\"async\" src=\"https:\/\/www.encontrafeiradesantana.com.br\/sobre\/wp-content\/uploads\/2026\/02\/mutirao-da-tel-telematica-oferta-300-vagas-e-amplia-oportunidades-de-emprego-nesta-sexta.webp\" alt=\"Mutir\u00e3o da Tel Telem\u00e1tica\" loading=\"lazy\" \/><\/p>\n<h2>Quais s\u00e3o os requisitos para as vagas?<\/h2>\n<p>Para as vagas oferecidas, os candidatos devem ter os seguintes requisitos:<\/p>\n<ul>\n<li><strong>Educa\u00e7\u00e3o:<\/strong> Ensino M\u00e9dio completo.<\/li>\n<li><strong>Inform\u00e1tica:<\/strong> Conhecimentos b\u00e1sicos em inform\u00e1tica.<\/li>\n<li><strong>Digita\u00e7\u00e3o:<\/strong> Boa pr\u00e1tica de digita\u00e7\u00e3o.<\/li>\n<li><strong>Experi\u00eancia:<\/strong> N\u00e3o \u00e9 exigida experi\u00eancia comprovada para as vagas de Especialista em Atendimento \/ E-commerce.<\/li>\n<\/ul>\n<p>Esses requisitos b\u00e1sicos permitem que muitos candidatos se habilitem a participar do processo seletivo, ampliando suas chances no mercado de trabalho.<\/p>\n<h2>Al\u00e9m das 300 vagas da Tel Telem\u00e1tica<\/h2>\n<p>Al\u00e9m das 300 vagas focadas na Tel Telem\u00e1tica, outras fun\u00e7\u00f5es est\u00e3o dispon\u00edveis para diferentes perfis profissionais. Entre as vagas, est\u00e3o inclu\u00eddas fun\u00e7\u00f5es como:<\/p>\n<ul>\n<li>A\u00e7ougueiro<\/li>\n<li>Atendente de farm\u00e1cia<\/li>\n<li>Auxiliar administrativo<\/li>\n<li>Auxiliar de a\u00e7ougueiro<\/li>\n<li>Auxiliar de produ\u00e7\u00e3o<\/li>\n<li>Churrasqueiro<\/li>\n<li>Consultor de vendas<\/li>\n<li>Empregada dom\u00e9stica<\/li>\n<li>Estoquista<\/li>\n<li>Forneiro de padaria<\/li>\n<li>Gar\u00e7om<\/li>\n<li>Instalador de acess\u00f3rios para ve\u00edculos<\/li>\n<li>Mec\u00e2nico de autom\u00f3veis<\/li>\n<li>Operador de caixa<\/li>\n<li>Operador de p\u00e1 carregadeira<\/li>\n<li>Repositor<\/li>\n<li>Serralheiro<\/li>\n<li>Soldador<\/li>\n<li>Vendedor interno<\/li>\n<\/ul>\n<p>Essas oportunidades abrangem diversos n\u00edveis de escolaridade e exigem diferentes perfis profissionais, contribuindo para atender \u00e0 ampla demanda do mercado local.<\/p>\n<h2>Como se preparar para o mutir\u00e3o?<\/h2>\n<p>Preparar-se para o mutir\u00e3o \u00e9 fundamental para garantir que os candidatos se destaquem. Algumas dicas para uma boa prepara\u00e7\u00e3o incluem:<\/p>\n<ul>\n<li><strong>Atualiza\u00e7\u00e3o do Curr\u00edculo:<\/strong> Tenha um curr\u00edculo atualizado e bem estruturado, destaque suas habilidades e experi\u00eancias relevantes.<\/li>\n<li><strong>Simula\u00e7\u00f5es de Entrevista:<\/strong> Pratique entrevistas com amigos ou familiares para se sentir mais confiante.<\/li>\n<li><strong>Pesquisa sobre a Empresa:<\/strong> Conhe\u00e7a a atua\u00e7\u00e3o da Tel Telem\u00e1tica e outros empregadores dispon\u00edveis no evento.<\/li>\n<li><strong>Roupa Adequada:<\/strong> Vista-se de maneira profissional para causar uma boa impress\u00e3o no dia do mutir\u00e3o.<\/li>\n<\/ul>\n<p>Essas etapas podem ser determinantes para o sucesso no processo seletivo, ajudando a minimizar a ansiedade e a aumentar a confian\u00e7a dos candidatos.<\/p>\n<h2>Endere\u00e7o e hor\u00e1rios do evento<\/h2>\n<p>O evento ocorreu na Casa do Trabalhador, localizada na Rua Desembargador Felinto Bastos, n\u00ba 527A (antiga Rua de Aurora), em Feira de Santana. O hor\u00e1rio do mutir\u00e3o foi das 9h \u00e0s 12h, oferecendo uma janela estrat\u00e9gica para que os candidatos pudessem comparecer e se inscrever nas vagas dispon\u00edveis.<\/p>\n<h2>Dicas para se destacar em entrevistas<\/h2>\n<p>Durante as entrevistas, \u00e9 importante se destacar entre os outros candidatos. Aqui est\u00e3o algumas dicas essenciais:<\/p>\n<ul>\n<li><strong>Responda com clareza:<\/strong> Ou\u00e7a as perguntas atentamente e responda de forma clara e concisa.<\/li>\n<li><strong>Comunique suas habilidades:<\/strong> Destaque suas habilidades e experi\u00eancias que possam ser relevantes para a vaga desejada.<\/li>\n<li><strong>Seja pontual:<\/strong> Chegue cedo, isso demonstra comprometimento e respeito pelo tempo dos entrevistadores.<\/li>\n<li><strong>Prepare perguntas:<\/strong> Tenha algumas perguntas prontas para fazer ao entrevistador, isso mostra seu interesse pela empresa e pela vaga.<\/li>\n<\/ul>\n<p>Essas pr\u00e1ticas podem aumentar as chances de um candidato ser lembrado positivamente ap\u00f3s a entrevista.<\/p>\n<h2>Oportunidades em outras \u00e1reas de trabalho<\/h2>\n<p>Al\u00e9m das vagas na Tel Telem\u00e1tica, o mutir\u00e3o tamb\u00e9m ofereceu oportunidades em outras \u00e1reas, como com\u00e9rcio, servi\u00e7os e ind\u00fastria. Isso \u00e9 vital para diversificar as op\u00e7\u00f5es dispon\u00edveis para os candidatos. As \u00e1reas mencionadas incluem:<\/p>\n<ul>\n<li>Com\u00e9rcio: Como vendedores internos e atendentes, que s\u00e3o essenciais para o funcionamento de lojas e mercados.<\/li>\n<li>Servi\u00e7os: Op\u00e7\u00f5es em atendimento ao cliente, como atendentes de farm\u00e1cia e gar\u00e7om, que t\u00eam grande demanda.<\/li>\n<li>Ind\u00fastria: Vagas para auxiliares de produ\u00e7\u00e3o e mec\u00e2nicos, que s\u00e3o fun\u00e7\u00f5es fundamentais para o setor industrial.<\/li>\n<\/ul>\n<p>Com esse leque de oportunidades, o mutir\u00e3o se torna um evento inclusivo, permitindo que um maior n\u00famero de pessoas consiga se inserir no mercado de trabalho.<\/p>\n<h2>Import\u00e2ncia da inclus\u00e3o no mercado de trabalho<\/h2>\n<p>A inclus\u00e3o no mercado de trabalho \u00e9 fundamental para o crescimento econ\u00f4mico e social de uma comunidade. Promover eventos como o Mutir\u00e3o da Tel Telem\u00e1tica \u00e9 uma forma de proporcionar oportunidades a quem mais precisa. Aqui est\u00e3o alguns pontos que ilustram a import\u00e2ncia dessa inclus\u00e3o:<\/p>\n<ul>\n<li><strong>Redu\u00e7\u00e3o da Desigualdade:<\/strong> O acesso a empregos ajuda na diminui\u00e7\u00e3o das disparidades sociais e econ\u00f4micas.<\/li>\n<li><strong>Refor\u00e7o da Autonomia:<\/strong> Empregos geram independ\u00eancia financeira, permitindo que indiv\u00edduos sustentem suas fam\u00edlias.<\/li>\n<li><strong>Desenvolvimento da Comunidade:<\/strong> Com mais pessoas ativas no mercado de trabalho, a comunidade se torna mais forte e sustent\u00e1vel.<\/li>\n<li><strong>Valoriza\u00e7\u00e3o da Diversidade:<\/strong> A inclus\u00e3o de v\u00e1rias culturas e experi\u00eancias enriquece o ambiente de trabalho.<\/li>\n<\/ul>\n<p>A promo\u00e7\u00e3o de eventos como o mutir\u00e3o n\u00e3o apenas abre portas para aqueles que buscam emprego, mas tamb\u00e9m fortalece la\u00e7os comunit\u00e1rios, impulsionando o desenvolvimento econ\u00f4mico local.<\/p>\n\n<div style=\"font-size: 0px; height: 0px; line-height: 0px; margin: 0; padding: 0; clear: both;\"><\/div>","protected":false},"excerpt":{"rendered":"<p>Mutir\u00e3o da Tel Telem\u00e1tica oferece 300 vagas de emprego nesta sexta-feira.<\/p>\n","protected":false},"author":1,"featured_media":1579,"comment_status":"open","ping_status":"closed","sticky":false,"template":"","format":"standard","meta":{"footnotes":""},"categories":[6],"tags":[],"class_list":["post-1580","post","type-post","status-publish","format-standard","has-post-thumbnail","hentry","category-noticias-em-feira-de-santana","has_thumb"],"aioseo_notices":[],"_links":{"self":[{"href":"https:\/\/www.encontrafeiradesantana.com.br\/sobre\/wp-json\/wp\/v2\/posts\/1580","targetHints":{"allow":["GET"]}}],"collection":[{"href":"https:\/\/www.encontrafeiradesantana.com.br\/sobre\/wp-json\/wp\/v2\/posts"}],"about":[{"href":"https:\/\/www.encontrafeiradesantana.com.br\/sobre\/wp-json\/wp\/v2\/types\/post"}],"author":[{"embeddable":true,"href":"https:\/\/www.encontrafeiradesantana.com.br\/sobre\/wp-json\/wp\/v2\/users\/1"}],"replies":[{"embeddable":true,"href":"https:\/\/www.encontrafeiradesantana.com.br\/sobre\/wp-json\/wp\/v2\/comments?post=1580"}],"version-history":[{"count":0,"href":"https:\/\/www.encontrafeiradesantana.com.br\/sobre\/wp-json\/wp\/v2\/posts\/1580\/revisions"}],"wp:featuredmedia":[{"embeddable":true,"href":"https:\/\/www.encontrafeiradesantana.com.br\/sobre\/wp-json\/wp\/v2\/media\/1579"}],"wp:attachment":[{"href":"https:\/\/www.encontrafeiradesantana.com.br\/sobre\/wp-json\/wp\/v2\/media?parent=1580"}],"wp:term":[{"taxonomy":"category","embeddable":true,"href":"https:\/\/www.encontrafeiradesantana.com.br\/sobre\/wp-json\/wp\/v2\/categories?post=1580"},{"taxonomy":"post_tag","embeddable":true,"href":"https:\/\/www.encontrafeiradesantana.com.br\/sobre\/wp-json\/wp\/v2\/tags?post=1580"}],"curies":[{"name":"wp","href":"https:\/\/api.w.org\/{rel}","templated":true}]}}