{"id":1557,"date":"2026-01-30T03:29:53","date_gmt":"2026-01-30T06:29:53","guid":{"rendered":"https:\/\/www.encontrafeiradesantana.com.br\/sobre\/centro-de-convivencia-zazinha-cerqueira-abre-200-vagas-para-matriculas-em-2026\/"},"modified":"2026-01-30T03:29:53","modified_gmt":"2026-01-30T06:29:53","slug":"centro-de-convivencia-zazinha-cerqueira-abre-200-vagas-para-matriculas-em-2026","status":"publish","type":"post","link":"https:\/\/www.encontrafeiradesantana.com.br\/sobre\/centro-de-convivencia-zazinha-cerqueira-abre-200-vagas-para-matriculas-em-2026\/","title":{"rendered":"Centro de Conviv\u00eancia Zazinha Cerqueira abre 200 vagas para matr\u00edculas em 2026"},"content":{"rendered":"<div class=\"3f468104ad11f00a3c9ac948316f4265\" data-index=\"1\" style=\"float: none; margin:0px;\">\n<ins class=\"adsbygoogle\"\r\n     style=\"display:block\"\r\n     data-ad-client=\"ca-pub-8585364105181520\"\r\n     data-ad-slot=\"8789329856\"\r\n     data-ad-format=\"auto\"\r\n     data-full-width-responsive=\"true\"><\/ins>\r\n<script>\r\n     (adsbygoogle = window.adsbygoogle || []).push({});\r\n<\/script>\r\n\n<\/div>\n<h2>Vagas dispon\u00edveis e como se inscrever<\/h2>\n<p>O Centro de Conviv\u00eancia da Terceira Idade Zazinha Cerqueira anunciou a abertura de 200 vagas para novas matr\u00edculas para o ano de 2026. Essa iniciativa, promovida pela Secretaria Municipal de Desenvolvimento Social, oferece aos idosos uma oportunidade valiosa de participa\u00e7\u00e3o em diversas atividades que visam melhorar a qualidade de vida e promover a inclus\u00e3o social. Para se inscrever, os interessados devem comparecer pessoalmente \u00e0 sede do centro, que est\u00e1 situada na Rua Itacarambi, s\/n\u00ba, no bairro Muchila, durante o per\u00edodo de matr\u00edculas definido pela coordena\u00e7\u00e3o.<\/p>\n<h2>Benef\u00edcios das atividades oferecidas<\/h2>\n<p>As atividades programadas para os membros do Centro de Conviv\u00eancia Zazinha Cerqueira s\u00e3o variadas e abrangem diferentes \u00e1reas do bem-estar. Participantes ter\u00e3o acesso a:<\/p>\n<ul>\n<li><strong>Hidrogin\u00e1stica:<\/strong> Uma excelente forma de exerc\u00edcio f\u00edsico que favorece a sa\u00fade cardiovascular e a mobilidade.<\/li>\n<li><strong>Aulas de dan\u00e7a:<\/strong> Al\u00e9m de ser uma atividade divertida, a dan\u00e7a estimula a coordena\u00e7\u00e3o e a mem\u00f3ria.<\/li>\n<li><strong>Oficina de mem\u00f3ria:<\/strong> Essencial para o desenvolvimento cognitivo e manuten\u00e7\u00e3o da sa\u00fade mental.<\/li>\n<li><strong>Exibi\u00e7\u00f5es de cinema:<\/strong> Proporcionam entretenimento e estimula\u00e7\u00e3o cultural.<\/li>\n<li><strong>Aulas de inform\u00e1tica:<\/strong> Promovem a inclus\u00e3o digital, cada vez mais necess\u00e1ria na sociedade moderna.<\/li>\n<li><strong>Atividades culturais e socioeducativas:<\/strong> Fortalecem o senso de comunidade e a intera\u00e7\u00e3o social.<\/li>\n<\/ul>\n<h2>A import\u00e2ncia da rematr\u00edcula para os idosos<\/h2>\n<p>Os idosos que j\u00e1 est\u00e3o participando das atividades no centro tamb\u00e9m precisam se rematricular para garantir a continuidade de seus atendimentos e projetos. A rematr\u00edcula n\u00e3o s\u00f3 formaliza a participa\u00e7\u00e3o, mas tamb\u00e9m reflete o compromisso do munic\u00edpio com a valoriza\u00e7\u00e3o da terceira idade e o envelhecimento ativo. Essa revalida\u00e7\u00e3o \u00e9 uma oportunidade para que os idosos continuem a usufruir dos servi\u00e7os oferecidos, mantendo-se ativos e integrados em uma programa\u00e7\u00e3o que visa \u00e0 melhoria da sua qualidade de vida.<\/p>\n<h2>Hist\u00f3ria e prop\u00f3sito do Centro de Conviv\u00eancia<\/h2>\n<p>Fundado para fornecer cuidado e aten\u00e7\u00e3o especial \u00e0 popula\u00e7\u00e3o idosa de Feira de Santana, o Centro de Conviv\u00eancia Zazinha Cerqueira representa um espa\u00e7o acolhedor que tem como objetivo principal promover a autonomia e a dignidade dos idosos. Desde sua cria\u00e7\u00e3o, o centro tem sido um pilar na comunidade, oferecendo n\u00e3o apenas atividades recreativas, mas tamb\u00e9m suporte emocional e social, ajudando a combater a solid\u00e3o e o isolamento frequentemente experimentados por essa faixa et\u00e1ria.<\/p>\n<h2>Programa\u00e7\u00e3o diversificada para a terceira idade<\/h2>\n<p>A programa\u00e7\u00e3o do Centro de Conviv\u00eancia \u00e9 planejada para atender as diversas necessidades e interesses dos idosos. Cada atividade \u00e9 desenvolvida com o intuito de estimular n\u00e3o apenas o f\u00edsico, mas tamb\u00e9m a mente e as rela\u00e7\u00f5es sociais. Com um calend\u00e1rio repleto de op\u00e7\u00f5es, cada participante pode escolher as atividades que mais atraem seus interesses e se adequam ao seu estilo de vida, garantindo assim um envolvimento mais ativo e prazeroso.<\/p>\n<h2>Atividades que estimulam a autonomia<\/h2>\n<p>Os programas oferecidos pelo Centro de Conviv\u00eancia t\u00eam um enfoque claro na autonomia dos idosos. Ao participar de aulas de inform\u00e1tica, por exemplo, os idosos adquirem habilidades que os capacitam a se relacionar melhor com a tecnologia, essencial para comunica\u00e7\u00e3o e informa\u00e7\u00e3o na atualidade. Al\u00e9m disso, atividades como a hidrogin\u00e1stica e as aulas de dan\u00e7a ajudam na manuten\u00e7\u00e3o da sa\u00fade f\u00edsica, promovendo um envelhecimento saud\u00e1vel.<\/p>\n<h2>Depoimentos de participantes do centro<\/h2>\n<p>Os participantes do Centro de Conviv\u00eancia Zazinha Cerqueira frequentemente compartilham suas experi\u00eancias positivas. Muitos relatam uma melhora significativa na qualidade de vida, sentindo-se mais motivados e soci\u00e1veis. Os depoimentos frequentemente mencionam a alegria de fazer novas amizades e de participar ativamente de uma comunidade que valoriza sua hist\u00f3ria e contribui\u00e7\u00e3o. Esse sentimento de pertencimento e a troca entre os participantes criam um ambiente acolhedor e estimulante.<\/p>\n<h2>Informa\u00e7\u00f5es importantes sobre as inscri\u00e7\u00f5es<\/h2>\n<p>As inscri\u00e7\u00f5es para as novas vagas devem ser feitas pessoalmente na sede do centro. \u00c9 essencial que os interessados estejam atentos ao per\u00edodo espec\u00edfico estipulado para as matr\u00edculas, evitando assim perder a oportunidade de participar das diversas atividades. Al\u00e9m disso, o telefone (75) 3617-0954 est\u00e1 dispon\u00edvel para esclarecer d\u00favidas e fornecer mais informa\u00e7\u00f5es sobre o processo de matr\u00edcula e as atividades oferecidas.<\/p>\n<h2>Como a comunidade se beneficia do centro<\/h2>\n<p>O Centro de Conviv\u00eancia Zazinha Cerqueira tamb\u00e9m traz benef\u00edcios para a comunidade como um todo. Atrav\u00e9s de uma proposta de inclus\u00e3o social, o centro gera um impacto positivo, promovendo a integra\u00e7\u00e3o dos idosos n\u00e3o apenas entre si, mas tamb\u00e9m com as gera\u00e7\u00f5es mais jovens. Isso ajuda a criar um la\u00e7o social mais forte na comunidade e estimula o respeito e a valoriza\u00e7\u00e3o do papel dos idosos. Assim, todos ganham com um ambiente mais coeso e solid\u00e1rio.<\/p>\n<h2>Compromisso do munic\u00edpio com a terceira idade<\/h2>\n<p>A iniciativa de abrir vagas e oferecer uma programa\u00e7\u00e3o diversificada no Centro de Conviv\u00eancia est\u00e1 alinhada ao compromisso do munic\u00edpio de Feira de Santana em promover pol\u00edticas p\u00fablicas que respeitem e valorizem os direitos dos idosos. A gest\u00e3o municipal assegura que o envelhecimento seja uma fase de vida ativa, digna e respeitosa, reconhecendo a import\u00e2ncia de atender \u00e0s necessidades espec\u00edficas dessa popula\u00e7\u00e3o. Com isso, reafirma-se o compromisso de garantir n\u00e3o apenas servi\u00e7os, mas um atendimento humanizado e de qualidade aos cidad\u00e3os da terceira idade.<\/p>\n\n<div style=\"font-size: 0px; height: 0px; line-height: 0px; margin: 0; padding: 0; clear: both;\"><\/div>","protected":false},"excerpt":{"rendered":"<p>Centro de Conviv\u00eancia Zazinha Cerqueira abre 200 vagas para 2026.<\/p>\n","protected":false},"author":1,"featured_media":0,"comment_status":"open","ping_status":"closed","sticky":false,"template":"","format":"standard","meta":{"footnotes":""},"categories":[1],"tags":[],"class_list":["post-1557","post","type-post","status-publish","format-standard","hentry","category-cursos-em-feira-de-santana"],"aioseo_notices":[],"_links":{"self":[{"href":"https:\/\/www.encontrafeiradesantana.com.br\/sobre\/wp-json\/wp\/v2\/posts\/1557","targetHints":{"allow":["GET"]}}],"collection":[{"href":"https:\/\/www.encontrafeiradesantana.com.br\/sobre\/wp-json\/wp\/v2\/posts"}],"about":[{"href":"https:\/\/www.encontrafeiradesantana.com.br\/sobre\/wp-json\/wp\/v2\/types\/post"}],"author":[{"embeddable":true,"href":"https:\/\/www.encontrafeiradesantana.com.br\/sobre\/wp-json\/wp\/v2\/users\/1"}],"replies":[{"embeddable":true,"href":"https:\/\/www.encontrafeiradesantana.com.br\/sobre\/wp-json\/wp\/v2\/comments?post=1557"}],"version-history":[{"count":0,"href":"https:\/\/www.encontrafeiradesantana.com.br\/sobre\/wp-json\/wp\/v2\/posts\/1557\/revisions"}],"wp:attachment":[{"href":"https:\/\/www.encontrafeiradesantana.com.br\/sobre\/wp-json\/wp\/v2\/media?parent=1557"}],"wp:term":[{"taxonomy":"category","embeddable":true,"href":"https:\/\/www.encontrafeiradesantana.com.br\/sobre\/wp-json\/wp\/v2\/categories?post=1557"},{"taxonomy":"post_tag","embeddable":true,"href":"https:\/\/www.encontrafeiradesantana.com.br\/sobre\/wp-json\/wp\/v2\/tags?post=1557"}],"curies":[{"name":"wp","href":"https:\/\/api.w.org\/{rel}","templated":true}]}}