{"id":1541,"date":"2026-01-27T03:29:38","date_gmt":"2026-01-27T06:29:38","guid":{"rendered":"https:\/\/www.encontrafeiradesantana.com.br\/sobre\/estudantes-da-rede-municipal-de-feira-iniciam-ano-letivo-com-fardamento-e-material-escolar\/"},"modified":"2026-01-27T03:29:38","modified_gmt":"2026-01-27T06:29:38","slug":"estudantes-da-rede-municipal-de-feira-iniciam-ano-letivo-com-fardamento-e-material-escolar","status":"publish","type":"post","link":"https:\/\/www.encontrafeiradesantana.com.br\/sobre\/estudantes-da-rede-municipal-de-feira-iniciam-ano-letivo-com-fardamento-e-material-escolar\/","title":{"rendered":"Estudantes da rede municipal de Feira iniciam ano letivo com fardamento e material escolar"},"content":{"rendered":"<div class=\"3f468104ad11f00a3c9ac948316f4265\" data-index=\"1\" style=\"float: none; margin:0px;\">\n<ins class=\"adsbygoogle\"\r\n     style=\"display:block\"\r\n     data-ad-client=\"ca-pub-8585364105181520\"\r\n     data-ad-slot=\"8789329856\"\r\n     data-ad-format=\"auto\"\r\n     data-full-width-responsive=\"true\"><\/ins>\r\n<script>\r\n     (adsbygoogle = window.adsbygoogle || []).push({});\r\n<\/script>\r\n\n<\/div>\n<h2>O In\u00edcio do Ano Letivo em Feira de Santana<\/h2>\n<p>No dia 3 de fevereiro de 2026, os alunos da rede p\u00fablica municipal de Feira de Santana dar\u00e3o in\u00edcio ao seu novo ano letivo com um grande diferencial: o recebimento do fardamento escolar e de todo material did\u00e1tico necess\u00e1rio. Essa iniciativa marca um momento especial, pois a entrega dos kits ocorrer\u00e1 logo no come\u00e7o das atividades escolares, uma pr\u00e1tica que representa um avan\u00e7o significativo na gest\u00e3o educacional local.<\/p>\n<h2>A Import\u00e2ncia do Fardamento Escolar<\/h2>\n<p>O uso de fardamento nas escolas \u00e9 uma medida que vai al\u00e9m do simples embelezamento. Ele traz aspectos de identidade e pertencimento para os alunos, permitindo que todos, independentemente de suas condi\u00e7\u00f5es socioecon\u00f4micas, se sintam iguais dentro do ambiente escolar. Al\u00e9m disso, o fardamento ajuda na organiza\u00e7\u00e3o e disciplina dos alunos, criando um ambiente prop\u00edcio para aprendizagem. Para 2026, a oferta de vestu\u00e1rio escolar foi ampliada, agora incluindo tr\u00eas camisetas por aluno e cal\u00e7ados adequados.<\/p>\n<h2>Visitas do Prefeito \u00e0s Escolas<\/h2>\n<p>O prefeito Jos\u00e9 Ronaldo, juntamente com o secret\u00e1rio de Educa\u00e7\u00e3o, Pablo Roberto, esteve presente durante a inspe\u00e7\u00e3o dos materiais escolares, o que demonstra um comprometimento da administra\u00e7\u00e3o p\u00fablica com a educa\u00e7\u00e3o local. O prefeito expressou sua alegria e satisfa\u00e7\u00e3o ao observar que, pela primeira vez, os alunos sob sua gest\u00e3o receber\u00e3o os materiais j\u00e1 no in\u00edcio do ano, refletindo uma gest\u00e3o que se preocupa com o bem-estar e com as necessidades b\u00e1sicas dos estudantes.<\/p>\n<p><img decoding=\"async\" src=\"https:\/\/www.encontrafeiradesantana.com.br\/sobre\/wp-content\/uploads\/2026\/01\/estudantes-da-rede-municipal-de-feira-iniciam-ano-letivo-com-fardamento-e-material-escolar.webp\" alt=\"estudantes da rede municipal de Feira\" loading=\"lazy\" \/><\/p>\n<h2>O Que Est\u00e1 Inclu\u00eddo no Material Escolar?<\/h2>\n<p>Os kits de material escolar s\u00e3o distribu\u00eddos de forma diferenciada de acordo com a etapa de escolaridade dos alunos. Para a educa\u00e7\u00e3o infantil, por exemplo, o kit inclui itens como l\u00e1pis jumbo, cadernos de caligrafia, colas e massa de modelar. J\u00e1 o Ensino Fundamental I recebe um conjunto mais elaborado, que compreende cadernos universit\u00e1rios, borrachas, l\u00e1pis de cor e tesouras. Por fim, o kit destinado ao Ensino Fundamental II conta com calculadoras e outros materiais que s\u00e3o essenciais para complementa\u00e7\u00e3o das atividades escolares.<\/p>\n<h2>O Impacto na Educa\u00e7\u00e3o Infantil<\/h2>\n<p>A entrega desses kits tem um impacto direto na educa\u00e7\u00e3o infantil, pois permite que as crian\u00e7as tenham todas as ferramentas necess\u00e1rias para um desenvolvimento educativo adequado. O fardamento e os materiais escolares s\u00e3o essenciais para garantir que as crian\u00e7as estejam bem equipadas e motivadas no seu processo de aprendizagem. O sentimento de pertencimento \u00e9 especialmente forte entre os mais novos, o que pode influenciar positivamente sua autoestima e aprendizado.<\/p>\n<h2>Pablo Roberto e a Educa\u00e7\u00e3o Municipal<\/h2>\n<p>Pablo Roberto, o vice-prefeito e secret\u00e1rio de Educa\u00e7\u00e3o, ressaltou a import\u00e2ncia dessa iniciativa, que deve beneficiar cerca de 60 mil estudantes da rede municipal. Ele tamb\u00e9m informou que as matr\u00edculas permanecem abertas, garantindo que novos alunos possam se integrar a essa estrutura educacional bem equipada. A gest\u00e3o educacional se destaca por adotar medidas que n\u00e3o apenas facilitam o acesso \u00e0 educa\u00e7\u00e3o, mas tamb\u00e9m promovem igualdade de condi\u00e7\u00f5es para todos os alunos.<\/p>\n<h2>Novas Iniciativas para os Alunos<\/h2>\n<p>Al\u00e9m do fardamento e material escolar, este ano ser\u00e1 introduzida uma nova iniciativa: os alunos tamb\u00e9m receber\u00e3o sapatos e meias. Essa amplia\u00e7\u00e3o no fornecimento de itens visa proporcionar maior comodidade e conforto aos estudantes, aspectos fundamentais para o desempenho escolar eficaz. O cuidado com o vestu\u00e1rio e a apresenta\u00e7\u00e3o do aluno \u00e9 um passo relevante para fomentar a disciplina e o respeito ao ambiente escolar.<\/p>\n<h2>Como os Kits S\u00e3o Distribu\u00eddos<\/h2>\n<p>A distribui\u00e7\u00e3o dos kits escolares ser\u00e1 feita nas 208 escolas da rede p\u00fablica municipal, garantindo que todos os alunos recebam seus materiais de forma organizada e no tempo adequado. A log\u00edstica de entrega ser\u00e1 supervisionada de perto pelas autoridades educacionais locais, para que n\u00e3o haja ocorr\u00eancia de falhas que possam prejudicar os alunos no in\u00edcio do seu ano letivo.<\/p>\n<h2>Depoimentos de Pais e Alunos<\/h2>\n<p>Os depoimentos de pais e alunos t\u00eam demonstrado um entusiasmo generalizado em rela\u00e7\u00e3o a essas novas medidas. Muitos expressaram sua gratid\u00e3o pela aten\u00e7\u00e3o dedicada \u00e0 educa\u00e7\u00e3o de seus filhos e a esperan\u00e7a de que esse cen\u00e1rio traga n\u00e3o apenas mais facilidade, mas tamb\u00e9m resultados positivos nas aprendizagens e nos desempenhos escolares de seus filhos. \u00c9 uma demonstra\u00e7\u00e3o clara de como uma pol\u00edtica educacional respons\u00e1vel pode criar uma onda de otimismo na comunidade escolar.<\/p>\n<h2>O Futuro da Educa\u00e7\u00e3o em Feira de Santana<\/h2>\n<p>O futuro da educa\u00e7\u00e3o em Feira de Santana parece promissor com a implementa\u00e7\u00e3o dessas novas pol\u00edticas. A continuidade de a\u00e7\u00f5es que visam a inclus\u00e3o, o acesso e a qualidade do ensino pode transformar n\u00e3o apenas a experi\u00eancia dos alunos, mas tamb\u00e9m a reputa\u00e7\u00e3o da rede p\u00fablica municipal. A expectativa \u00e9 que esses passos iniciais criem um precedente para inova\u00e7\u00f5es futuras e melhorias cont\u00ednuas na educa\u00e7\u00e3o, que servir\u00e3o de modelo para outras cidades.<\/p>\n\n<div style=\"font-size: 0px; height: 0px; line-height: 0px; margin: 0; padding: 0; clear: both;\"><\/div>","protected":false},"excerpt":{"rendered":"<p>Estudantes da rede municipal de Feira recebem fardamento e material escolar no in\u00edcio do ano letivo.<\/p>\n","protected":false},"author":1,"featured_media":1540,"comment_status":"open","ping_status":"closed","sticky":false,"template":"","format":"standard","meta":{"footnotes":""},"categories":[6],"tags":[],"class_list":["post-1541","post","type-post","status-publish","format-standard","has-post-thumbnail","hentry","category-noticias-em-feira-de-santana","has_thumb"],"aioseo_notices":[],"_links":{"self":[{"href":"https:\/\/www.encontrafeiradesantana.com.br\/sobre\/wp-json\/wp\/v2\/posts\/1541","targetHints":{"allow":["GET"]}}],"collection":[{"href":"https:\/\/www.encontrafeiradesantana.com.br\/sobre\/wp-json\/wp\/v2\/posts"}],"about":[{"href":"https:\/\/www.encontrafeiradesantana.com.br\/sobre\/wp-json\/wp\/v2\/types\/post"}],"author":[{"embeddable":true,"href":"https:\/\/www.encontrafeiradesantana.com.br\/sobre\/wp-json\/wp\/v2\/users\/1"}],"replies":[{"embeddable":true,"href":"https:\/\/www.encontrafeiradesantana.com.br\/sobre\/wp-json\/wp\/v2\/comments?post=1541"}],"version-history":[{"count":0,"href":"https:\/\/www.encontrafeiradesantana.com.br\/sobre\/wp-json\/wp\/v2\/posts\/1541\/revisions"}],"wp:featuredmedia":[{"embeddable":true,"href":"https:\/\/www.encontrafeiradesantana.com.br\/sobre\/wp-json\/wp\/v2\/media\/1540"}],"wp:attachment":[{"href":"https:\/\/www.encontrafeiradesantana.com.br\/sobre\/wp-json\/wp\/v2\/media?parent=1541"}],"wp:term":[{"taxonomy":"category","embeddable":true,"href":"https:\/\/www.encontrafeiradesantana.com.br\/sobre\/wp-json\/wp\/v2\/categories?post=1541"},{"taxonomy":"post_tag","embeddable":true,"href":"https:\/\/www.encontrafeiradesantana.com.br\/sobre\/wp-json\/wp\/v2\/tags?post=1541"}],"curies":[{"name":"wp","href":"https:\/\/api.w.org\/{rel}","templated":true}]}}