{"id":1539,"date":"2026-01-27T03:28:24","date_gmt":"2026-01-27T06:28:24","guid":{"rendered":"https:\/\/www.encontrafeiradesantana.com.br\/sobre\/feira-em-acao-leva-servicos-essenciais-ao-distrito-de-tiquarucu-neste-sabado-31\/"},"modified":"2026-01-27T03:28:24","modified_gmt":"2026-01-27T06:28:24","slug":"feira-em-acao-leva-servicos-essenciais-ao-distrito-de-tiquarucu-neste-sabado-31","status":"publish","type":"post","link":"https:\/\/www.encontrafeiradesantana.com.br\/sobre\/feira-em-acao-leva-servicos-essenciais-ao-distrito-de-tiquarucu-neste-sabado-31\/","title":{"rendered":"Feira em A\u00e7\u00e3o leva servi\u00e7os essenciais ao distrito de Tiquaru\u00e7u neste s\u00e1bado (31)"},"content":{"rendered":"<div class=\"3f468104ad11f00a3c9ac948316f4265\" data-index=\"1\" style=\"float: none; margin:0px;\">\n<ins class=\"adsbygoogle\"\r\n     style=\"display:block\"\r\n     data-ad-client=\"ca-pub-8585364105181520\"\r\n     data-ad-slot=\"8789329856\"\r\n     data-ad-format=\"auto\"\r\n     data-full-width-responsive=\"true\"><\/ins>\r\n<script>\r\n     (adsbygoogle = window.adsbygoogle || []).push({});\r\n<\/script>\r\n\n<\/div>\n<h2>O Que \u00c9 a Feira em A\u00e7\u00e3o<\/h2>\n<p>A Feira em A\u00e7\u00e3o \u00e9 um programa desenvolvido pela Prefeitura de Feira de Santana que visa facilitar o acesso da popula\u00e7\u00e3o a diversos servi\u00e7os p\u00fablicos. Com a proposta de atender cidad\u00e3os em \u00e1reas mais distantes da sede do munic\u00edpio, o evento cria um espa\u00e7o onde diferentes secretarias e \u00f3rg\u00e3os municipais se re\u00fanem para oferecer uma gama de servi\u00e7os essenciais.<\/p>\n<h2>Quando e Onde Acontece?<\/h2>\n<p>A pr\u00f3xima edi\u00e7\u00e3o da Feira em A\u00e7\u00e3o ocorrer\u00e1 no s\u00e1bado, dia 31 de janeiro de 2026. O evento ser\u00e1 realizado na Escola Municipal Julieta Frutuoso, localizada no distrito de Tiquaru\u00e7u. O hor\u00e1rio programado para os atendimentos ser\u00e1 das 7h \u00e0s 13h, permitindo que os moradores tenham acesso a servi\u00e7os de forma pr\u00e1tica e eficiente.<\/p>\n<h2>Servi\u00e7os Oferecidos na Feira<\/h2>\n<p>Durante o evento, os cidad\u00e3os poder\u00e3o usufruir de uma variedade de servi\u00e7os gratuitos. Entre as op\u00e7\u00f5es dispon\u00edveis, destacam-se:<\/p>\n<p><img decoding=\"async\" src=\"https:\/\/www.encontrafeiradesantana.com.br\/sobre\/wp-content\/uploads\/2026\/01\/feira-em-acao-leva-servicos-essenciais-ao-distrito-de-tiquarucu-neste-sabado-31.webp\" alt=\"Feira em A\u00e7\u00e3o\" loading=\"lazy\" \/><\/p>\n<ul>\n<li><strong>Vacina\u00e7\u00e3o:<\/strong> Oportunidade de vacinas para diversas faixas et\u00e1rias.<\/li>\n<li><strong>Atendimentos cl\u00ednicos:<\/strong> Consultas m\u00e9dicas e pedi\u00e1tricas.<\/li>\n<li><strong>Testes r\u00e1pidos:<\/strong> Realiza\u00e7\u00e3o de testes para diversas condi\u00e7\u00f5es de sa\u00fade.<\/li>\n<li><strong>Aferi\u00e7\u00e3o de press\u00e3o arterial e glicemia:<\/strong> Avalia\u00e7\u00f5es importantes para o monitoramento da sa\u00fade.<\/li>\n<li><strong>Triagem odontol\u00f3gica:<\/strong> Avalia\u00e7\u00e3o e orienta\u00e7\u00f5es sobre sa\u00fade bucal.<\/li>\n<li><strong>Agendamento de exames e consultas:<\/strong> Facilita\u00e7\u00e3o para que a popula\u00e7\u00e3o consiga agendar servi\u00e7os m\u00e9dicos.<\/li>\n<\/li>\n<li><strong>Servi\u00e7os Veterin\u00e1rios:<\/strong> Incluindo vacina\u00e7\u00e3o antirr\u00e1bica para animais de estima\u00e7\u00e3o.<\/li>\n<\/ul>\n<h2>Atendimentos de Sa\u00fade e Bem-Estar<\/h2>\n<p>Al\u00e9m dos servi\u00e7os listados anteriormente, a Feira em A\u00e7\u00e3o proporciona cuidados voltados ao bem-estar da popula\u00e7\u00e3o. O programa inclui atendimentos e orienta\u00e7\u00f5es relacionadas \u00e0 sa\u00fade, visando promover qualidade de vida. A presen\u00e7a de profissionais de sa\u00fade para orienta\u00e7\u00f5es e esclarecimentos sobre doen\u00e7as e condi\u00e7\u00f5es de sa\u00fade \u00e9 uma das prioridades, buscando conscientizar a popula\u00e7\u00e3o sobre a import\u00e2ncia do autocuidado e da preven\u00e7\u00e3o.<\/p>\n<h2>A Import\u00e2ncia do Acesso \u00e0s Pol\u00edticas P\u00fablicas<\/h2>\n<p>O intuito da Feira em A\u00e7\u00e3o \u00e9 garantir que pol\u00edticas p\u00fablicas cheguem a todos os cidad\u00e3os, especialmente \u00e0queles que residem em \u00e1reas mais afastadas. Atrav\u00e9s do investimento em a\u00e7\u00f5es que aproximem a administra\u00e7\u00e3o p\u00fablica da popula\u00e7\u00e3o, o programa fortalece a cidadania e o direito \u00e0 informa\u00e7\u00e3o. O acesso facilitado a servi\u00e7os como atualiza\u00e7\u00e3o do Cad\u00danico e cadastro no Incra \u00e9 de grande relev\u00e2ncia, assegurando que a comunidade possa usufruir de benef\u00edcios oferecidos pelo governo.<\/p>\n<h2>Cuidados com os Animais na Feira<\/h2>\n<p>O bem-estar dos animais tamb\u00e9m \u00e9 uma preocupa\u00e7\u00e3o presente na Feira em A\u00e7\u00e3o. O programa inclui servi\u00e7os de vacina\u00e7\u00e3o e orienta\u00e7\u00f5es sobre cuidados com os pets. A vacina\u00e7\u00e3o antirr\u00e1bica, em particular, \u00e9 uma medida de vital import\u00e2ncia para a preven\u00e7\u00e3o de doen\u00e7as em c\u00e3es e gatos, contribuindo para a sa\u00fade p\u00fablica e a responsabilidade dos tutores de animais.<\/p>\n<h2>Como Participar da Feira em A\u00e7\u00e3o<\/h2>\n<p>Para participar da Feira em A\u00e7\u00e3o, os moradores devem se dirigir ao local onde o evento acontece, na data e hor\u00e1rio estipulados. A entrada \u00e9 gratuita, e os servi\u00e7os s\u00e3o oferecidos sem custo para a popula\u00e7\u00e3o. \u00c9 recomendado que os cidad\u00e3os levem documentos pessoais, como RG e CPF, especialmente para servi\u00e7os que requerem identifica\u00e7\u00e3o, como o cadastramento em programas sociais.<\/p>\n<h2>Benef\u00edcios para a Comunidade Local<\/h2>\n<p>A Feira em A\u00e7\u00e3o traz uma s\u00e9rie de benef\u00edcios diretos para a comunidade local. Os principais incluem:<\/p>\n<ul>\n<li><strong>Acesso a servi\u00e7os essenciais:<\/strong> Facilita a obten\u00e7\u00e3o de cuidados m\u00e9dicos, orienta\u00e7\u00e3o social e servi\u00e7os administrativos.<\/li>\n<li><strong>Promo\u00e7\u00e3o da sa\u00fade:<\/strong> A disponibilidade de servi\u00e7os m\u00e9dicos e vacina\u00e7\u00e3o contribui para uma popula\u00e7\u00e3o mais saud\u00e1vel.<\/li>\n<li><strong>Fomento \u00e0 cidadania:<\/strong> O acesso a informa\u00e7\u00f5es sobre direitos e servi\u00e7os dispon\u00edveis fortalece a participa\u00e7\u00e3o cidad\u00e3.<\/li>\n<li><strong>Integra\u00e7\u00e3o social:<\/strong> Eventos como este facilitam a intera\u00e7\u00e3o entre os cidad\u00e3os e a administra\u00e7\u00e3o p\u00fablica, promovendo um senso de comunidade.<\/li>\n<\/ul>\n<h2>Depoimentos de Participantes<\/h2>\n<p>A Feira em A\u00e7\u00e3o conta com o reconhecimento da pr\u00f3pria comunidade. Participantes frequentemente expressam sua gratid\u00e3o pela disponibiliza\u00e7\u00e3o de servi\u00e7os que, de outra forma, poderiam ser inacess\u00edveis. Depoimentos revelam a import\u00e2ncia do programa para fam\u00edlias que precisam de apoio em v\u00e1rias \u00e1reas, refor\u00e7ando a efic\u00e1cia da a\u00e7\u00e3o em melhorar a vida dos cidad\u00e3os.<\/p>\n<h2>Pr\u00f3ximas Edi\u00e7\u00f5es da Feira em A\u00e7\u00e3o<\/h2>\n<p>Os eventos da Feira em A\u00e7\u00e3o s\u00e3o peri\u00f3dicos e ocorrem em diferentes distritos. Os moradores podem se manter informados sobre as pr\u00f3ximas edi\u00e7\u00f5es por meio do site oficial da Prefeitura de Feira de Santana e suas redes sociais. A programa\u00e7\u00e3o \u00e9 divulgada com anteced\u00eancia, garantindo que o p\u00fablico saiba onde e quando as edi\u00e7\u00f5es ocorrer\u00e3o, facilitando a participa\u00e7\u00e3o.<\/p>\n\n<div style=\"font-size: 0px; height: 0px; line-height: 0px; margin: 0; padding: 0; clear: both;\"><\/div>","protected":false},"excerpt":{"rendered":"<p>Feira em A\u00e7\u00e3o oferece servi\u00e7os essenciais no distrito de Tiquaru\u00e7u neste s\u00e1bado, n\u00e3o perca!<\/p>\n","protected":false},"author":1,"featured_media":1538,"comment_status":"open","ping_status":"closed","sticky":false,"template":"","format":"standard","meta":{"footnotes":""},"categories":[6],"tags":[],"class_list":["post-1539","post","type-post","status-publish","format-standard","has-post-thumbnail","hentry","category-noticias-em-feira-de-santana","has_thumb"],"aioseo_notices":[],"aioseo_head":"\n\t\t<!-- All in One SEO 5.0.0.1 - aioseo.com -->\n\t<meta name=\"description\" content=\"Feira em A\u00e7\u00e3o oferece servi\u00e7os essenciais no distrito de Tiquaru\u00e7u neste s\u00e1bado, n\u00e3o perca!\" \/>\n\t<meta name=\"robots\" content=\"max-image-preview:large\" \/>\n\t<meta name=\"author\" content=\"Encontra Feira de Santana\"\/>\n\t<link rel=\"canonical\" href=\"https:\/\/www.encontrafeiradesantana.com.br\/sobre\/feira-em-acao-leva-servicos-essenciais-ao-distrito-de-tiquarucu-neste-sabado-31\/\" \/>\n\t<meta name=\"generator\" content=\"All in One SEO (AIOSEO) 5.0.0.1\" \/>\n\t\t<meta property=\"og:locale\" content=\"pt_BR\" \/>\n\t\t<meta property=\"og:site_name\" content=\"Encontra Feira de Santana | Not\u00edcias, eventos, informa\u00e7\u00f5es e dicas na cidade Feira de Santana e regi\u00e3o.\" \/>\n\t\t<meta property=\"og:type\" content=\"article\" \/>\n\t\t<meta property=\"og:title\" content=\"Feira em A\u00e7\u00e3o leva servi\u00e7os essenciais ao distrito de Tiquaru\u00e7u neste s\u00e1bado (31) | Encontra Feira de Santana\" \/>\n\t\t<meta property=\"og:description\" content=\"Feira em A\u00e7\u00e3o oferece servi\u00e7os essenciais no distrito de Tiquaru\u00e7u neste s\u00e1bado, n\u00e3o perca!\" \/>\n\t\t<meta property=\"og:url\" content=\"https:\/\/www.encontrafeiradesantana.com.br\/sobre\/feira-em-acao-leva-servicos-essenciais-ao-distrito-de-tiquarucu-neste-sabado-31\/\" \/>\n\t\t<meta property=\"article:published_time\" content=\"2026-01-27T06:28:24+00:00\" \/>\n\t\t<meta property=\"article:modified_time\" content=\"2026-01-27T06:28:24+00:00\" \/>\n\t\t<meta name=\"twitter:card\" content=\"summary\" \/>\n\t\t<meta name=\"twitter:title\" content=\"Feira em A\u00e7\u00e3o leva servi\u00e7os essenciais ao distrito de Tiquaru\u00e7u neste s\u00e1bado (31) | Encontra Feira de Santana\" \/>\n\t\t<meta name=\"twitter:description\" content=\"Feira em A\u00e7\u00e3o oferece servi\u00e7os essenciais no distrito de Tiquaru\u00e7u neste s\u00e1bado, n\u00e3o perca!\" \/>\n\t\t<script type=\"application\/ld+json\" class=\"aioseo-schema\">\n\t\t\t{\"@context\":\"https:\\\/\\\/schema.org\",\"@graph\":[{\"@type\":\"Article\",\"@id\":\"https:\\\/\\\/www.encontrafeiradesantana.com.br\\\/sobre\\\/feira-em-acao-leva-servicos-essenciais-ao-distrito-de-tiquarucu-neste-sabado-31\\\/#article\",\"name\":\"Feira em A\\u00e7\\u00e3o leva servi\\u00e7os essenciais ao distrito de Tiquaru\\u00e7u neste s\\u00e1bado (31) | Encontra Feira de Santana\",\"headline\":\"Feira em A\\u00e7\\u00e3o leva servi\\u00e7os essenciais ao distrito de Tiquaru\\u00e7u neste s\\u00e1bado (31)\",\"author\":{\"@id\":\"https:\\\/\\\/www.encontrafeiradesantana.com.br\\\/sobre\\\/author\\\/efeiradesantana\\\/#author\"},\"publisher\":{\"@id\":\"https:\\\/\\\/www.encontrafeiradesantana.com.br\\\/sobre\\\/#organization\"},\"image\":{\"@type\":\"ImageObject\",\"url\":\"https:\\\/\\\/www.encontrafeiradesantana.com.br\\\/sobre\\\/wp-content\\\/uploads\\\/2026\\\/01\\\/feira-em-acao-leva-servicos-essenciais-ao-distrito-de-tiquarucu-neste-sabado-31.webp\",\"width\":280,\"height\":280,\"caption\":\"Feira em A\\u00e7\\u00e3o\"},\"datePublished\":\"2026-01-27T03:28:24-03:00\",\"dateModified\":\"2026-01-27T03:28:24-03:00\",\"inLanguage\":\"pt-BR\",\"mainEntityOfPage\":{\"@id\":\"https:\\\/\\\/www.encontrafeiradesantana.com.br\\\/sobre\\\/feira-em-acao-leva-servicos-essenciais-ao-distrito-de-tiquarucu-neste-sabado-31\\\/#webpage\"},\"isPartOf\":{\"@id\":\"https:\\\/\\\/www.encontrafeiradesantana.com.br\\\/sobre\\\/feira-em-acao-leva-servicos-essenciais-ao-distrito-de-tiquarucu-neste-sabado-31\\\/#webpage\"},\"articleSection\":\"Not\\u00edcias Feira de Santana\"},{\"@type\":\"BreadcrumbList\",\"@id\":\"https:\\\/\\\/www.encontrafeiradesantana.com.br\\\/sobre\\\/feira-em-acao-leva-servicos-essenciais-ao-distrito-de-tiquarucu-neste-sabado-31\\\/#breadcrumblist\",\"itemListElement\":[{\"@type\":\"ListItem\",\"@id\":\"https:\\\/\\\/www.encontrafeiradesantana.com.br\\\/sobre#listItem\",\"position\":1,\"name\":\"In\\u00edcio\",\"item\":\"https:\\\/\\\/www.encontrafeiradesantana.com.br\\\/sobre\",\"nextItem\":{\"@type\":\"ListItem\",\"@id\":\"https:\\\/\\\/www.encontrafeiradesantana.com.br\\\/sobre\\\/noticias-em-feira-de-santana\\\/#listItem\",\"name\":\"Not\\u00edcias Feira de Santana\"}},{\"@type\":\"ListItem\",\"@id\":\"https:\\\/\\\/www.encontrafeiradesantana.com.br\\\/sobre\\\/noticias-em-feira-de-santana\\\/#listItem\",\"position\":2,\"name\":\"Not\\u00edcias Feira de Santana\",\"item\":\"https:\\\/\\\/www.encontrafeiradesantana.com.br\\\/sobre\\\/noticias-em-feira-de-santana\\\/\",\"nextItem\":{\"@type\":\"ListItem\",\"@id\":\"https:\\\/\\\/www.encontrafeiradesantana.com.br\\\/sobre\\\/feira-em-acao-leva-servicos-essenciais-ao-distrito-de-tiquarucu-neste-sabado-31\\\/#listItem\",\"name\":\"Feira em A\\u00e7\\u00e3o leva servi\\u00e7os essenciais ao distrito de Tiquaru\\u00e7u neste s\\u00e1bado (31)\"},\"previousItem\":{\"@type\":\"ListItem\",\"@id\":\"https:\\\/\\\/www.encontrafeiradesantana.com.br\\\/sobre#listItem\",\"name\":\"In\\u00edcio\"}},{\"@type\":\"ListItem\",\"@id\":\"https:\\\/\\\/www.encontrafeiradesantana.com.br\\\/sobre\\\/feira-em-acao-leva-servicos-essenciais-ao-distrito-de-tiquarucu-neste-sabado-31\\\/#listItem\",\"position\":3,\"name\":\"Feira em A\\u00e7\\u00e3o leva servi\\u00e7os essenciais ao distrito de Tiquaru\\u00e7u neste s\\u00e1bado (31)\",\"previousItem\":{\"@type\":\"ListItem\",\"@id\":\"https:\\\/\\\/www.encontrafeiradesantana.com.br\\\/sobre\\\/noticias-em-feira-de-santana\\\/#listItem\",\"name\":\"Not\\u00edcias Feira de Santana\"}}]},{\"@type\":\"Organization\",\"@id\":\"https:\\\/\\\/www.encontrafeiradesantana.com.br\\\/sobre\\\/#organization\",\"name\":\"Encontra Feira de Santana\",\"description\":\"Not\\u00edcias, eventos, informa\\u00e7\\u00f5es e dicas na cidade Feira de Santana e regi\\u00e3o.\",\"url\":\"https:\\\/\\\/www.encontrafeiradesantana.com.br\\\/sobre\\\/\"},{\"@type\":\"Person\",\"@id\":\"https:\\\/\\\/www.encontrafeiradesantana.com.br\\\/sobre\\\/author\\\/efeiradesantana\\\/#author\",\"url\":\"https:\\\/\\\/www.encontrafeiradesantana.com.br\\\/sobre\\\/author\\\/efeiradesantana\\\/\",\"name\":\"Encontra Feira de Santana\",\"image\":{\"@type\":\"ImageObject\",\"@id\":\"https:\\\/\\\/www.encontrafeiradesantana.com.br\\\/sobre\\\/feira-em-acao-leva-servicos-essenciais-ao-distrito-de-tiquarucu-neste-sabado-31\\\/#authorImage\",\"url\":\"https:\\\/\\\/secure.gravatar.com\\\/avatar\\\/507340682b8270222e1f208e23198b6ae7e2c6a1033ae84e99bc6bce4f82a387?s=96&d=mm&r=g\",\"width\":96,\"height\":96,\"caption\":\"Encontra Feira de Santana\"}},{\"@type\":\"WebPage\",\"@id\":\"https:\\\/\\\/www.encontrafeiradesantana.com.br\\\/sobre\\\/feira-em-acao-leva-servicos-essenciais-ao-distrito-de-tiquarucu-neste-sabado-31\\\/#webpage\",\"url\":\"https:\\\/\\\/www.encontrafeiradesantana.com.br\\\/sobre\\\/feira-em-acao-leva-servicos-essenciais-ao-distrito-de-tiquarucu-neste-sabado-31\\\/\",\"name\":\"Feira em A\\u00e7\\u00e3o leva servi\\u00e7os essenciais ao distrito de Tiquaru\\u00e7u neste s\\u00e1bado (31) | Encontra Feira de Santana\",\"description\":\"Feira em A\\u00e7\\u00e3o oferece servi\\u00e7os essenciais no distrito de Tiquaru\\u00e7u neste s\\u00e1bado, n\\u00e3o perca!\",\"inLanguage\":\"pt-BR\",\"isPartOf\":{\"@id\":\"https:\\\/\\\/www.encontrafeiradesantana.com.br\\\/sobre\\\/#website\"},\"breadcrumb\":{\"@id\":\"https:\\\/\\\/www.encontrafeiradesantana.com.br\\\/sobre\\\/feira-em-acao-leva-servicos-essenciais-ao-distrito-de-tiquarucu-neste-sabado-31\\\/#breadcrumblist\"},\"author\":{\"@id\":\"https:\\\/\\\/www.encontrafeiradesantana.com.br\\\/sobre\\\/author\\\/efeiradesantana\\\/#author\"},\"creator\":{\"@id\":\"https:\\\/\\\/www.encontrafeiradesantana.com.br\\\/sobre\\\/author\\\/efeiradesantana\\\/#author\"},\"image\":{\"@type\":\"ImageObject\",\"url\":\"https:\\\/\\\/www.encontrafeiradesantana.com.br\\\/sobre\\\/wp-content\\\/uploads\\\/2026\\\/01\\\/feira-em-acao-leva-servicos-essenciais-ao-distrito-de-tiquarucu-neste-sabado-31.webp\",\"@id\":\"https:\\\/\\\/www.encontrafeiradesantana.com.br\\\/sobre\\\/feira-em-acao-leva-servicos-essenciais-ao-distrito-de-tiquarucu-neste-sabado-31\\\/#mainImage\",\"width\":280,\"height\":280,\"caption\":\"Feira em A\\u00e7\\u00e3o\"},\"primaryImageOfPage\":{\"@id\":\"https:\\\/\\\/www.encontrafeiradesantana.com.br\\\/sobre\\\/feira-em-acao-leva-servicos-essenciais-ao-distrito-de-tiquarucu-neste-sabado-31\\\/#mainImage\"},\"datePublished\":\"2026-01-27T03:28:24-03:00\",\"dateModified\":\"2026-01-27T03:28:24-03:00\"},{\"@type\":\"WebSite\",\"@id\":\"https:\\\/\\\/www.encontrafeiradesantana.com.br\\\/sobre\\\/#website\",\"url\":\"https:\\\/\\\/www.encontrafeiradesantana.com.br\\\/sobre\\\/\",\"name\":\"Encontra Feira de Santana\",\"description\":\"Not\\u00edcias, eventos, informa\\u00e7\\u00f5es e dicas na cidade Feira de Santana e regi\\u00e3o.\",\"inLanguage\":\"pt-BR\",\"publisher\":{\"@id\":\"https:\\\/\\\/www.encontrafeiradesantana.com.br\\\/sobre\\\/#organization\"}}]}\n\t\t<\/script>\n\t\t<!-- All in One SEO -->\n\n","aioseo_head_json":{"title":"Feira em A\u00e7\u00e3o leva servi\u00e7os essenciais ao distrito de Tiquaru\u00e7u neste s\u00e1bado (31) | Encontra Feira de Santana","description":"Feira em A\u00e7\u00e3o oferece servi\u00e7os essenciais no distrito de Tiquaru\u00e7u neste s\u00e1bado, n\u00e3o perca!","canonical_url":"https:\/\/www.encontrafeiradesantana.com.br\/sobre\/feira-em-acao-leva-servicos-essenciais-ao-distrito-de-tiquarucu-neste-sabado-31\/","robots":"max-image-preview:large","keywords":"","webmasterTools":{"miscellaneous":""},"schema":{"@context":"https:\/\/schema.org","@graph":[{"@type":"Article","@id":"https:\/\/www.encontrafeiradesantana.com.br\/sobre\/feira-em-acao-leva-servicos-essenciais-ao-distrito-de-tiquarucu-neste-sabado-31\/#article","name":"Feira em A\u00e7\u00e3o leva servi\u00e7os essenciais ao distrito de Tiquaru\u00e7u neste s\u00e1bado (31) | Encontra Feira de Santana","headline":"Feira em A\u00e7\u00e3o leva servi\u00e7os essenciais ao distrito de Tiquaru\u00e7u neste s\u00e1bado (31)","author":{"@id":"https:\/\/www.encontrafeiradesantana.com.br\/sobre\/author\/efeiradesantana\/#author"},"publisher":{"@id":"https:\/\/www.encontrafeiradesantana.com.br\/sobre\/#organization"},"image":{"@type":"ImageObject","url":"https:\/\/www.encontrafeiradesantana.com.br\/sobre\/wp-content\/uploads\/2026\/01\/feira-em-acao-leva-servicos-essenciais-ao-distrito-de-tiquarucu-neste-sabado-31.webp","width":280,"height":280,"caption":"Feira em A\u00e7\u00e3o"},"datePublished":"2026-01-27T03:28:24-03:00","dateModified":"2026-01-27T03:28:24-03:00","inLanguage":"pt-BR","mainEntityOfPage":{"@id":"https:\/\/www.encontrafeiradesantana.com.br\/sobre\/feira-em-acao-leva-servicos-essenciais-ao-distrito-de-tiquarucu-neste-sabado-31\/#webpage"},"isPartOf":{"@id":"https:\/\/www.encontrafeiradesantana.com.br\/sobre\/feira-em-acao-leva-servicos-essenciais-ao-distrito-de-tiquarucu-neste-sabado-31\/#webpage"},"articleSection":"Not\u00edcias Feira de Santana"},{"@type":"BreadcrumbList","@id":"https:\/\/www.encontrafeiradesantana.com.br\/sobre\/feira-em-acao-leva-servicos-essenciais-ao-distrito-de-tiquarucu-neste-sabado-31\/#breadcrumblist","itemListElement":[{"@type":"ListItem","@id":"https:\/\/www.encontrafeiradesantana.com.br\/sobre#listItem","position":1,"name":"In\u00edcio","item":"https:\/\/www.encontrafeiradesantana.com.br\/sobre","nextItem":{"@type":"ListItem","@id":"https:\/\/www.encontrafeiradesantana.com.br\/sobre\/noticias-em-feira-de-santana\/#listItem","name":"Not\u00edcias Feira de Santana"}},{"@type":"ListItem","@id":"https:\/\/www.encontrafeiradesantana.com.br\/sobre\/noticias-em-feira-de-santana\/#listItem","position":2,"name":"Not\u00edcias Feira de Santana","item":"https:\/\/www.encontrafeiradesantana.com.br\/sobre\/noticias-em-feira-de-santana\/","nextItem":{"@type":"ListItem","@id":"https:\/\/www.encontrafeiradesantana.com.br\/sobre\/feira-em-acao-leva-servicos-essenciais-ao-distrito-de-tiquarucu-neste-sabado-31\/#listItem","name":"Feira em A\u00e7\u00e3o leva servi\u00e7os essenciais ao distrito de Tiquaru\u00e7u neste s\u00e1bado (31)"},"previousItem":{"@type":"ListItem","@id":"https:\/\/www.encontrafeiradesantana.com.br\/sobre#listItem","name":"In\u00edcio"}},{"@type":"ListItem","@id":"https:\/\/www.encontrafeiradesantana.com.br\/sobre\/feira-em-acao-leva-servicos-essenciais-ao-distrito-de-tiquarucu-neste-sabado-31\/#listItem","position":3,"name":"Feira em A\u00e7\u00e3o leva servi\u00e7os essenciais ao distrito de Tiquaru\u00e7u neste s\u00e1bado (31)","previousItem":{"@type":"ListItem","@id":"https:\/\/www.encontrafeiradesantana.com.br\/sobre\/noticias-em-feira-de-santana\/#listItem","name":"Not\u00edcias Feira de Santana"}}]},{"@type":"Organization","@id":"https:\/\/www.encontrafeiradesantana.com.br\/sobre\/#organization","name":"Encontra Feira de Santana","description":"Not\u00edcias, eventos, informa\u00e7\u00f5es e dicas na cidade Feira de Santana e regi\u00e3o.","url":"https:\/\/www.encontrafeiradesantana.com.br\/sobre\/"},{"@type":"Person","@id":"https:\/\/www.encontrafeiradesantana.com.br\/sobre\/author\/efeiradesantana\/#author","url":"https:\/\/www.encontrafeiradesantana.com.br\/sobre\/author\/efeiradesantana\/","name":"Encontra Feira de Santana","image":{"@type":"ImageObject","@id":"https:\/\/www.encontrafeiradesantana.com.br\/sobre\/feira-em-acao-leva-servicos-essenciais-ao-distrito-de-tiquarucu-neste-sabado-31\/#authorImage","url":"https:\/\/secure.gravatar.com\/avatar\/507340682b8270222e1f208e23198b6ae7e2c6a1033ae84e99bc6bce4f82a387?s=96&d=mm&r=g","width":96,"height":96,"caption":"Encontra Feira de Santana"}},{"@type":"WebPage","@id":"https:\/\/www.encontrafeiradesantana.com.br\/sobre\/feira-em-acao-leva-servicos-essenciais-ao-distrito-de-tiquarucu-neste-sabado-31\/#webpage","url":"https:\/\/www.encontrafeiradesantana.com.br\/sobre\/feira-em-acao-leva-servicos-essenciais-ao-distrito-de-tiquarucu-neste-sabado-31\/","name":"Feira em A\u00e7\u00e3o leva servi\u00e7os essenciais ao distrito de Tiquaru\u00e7u neste s\u00e1bado (31) | Encontra Feira de Santana","description":"Feira em A\u00e7\u00e3o oferece servi\u00e7os essenciais no distrito de Tiquaru\u00e7u neste s\u00e1bado, n\u00e3o perca!","inLanguage":"pt-BR","isPartOf":{"@id":"https:\/\/www.encontrafeiradesantana.com.br\/sobre\/#website"},"breadcrumb":{"@id":"https:\/\/www.encontrafeiradesantana.com.br\/sobre\/feira-em-acao-leva-servicos-essenciais-ao-distrito-de-tiquarucu-neste-sabado-31\/#breadcrumblist"},"author":{"@id":"https:\/\/www.encontrafeiradesantana.com.br\/sobre\/author\/efeiradesantana\/#author"},"creator":{"@id":"https:\/\/www.encontrafeiradesantana.com.br\/sobre\/author\/efeiradesantana\/#author"},"image":{"@type":"ImageObject","url":"https:\/\/www.encontrafeiradesantana.com.br\/sobre\/wp-content\/uploads\/2026\/01\/feira-em-acao-leva-servicos-essenciais-ao-distrito-de-tiquarucu-neste-sabado-31.webp","@id":"https:\/\/www.encontrafeiradesantana.com.br\/sobre\/feira-em-acao-leva-servicos-essenciais-ao-distrito-de-tiquarucu-neste-sabado-31\/#mainImage","width":280,"height":280,"caption":"Feira em A\u00e7\u00e3o"},"primaryImageOfPage":{"@id":"https:\/\/www.encontrafeiradesantana.com.br\/sobre\/feira-em-acao-leva-servicos-essenciais-ao-distrito-de-tiquarucu-neste-sabado-31\/#mainImage"},"datePublished":"2026-01-27T03:28:24-03:00","dateModified":"2026-01-27T03:28:24-03:00"},{"@type":"WebSite","@id":"https:\/\/www.encontrafeiradesantana.com.br\/sobre\/#website","url":"https:\/\/www.encontrafeiradesantana.com.br\/sobre\/","name":"Encontra Feira de Santana","description":"Not\u00edcias, eventos, informa\u00e7\u00f5es e dicas na cidade Feira de Santana e regi\u00e3o.","inLanguage":"pt-BR","publisher":{"@id":"https:\/\/www.encontrafeiradesantana.com.br\/sobre\/#organization"}}]},"og:locale":"pt_BR","og:site_name":"Encontra Feira de Santana | Not\u00edcias, eventos, informa\u00e7\u00f5es e dicas na cidade Feira de Santana e regi\u00e3o.","og:type":"article","og:title":"Feira em A\u00e7\u00e3o leva servi\u00e7os essenciais ao distrito de Tiquaru\u00e7u neste s\u00e1bado (31) | Encontra Feira de Santana","og:description":"Feira em A\u00e7\u00e3o oferece servi\u00e7os essenciais no distrito de Tiquaru\u00e7u neste s\u00e1bado, n\u00e3o perca!","og:url":"https:\/\/www.encontrafeiradesantana.com.br\/sobre\/feira-em-acao-leva-servicos-essenciais-ao-distrito-de-tiquarucu-neste-sabado-31\/","article:published_time":"2026-01-27T06:28:24+00:00","article:modified_time":"2026-01-27T06:28:24+00:00","twitter:card":"summary","twitter:title":"Feira em A\u00e7\u00e3o leva servi\u00e7os essenciais ao distrito de Tiquaru\u00e7u neste s\u00e1bado (31) | Encontra Feira de Santana","twitter:description":"Feira em A\u00e7\u00e3o oferece servi\u00e7os essenciais no distrito de Tiquaru\u00e7u neste s\u00e1bado, n\u00e3o perca!"},"aioseo_meta_data":{"post_id":"1539","title":null,"description":null,"keywords":null,"keyphrases":null,"primary_term":null,"canonical_url":null,"og_title":null,"og_description":null,"og_object_type":"default","og_image_type":"default","og_image_url":null,"og_image_width":null,"og_image_height":null,"og_image_custom_url":null,"og_image_custom_fields":null,"og_video":null,"og_custom_url":null,"og_article_section":null,"og_article_tags":null,"twitter_use_og":false,"twitter_card":"default","twitter_image_type":"default","twitter_image_url":null,"twitter_image_custom_url":null,"twitter_image_custom_fields":null,"twitter_title":null,"twitter_description":null,"schema":{"blockGraphs":[],"customGraphs":[],"default":{"data":{"Article":[],"Course":[],"Dataset":[],"FAQPage":[],"Movie":[],"Person":[],"Product":[],"ProductReview":[],"Car":[],"Recipe":[],"Service":[],"SoftwareApplication":[],"WebPage":[]},"graphName":"Article","isEnabled":true},"graphs":[]},"schema_type":"default","schema_type_options":null,"pillar_content":false,"robots_default":true,"robots_noindex":false,"robots_noarchive":false,"robots_nosnippet":false,"robots_nofollow":false,"robots_noimageindex":false,"robots_noodp":false,"robots_notranslate":false,"robots_max_snippet":null,"robots_max_videopreview":null,"robots_max_imagepreview":"large","priority":null,"frequency":null,"local_seo":null,"breadcrumb_settings":null,"limit_modified_date":false,"ai":null,"created":"2026-01-27 06:28:29","updated":"2026-01-27 06:29:33","focus_keyword":null,"additional_keywords":null,"truseo_locale":null,"seo_analyzer_scan_date":null},"aioseo_breadcrumb":"<div class=\"aioseo-breadcrumbs\"><span class=\"aioseo-breadcrumb\">\n\t\t\t<a href=\"https:\/\/www.encontrafeiradesantana.com.br\/sobre\" title=\"In\u00edcio\">In\u00edcio<\/a>\n\t\t<\/span><span class=\"aioseo-breadcrumb-separator\">&raquo;<\/span><span class=\"aioseo-breadcrumb\">\n\t\t\t<a href=\"https:\/\/www.encontrafeiradesantana.com.br\/sobre\/noticias-em-feira-de-santana\/\" title=\"Not\u00edcias Feira de Santana\">Not\u00edcias Feira de Santana<\/a>\n\t\t<\/span><span class=\"aioseo-breadcrumb-separator\">&raquo;<\/span><span class=\"aioseo-breadcrumb\">\n\t\t\tFeira em A\u00e7\u00e3o leva servi\u00e7os essenciais ao distrito de Tiquaru\u00e7u neste s\u00e1bado (31)\n\t\t<\/span><\/div>","aioseo_breadcrumb_json":[{"label":"In\u00edcio","link":"https:\/\/www.encontrafeiradesantana.com.br\/sobre"},{"label":"Not\u00edcias Feira de Santana","link":"https:\/\/www.encontrafeiradesantana.com.br\/sobre\/noticias-em-feira-de-santana\/"},{"label":"Feira em A\u00e7\u00e3o leva servi\u00e7os essenciais ao distrito de Tiquaru\u00e7u neste s\u00e1bado (31)","link":"https:\/\/www.encontrafeiradesantana.com.br\/sobre\/feira-em-acao-leva-servicos-essenciais-ao-distrito-de-tiquarucu-neste-sabado-31\/"}],"_links":{"self":[{"href":"https:\/\/www.encontrafeiradesantana.com.br\/sobre\/wp-json\/wp\/v2\/posts\/1539","targetHints":{"allow":["GET"]}}],"collection":[{"href":"https:\/\/www.encontrafeiradesantana.com.br\/sobre\/wp-json\/wp\/v2\/posts"}],"about":[{"href":"https:\/\/www.encontrafeiradesantana.com.br\/sobre\/wp-json\/wp\/v2\/types\/post"}],"author":[{"embeddable":true,"href":"https:\/\/www.encontrafeiradesantana.com.br\/sobre\/wp-json\/wp\/v2\/users\/1"}],"replies":[{"embeddable":true,"href":"https:\/\/www.encontrafeiradesantana.com.br\/sobre\/wp-json\/wp\/v2\/comments?post=1539"}],"version-history":[{"count":0,"href":"https:\/\/www.encontrafeiradesantana.com.br\/sobre\/wp-json\/wp\/v2\/posts\/1539\/revisions"}],"wp:featuredmedia":[{"embeddable":true,"href":"https:\/\/www.encontrafeiradesantana.com.br\/sobre\/wp-json\/wp\/v2\/media\/1538"}],"wp:attachment":[{"href":"https:\/\/www.encontrafeiradesantana.com.br\/sobre\/wp-json\/wp\/v2\/media?parent=1539"}],"wp:term":[{"taxonomy":"category","embeddable":true,"href":"https:\/\/www.encontrafeiradesantana.com.br\/sobre\/wp-json\/wp\/v2\/categories?post=1539"},{"taxonomy":"post_tag","embeddable":true,"href":"https:\/\/www.encontrafeiradesantana.com.br\/sobre\/wp-json\/wp\/v2\/tags?post=1539"}],"curies":[{"name":"wp","href":"https:\/\/api.w.org\/{rel}","templated":true}]}}