{"id":1535,"date":"2026-01-26T03:29:35","date_gmt":"2026-01-26T06:29:35","guid":{"rendered":"https:\/\/www.encontrafeiradesantana.com.br\/sobre\/programa-crianca-feliz-acompanhou-6-mil-familias-em-feira-de-santana-em-2025\/"},"modified":"2026-01-26T03:29:35","modified_gmt":"2026-01-26T06:29:35","slug":"programa-crianca-feliz-acompanhou-6-mil-familias-em-feira-de-santana-em-2025","status":"publish","type":"post","link":"https:\/\/www.encontrafeiradesantana.com.br\/sobre\/programa-crianca-feliz-acompanhou-6-mil-familias-em-feira-de-santana-em-2025\/","title":{"rendered":"Programa Crian\u00e7a Feliz acompanhou 6 mil fam\u00edlias em Feira de Santana em 2025"},"content":{"rendered":"<div class=\"3f468104ad11f00a3c9ac948316f4265\" data-index=\"1\" style=\"float: none; margin:0px;\">\n<ins class=\"adsbygoogle\"\r\n     style=\"display:block\"\r\n     data-ad-client=\"ca-pub-8585364105181520\"\r\n     data-ad-slot=\"8789329856\"\r\n     data-ad-format=\"auto\"\r\n     data-full-width-responsive=\"true\"><\/ins>\r\n<script>\r\n     (adsbygoogle = window.adsbygoogle || []).push({});\r\n<\/script>\r\n\n<\/div>\n<h2>O que \u00e9 o Programa Crian\u00e7a Feliz?<\/h2>\n<p>O Programa Crian\u00e7a Feliz \u00e9 uma iniciativa do governo brasileiro destinada a promover o desenvolvimento integral de crian\u00e7as na primeira inf\u00e2ncia. Com foco em fam\u00edlias em situa\u00e7\u00f5es de vulnerabilidade social, o programa busca apoiar gestantes, crian\u00e7as at\u00e9 seis anos e seus cuidadores, garantindo acesso a informa\u00e7\u00f5es e servi\u00e7os que favorecem seu crescimento e desenvolvimento saud\u00e1vel. Atrav\u00e9s de visitas domiciliares, as equipes do programa oferecem orienta\u00e7\u00f5es sobre diversos aspectos da vida familiar.<\/p>\n<h2>Benef\u00edcios do Programa para a Comunidade<\/h2>\n<p>Os benef\u00edcios do Programa Crian\u00e7a Feliz v\u00e3o al\u00e9m do apoio \u00e0s crian\u00e7as. Ele fortalece la\u00e7os familiares e ajuda a criar um ambiente prop\u00edcio para o desenvolvimento infantil. Entre os principais benef\u00edcios, destacam-se:<\/p>\n<ul>\n<li><strong>Fortalecimento dos v\u00ednculos familiares:<\/strong> As visitas promovem a intera\u00e7\u00e3o entre cuidadores e crian\u00e7as.<\/li>\n<li><strong>Acesso \u00e0 informa\u00e7\u00e3o:<\/strong> As fam\u00edlias recebem orienta\u00e7\u00f5es sobre sa\u00fade, nutri\u00e7\u00e3o, educa\u00e7\u00e3o e assist\u00eancia social.<\/li>\n<li><strong>Est\u00edmulo ao desenvolvimento:<\/strong> Atividades realizadas incentivam o desenvolvimento motor e cognitivo das crian\u00e7as.<\/li>\n<\/ul>\n<h2>A Import\u00e2ncia do Acompanhamento Domiciliar<\/h2>\n<p>O acompanhamento domiciliar \u00e9 uma das caracter\u00edsticas centrais do Programa Crian\u00e7a Feliz. Esse m\u00e9todo permite uma compreens\u00e3o mais profunda das necessidades e realidades de cada fam\u00edlia. Al\u00e9m disso, o contato direto proporciona uma personaliza\u00e7\u00e3o nas orienta\u00e7\u00f5es, adaptando as interven\u00e7\u00f5es \u00e0s necessidades espec\u00edficas de cada crian\u00e7a e de seu contexto familiar.<\/p>\n<p><img decoding=\"async\" src=\"https:\/\/www.encontrafeiradesantana.com.br\/sobre\/wp-content\/uploads\/2026\/01\/programa-crianca-feliz-acompanhou-6-mil-familias-em-feira-de-santana-em-2025.webp\" alt=\"Programa Crian\u00e7a Feliz\" loading=\"lazy\" \/><\/p>\n<h2>Resultados em 2025: Um Ano de Sucesso<\/h2>\n<p>Em 2025, o Programa Crian\u00e7a Feliz obteve resultados significativos em Feira de Santana, acompanhando cerca de 6 mil fam\u00edlias e atingindo um total de 8.400 pessoas. Foram realizadas 14.400 visitas domiciliares, demonstrando o compromisso da gest\u00e3o municipal com a melhoria da qualidade de vida das fam\u00edlias atendidas. Os dados refletem uma gest\u00e3o eficiente e um esfor\u00e7o cont\u00ednuo para promover o desenvolvimento saud\u00e1vel na primeira inf\u00e2ncia.<\/p>\n<h2>Como o Programa Apoia o Desenvolvimento Infantil<\/h2>\n<p>Apoiar o desenvolvimento infantil \u00e9 uma das prioridades do Programa Crian\u00e7a Feliz. Por meio de atividades planejadas, as equipes do programa incentivam pr\u00e1ticas que favorecem o crescimento integral das crian\u00e7as.<\/p>\n<ul>\n<li><strong>Atividades l\u00fadicas:<\/strong> As visitas incluem brincadeiras que estimulam a criatividade e o aprendizado.<\/li>\n<li><strong>Orienta\u00e7\u00e3o sobre cuidados:<\/strong> Cuidadores s\u00e3o orientados sobre sa\u00fade, alimenta\u00e7\u00e3o e educa\u00e7\u00e3o.<\/li>\n<li><strong>Promo\u00e7\u00e3o de h\u00e1bitos saud\u00e1veis:<\/strong> O programa incentivando pr\u00e1ticas que favorecem a sa\u00fade f\u00edsica e mental.<\/li>\n<\/ul>\n<h2>O Papel das Equipes de Visita\u00e7\u00e3o<\/h2>\n<p>As equipes de visita\u00e7\u00e3o s\u00e3o formadas por profissionais capacitados que desempenham um papel fundamental no Programa Crian\u00e7a Feliz. Esses profissionais s\u00e3o respons\u00e1veis por realizar as visitas domiciliares e desenvolver atividades espec\u00edficas, al\u00e9m de fornecer apoio e esclarecimento sobre d\u00favidas que as fam\u00edlias possam ter. A empatia e o respeito \u00e0s particularidades de cada fam\u00edlia s\u00e3o princ\u00edpios que guiam o trabalho dessas equipes.<\/p>\n<h2>Hist\u00f3rias de Sucesso nas Fam\u00edlias Atendidas<\/h2>\n<p>Diversas hist\u00f3rias de sucesso t\u00eam surgido a partir da participa\u00e7\u00e3o das fam\u00edlias no Programa Crian\u00e7a Feliz. Muitas delas relatam melhorias significativas na qualidade de vida, como:<\/p>\n<ul>\n<li><strong>Melhoria na intera\u00e7\u00e3o familiar:<\/strong> Fam\u00edlias que antes enfrentavam dificuldades de comunica\u00e7\u00e3o agora se sentem mais unidas.<\/li>\n<li><strong>Aumento do interesse pela educa\u00e7\u00e3o:<\/strong> Crian\u00e7as que antes n\u00e3o frequentavam a escola, agora est\u00e3o motivadas a aprender.<\/li>\n<li><strong>Fortalecimento de v\u00ednculos:<\/strong> Cuidadores sentem-se mais seguros em suas pr\u00e1ticas parentais ap\u00f3s a orienta\u00e7\u00e3o recebida.<\/li>\n<\/ul>\n<h2>Perspectivas Futuras para o Programa<\/h2>\n<p>O futuro do Programa Crian\u00e7a Feliz parece promissor, com planos para expandir suas atividades e alcan\u00e7ar um n\u00famero ainda maior de fam\u00edlias. A proposta \u00e9 continuar aprimorando as metodologias utilizadas, garantindo que as necessidades das crian\u00e7as e de suas fam\u00edlias sejam atendidas de maneira cada vez mais eficaz.<\/p>\n<h2>Integra\u00e7\u00e3o com Outras Pol\u00edticas P\u00fablicas<\/h2>\n<p>Um dos pontos fortes do Programa Crian\u00e7a Feliz \u00e9 sua integra\u00e7\u00e3o com outras pol\u00edticas p\u00fablicas, como sa\u00fade e educa\u00e7\u00e3o. Essa articula\u00e7\u00e3o \u00e9 essencial para criar uma rede de apoio que favore\u00e7a a todos os envolvidos. A colabora\u00e7\u00e3o entre diferentes setores tem mostrado resultados positivos na melhoria da qualidade de vida das fam\u00edlias atendidas.<\/p>\n<h2>Depoimentos de M\u00e3es e Pais Participantes<\/h2>\n<p>Os depoimentos de m\u00e3es e pais que participaram do Programa Crian\u00e7a Feliz ressaltam a import\u00e2ncia da iniciativa. Muitas destacam como as orienta\u00e7\u00f5es e o acompanhamento familiar contribu\u00edram para uma melhor compreens\u00e3o das necessidades de seus filhos. Algumas declara\u00e7\u00f5es incluem:<\/p>\n<ul>\n<li><strong>&#8220;O programa fez toda a diferen\u00e7a na nossa vida. Hoje, entendo melhor como cuidar e educar meu filho.&#8221;<\/strong><\/li>\n<li><strong>&#8220;As visitas me ajudaram a perceber a import\u00e2ncia do brincar na vida da minha filha.&#8221;<\/strong><\/li>\n<li><strong>&#8220;Sinto que minha fam\u00edlia est\u00e1 mais unida e feliz desde que recebemos o apoio do programa.&#8221;<\/strong><\/li>\n<\/ul>\n\n<div style=\"font-size: 0px; height: 0px; line-height: 0px; margin: 0; padding: 0; clear: both;\"><\/div>","protected":false},"excerpt":{"rendered":"<p>Programa Crian\u00e7a Feliz acompanhou 6 mil fam\u00edlias em Feira de Santana em 2025.<\/p>\n","protected":false},"author":1,"featured_media":1534,"comment_status":"open","ping_status":"closed","sticky":false,"template":"","format":"standard","meta":{"footnotes":""},"categories":[6],"tags":[],"class_list":["post-1535","post","type-post","status-publish","format-standard","has-post-thumbnail","hentry","category-noticias-em-feira-de-santana","has_thumb"],"aioseo_notices":[],"aioseo_head":"\n\t\t<!-- All in One SEO 5.0.0.1 - aioseo.com -->\n\t<meta name=\"description\" content=\"Programa Crian\u00e7a Feliz acompanhou 6 mil fam\u00edlias em Feira de Santana em 2025.\" \/>\n\t<meta name=\"robots\" content=\"max-image-preview:large\" \/>\n\t<meta name=\"author\" content=\"Encontra Feira de Santana\"\/>\n\t<link rel=\"canonical\" href=\"https:\/\/www.encontrafeiradesantana.com.br\/sobre\/programa-crianca-feliz-acompanhou-6-mil-familias-em-feira-de-santana-em-2025\/\" \/>\n\t<meta name=\"generator\" content=\"All in One SEO (AIOSEO) 5.0.0.1\" \/>\n\t\t<meta property=\"og:locale\" content=\"pt_BR\" \/>\n\t\t<meta property=\"og:site_name\" content=\"Encontra Feira de Santana | Not\u00edcias, eventos, informa\u00e7\u00f5es e dicas na cidade Feira de Santana e regi\u00e3o.\" \/>\n\t\t<meta property=\"og:type\" content=\"article\" \/>\n\t\t<meta property=\"og:title\" content=\"Programa Crian\u00e7a Feliz acompanhou 6 mil fam\u00edlias em Feira de Santana em 2025 | Encontra Feira de Santana\" \/>\n\t\t<meta property=\"og:description\" content=\"Programa Crian\u00e7a Feliz acompanhou 6 mil fam\u00edlias em Feira de Santana em 2025.\" \/>\n\t\t<meta property=\"og:url\" content=\"https:\/\/www.encontrafeiradesantana.com.br\/sobre\/programa-crianca-feliz-acompanhou-6-mil-familias-em-feira-de-santana-em-2025\/\" \/>\n\t\t<meta property=\"article:published_time\" content=\"2026-01-26T06:29:35+00:00\" \/>\n\t\t<meta property=\"article:modified_time\" content=\"2026-01-26T06:29:35+00:00\" \/>\n\t\t<meta name=\"twitter:card\" content=\"summary\" \/>\n\t\t<meta name=\"twitter:title\" content=\"Programa Crian\u00e7a Feliz acompanhou 6 mil fam\u00edlias em Feira de Santana em 2025 | Encontra Feira de Santana\" \/>\n\t\t<meta name=\"twitter:description\" content=\"Programa Crian\u00e7a Feliz acompanhou 6 mil fam\u00edlias em Feira de Santana em 2025.\" \/>\n\t\t<script type=\"application\/ld+json\" class=\"aioseo-schema\">\n\t\t\t{\"@context\":\"https:\\\/\\\/schema.org\",\"@graph\":[{\"@type\":\"Article\",\"@id\":\"https:\\\/\\\/www.encontrafeiradesantana.com.br\\\/sobre\\\/programa-crianca-feliz-acompanhou-6-mil-familias-em-feira-de-santana-em-2025\\\/#article\",\"name\":\"Programa Crian\\u00e7a Feliz acompanhou 6 mil fam\\u00edlias em Feira de Santana em 2025 | Encontra Feira de Santana\",\"headline\":\"Programa Crian\\u00e7a Feliz acompanhou 6 mil fam\\u00edlias em Feira de Santana em 2025\",\"author\":{\"@id\":\"https:\\\/\\\/www.encontrafeiradesantana.com.br\\\/sobre\\\/author\\\/efeiradesantana\\\/#author\"},\"publisher\":{\"@id\":\"https:\\\/\\\/www.encontrafeiradesantana.com.br\\\/sobre\\\/#organization\"},\"image\":{\"@type\":\"ImageObject\",\"url\":\"https:\\\/\\\/www.encontrafeiradesantana.com.br\\\/sobre\\\/wp-content\\\/uploads\\\/2026\\\/01\\\/programa-crianca-feliz-acompanhou-6-mil-familias-em-feira-de-santana-em-2025.webp\",\"width\":280,\"height\":280,\"caption\":\"Programa Crian\\u00e7a Feliz\"},\"datePublished\":\"2026-01-26T03:29:35-03:00\",\"dateModified\":\"2026-01-26T03:29:35-03:00\",\"inLanguage\":\"pt-BR\",\"mainEntityOfPage\":{\"@id\":\"https:\\\/\\\/www.encontrafeiradesantana.com.br\\\/sobre\\\/programa-crianca-feliz-acompanhou-6-mil-familias-em-feira-de-santana-em-2025\\\/#webpage\"},\"isPartOf\":{\"@id\":\"https:\\\/\\\/www.encontrafeiradesantana.com.br\\\/sobre\\\/programa-crianca-feliz-acompanhou-6-mil-familias-em-feira-de-santana-em-2025\\\/#webpage\"},\"articleSection\":\"Not\\u00edcias Feira de Santana\"},{\"@type\":\"BreadcrumbList\",\"@id\":\"https:\\\/\\\/www.encontrafeiradesantana.com.br\\\/sobre\\\/programa-crianca-feliz-acompanhou-6-mil-familias-em-feira-de-santana-em-2025\\\/#breadcrumblist\",\"itemListElement\":[{\"@type\":\"ListItem\",\"@id\":\"https:\\\/\\\/www.encontrafeiradesantana.com.br\\\/sobre#listItem\",\"position\":1,\"name\":\"In\\u00edcio\",\"item\":\"https:\\\/\\\/www.encontrafeiradesantana.com.br\\\/sobre\",\"nextItem\":{\"@type\":\"ListItem\",\"@id\":\"https:\\\/\\\/www.encontrafeiradesantana.com.br\\\/sobre\\\/noticias-em-feira-de-santana\\\/#listItem\",\"name\":\"Not\\u00edcias Feira de Santana\"}},{\"@type\":\"ListItem\",\"@id\":\"https:\\\/\\\/www.encontrafeiradesantana.com.br\\\/sobre\\\/noticias-em-feira-de-santana\\\/#listItem\",\"position\":2,\"name\":\"Not\\u00edcias Feira de Santana\",\"item\":\"https:\\\/\\\/www.encontrafeiradesantana.com.br\\\/sobre\\\/noticias-em-feira-de-santana\\\/\",\"nextItem\":{\"@type\":\"ListItem\",\"@id\":\"https:\\\/\\\/www.encontrafeiradesantana.com.br\\\/sobre\\\/programa-crianca-feliz-acompanhou-6-mil-familias-em-feira-de-santana-em-2025\\\/#listItem\",\"name\":\"Programa Crian\\u00e7a Feliz acompanhou 6 mil fam\\u00edlias em Feira de Santana em 2025\"},\"previousItem\":{\"@type\":\"ListItem\",\"@id\":\"https:\\\/\\\/www.encontrafeiradesantana.com.br\\\/sobre#listItem\",\"name\":\"In\\u00edcio\"}},{\"@type\":\"ListItem\",\"@id\":\"https:\\\/\\\/www.encontrafeiradesantana.com.br\\\/sobre\\\/programa-crianca-feliz-acompanhou-6-mil-familias-em-feira-de-santana-em-2025\\\/#listItem\",\"position\":3,\"name\":\"Programa Crian\\u00e7a Feliz acompanhou 6 mil fam\\u00edlias em Feira de Santana em 2025\",\"previousItem\":{\"@type\":\"ListItem\",\"@id\":\"https:\\\/\\\/www.encontrafeiradesantana.com.br\\\/sobre\\\/noticias-em-feira-de-santana\\\/#listItem\",\"name\":\"Not\\u00edcias Feira de Santana\"}}]},{\"@type\":\"Organization\",\"@id\":\"https:\\\/\\\/www.encontrafeiradesantana.com.br\\\/sobre\\\/#organization\",\"name\":\"Encontra Feira de Santana\",\"description\":\"Not\\u00edcias, eventos, informa\\u00e7\\u00f5es e dicas na cidade Feira de Santana e regi\\u00e3o.\",\"url\":\"https:\\\/\\\/www.encontrafeiradesantana.com.br\\\/sobre\\\/\"},{\"@type\":\"Person\",\"@id\":\"https:\\\/\\\/www.encontrafeiradesantana.com.br\\\/sobre\\\/author\\\/efeiradesantana\\\/#author\",\"url\":\"https:\\\/\\\/www.encontrafeiradesantana.com.br\\\/sobre\\\/author\\\/efeiradesantana\\\/\",\"name\":\"Encontra Feira de Santana\",\"image\":{\"@type\":\"ImageObject\",\"@id\":\"https:\\\/\\\/www.encontrafeiradesantana.com.br\\\/sobre\\\/programa-crianca-feliz-acompanhou-6-mil-familias-em-feira-de-santana-em-2025\\\/#authorImage\",\"url\":\"https:\\\/\\\/secure.gravatar.com\\\/avatar\\\/507340682b8270222e1f208e23198b6ae7e2c6a1033ae84e99bc6bce4f82a387?s=96&d=mm&r=g\",\"width\":96,\"height\":96,\"caption\":\"Encontra Feira de Santana\"}},{\"@type\":\"WebPage\",\"@id\":\"https:\\\/\\\/www.encontrafeiradesantana.com.br\\\/sobre\\\/programa-crianca-feliz-acompanhou-6-mil-familias-em-feira-de-santana-em-2025\\\/#webpage\",\"url\":\"https:\\\/\\\/www.encontrafeiradesantana.com.br\\\/sobre\\\/programa-crianca-feliz-acompanhou-6-mil-familias-em-feira-de-santana-em-2025\\\/\",\"name\":\"Programa Crian\\u00e7a Feliz acompanhou 6 mil fam\\u00edlias em Feira de Santana em 2025 | Encontra Feira de Santana\",\"description\":\"Programa Crian\\u00e7a Feliz acompanhou 6 mil fam\\u00edlias em Feira de Santana em 2025.\",\"inLanguage\":\"pt-BR\",\"isPartOf\":{\"@id\":\"https:\\\/\\\/www.encontrafeiradesantana.com.br\\\/sobre\\\/#website\"},\"breadcrumb\":{\"@id\":\"https:\\\/\\\/www.encontrafeiradesantana.com.br\\\/sobre\\\/programa-crianca-feliz-acompanhou-6-mil-familias-em-feira-de-santana-em-2025\\\/#breadcrumblist\"},\"author\":{\"@id\":\"https:\\\/\\\/www.encontrafeiradesantana.com.br\\\/sobre\\\/author\\\/efeiradesantana\\\/#author\"},\"creator\":{\"@id\":\"https:\\\/\\\/www.encontrafeiradesantana.com.br\\\/sobre\\\/author\\\/efeiradesantana\\\/#author\"},\"image\":{\"@type\":\"ImageObject\",\"url\":\"https:\\\/\\\/www.encontrafeiradesantana.com.br\\\/sobre\\\/wp-content\\\/uploads\\\/2026\\\/01\\\/programa-crianca-feliz-acompanhou-6-mil-familias-em-feira-de-santana-em-2025.webp\",\"@id\":\"https:\\\/\\\/www.encontrafeiradesantana.com.br\\\/sobre\\\/programa-crianca-feliz-acompanhou-6-mil-familias-em-feira-de-santana-em-2025\\\/#mainImage\",\"width\":280,\"height\":280,\"caption\":\"Programa Crian\\u00e7a Feliz\"},\"primaryImageOfPage\":{\"@id\":\"https:\\\/\\\/www.encontrafeiradesantana.com.br\\\/sobre\\\/programa-crianca-feliz-acompanhou-6-mil-familias-em-feira-de-santana-em-2025\\\/#mainImage\"},\"datePublished\":\"2026-01-26T03:29:35-03:00\",\"dateModified\":\"2026-01-26T03:29:35-03:00\"},{\"@type\":\"WebSite\",\"@id\":\"https:\\\/\\\/www.encontrafeiradesantana.com.br\\\/sobre\\\/#website\",\"url\":\"https:\\\/\\\/www.encontrafeiradesantana.com.br\\\/sobre\\\/\",\"name\":\"Encontra Feira de Santana\",\"description\":\"Not\\u00edcias, eventos, informa\\u00e7\\u00f5es e dicas na cidade Feira de Santana e regi\\u00e3o.\",\"inLanguage\":\"pt-BR\",\"publisher\":{\"@id\":\"https:\\\/\\\/www.encontrafeiradesantana.com.br\\\/sobre\\\/#organization\"}}]}\n\t\t<\/script>\n\t\t<!-- All in One SEO -->\n\n","aioseo_head_json":{"title":"Programa Crian\u00e7a Feliz acompanhou 6 mil fam\u00edlias em Feira de Santana em 2025 | Encontra Feira de Santana","description":"Programa Crian\u00e7a Feliz acompanhou 6 mil fam\u00edlias em Feira de Santana em 2025.","canonical_url":"https:\/\/www.encontrafeiradesantana.com.br\/sobre\/programa-crianca-feliz-acompanhou-6-mil-familias-em-feira-de-santana-em-2025\/","robots":"max-image-preview:large","keywords":"","webmasterTools":{"miscellaneous":""},"schema":{"@context":"https:\/\/schema.org","@graph":[{"@type":"Article","@id":"https:\/\/www.encontrafeiradesantana.com.br\/sobre\/programa-crianca-feliz-acompanhou-6-mil-familias-em-feira-de-santana-em-2025\/#article","name":"Programa Crian\u00e7a Feliz acompanhou 6 mil fam\u00edlias em Feira de Santana em 2025 | Encontra Feira de Santana","headline":"Programa Crian\u00e7a Feliz acompanhou 6 mil fam\u00edlias em Feira de Santana em 2025","author":{"@id":"https:\/\/www.encontrafeiradesantana.com.br\/sobre\/author\/efeiradesantana\/#author"},"publisher":{"@id":"https:\/\/www.encontrafeiradesantana.com.br\/sobre\/#organization"},"image":{"@type":"ImageObject","url":"https:\/\/www.encontrafeiradesantana.com.br\/sobre\/wp-content\/uploads\/2026\/01\/programa-crianca-feliz-acompanhou-6-mil-familias-em-feira-de-santana-em-2025.webp","width":280,"height":280,"caption":"Programa Crian\u00e7a Feliz"},"datePublished":"2026-01-26T03:29:35-03:00","dateModified":"2026-01-26T03:29:35-03:00","inLanguage":"pt-BR","mainEntityOfPage":{"@id":"https:\/\/www.encontrafeiradesantana.com.br\/sobre\/programa-crianca-feliz-acompanhou-6-mil-familias-em-feira-de-santana-em-2025\/#webpage"},"isPartOf":{"@id":"https:\/\/www.encontrafeiradesantana.com.br\/sobre\/programa-crianca-feliz-acompanhou-6-mil-familias-em-feira-de-santana-em-2025\/#webpage"},"articleSection":"Not\u00edcias Feira de Santana"},{"@type":"BreadcrumbList","@id":"https:\/\/www.encontrafeiradesantana.com.br\/sobre\/programa-crianca-feliz-acompanhou-6-mil-familias-em-feira-de-santana-em-2025\/#breadcrumblist","itemListElement":[{"@type":"ListItem","@id":"https:\/\/www.encontrafeiradesantana.com.br\/sobre#listItem","position":1,"name":"In\u00edcio","item":"https:\/\/www.encontrafeiradesantana.com.br\/sobre","nextItem":{"@type":"ListItem","@id":"https:\/\/www.encontrafeiradesantana.com.br\/sobre\/noticias-em-feira-de-santana\/#listItem","name":"Not\u00edcias Feira de Santana"}},{"@type":"ListItem","@id":"https:\/\/www.encontrafeiradesantana.com.br\/sobre\/noticias-em-feira-de-santana\/#listItem","position":2,"name":"Not\u00edcias Feira de Santana","item":"https:\/\/www.encontrafeiradesantana.com.br\/sobre\/noticias-em-feira-de-santana\/","nextItem":{"@type":"ListItem","@id":"https:\/\/www.encontrafeiradesantana.com.br\/sobre\/programa-crianca-feliz-acompanhou-6-mil-familias-em-feira-de-santana-em-2025\/#listItem","name":"Programa Crian\u00e7a Feliz acompanhou 6 mil fam\u00edlias em Feira de Santana em 2025"},"previousItem":{"@type":"ListItem","@id":"https:\/\/www.encontrafeiradesantana.com.br\/sobre#listItem","name":"In\u00edcio"}},{"@type":"ListItem","@id":"https:\/\/www.encontrafeiradesantana.com.br\/sobre\/programa-crianca-feliz-acompanhou-6-mil-familias-em-feira-de-santana-em-2025\/#listItem","position":3,"name":"Programa Crian\u00e7a Feliz acompanhou 6 mil fam\u00edlias em Feira de Santana em 2025","previousItem":{"@type":"ListItem","@id":"https:\/\/www.encontrafeiradesantana.com.br\/sobre\/noticias-em-feira-de-santana\/#listItem","name":"Not\u00edcias Feira de Santana"}}]},{"@type":"Organization","@id":"https:\/\/www.encontrafeiradesantana.com.br\/sobre\/#organization","name":"Encontra Feira de Santana","description":"Not\u00edcias, eventos, informa\u00e7\u00f5es e dicas na cidade Feira de Santana e regi\u00e3o.","url":"https:\/\/www.encontrafeiradesantana.com.br\/sobre\/"},{"@type":"Person","@id":"https:\/\/www.encontrafeiradesantana.com.br\/sobre\/author\/efeiradesantana\/#author","url":"https:\/\/www.encontrafeiradesantana.com.br\/sobre\/author\/efeiradesantana\/","name":"Encontra Feira de Santana","image":{"@type":"ImageObject","@id":"https:\/\/www.encontrafeiradesantana.com.br\/sobre\/programa-crianca-feliz-acompanhou-6-mil-familias-em-feira-de-santana-em-2025\/#authorImage","url":"https:\/\/secure.gravatar.com\/avatar\/507340682b8270222e1f208e23198b6ae7e2c6a1033ae84e99bc6bce4f82a387?s=96&d=mm&r=g","width":96,"height":96,"caption":"Encontra Feira de Santana"}},{"@type":"WebPage","@id":"https:\/\/www.encontrafeiradesantana.com.br\/sobre\/programa-crianca-feliz-acompanhou-6-mil-familias-em-feira-de-santana-em-2025\/#webpage","url":"https:\/\/www.encontrafeiradesantana.com.br\/sobre\/programa-crianca-feliz-acompanhou-6-mil-familias-em-feira-de-santana-em-2025\/","name":"Programa Crian\u00e7a Feliz acompanhou 6 mil fam\u00edlias em Feira de Santana em 2025 | Encontra Feira de Santana","description":"Programa Crian\u00e7a Feliz acompanhou 6 mil fam\u00edlias em Feira de Santana em 2025.","inLanguage":"pt-BR","isPartOf":{"@id":"https:\/\/www.encontrafeiradesantana.com.br\/sobre\/#website"},"breadcrumb":{"@id":"https:\/\/www.encontrafeiradesantana.com.br\/sobre\/programa-crianca-feliz-acompanhou-6-mil-familias-em-feira-de-santana-em-2025\/#breadcrumblist"},"author":{"@id":"https:\/\/www.encontrafeiradesantana.com.br\/sobre\/author\/efeiradesantana\/#author"},"creator":{"@id":"https:\/\/www.encontrafeiradesantana.com.br\/sobre\/author\/efeiradesantana\/#author"},"image":{"@type":"ImageObject","url":"https:\/\/www.encontrafeiradesantana.com.br\/sobre\/wp-content\/uploads\/2026\/01\/programa-crianca-feliz-acompanhou-6-mil-familias-em-feira-de-santana-em-2025.webp","@id":"https:\/\/www.encontrafeiradesantana.com.br\/sobre\/programa-crianca-feliz-acompanhou-6-mil-familias-em-feira-de-santana-em-2025\/#mainImage","width":280,"height":280,"caption":"Programa Crian\u00e7a Feliz"},"primaryImageOfPage":{"@id":"https:\/\/www.encontrafeiradesantana.com.br\/sobre\/programa-crianca-feliz-acompanhou-6-mil-familias-em-feira-de-santana-em-2025\/#mainImage"},"datePublished":"2026-01-26T03:29:35-03:00","dateModified":"2026-01-26T03:29:35-03:00"},{"@type":"WebSite","@id":"https:\/\/www.encontrafeiradesantana.com.br\/sobre\/#website","url":"https:\/\/www.encontrafeiradesantana.com.br\/sobre\/","name":"Encontra Feira de Santana","description":"Not\u00edcias, eventos, informa\u00e7\u00f5es e dicas na cidade Feira de Santana e regi\u00e3o.","inLanguage":"pt-BR","publisher":{"@id":"https:\/\/www.encontrafeiradesantana.com.br\/sobre\/#organization"}}]},"og:locale":"pt_BR","og:site_name":"Encontra Feira de Santana | Not\u00edcias, eventos, informa\u00e7\u00f5es e dicas na cidade Feira de Santana e regi\u00e3o.","og:type":"article","og:title":"Programa Crian\u00e7a Feliz acompanhou 6 mil fam\u00edlias em Feira de Santana em 2025 | Encontra Feira de Santana","og:description":"Programa Crian\u00e7a Feliz acompanhou 6 mil fam\u00edlias em Feira de Santana em 2025.","og:url":"https:\/\/www.encontrafeiradesantana.com.br\/sobre\/programa-crianca-feliz-acompanhou-6-mil-familias-em-feira-de-santana-em-2025\/","article:published_time":"2026-01-26T06:29:35+00:00","article:modified_time":"2026-01-26T06:29:35+00:00","twitter:card":"summary","twitter:title":"Programa Crian\u00e7a Feliz acompanhou 6 mil fam\u00edlias em Feira de Santana em 2025 | Encontra Feira de Santana","twitter:description":"Programa Crian\u00e7a Feliz acompanhou 6 mil fam\u00edlias em Feira de Santana em 2025."},"aioseo_meta_data":{"post_id":"1535","title":null,"description":null,"keywords":null,"keyphrases":null,"primary_term":null,"canonical_url":null,"og_title":null,"og_description":null,"og_object_type":"default","og_image_type":"default","og_image_url":null,"og_image_width":null,"og_image_height":null,"og_image_custom_url":null,"og_image_custom_fields":null,"og_video":null,"og_custom_url":null,"og_article_section":null,"og_article_tags":null,"twitter_use_og":false,"twitter_card":"default","twitter_image_type":"default","twitter_image_url":null,"twitter_image_custom_url":null,"twitter_image_custom_fields":null,"twitter_title":null,"twitter_description":null,"schema":{"blockGraphs":[],"customGraphs":[],"default":{"data":{"Article":[],"Course":[],"Dataset":[],"FAQPage":[],"Movie":[],"Person":[],"Product":[],"ProductReview":[],"Car":[],"Recipe":[],"Service":[],"SoftwareApplication":[],"WebPage":[]},"graphName":"Article","isEnabled":true},"graphs":[]},"schema_type":"default","schema_type_options":null,"pillar_content":false,"robots_default":true,"robots_noindex":false,"robots_noarchive":false,"robots_nosnippet":false,"robots_nofollow":false,"robots_noimageindex":false,"robots_noodp":false,"robots_notranslate":false,"robots_max_snippet":null,"robots_max_videopreview":null,"robots_max_imagepreview":"large","priority":null,"frequency":null,"local_seo":null,"breadcrumb_settings":null,"limit_modified_date":false,"ai":null,"created":"2026-01-26 06:29:39","updated":"2026-01-26 06:36:16","focus_keyword":null,"additional_keywords":null,"truseo_locale":null,"seo_analyzer_scan_date":null},"aioseo_breadcrumb":"<div class=\"aioseo-breadcrumbs\"><span class=\"aioseo-breadcrumb\">\n\t\t\t<a href=\"https:\/\/www.encontrafeiradesantana.com.br\/sobre\" title=\"In\u00edcio\">In\u00edcio<\/a>\n\t\t<\/span><span class=\"aioseo-breadcrumb-separator\">&raquo;<\/span><span class=\"aioseo-breadcrumb\">\n\t\t\t<a href=\"https:\/\/www.encontrafeiradesantana.com.br\/sobre\/noticias-em-feira-de-santana\/\" title=\"Not\u00edcias Feira de Santana\">Not\u00edcias Feira de Santana<\/a>\n\t\t<\/span><span class=\"aioseo-breadcrumb-separator\">&raquo;<\/span><span class=\"aioseo-breadcrumb\">\n\t\t\tPrograma Crian\u00e7a Feliz acompanhou 6 mil fam\u00edlias em Feira de Santana em 2025\n\t\t<\/span><\/div>","aioseo_breadcrumb_json":[{"label":"In\u00edcio","link":"https:\/\/www.encontrafeiradesantana.com.br\/sobre"},{"label":"Not\u00edcias Feira de Santana","link":"https:\/\/www.encontrafeiradesantana.com.br\/sobre\/noticias-em-feira-de-santana\/"},{"label":"Programa Crian\u00e7a Feliz acompanhou 6 mil fam\u00edlias em Feira de Santana em 2025","link":"https:\/\/www.encontrafeiradesantana.com.br\/sobre\/programa-crianca-feliz-acompanhou-6-mil-familias-em-feira-de-santana-em-2025\/"}],"_links":{"self":[{"href":"https:\/\/www.encontrafeiradesantana.com.br\/sobre\/wp-json\/wp\/v2\/posts\/1535","targetHints":{"allow":["GET"]}}],"collection":[{"href":"https:\/\/www.encontrafeiradesantana.com.br\/sobre\/wp-json\/wp\/v2\/posts"}],"about":[{"href":"https:\/\/www.encontrafeiradesantana.com.br\/sobre\/wp-json\/wp\/v2\/types\/post"}],"author":[{"embeddable":true,"href":"https:\/\/www.encontrafeiradesantana.com.br\/sobre\/wp-json\/wp\/v2\/users\/1"}],"replies":[{"embeddable":true,"href":"https:\/\/www.encontrafeiradesantana.com.br\/sobre\/wp-json\/wp\/v2\/comments?post=1535"}],"version-history":[{"count":0,"href":"https:\/\/www.encontrafeiradesantana.com.br\/sobre\/wp-json\/wp\/v2\/posts\/1535\/revisions"}],"wp:featuredmedia":[{"embeddable":true,"href":"https:\/\/www.encontrafeiradesantana.com.br\/sobre\/wp-json\/wp\/v2\/media\/1534"}],"wp:attachment":[{"href":"https:\/\/www.encontrafeiradesantana.com.br\/sobre\/wp-json\/wp\/v2\/media?parent=1535"}],"wp:term":[{"taxonomy":"category","embeddable":true,"href":"https:\/\/www.encontrafeiradesantana.com.br\/sobre\/wp-json\/wp\/v2\/categories?post=1535"},{"taxonomy":"post_tag","embeddable":true,"href":"https:\/\/www.encontrafeiradesantana.com.br\/sobre\/wp-json\/wp\/v2\/tags?post=1535"}],"curies":[{"name":"wp","href":"https:\/\/api.w.org\/{rel}","templated":true}]}}