{"id":1525,"date":"2026-01-24T03:33:35","date_gmt":"2026-01-24T06:33:35","guid":{"rendered":"https:\/\/www.encontrafeiradesantana.com.br\/sobre\/feira-de-santana-estara-representada-em-evento-internacional-sobre-parcerias-publico\/"},"modified":"2026-01-24T03:33:35","modified_gmt":"2026-01-24T06:33:35","slug":"feira-de-santana-estara-representada-em-evento-internacional-sobre-parcerias-publico","status":"publish","type":"post","link":"https:\/\/www.encontrafeiradesantana.com.br\/sobre\/feira-de-santana-estara-representada-em-evento-internacional-sobre-parcerias-publico\/","title":{"rendered":"Feira de Santana estar\u00e1 representada em evento internacional sobre parcerias p\u00fablico"},"content":{"rendered":"<div class=\"3f468104ad11f00a3c9ac948316f4265\" data-index=\"1\" style=\"float: none; margin:0px;\">\n<ins class=\"adsbygoogle\"\r\n     style=\"display:block\"\r\n     data-ad-client=\"ca-pub-8585364105181520\"\r\n     data-ad-slot=\"8789329856\"\r\n     data-ad-format=\"auto\"\r\n     data-full-width-responsive=\"true\"><\/ins>\r\n<script>\r\n     (adsbygoogle = window.adsbygoogle || []).push({});\r\n<\/script>\r\n\n<\/div>\n<h2>O que s\u00e3o Parcerias P\u00fablico-Privadas?<\/h2>\n<p>As <strong>Parcerias P\u00fablico-Privadas<\/strong> (PPPs) se referem a acordos entre entidades do setor p\u00fablico e empresas privadas, visando \u00e0 realiza\u00e7\u00e3o de projetos que melhorem a infraestrutura e os servi\u00e7os p\u00fablicos. Esses modelos visam unir esfor\u00e7os e recursos para garantir uma execu\u00e7\u00e3o mais eficiente e inovadora, promovendo sobretudo investimentos privados em \u00e1reas como sa\u00fade, educa\u00e7\u00e3o e transporte.<\/p>\n<h2>A Relev\u00e2ncia do Evento em Londres<\/h2>\n<p>Feira de Santana estar\u00e1 presente no <strong>Programa Internacional de Tend\u00eancias Contempor\u00e2neas em Parcerias P\u00fablico-Privadas<\/strong> em Londres, entre 20 e 24 de abril de 2026. Este evento internacional \u00e9 uma oportunidade valiosa para gestores p\u00fablicos de todo o Brasil, uma vez que prop\u00f5e compartilhar experi\u00eancias e conhecimentos sobre as melhores pr\u00e1ticas em PPPs.<\/p>\n<h2>Quem \u00e9 Carlos Brito?<\/h2>\n<p>Carlos Brito, o secret\u00e1rio municipal de Planejamento, figura proeminente na gest\u00e3o p\u00fablica, foi escolhido para representar a cidade nesse importante programa. Sua presen\u00e7a no evento demonstra a confian\u00e7a na capacidade da gest\u00e3o municipal em alcan\u00e7ar inova\u00e7\u00f5es e melhorias significativas na administra\u00e7\u00e3o p\u00fablica de Feira de Santana.<\/p>\n<p><img decoding=\"async\" src=\"https:\/\/www.encontrafeiradesantana.com.br\/sobre\/wp-content\/uploads\/2026\/01\/feira-de-santana-estara-representada-em-evento-internacional-sobre-parcerias-publico.webp\" alt=\"parcerias p\u00fablico-privadas\" loading=\"lazy\" \/><\/p>\n<h2>O Papel da FESPSP no Programa<\/h2>\n<p>A <strong>Funda\u00e7\u00e3o Escola de Sociologia e Pol\u00edtica de S\u00e3o Paulo<\/strong> (FESPSP) organiza o evento em parceria com a <strong>University College London<\/strong> (UCL). A FESPSP, conhecida por sua excel\u00eancia na forma\u00e7\u00e3o e pesquisa em ci\u00eancias sociais, tem um papel fundamental na dissemina\u00e7\u00e3o de conhecimento e na promo\u00e7\u00e3o de di\u00e1logos entre gestores p\u00fablicos. A participa\u00e7\u00e3o da FESPSP assegura que o conte\u00fado abordado no evento esteja alinhado com as tend\u00eancias contempor\u00e2neas e as melhores pr\u00e1ticas globalmente reconhecidas.<\/p>\n<h2>O que \u00e9 a University College London?<\/h2>\n<p>A <strong>University College London<\/strong> (UCL) \u00e9 uma das universidades mais respeitadas do mundo, ocupando a 9\u00aa posi\u00e7\u00e3o no <em>QS World University Rankings 2025<\/em>. Com um forte foco em inova\u00e7\u00e3o, pesquisa aplicada e excel\u00eancia acad\u00eamica, a UCL fornece uma plataforma ideal para discutir e entender as complexidades das PPPs em um \u00e2mbito internacional.<\/p>\n<h2>Como as PPPs Podem Transformar Cidades?<\/h2>\n<p>As PPPs t\u00eam o potencial de transformar cidades atrav\u00e9s do aprimoramento da infraestrutura e da oferta de servi\u00e7os. Elas fazem isso ao facilitar a entrada de investimentos privados, possibilitando que projetos, que talvez n\u00e3o fossem vi\u00e1veis apenas com recursos p\u00fablicos, se tornem realidade, resultando em:<\/p>\n<ul>\n<li><strong>Acesso a Recursos:<\/strong> Aumentam os recursos financeiros dispon\u00edveis para projetos p\u00fablicos.<\/li>\n<li><strong>Inova\u00e7\u00e3o:<\/strong> As empresas privadas podem trazer novas tecnologias e abordagens que melhoram a efici\u00eancia.<\/li>\n<li><strong>Efici\u00eancia na Gest\u00e3o:<\/strong> Com a divis\u00e3o de responsabilidades, a gest\u00e3o do projeto tende a ser mais eficaz.<\/li>\n<\/ul>\n<h2>Desafios das Parcerias P\u00fablico-Privadas<\/h2>\n<p>Apesar das vantagens, as PPPs tamb\u00e9m enfrentam desafios que podem impactar sua efetividade. Alguns dos principais desafios incluem:<\/p>\n<ul>\n<li><strong>Complexidade dos Contratos:<\/strong> A elabora\u00e7\u00e3o de contratos pode ser demorada e exigir habilidades t\u00e9cnicas espec\u00edficas.<\/li>\n<li><strong>Risco Financeiro:<\/strong> A possibilidade de falhas financeiras pode gerar inseguran\u00e7a tanto para o governo quanto para o investidor privado.<\/li>\n<li><strong>Transpar\u00eancia:<\/strong> \u00c9 fundamental que haja uma gest\u00e3o transparente para garantir a confian\u00e7a do p\u00fablico.<\/li>\n<\/ul>\n<h2>Experi\u00eancias Internacionais em PPPs<\/h2>\n<p>V\u00e1rios pa\u00edses t\u00eam experi\u00eancias not\u00e1veis em implementar PPPs, oferecendo li\u00e7\u00f5es valiosas. Exemplos incluem:<\/p>\n<ul>\n<li><strong>Reino Unido:<\/strong> O pa\u00eds \u00e9 conhecido por seus modelos s\u00f3lidos de PPPs, especialmente nos setores de transporte e sa\u00fade.<\/li>\n<li><strong>Austr\u00e1lia:<\/strong> Diversos projetos em infraestrutura t\u00eam sido bem-sucedidos, mostrando efici\u00eancia na colabora\u00e7\u00e3o entre o governo e a iniciativa privada.<\/li>\n<li><strong>Canad\u00e1:<\/strong> O uso de PPPs em cidades canadenses trouxe melhorias vis\u00edveis em servi\u00e7os p\u00fablicos e infraestrutura.<\/li>\n<\/ul>\n<h2>A Import\u00e2ncia da Inova\u00e7\u00e3o na Gest\u00e3o P\u00fablica<\/h2>\n<p>A inova\u00e7\u00e3o desempenha um papel essencial na gest\u00e3o p\u00fablica, sendo vital para a moderniza\u00e7\u00e3o das pr\u00e1ticas administrativas. Tais inova\u00e7\u00f5es podem incluir:<\/p>\n<ul>\n<li><strong>Uso de Tecnologia:<\/strong> Implementa\u00e7\u00e3o de solu\u00e7\u00f5es digitais que agilizam processos e aumentam a transpar\u00eancia.<\/li>\n<li><strong>Capacita\u00e7\u00e3o Cont\u00ednua:<\/strong> Forma\u00e7\u00e3o e desenvolvimento de equipes para lidar com as novas demandas da sociedade.<\/li>\n<li><strong>Gest\u00e3o Estrat\u00e9gica:<\/strong> Adotar abordagens baseadas em dados para aprimorar a tomada de decis\u00f5es.<\/li>\n<\/ul>\n<h2>Impactos Esperados para Feira de Santana<\/h2>\n<p>A participa\u00e7\u00e3o do secret\u00e1rio Carlos Brito no programa internacional promete trazer uma s\u00e9rie de impactos positivos para Feira de Santana. Entre os benef\u00edcios esperados est\u00e3o:<\/p>\n<ul>\n<li><strong>Atra\u00e7\u00e3o de Investimentos:<\/strong> A troca de experi\u00eancias poder\u00e1 facilitar a atra\u00e7\u00e3o de novos investimentos privados.<\/li>\n<li><strong>Melhoria nas Pol\u00edticas P\u00fablicas:<\/strong> O conhecimento adquirido ser\u00e1 fundamental para aprimorar as pol\u00edticas p\u00fablicas locais.<\/li>\n<li><strong>Fortalecimento do Planejamento:<\/strong> O aprendizado ajudar\u00e1 a fortalecer a capacidade de planejamento e execu\u00e7\u00e3o de projetos.<\/li>\n<\/ul>\n<p>Assim, a participa\u00e7\u00e3o neste evento n\u00e3o apenas valida o trabalho j\u00e1 realizado, mas tamb\u00e9m abre portas para futuras inova\u00e7\u00f5es e melhorias que beneficiar\u00e3o diretamente a popula\u00e7\u00e3o de Feira de Santana. O foco na moderniza\u00e7\u00e3o e na busca por solu\u00e7\u00f5es eficientes para as demandas sociais locais ser\u00e1 protagonista para o futuro da cidade.<\/p>\n\n<div style=\"font-size: 0px; height: 0px; line-height: 0px; margin: 0; padding: 0; clear: both;\"><\/div>","protected":false},"excerpt":{"rendered":"<p>Feira de Santana se destaca em evento internacional sobre parcerias p\u00fablico-privadas em Londres.<\/p>\n","protected":false},"author":1,"featured_media":1524,"comment_status":"open","ping_status":"closed","sticky":false,"template":"","format":"standard","meta":{"footnotes":""},"categories":[6],"tags":[],"class_list":["post-1525","post","type-post","status-publish","format-standard","has-post-thumbnail","hentry","category-noticias-em-feira-de-santana","has_thumb"],"aioseo_notices":[],"_links":{"self":[{"href":"https:\/\/www.encontrafeiradesantana.com.br\/sobre\/wp-json\/wp\/v2\/posts\/1525","targetHints":{"allow":["GET"]}}],"collection":[{"href":"https:\/\/www.encontrafeiradesantana.com.br\/sobre\/wp-json\/wp\/v2\/posts"}],"about":[{"href":"https:\/\/www.encontrafeiradesantana.com.br\/sobre\/wp-json\/wp\/v2\/types\/post"}],"author":[{"embeddable":true,"href":"https:\/\/www.encontrafeiradesantana.com.br\/sobre\/wp-json\/wp\/v2\/users\/1"}],"replies":[{"embeddable":true,"href":"https:\/\/www.encontrafeiradesantana.com.br\/sobre\/wp-json\/wp\/v2\/comments?post=1525"}],"version-history":[{"count":0,"href":"https:\/\/www.encontrafeiradesantana.com.br\/sobre\/wp-json\/wp\/v2\/posts\/1525\/revisions"}],"wp:featuredmedia":[{"embeddable":true,"href":"https:\/\/www.encontrafeiradesantana.com.br\/sobre\/wp-json\/wp\/v2\/media\/1524"}],"wp:attachment":[{"href":"https:\/\/www.encontrafeiradesantana.com.br\/sobre\/wp-json\/wp\/v2\/media?parent=1525"}],"wp:term":[{"taxonomy":"category","embeddable":true,"href":"https:\/\/www.encontrafeiradesantana.com.br\/sobre\/wp-json\/wp\/v2\/categories?post=1525"},{"taxonomy":"post_tag","embeddable":true,"href":"https:\/\/www.encontrafeiradesantana.com.br\/sobre\/wp-json\/wp\/v2\/tags?post=1525"}],"curies":[{"name":"wp","href":"https:\/\/api.w.org\/{rel}","templated":true}]}}