{"id":1519,"date":"2026-01-23T03:31:25","date_gmt":"2026-01-23T06:31:25","guid":{"rendered":"https:\/\/www.encontrafeiradesantana.com.br\/sobre\/balanco-2025-seprev-soma-mais-de-18-mil-acoes-e-25-mil-atendimentos\/"},"modified":"2026-01-23T03:31:25","modified_gmt":"2026-01-23T06:31:25","slug":"balanco-2025-seprev-soma-mais-de-18-mil-acoes-e-25-mil-atendimentos","status":"publish","type":"post","link":"https:\/\/www.encontrafeiradesantana.com.br\/sobre\/balanco-2025-seprev-soma-mais-de-18-mil-acoes-e-25-mil-atendimentos\/","title":{"rendered":"Balan\u00e7o 2025: SEPREV soma mais de 18 mil a\u00e7\u00f5es e 25 mil atendimentos"},"content":{"rendered":"<div class=\"3f468104ad11f00a3c9ac948316f4265\" data-index=\"1\" style=\"float: none; margin:0px;\">\n<ins class=\"adsbygoogle\"\r\n     style=\"display:block\"\r\n     data-ad-client=\"ca-pub-8585364105181520\"\r\n     data-ad-slot=\"8789329856\"\r\n     data-ad-format=\"auto\"\r\n     data-full-width-responsive=\"true\"><\/ins>\r\n<script>\r\n     (adsbygoogle = window.adsbygoogle || []).push({});\r\n<\/script>\r\n\n<\/div>\n<h2>Resultados da SEPREV em 2025<\/h2>\n<p>Em 2025, a Secretaria Municipal de Preven\u00e7\u00e3o \u00e0 Viol\u00eancia (SEPREV) apresentou um balan\u00e7o impressionante, contabilizando mais de <strong>18 mil a\u00e7\u00f5es<\/strong> e passando de <strong>25 mil atendimentos<\/strong> \u00e0 popula\u00e7\u00e3o de Feira de Santana. A atua\u00e7\u00e3o da SEPREV ocorreu de forma coordenada nas esferas administrativa, operacional e social, refletindo um compromisso s\u00f3lido em promover a seguran\u00e7a e a preven\u00e7\u00e3o \u00e0 viol\u00eancia no munic\u00edpio.<\/p>\n<h2>Desenvolvimento de Pol\u00edticas de Seguran\u00e7a P\u00fablica<\/h2>\n<p>Um dos focos principais da SEPREV em 2025 foi o fortalecimento das pol\u00edticas de seguran\u00e7a p\u00fablica. A secretaria trabalhou na cria\u00e7\u00e3o do <strong>Conselho Municipal de Seguran\u00e7a P\u00fablica e Defesa Social<\/strong>, al\u00e9m de elaborar o <strong>Fundo Municipal<\/strong> e o <strong>Plano Municipal de Seguran\u00e7a P\u00fablica e Defesa Social<\/strong>, todos em est\u00e1gios de desenvolvimento. Esta articula\u00e7\u00e3o visou \u00e0 constru\u00e7\u00e3o de um plano estrat\u00e9gico robusto que atenda \u00e0s necessidades da comunidade.<\/p>\n<h2>Capacita\u00e7\u00f5es e Projetos da SEPREV<\/h2>\n<p>A SEPREV tamb\u00e9m se destacou na promo\u00e7\u00e3o de capacita\u00e7\u00f5es e projetos voltados para a forma\u00e7\u00e3o de seus profissionais. Foram realizados semin\u00e1rios, workshops e pesquisas que tiveram como tem\u00e1tica central a viol\u00eancia e a seguran\u00e7a p\u00fablica.  Um marco significativo foi a participa\u00e7\u00e3o da Guarda Municipal no <strong>Programa Bolsa Forma\u00e7\u00e3o<\/strong>, do PRONASCI, que beneficiou 69 guardas com qualifica\u00e7\u00f5es e bolsa mensal, preparando-os melhor para lidar com situa\u00e7\u00f5es complexas de seguran\u00e7a.<\/p>\n<p><img decoding=\"async\" src=\"https:\/\/www.encontrafeiradesantana.com.br\/sobre\/wp-content\/uploads\/2026\/01\/balanco-2025-seprev-soma-mais-de-18-mil-acoes-e-25-mil-atendimentos.webp\" alt=\"Balan\u00e7o 2025: SEPREV soma mais de 18 mil a\u00e7\u00f5es e 25 mil atendimentos\" loading=\"lazy\" \/><\/p>\n<h2>Impacto dos Eventos Municipais<\/h2>\n<p>Durante grandes eventos, como a <strong>Micareta<\/strong> e a <strong>Expofeira<\/strong>, a SEPREV instituiu um servi\u00e7o de Achados e Perdidos que teve grande impacto. Aproximadamente <strong>500 documentos e objetos<\/strong> foram registrados e a maioria foi retornada a seus leg\u00edtimos donos, mostrando a import\u00e2ncia desse servi\u00e7o na garantia de seguran\u00e7a e tranquilidade para os cidad\u00e3os que participaram dos festivais.<\/p>\n<h2>Efici\u00eancia do Centro de Controle de Opera\u00e7\u00f5es<\/h2>\n<p>O <strong>Centro de Controle de Opera\u00e7\u00f5es (CCO)<\/strong> estabeleceu uma integra\u00e7\u00e3o efetiva com o Fala Feira 156 e o sistema de videomonitoramento. Ao longo do ano, o CCO registrou mais de <strong>25 mil solicita\u00e7\u00f5es<\/strong>, tornando-se um ponto central para garantir resposta r\u00e1pida e eficiente a incidentes. Atualmente, o sistema conta com <strong>272 c\u00e2meras<\/strong> de videomonitoramento, incluindo equipamentos espec\u00edficos para prevenir o descarte irregular de res\u00edduos, um problema significativo na cidade.<\/p>\n<h2>A\u00e7\u00f5es da Guarda Municipal em 2025<\/h2>\n<p>A Guarda Municipal de Feira de Santana foi respons\u00e1vel por realizar <strong>18.255 a\u00e7\u00f5es<\/strong> durante o ano. Entre as atividades desenvolvidas, as opera\u00e7\u00f5es de patrulhamento preventivo, rondas escolares, e o apoio ao SAMU foram algumas das mais not\u00e1veis. Al\u00e9m disso, a corpora\u00e7\u00e3o promoveu campanhas educativas e esteve presente nas principais festividades locais, criando um ambiente mais seguro e acolhedor para a popula\u00e7\u00e3o.<\/p>\n<h2>Atua\u00e7\u00e3o da Defesa Civil em Emerg\u00eancias<\/h2>\n<p>A Defesa Civil teve um papel fundamental ao registrar <strong>230 ocorr\u00eancias<\/strong> no decorrer de 2025. As situa\u00e7\u00f5es inclu\u00edram alagamentos, deslizamentos, inc\u00eandios e a\u00e7\u00f5es preventivas em \u00e1reas de risco. A equipe esteve em constante monitoramento e prontid\u00e3o para responder a emerg\u00eancias, demonstrando seu compromisso com a prote\u00e7\u00e3o da comunidade.<\/p>\n<h2>Avan\u00e7o na Integra\u00e7\u00e3o de Servi\u00e7os<\/h2>\n<p>Em termos de integra\u00e7\u00e3o entre servi\u00e7os, a SEPREV se empenhou na reorganiza\u00e7\u00e3o da estrutura da <strong>Guarda Municipal<\/strong> e da <strong>Defesa Civil<\/strong>, al\u00e9m de desenvolver minutas para a regulamenta\u00e7\u00e3o do pagamento de uniformes aos guardas. A colabora\u00e7\u00e3o entre os diferentes departamentos e setores foi vital para garantir um funcionamento eficaz e \u00e1gil das opera\u00e7\u00f5es da SEPREV.<\/p>\n<h2>Compromisso com a Preven\u00e7\u00e3o da Viol\u00eancia<\/h2>\n<p>O secret\u00e1rio Luziel Andrade enfatizou que os resultados conquistados em 2025 reafirmam o compromisso da SEPREV com a preven\u00e7\u00e3o da viol\u00eancia e a promo\u00e7\u00e3o da seguran\u00e7a no munic\u00edpio. Ele afirmou que o foco estava em fortalecer a preven\u00e7\u00e3o, privilegiando investimentos em tecnologia e capacita\u00e7\u00e3o, resultando em uma maior sensa\u00e7\u00e3o de seguran\u00e7a para a popula\u00e7\u00e3o.<\/p>\n<h2>Vis\u00e3o Futuro da SEPREV<\/h2>\n<p>O olhar para o futuro da SEPREV parece promissor. Com base nos resultados alcan\u00e7ados em 2025, a secretaria planeja continuar investindo em tecnologias e programas que visem otimizar a seguran\u00e7a p\u00fablica. A inten\u00e7\u00e3o \u00e9 manter um di\u00e1logo aberto com a popula\u00e7\u00e3o, para que as abordagens adotadas realmente atendam \u00e0s suas necessidades e expectativas, garantindo, assim, um ambiente mais seguro e integrado em Feira de Santana.<\/p>\n\n<div style=\"font-size: 0px; height: 0px; line-height: 0px; margin: 0; padding: 0; clear: both;\"><\/div>","protected":false},"excerpt":{"rendered":"<p>Balan\u00e7o SEPREV 2025 destaca mais de 18 mil a\u00e7\u00f5es e 25 mil atendimentos \u00e0 popula\u00e7\u00e3o.<\/p>\n","protected":false},"author":1,"featured_media":1518,"comment_status":"open","ping_status":"closed","sticky":false,"template":"","format":"standard","meta":{"footnotes":""},"categories":[6],"tags":[],"class_list":["post-1519","post","type-post","status-publish","format-standard","has-post-thumbnail","hentry","category-noticias-em-feira-de-santana","has_thumb"],"aioseo_notices":[],"aioseo_head":"\n\t\t<!-- All in One SEO 5.0.0.1 - aioseo.com -->\n\t<meta name=\"description\" content=\"Balan\u00e7o SEPREV 2025 destaca mais de 18 mil a\u00e7\u00f5es e 25 mil atendimentos \u00e0 popula\u00e7\u00e3o.\" \/>\n\t<meta name=\"robots\" content=\"max-image-preview:large\" \/>\n\t<meta name=\"author\" content=\"Encontra Feira de Santana\"\/>\n\t<link rel=\"canonical\" href=\"https:\/\/www.encontrafeiradesantana.com.br\/sobre\/balanco-2025-seprev-soma-mais-de-18-mil-acoes-e-25-mil-atendimentos\/\" \/>\n\t<meta name=\"generator\" content=\"All in One SEO (AIOSEO) 5.0.0.1\" \/>\n\t\t<meta property=\"og:locale\" content=\"pt_BR\" \/>\n\t\t<meta property=\"og:site_name\" content=\"Encontra Feira de Santana | Not\u00edcias, eventos, informa\u00e7\u00f5es e dicas na cidade Feira de Santana e regi\u00e3o.\" \/>\n\t\t<meta property=\"og:type\" content=\"article\" \/>\n\t\t<meta property=\"og:title\" content=\"Balan\u00e7o 2025: SEPREV soma mais de 18 mil a\u00e7\u00f5es e 25 mil atendimentos | Encontra Feira de Santana\" \/>\n\t\t<meta property=\"og:description\" content=\"Balan\u00e7o SEPREV 2025 destaca mais de 18 mil a\u00e7\u00f5es e 25 mil atendimentos \u00e0 popula\u00e7\u00e3o.\" \/>\n\t\t<meta property=\"og:url\" content=\"https:\/\/www.encontrafeiradesantana.com.br\/sobre\/balanco-2025-seprev-soma-mais-de-18-mil-acoes-e-25-mil-atendimentos\/\" \/>\n\t\t<meta property=\"article:published_time\" content=\"2026-01-23T06:31:25+00:00\" \/>\n\t\t<meta property=\"article:modified_time\" content=\"2026-01-23T06:31:25+00:00\" \/>\n\t\t<meta name=\"twitter:card\" content=\"summary\" \/>\n\t\t<meta name=\"twitter:title\" content=\"Balan\u00e7o 2025: SEPREV soma mais de 18 mil a\u00e7\u00f5es e 25 mil atendimentos | Encontra Feira de Santana\" \/>\n\t\t<meta name=\"twitter:description\" content=\"Balan\u00e7o SEPREV 2025 destaca mais de 18 mil a\u00e7\u00f5es e 25 mil atendimentos \u00e0 popula\u00e7\u00e3o.\" \/>\n\t\t<script type=\"application\/ld+json\" class=\"aioseo-schema\">\n\t\t\t{\"@context\":\"https:\\\/\\\/schema.org\",\"@graph\":[{\"@type\":\"Article\",\"@id\":\"https:\\\/\\\/www.encontrafeiradesantana.com.br\\\/sobre\\\/balanco-2025-seprev-soma-mais-de-18-mil-acoes-e-25-mil-atendimentos\\\/#article\",\"name\":\"Balan\\u00e7o 2025: SEPREV soma mais de 18 mil a\\u00e7\\u00f5es e 25 mil atendimentos | Encontra Feira de Santana\",\"headline\":\"Balan\\u00e7o 2025: SEPREV soma mais de 18 mil a\\u00e7\\u00f5es e 25 mil atendimentos\",\"author\":{\"@id\":\"https:\\\/\\\/www.encontrafeiradesantana.com.br\\\/sobre\\\/author\\\/efeiradesantana\\\/#author\"},\"publisher\":{\"@id\":\"https:\\\/\\\/www.encontrafeiradesantana.com.br\\\/sobre\\\/#organization\"},\"image\":{\"@type\":\"ImageObject\",\"url\":\"https:\\\/\\\/www.encontrafeiradesantana.com.br\\\/sobre\\\/wp-content\\\/uploads\\\/2026\\\/01\\\/balanco-2025-seprev-soma-mais-de-18-mil-acoes-e-25-mil-atendimentos.webp\",\"width\":280,\"height\":280,\"caption\":\"Balan\\u00e7o 2025: SEPREV soma mais de 18 mil a\\u00e7\\u00f5es e 25 mil atendimentos\"},\"datePublished\":\"2026-01-23T03:31:25-03:00\",\"dateModified\":\"2026-01-23T03:31:25-03:00\",\"inLanguage\":\"pt-BR\",\"mainEntityOfPage\":{\"@id\":\"https:\\\/\\\/www.encontrafeiradesantana.com.br\\\/sobre\\\/balanco-2025-seprev-soma-mais-de-18-mil-acoes-e-25-mil-atendimentos\\\/#webpage\"},\"isPartOf\":{\"@id\":\"https:\\\/\\\/www.encontrafeiradesantana.com.br\\\/sobre\\\/balanco-2025-seprev-soma-mais-de-18-mil-acoes-e-25-mil-atendimentos\\\/#webpage\"},\"articleSection\":\"Not\\u00edcias Feira de Santana\"},{\"@type\":\"BreadcrumbList\",\"@id\":\"https:\\\/\\\/www.encontrafeiradesantana.com.br\\\/sobre\\\/balanco-2025-seprev-soma-mais-de-18-mil-acoes-e-25-mil-atendimentos\\\/#breadcrumblist\",\"itemListElement\":[{\"@type\":\"ListItem\",\"@id\":\"https:\\\/\\\/www.encontrafeiradesantana.com.br\\\/sobre#listItem\",\"position\":1,\"name\":\"In\\u00edcio\",\"item\":\"https:\\\/\\\/www.encontrafeiradesantana.com.br\\\/sobre\",\"nextItem\":{\"@type\":\"ListItem\",\"@id\":\"https:\\\/\\\/www.encontrafeiradesantana.com.br\\\/sobre\\\/noticias-em-feira-de-santana\\\/#listItem\",\"name\":\"Not\\u00edcias Feira de Santana\"}},{\"@type\":\"ListItem\",\"@id\":\"https:\\\/\\\/www.encontrafeiradesantana.com.br\\\/sobre\\\/noticias-em-feira-de-santana\\\/#listItem\",\"position\":2,\"name\":\"Not\\u00edcias Feira de Santana\",\"item\":\"https:\\\/\\\/www.encontrafeiradesantana.com.br\\\/sobre\\\/noticias-em-feira-de-santana\\\/\",\"nextItem\":{\"@type\":\"ListItem\",\"@id\":\"https:\\\/\\\/www.encontrafeiradesantana.com.br\\\/sobre\\\/balanco-2025-seprev-soma-mais-de-18-mil-acoes-e-25-mil-atendimentos\\\/#listItem\",\"name\":\"Balan\\u00e7o 2025: SEPREV soma mais de 18 mil a\\u00e7\\u00f5es e 25 mil atendimentos\"},\"previousItem\":{\"@type\":\"ListItem\",\"@id\":\"https:\\\/\\\/www.encontrafeiradesantana.com.br\\\/sobre#listItem\",\"name\":\"In\\u00edcio\"}},{\"@type\":\"ListItem\",\"@id\":\"https:\\\/\\\/www.encontrafeiradesantana.com.br\\\/sobre\\\/balanco-2025-seprev-soma-mais-de-18-mil-acoes-e-25-mil-atendimentos\\\/#listItem\",\"position\":3,\"name\":\"Balan\\u00e7o 2025: SEPREV soma mais de 18 mil a\\u00e7\\u00f5es e 25 mil atendimentos\",\"previousItem\":{\"@type\":\"ListItem\",\"@id\":\"https:\\\/\\\/www.encontrafeiradesantana.com.br\\\/sobre\\\/noticias-em-feira-de-santana\\\/#listItem\",\"name\":\"Not\\u00edcias Feira de Santana\"}}]},{\"@type\":\"Organization\",\"@id\":\"https:\\\/\\\/www.encontrafeiradesantana.com.br\\\/sobre\\\/#organization\",\"name\":\"Encontra Feira de Santana\",\"description\":\"Not\\u00edcias, eventos, informa\\u00e7\\u00f5es e dicas na cidade Feira de Santana e regi\\u00e3o.\",\"url\":\"https:\\\/\\\/www.encontrafeiradesantana.com.br\\\/sobre\\\/\"},{\"@type\":\"Person\",\"@id\":\"https:\\\/\\\/www.encontrafeiradesantana.com.br\\\/sobre\\\/author\\\/efeiradesantana\\\/#author\",\"url\":\"https:\\\/\\\/www.encontrafeiradesantana.com.br\\\/sobre\\\/author\\\/efeiradesantana\\\/\",\"name\":\"Encontra Feira de Santana\",\"image\":{\"@type\":\"ImageObject\",\"@id\":\"https:\\\/\\\/www.encontrafeiradesantana.com.br\\\/sobre\\\/balanco-2025-seprev-soma-mais-de-18-mil-acoes-e-25-mil-atendimentos\\\/#authorImage\",\"url\":\"https:\\\/\\\/secure.gravatar.com\\\/avatar\\\/507340682b8270222e1f208e23198b6ae7e2c6a1033ae84e99bc6bce4f82a387?s=96&d=mm&r=g\",\"width\":96,\"height\":96,\"caption\":\"Encontra Feira de Santana\"}},{\"@type\":\"WebPage\",\"@id\":\"https:\\\/\\\/www.encontrafeiradesantana.com.br\\\/sobre\\\/balanco-2025-seprev-soma-mais-de-18-mil-acoes-e-25-mil-atendimentos\\\/#webpage\",\"url\":\"https:\\\/\\\/www.encontrafeiradesantana.com.br\\\/sobre\\\/balanco-2025-seprev-soma-mais-de-18-mil-acoes-e-25-mil-atendimentos\\\/\",\"name\":\"Balan\\u00e7o 2025: SEPREV soma mais de 18 mil a\\u00e7\\u00f5es e 25 mil atendimentos | Encontra Feira de Santana\",\"description\":\"Balan\\u00e7o SEPREV 2025 destaca mais de 18 mil a\\u00e7\\u00f5es e 25 mil atendimentos \\u00e0 popula\\u00e7\\u00e3o.\",\"inLanguage\":\"pt-BR\",\"isPartOf\":{\"@id\":\"https:\\\/\\\/www.encontrafeiradesantana.com.br\\\/sobre\\\/#website\"},\"breadcrumb\":{\"@id\":\"https:\\\/\\\/www.encontrafeiradesantana.com.br\\\/sobre\\\/balanco-2025-seprev-soma-mais-de-18-mil-acoes-e-25-mil-atendimentos\\\/#breadcrumblist\"},\"author\":{\"@id\":\"https:\\\/\\\/www.encontrafeiradesantana.com.br\\\/sobre\\\/author\\\/efeiradesantana\\\/#author\"},\"creator\":{\"@id\":\"https:\\\/\\\/www.encontrafeiradesantana.com.br\\\/sobre\\\/author\\\/efeiradesantana\\\/#author\"},\"image\":{\"@type\":\"ImageObject\",\"url\":\"https:\\\/\\\/www.encontrafeiradesantana.com.br\\\/sobre\\\/wp-content\\\/uploads\\\/2026\\\/01\\\/balanco-2025-seprev-soma-mais-de-18-mil-acoes-e-25-mil-atendimentos.webp\",\"@id\":\"https:\\\/\\\/www.encontrafeiradesantana.com.br\\\/sobre\\\/balanco-2025-seprev-soma-mais-de-18-mil-acoes-e-25-mil-atendimentos\\\/#mainImage\",\"width\":280,\"height\":280,\"caption\":\"Balan\\u00e7o 2025: SEPREV soma mais de 18 mil a\\u00e7\\u00f5es e 25 mil atendimentos\"},\"primaryImageOfPage\":{\"@id\":\"https:\\\/\\\/www.encontrafeiradesantana.com.br\\\/sobre\\\/balanco-2025-seprev-soma-mais-de-18-mil-acoes-e-25-mil-atendimentos\\\/#mainImage\"},\"datePublished\":\"2026-01-23T03:31:25-03:00\",\"dateModified\":\"2026-01-23T03:31:25-03:00\"},{\"@type\":\"WebSite\",\"@id\":\"https:\\\/\\\/www.encontrafeiradesantana.com.br\\\/sobre\\\/#website\",\"url\":\"https:\\\/\\\/www.encontrafeiradesantana.com.br\\\/sobre\\\/\",\"name\":\"Encontra Feira de Santana\",\"description\":\"Not\\u00edcias, eventos, informa\\u00e7\\u00f5es e dicas na cidade Feira de Santana e regi\\u00e3o.\",\"inLanguage\":\"pt-BR\",\"publisher\":{\"@id\":\"https:\\\/\\\/www.encontrafeiradesantana.com.br\\\/sobre\\\/#organization\"}}]}\n\t\t<\/script>\n\t\t<!-- All in One SEO -->\n\n","aioseo_head_json":{"title":"Balan\u00e7o 2025: SEPREV soma mais de 18 mil a\u00e7\u00f5es e 25 mil atendimentos | Encontra Feira de Santana","description":"Balan\u00e7o SEPREV 2025 destaca mais de 18 mil a\u00e7\u00f5es e 25 mil atendimentos \u00e0 popula\u00e7\u00e3o.","canonical_url":"https:\/\/www.encontrafeiradesantana.com.br\/sobre\/balanco-2025-seprev-soma-mais-de-18-mil-acoes-e-25-mil-atendimentos\/","robots":"max-image-preview:large","keywords":"","webmasterTools":{"miscellaneous":""},"schema":{"@context":"https:\/\/schema.org","@graph":[{"@type":"Article","@id":"https:\/\/www.encontrafeiradesantana.com.br\/sobre\/balanco-2025-seprev-soma-mais-de-18-mil-acoes-e-25-mil-atendimentos\/#article","name":"Balan\u00e7o 2025: SEPREV soma mais de 18 mil a\u00e7\u00f5es e 25 mil atendimentos | Encontra Feira de Santana","headline":"Balan\u00e7o 2025: SEPREV soma mais de 18 mil a\u00e7\u00f5es e 25 mil atendimentos","author":{"@id":"https:\/\/www.encontrafeiradesantana.com.br\/sobre\/author\/efeiradesantana\/#author"},"publisher":{"@id":"https:\/\/www.encontrafeiradesantana.com.br\/sobre\/#organization"},"image":{"@type":"ImageObject","url":"https:\/\/www.encontrafeiradesantana.com.br\/sobre\/wp-content\/uploads\/2026\/01\/balanco-2025-seprev-soma-mais-de-18-mil-acoes-e-25-mil-atendimentos.webp","width":280,"height":280,"caption":"Balan\u00e7o 2025: SEPREV soma mais de 18 mil a\u00e7\u00f5es e 25 mil atendimentos"},"datePublished":"2026-01-23T03:31:25-03:00","dateModified":"2026-01-23T03:31:25-03:00","inLanguage":"pt-BR","mainEntityOfPage":{"@id":"https:\/\/www.encontrafeiradesantana.com.br\/sobre\/balanco-2025-seprev-soma-mais-de-18-mil-acoes-e-25-mil-atendimentos\/#webpage"},"isPartOf":{"@id":"https:\/\/www.encontrafeiradesantana.com.br\/sobre\/balanco-2025-seprev-soma-mais-de-18-mil-acoes-e-25-mil-atendimentos\/#webpage"},"articleSection":"Not\u00edcias Feira de Santana"},{"@type":"BreadcrumbList","@id":"https:\/\/www.encontrafeiradesantana.com.br\/sobre\/balanco-2025-seprev-soma-mais-de-18-mil-acoes-e-25-mil-atendimentos\/#breadcrumblist","itemListElement":[{"@type":"ListItem","@id":"https:\/\/www.encontrafeiradesantana.com.br\/sobre#listItem","position":1,"name":"In\u00edcio","item":"https:\/\/www.encontrafeiradesantana.com.br\/sobre","nextItem":{"@type":"ListItem","@id":"https:\/\/www.encontrafeiradesantana.com.br\/sobre\/noticias-em-feira-de-santana\/#listItem","name":"Not\u00edcias Feira de Santana"}},{"@type":"ListItem","@id":"https:\/\/www.encontrafeiradesantana.com.br\/sobre\/noticias-em-feira-de-santana\/#listItem","position":2,"name":"Not\u00edcias Feira de Santana","item":"https:\/\/www.encontrafeiradesantana.com.br\/sobre\/noticias-em-feira-de-santana\/","nextItem":{"@type":"ListItem","@id":"https:\/\/www.encontrafeiradesantana.com.br\/sobre\/balanco-2025-seprev-soma-mais-de-18-mil-acoes-e-25-mil-atendimentos\/#listItem","name":"Balan\u00e7o 2025: SEPREV soma mais de 18 mil a\u00e7\u00f5es e 25 mil atendimentos"},"previousItem":{"@type":"ListItem","@id":"https:\/\/www.encontrafeiradesantana.com.br\/sobre#listItem","name":"In\u00edcio"}},{"@type":"ListItem","@id":"https:\/\/www.encontrafeiradesantana.com.br\/sobre\/balanco-2025-seprev-soma-mais-de-18-mil-acoes-e-25-mil-atendimentos\/#listItem","position":3,"name":"Balan\u00e7o 2025: SEPREV soma mais de 18 mil a\u00e7\u00f5es e 25 mil atendimentos","previousItem":{"@type":"ListItem","@id":"https:\/\/www.encontrafeiradesantana.com.br\/sobre\/noticias-em-feira-de-santana\/#listItem","name":"Not\u00edcias Feira de Santana"}}]},{"@type":"Organization","@id":"https:\/\/www.encontrafeiradesantana.com.br\/sobre\/#organization","name":"Encontra Feira de Santana","description":"Not\u00edcias, eventos, informa\u00e7\u00f5es e dicas na cidade Feira de Santana e regi\u00e3o.","url":"https:\/\/www.encontrafeiradesantana.com.br\/sobre\/"},{"@type":"Person","@id":"https:\/\/www.encontrafeiradesantana.com.br\/sobre\/author\/efeiradesantana\/#author","url":"https:\/\/www.encontrafeiradesantana.com.br\/sobre\/author\/efeiradesantana\/","name":"Encontra Feira de Santana","image":{"@type":"ImageObject","@id":"https:\/\/www.encontrafeiradesantana.com.br\/sobre\/balanco-2025-seprev-soma-mais-de-18-mil-acoes-e-25-mil-atendimentos\/#authorImage","url":"https:\/\/secure.gravatar.com\/avatar\/507340682b8270222e1f208e23198b6ae7e2c6a1033ae84e99bc6bce4f82a387?s=96&d=mm&r=g","width":96,"height":96,"caption":"Encontra Feira de Santana"}},{"@type":"WebPage","@id":"https:\/\/www.encontrafeiradesantana.com.br\/sobre\/balanco-2025-seprev-soma-mais-de-18-mil-acoes-e-25-mil-atendimentos\/#webpage","url":"https:\/\/www.encontrafeiradesantana.com.br\/sobre\/balanco-2025-seprev-soma-mais-de-18-mil-acoes-e-25-mil-atendimentos\/","name":"Balan\u00e7o 2025: SEPREV soma mais de 18 mil a\u00e7\u00f5es e 25 mil atendimentos | Encontra Feira de Santana","description":"Balan\u00e7o SEPREV 2025 destaca mais de 18 mil a\u00e7\u00f5es e 25 mil atendimentos \u00e0 popula\u00e7\u00e3o.","inLanguage":"pt-BR","isPartOf":{"@id":"https:\/\/www.encontrafeiradesantana.com.br\/sobre\/#website"},"breadcrumb":{"@id":"https:\/\/www.encontrafeiradesantana.com.br\/sobre\/balanco-2025-seprev-soma-mais-de-18-mil-acoes-e-25-mil-atendimentos\/#breadcrumblist"},"author":{"@id":"https:\/\/www.encontrafeiradesantana.com.br\/sobre\/author\/efeiradesantana\/#author"},"creator":{"@id":"https:\/\/www.encontrafeiradesantana.com.br\/sobre\/author\/efeiradesantana\/#author"},"image":{"@type":"ImageObject","url":"https:\/\/www.encontrafeiradesantana.com.br\/sobre\/wp-content\/uploads\/2026\/01\/balanco-2025-seprev-soma-mais-de-18-mil-acoes-e-25-mil-atendimentos.webp","@id":"https:\/\/www.encontrafeiradesantana.com.br\/sobre\/balanco-2025-seprev-soma-mais-de-18-mil-acoes-e-25-mil-atendimentos\/#mainImage","width":280,"height":280,"caption":"Balan\u00e7o 2025: SEPREV soma mais de 18 mil a\u00e7\u00f5es e 25 mil atendimentos"},"primaryImageOfPage":{"@id":"https:\/\/www.encontrafeiradesantana.com.br\/sobre\/balanco-2025-seprev-soma-mais-de-18-mil-acoes-e-25-mil-atendimentos\/#mainImage"},"datePublished":"2026-01-23T03:31:25-03:00","dateModified":"2026-01-23T03:31:25-03:00"},{"@type":"WebSite","@id":"https:\/\/www.encontrafeiradesantana.com.br\/sobre\/#website","url":"https:\/\/www.encontrafeiradesantana.com.br\/sobre\/","name":"Encontra Feira de Santana","description":"Not\u00edcias, eventos, informa\u00e7\u00f5es e dicas na cidade Feira de Santana e regi\u00e3o.","inLanguage":"pt-BR","publisher":{"@id":"https:\/\/www.encontrafeiradesantana.com.br\/sobre\/#organization"}}]},"og:locale":"pt_BR","og:site_name":"Encontra Feira de Santana | Not\u00edcias, eventos, informa\u00e7\u00f5es e dicas na cidade Feira de Santana e regi\u00e3o.","og:type":"article","og:title":"Balan\u00e7o 2025: SEPREV soma mais de 18 mil a\u00e7\u00f5es e 25 mil atendimentos | Encontra Feira de Santana","og:description":"Balan\u00e7o SEPREV 2025 destaca mais de 18 mil a\u00e7\u00f5es e 25 mil atendimentos \u00e0 popula\u00e7\u00e3o.","og:url":"https:\/\/www.encontrafeiradesantana.com.br\/sobre\/balanco-2025-seprev-soma-mais-de-18-mil-acoes-e-25-mil-atendimentos\/","article:published_time":"2026-01-23T06:31:25+00:00","article:modified_time":"2026-01-23T06:31:25+00:00","twitter:card":"summary","twitter:title":"Balan\u00e7o 2025: SEPREV soma mais de 18 mil a\u00e7\u00f5es e 25 mil atendimentos | Encontra Feira de Santana","twitter:description":"Balan\u00e7o SEPREV 2025 destaca mais de 18 mil a\u00e7\u00f5es e 25 mil atendimentos \u00e0 popula\u00e7\u00e3o."},"aioseo_meta_data":{"post_id":"1519","title":null,"description":null,"keywords":null,"keyphrases":null,"primary_term":null,"canonical_url":null,"og_title":null,"og_description":null,"og_object_type":"default","og_image_type":"default","og_image_url":null,"og_image_width":null,"og_image_height":null,"og_image_custom_url":null,"og_image_custom_fields":null,"og_video":null,"og_custom_url":null,"og_article_section":null,"og_article_tags":null,"twitter_use_og":false,"twitter_card":"default","twitter_image_type":"default","twitter_image_url":null,"twitter_image_custom_url":null,"twitter_image_custom_fields":null,"twitter_title":null,"twitter_description":null,"schema":{"blockGraphs":[],"customGraphs":[],"default":{"data":{"Article":[],"Course":[],"Dataset":[],"FAQPage":[],"Movie":[],"Person":[],"Product":[],"ProductReview":[],"Car":[],"Recipe":[],"Service":[],"SoftwareApplication":[],"WebPage":[]},"graphName":"Article","isEnabled":true},"graphs":[]},"schema_type":"default","schema_type_options":null,"pillar_content":false,"robots_default":true,"robots_noindex":false,"robots_noarchive":false,"robots_nosnippet":false,"robots_nofollow":false,"robots_noimageindex":false,"robots_noodp":false,"robots_notranslate":false,"robots_max_snippet":null,"robots_max_videopreview":null,"robots_max_imagepreview":"large","priority":null,"frequency":null,"local_seo":null,"breadcrumb_settings":null,"limit_modified_date":false,"ai":null,"created":"2026-01-23 06:31:30","updated":"2026-01-23 06:33:00","focus_keyword":null,"additional_keywords":null,"truseo_locale":null,"seo_analyzer_scan_date":null},"aioseo_breadcrumb":"<div class=\"aioseo-breadcrumbs\"><span class=\"aioseo-breadcrumb\">\n\t\t\t<a href=\"https:\/\/www.encontrafeiradesantana.com.br\/sobre\" title=\"In\u00edcio\">In\u00edcio<\/a>\n\t\t<\/span><span class=\"aioseo-breadcrumb-separator\">&raquo;<\/span><span class=\"aioseo-breadcrumb\">\n\t\t\t<a href=\"https:\/\/www.encontrafeiradesantana.com.br\/sobre\/noticias-em-feira-de-santana\/\" title=\"Not\u00edcias Feira de Santana\">Not\u00edcias Feira de Santana<\/a>\n\t\t<\/span><span class=\"aioseo-breadcrumb-separator\">&raquo;<\/span><span class=\"aioseo-breadcrumb\">\n\t\t\tBalan\u00e7o 2025: SEPREV soma mais de 18 mil a\u00e7\u00f5es e 25 mil atendimentos\n\t\t<\/span><\/div>","aioseo_breadcrumb_json":[{"label":"In\u00edcio","link":"https:\/\/www.encontrafeiradesantana.com.br\/sobre"},{"label":"Not\u00edcias Feira de Santana","link":"https:\/\/www.encontrafeiradesantana.com.br\/sobre\/noticias-em-feira-de-santana\/"},{"label":"Balan\u00e7o 2025: SEPREV soma mais de 18 mil a\u00e7\u00f5es e 25 mil atendimentos","link":"https:\/\/www.encontrafeiradesantana.com.br\/sobre\/balanco-2025-seprev-soma-mais-de-18-mil-acoes-e-25-mil-atendimentos\/"}],"_links":{"self":[{"href":"https:\/\/www.encontrafeiradesantana.com.br\/sobre\/wp-json\/wp\/v2\/posts\/1519","targetHints":{"allow":["GET"]}}],"collection":[{"href":"https:\/\/www.encontrafeiradesantana.com.br\/sobre\/wp-json\/wp\/v2\/posts"}],"about":[{"href":"https:\/\/www.encontrafeiradesantana.com.br\/sobre\/wp-json\/wp\/v2\/types\/post"}],"author":[{"embeddable":true,"href":"https:\/\/www.encontrafeiradesantana.com.br\/sobre\/wp-json\/wp\/v2\/users\/1"}],"replies":[{"embeddable":true,"href":"https:\/\/www.encontrafeiradesantana.com.br\/sobre\/wp-json\/wp\/v2\/comments?post=1519"}],"version-history":[{"count":0,"href":"https:\/\/www.encontrafeiradesantana.com.br\/sobre\/wp-json\/wp\/v2\/posts\/1519\/revisions"}],"wp:featuredmedia":[{"embeddable":true,"href":"https:\/\/www.encontrafeiradesantana.com.br\/sobre\/wp-json\/wp\/v2\/media\/1518"}],"wp:attachment":[{"href":"https:\/\/www.encontrafeiradesantana.com.br\/sobre\/wp-json\/wp\/v2\/media?parent=1519"}],"wp:term":[{"taxonomy":"category","embeddable":true,"href":"https:\/\/www.encontrafeiradesantana.com.br\/sobre\/wp-json\/wp\/v2\/categories?post=1519"},{"taxonomy":"post_tag","embeddable":true,"href":"https:\/\/www.encontrafeiradesantana.com.br\/sobre\/wp-json\/wp\/v2\/tags?post=1519"}],"curies":[{"name":"wp","href":"https:\/\/api.w.org\/{rel}","templated":true}]}}