{"id":1513,"date":"2026-01-22T03:32:44","date_gmt":"2026-01-22T06:32:44","guid":{"rendered":"https:\/\/www.encontrafeiradesantana.com.br\/sobre\/prefeitura-apresenta-indicadores-da-saude-em-2025-e-destaca-resultados-extraordinarios\/"},"modified":"2026-01-22T03:32:44","modified_gmt":"2026-01-22T06:32:44","slug":"prefeitura-apresenta-indicadores-da-saude-em-2025-e-destaca-resultados-extraordinarios","status":"publish","type":"post","link":"https:\/\/www.encontrafeiradesantana.com.br\/sobre\/prefeitura-apresenta-indicadores-da-saude-em-2025-e-destaca-resultados-extraordinarios\/","title":{"rendered":"Prefeitura apresenta indicadores da Sa\u00fade em 2025 e destaca resultados &#8220;extraordin\u00e1rios&#8221;"},"content":{"rendered":"<div class=\"3f468104ad11f00a3c9ac948316f4265\" data-index=\"1\" style=\"float: none; margin:0px;\">\n<ins class=\"adsbygoogle\"\r\n     style=\"display:block\"\r\n     data-ad-client=\"ca-pub-8585364105181520\"\r\n     data-ad-slot=\"8789329856\"\r\n     data-ad-format=\"auto\"\r\n     data-full-width-responsive=\"true\"><\/ins>\r\n<script>\r\n     (adsbygoogle = window.adsbygoogle || []).push({});\r\n<\/script>\r\n\n<\/div>\n<h2>Avan\u00e7os Significativos na Rede Hospitalar<\/h2>\n<p>Em 2025, a rede hospitalar de Feira de Santana se destacou por v\u00e1rias inova\u00e7\u00f5es e melhorias que impactaram diretamente a qualidade do atendimento \u00e0 sa\u00fade. O Hospital da Mulher, uma das principais institui\u00e7\u00f5es de sa\u00fade do munic\u00edpio, foi um dos maiores exemplos desse avan\u00e7o. Este hospital n\u00e3o apenas atende \u00e0 sa\u00fade feminina, mas tamb\u00e9m atua como refer\u00eancia em assist\u00eancia neonatal. O prefeito Jos\u00e9 Ronaldo de Carvalho, durante a divulga\u00e7\u00e3o dos indicadores de desempenho, afirmou que o crescimento no n\u00famero de atendimentos reflete um compromisso cont\u00ednuo com a sa\u00fade p\u00fablica.<\/p>\n<p>A evolutiva estrutura do Hospital da Mulher teve um papel fundamental nesse cen\u00e1rio. A moderniza\u00e7\u00e3o das instala\u00e7\u00f5es, que incluiu novas tecnologias e equipamentos m\u00e9dicos, possibilitou um maior conforto e efici\u00eancia nos atendimentos. Isso n\u00e3o apenas aumentou o n\u00famero de consultas, mas tamb\u00e9m melhorou a agilidade no processo de interna\u00e7\u00e3o e tratamento, permitindo que servi\u00e7os essenciais atingissem um maior n\u00famero de pacientes.<\/p>\n<p>Al\u00e9m disso, foi implementada uma gest\u00e3o mais integrada entre as diferentes unidades que comp\u00f5em a rede hospitalar, facilitando o fluxo de informa\u00e7\u00f5es e a troca de experi\u00eancias entre as equipes de sa\u00fade. Essa sinergia foi crucial para que os profissionais de sa\u00fade pudessem se especializar e atender de forma mais eficaz \u00e0s necessidades da popula\u00e7\u00e3o, consolidando um modelo de gest\u00e3o hospitalar que prioriza a qualidade e a humaniza\u00e7\u00e3o do atendimento.<\/p>\n<p><img decoding=\"async\" src=\"https:\/\/www.encontrafeiradesantana.com.br\/sobre\/wp-content\/uploads\/2026\/01\/prefeitura-apresenta-indicadores-da-saude-em-2025-e-destaca-resultados-extraordinarios.webp\" alt=\"indicadores da Sa\u00fade em 2025\" loading=\"lazy\" \/><\/p>\n<h2>Resultados do Hospital da Mulher em 2025<\/h2>\n<p>Os n\u00fameros apresentados em 2025 pelo Hospital da Mulher de Feira de Santana foram impressionantes e demonstraram um compromisso inabal\u00e1vel com a excel\u00eancia na sa\u00fade. Com um total de 7.064 partos registrados, o hospital n\u00e3o s\u00f3 atendeu \u00e0 demanda de gestantes na regi\u00e3o, mas tamb\u00e9m proporcionou um ambiente seguro e acolhedor para elucidar a experi\u00eancia do parto. Dentre esses partos, 882 foram prematuros, indicando uma necessidade acentuada de cuidados especiais e uma estrutura capacitada para lidar com esses casos delicados.<\/p>\n<p>A unidade tamb\u00e9m contabilizou mais de 50 mil atendimentos no total, destacando-se pela realiza\u00e7\u00e3o de 12.572 interna\u00e7\u00f5es. Isso demonstra um fluxo intenso de pacientes recebendo cuidados m\u00e9dicos essenciais, que v\u00e3o desde consultas de rotina at\u00e9 atendimentos emergenciais e cir\u00fargicos. Entre os procedimentos realizados, as 1.758 laqueaduras e mais de 2.300 cirurgias eletivas refletem um atendimento cir\u00fargico diversificado, capaz de atender a v\u00e1rias demandas da popula\u00e7\u00e3o, sempre com o foco na qualidade e seguran\u00e7a do paciente.<\/p>\n<p>A Casa de Parto, que faz parte da rede hospitalar, tamb\u00e9m trouxe resultados significativos, com mais de 2,1 mil nascimentos registrados em 2025. Essa casa \u00e9 voltada para gestantes de baixo risco, oferecendo um espa\u00e7o adequado e humanizado para o parto, o que revela um comprometimento da gest\u00e3o em oferecer cuidados de sa\u00fade respeitosos e centrados na mulher.<\/p>\n<h2>Crescimento nas Consultas e Exames de Sa\u00fade<\/h2>\n<p>Em 2025, a demanda espont\u00e2nea por consultas m\u00e9dicas no munic\u00edpio de Feira de Santana aumentou em impressionantes 147%, totalizando quase 300 mil atendimentos. Essa estat\u00edstica \u00e9 um forte indicativo de que os cidad\u00e3os est\u00e3o buscando cada vez mais acesso \u00e0 sa\u00fade, e que as medidas adotadas pelas autoridades de sa\u00fade est\u00e3o validando essas iniciativas. O crescimento nas consultas demonstra a crescente confian\u00e7a da popula\u00e7\u00e3o nos servi\u00e7os oferecidos, al\u00e9m de uma promo\u00e7\u00e3o de conscientiza\u00e7\u00e3o sobre a import\u00e2ncia da preven\u00e7\u00e3o e do cuidado com a sa\u00fade.<\/p>\n<p>Al\u00e9m do aumento no n\u00famero de atendimentos, os dados indicaram um aumento de 5,2% no atendimento com especialistas, que somaram 694.321 consultas. Este crescimento n\u00e3o ocorre por acaso; resulta de campanhas de sa\u00fade que fomentam a busca por especialistas, al\u00e9m de um aprimoramento nas agendas e na disponibilidade dos profissionais para atender a popula\u00e7\u00e3o. Com campanhas de conscientiza\u00e7\u00e3o e um sistema de marca\u00e7\u00e3o mais eficiente, os cidad\u00e3os encontraram maior facilidade em realizar consultas, o que contribui para um melhor diagn\u00f3stico e, consequentemente, tratamentos mais eficazes.<\/p>\n<p>A realiza\u00e7\u00e3o de exames cl\u00ednicos e laboratoriais tamb\u00e9m acompanhou esse crescimento, refletindo a busca por um diagn\u00f3stico mais preciso e a import\u00e2ncia da preven\u00e7\u00e3o de doen\u00e7as. O acesso a exames de rotina \u00e9 fundamental, pois permite que doen\u00e7as sejam detectadas precocemente, aumentando significativamente as chances de tratamento eficaz e recupera\u00e7\u00e3o. Essa integra\u00e7\u00e3o entre consultas e exames \u00e9 um reflexo claro do trabalho zealous das autoridades de sa\u00fade, que t\u00eam se esfor\u00e7ado para garantir uma sa\u00fade p\u00fablica de qualidade.<\/p>\n<h2>Expans\u00e3o dos Servi\u00e7os de Aten\u00e7\u00e3o Prim\u00e1ria<\/h2>\n<p>A aten\u00e7\u00e3o prim\u00e1ria \u00e0 sa\u00fade \u00e9 a base de qualquer sistema de sa\u00fade s\u00f3lido e, em 2025, a Prefeitura de Feira de Santana alcan\u00e7ou uma amplia\u00e7\u00e3o significativa nesse setor. A estrat\u00e9gia de fortalecer a aten\u00e7\u00e3o prim\u00e1ria envolveu n\u00e3o apenas a expans\u00e3o da oferta de servi\u00e7os, mas tamb\u00e9m a melhoria da qualidade desses servi\u00e7os. Com isso, as a\u00e7\u00f5es de sa\u00fade foram centralizadas em unidades de sa\u00fade da fam\u00edlia, onde os profissionais da \u00e1rea puderam oferecer aten\u00e7\u00e3o integral e continuada aos seus pacientes.<\/p>\n<p>O crescimento de 14% no acompanhamento pr\u00e9-natal \u00e9 uma-segunda manifesta\u00e7\u00e3o dessa prioriza\u00e7\u00e3o da sa\u00fade prim\u00e1ria. Esse aumento demonstra que mais gestantes na regi\u00e3o est\u00e3o tendo acesso a cuidados adequados desde o in\u00edcio da gesta\u00e7\u00e3o, o que \u00e9 essencial para a sa\u00fade materna e infantil. O pr\u00e9-natal \u00e9 um componente crucial na minimiza\u00e7\u00e3o de complica\u00e7\u00f5es durante a gravidez e no parto, garantindo a sa\u00fade da m\u00e3e e do rec\u00e9m-nascido.<\/p>\n<p>Al\u00e9m disso, a Prefeitura implementou programas voltados \u00e0 sa\u00fade mental e bem-estar, como os oferecidos pelos Centros de Aten\u00e7\u00e3o Psicossocial (CAPS). Essas unidades t\u00eam se tornado um espa\u00e7o vital de acolhimento e tratamento para indiv\u00edduos em sofrimento mental, refletindo um compromisso com a sa\u00fade integral da popula\u00e7\u00e3o. O crescimento desses servi\u00e7os \u00e9 fundamental, pois a sa\u00fade mental \u00e9 muitas vezes negligenciada, e a presen\u00e7a de CAPS em um munic\u00edpio \u00e9 sin\u00f4nimo de cuidados humanos e adequados.<\/p>\n<h2>Aumento no Acompanhamento Pr\u00e9-Natal<\/h2>\n<p>O acompanhamento pr\u00e9-natal \u00e9 uma das \u00e1reas mais cr\u00edticas da sa\u00fade p\u00fablica, pois envolve a sa\u00fade da mulher e do rec\u00e9m-nascido. Com um aumento de 14% no n\u00famero de gestantes acompanhadas em 2025, Feira de Santana mostrou que est\u00e1 priorizando a sa\u00fade materno-infantil e que o acesso a esse tipo de cuidado \u00e9 uma realidade crescente para muitas mulheres. O pr\u00e9-natal desempenha um papel fundamental na preven\u00e7\u00e3o de complica\u00e7\u00f5es durante a gravidez, no parto e no p\u00f3s-parto, e esse resultado \u00e9 um indicativo da efic\u00e1cia das pol\u00edticas de sa\u00fade voltadas para essa popula\u00e7\u00e3o.<\/p>\n<p>Al\u00e9m do aumento no n\u00famero de gestantes atendidas, a qualidade do acompanhamento pr\u00e9-natal tamb\u00e9m vem sendo amplamente discutida. \u00c9 essencial que as mulheres tenham acesso a um acompanhamento cont\u00ednuo e a exames adequados que garantam tanto a sa\u00fade da m\u00e3e quanto do beb\u00ea. Com essa vis\u00e3o, as unidades de sa\u00fade t\u00eam trabalhado para ampliar a oferta de consultas e para disponibilizar profissionais capacitados dedicados ao atendimento das gestantes. Campanhas de conscientiza\u00e7\u00e3o sobre a import\u00e2ncia do pr\u00e9-natal tamb\u00e9m t\u00eam sido uma ferramenta vital para fomentar essa busca por atendimento.<\/p>\n<p>A educa\u00e7\u00e3o em sa\u00fade, que inclui informa\u00e7\u00f5es sobre alimenta\u00e7\u00e3o saud\u00e1vel, import\u00e2ncia das vacinas, e cuidados com a sa\u00fade mental durante a gravidez, \u00e9 outra \u00e1rea em que a Prefeitura tem investido, formando um verdadeiro c\u00edrculo de cuidado que vai al\u00e9m do atendimento m\u00e9dico, mas que deseja aprimorar a sa\u00fade da m\u00e3e e da crian\u00e7a de maneira integral.<\/p>\n<h2>Melhorias nos Centros de Aten\u00e7\u00e3o Psicossocial<\/h2>\n<p>Os Centros de Aten\u00e7\u00e3o Psicossocial (CAPS) s\u00e3o fundamentais para o tratamento de quest\u00f5es relacionadas \u00e0 sa\u00fade mental e, em 2025, Feira de Santana fez um esfor\u00e7o consider\u00e1vel para melhorar e expandir esses servi\u00e7os. Reconhecendo a import\u00e2ncia da sa\u00fade mental para o bem-estar geral da popula\u00e7\u00e3o, o munic\u00edpio buscou oferecer atendimento especializado e humanizado, promovendo o acolhimento e a compreens\u00e3o das necessidades individuais dos usu\u00e1rios.<\/p>\n<p>Uma das principais melhorias implementadas nos CAPS foi a capacita\u00e7\u00e3o dos profissionais de sa\u00fade que l\u00e1 atuam. Investimentos em forma\u00e7\u00e3o continuada e especializa\u00e7\u00f5es t\u00eam tornado os profissionais ainda mais aptos a atender \u00e0 diversidade de casos que chegam \u00e0s unidades, trazendo efetividade ao tratamento e proporcionando um espa\u00e7o seguro para o desabafo e a cura.<\/p>\n<p>A cria\u00e7\u00e3o de novos programas voltados para a preven\u00e7\u00e3o de crises e o fortalecimento da sa\u00fade mental na comunidade tamb\u00e9m foram fundamentais. A implementa\u00e7\u00e3o de oficinas terap\u00eauticas, grupos de apoio e iniciativas de sensibiliza\u00e7\u00e3o para o p\u00fablico em geral t\u00eam mostrado resultados significativos em rela\u00e7\u00e3o \u00e0 aceita\u00e7\u00e3o das pessoas com transtornos mentais e promovido uma vis\u00e3o mais positiva acerca da sa\u00fade mental no munic\u00edpio. Essa transforma\u00e7\u00e3o tem desmistificado tabus e promovido um apoio comunit\u00e1rio maior, garantindo que pessoas em sofrimento tenham um lugar seguro para buscar ajuda.<\/p>\n<h2>Impacto Positivo na Imuniza\u00e7\u00e3o da Popula\u00e7\u00e3o<\/h2>\n<p>A sa\u00fade de uma popula\u00e7\u00e3o \u00e9 diretamente afetada pela taxa de imuniza\u00e7\u00e3o, e em 2025, Feira de Santana viu um impacto positivo nas a\u00e7\u00f5es de imuniza\u00e7\u00e3o. As campanhas de vacina\u00e7\u00e3o tiveram uma abrang\u00eancia maior, atingindo grupos que anteriormente apresentavam resist\u00eancia ou dificuldades em acessar os servi\u00e7os de sa\u00fade. O compromisso do munic\u00edpio com a vacina\u00e7\u00e3o reflete uma crescente conscientiza\u00e7\u00e3o da import\u00e2ncia de vacinas na preven\u00e7\u00e3o de doen\u00e7as.<\/p>\n<p>As a\u00e7\u00f5es educativas desempenharam um papel vital na melhoria das taxas de imuniza\u00e7\u00e3o. Atrav\u00e9s de campanhas informativas e a mobiliza\u00e7\u00e3o da comunidade, os cidad\u00e3os foram incentivados a levar seus filhos e a si mesmos aos postos de sa\u00fade para receber as vacinas necess\u00e1rias. Essa conscientiza\u00e7\u00e3o \u00e9 fundamental, especialmente em tempos desafiadores, onde novas doen\u00e7as emergem constantemente. Com a imuniza\u00e7\u00e3o em dia, a comunidade de Feira de Santana come\u00e7a a constituir uma barreira de prote\u00e7\u00e3o coletiva, contribuindo para a sa\u00fade geral da popula\u00e7\u00e3o.<\/p>\n<p>Al\u00e9m disso, a Prefeitura investiu na amplia\u00e7\u00e3o do acesso \u00e0 vacina, estabelecendo parcerias com escolas e organiza\u00e7\u00f5es n\u00e3o governamentais para facilitar o deslocamento das comunidades mais vulner\u00e1veis at\u00e9 os centros de vacina\u00e7\u00e3o. Com esta estrutura de apoio, muitas pessoas que anteriormente n\u00e3o tinham a oportunidade de vacinar-se agora t\u00eam acesso livre a esses servi\u00e7os, refletindo no aumento das taxas de imuniza\u00e7\u00e3o e, consequentemente, na melhora da sa\u00fade p\u00fablica.<\/p>\n<h2>Investimentos Crescentes na Sa\u00fade Municipal<\/h2>\n<p>Em 2025, a sa\u00fade municipal de Feira de Santana teve um aumento significativo nos investimentos, que subiram de R$ 229,233 milh\u00f5es para R$ 284,157 milh\u00f5es, representando um crescimento de 24% em compara\u00e7\u00e3o ao ano anterior. Esses recursos t\u00eam sido fundamentais para a manuten\u00e7\u00e3o e amplia\u00e7\u00e3o dos servi\u00e7os de sa\u00fade, com foco especial no fortalecimento da rede hospitalar e na melhoria da qualidade no atendimento.<\/p>\n<p>Com os novos investimentos, a Prefeitura pode expandir programas existentes, melhorar a infraestrutura das unidades de sa\u00fade e adquirir equipamentos modernos, essenciais para a realiza\u00e7\u00e3o de procedimentos complexos. Aumento nas contrata\u00e7\u00f5es de profissionais de sa\u00fade qualificados \u00e9 outra consequ\u00eancia deste aporte financeiro, que garante a contrata\u00e7\u00e3o de m\u00e9dicos, enfermeiros e t\u00e9cnicos que desempenham fun\u00e7\u00f5es importantes no atendimento \u00e0 popula\u00e7\u00e3o.<\/p>\n<p>O secretario municipal de Sa\u00fade, Rodrigo Matos, destacou que esses resultados positivos est\u00e3o atrelados ao aumento de investimentos e \u00e0 melhoria na gest\u00e3o do sistema de sa\u00fade. Atrav\u00e9s de uma administra\u00e7\u00e3o mais eficiente e eficaz, \u00e9 poss\u00edvel garantir que os recursos sejam aplicados de maneira a refletir diretamente na qualidade dos servi\u00e7os oferecidos \u00e0 popula\u00e7\u00e3o, garantindo um padr\u00e3o de sa\u00fade mais adequado e satisfat\u00f3rio para todos.<\/p>\n<h2>Comparativo dos Indicadores de Sa\u00fade de Anos Anteriores<\/h2>\n<p>Os indicadores apresentados em 2025, especialmente em rela\u00e7\u00e3o ao atendimento na sa\u00fade, ressaltam um contraste bastante favor\u00e1vel com anos anteriores. Comparando os dados de 2025 com os de 2024, o crescimento nos atendimentos, partos e interna\u00e7\u00f5es mostra um padr\u00e3o de evolu\u00e7\u00e3o significativa nas pol\u00edticas p\u00fablicas de sa\u00fade. Enquanto nos anos anteriores, as dificuldades de acesso e a overloaded de servi\u00e7os eram frequentemente relatadas, 2025 se mostrou um marco no sentido de melhoria constante.<\/p>\n<p>De acordo com os dados hist\u00f3ricos, a quantidade de consultas e atendimentos realizados cresceu de forma exponencial. Em 2024, a quantidade de atendimentos havia aumentado, mas n\u00e3o na mesma intensidade que em 2025. O salto de 147% na demanda espont\u00e2nea \u00e9 uma clara evid\u00eancia do sucesso das estrat\u00e9gias de sensibiliza\u00e7\u00e3o e melhoria do acesso, que foram implementadas pelos gestores locais.<\/p>\n<p>Essa evolu\u00e7\u00e3o tamb\u00e9m se reflete nas visitas e internamentos, onde a experi\u00eancia de atendimento foi amplamente aprimorada. Em 2024, reportou-se uma quantidade menor de interna\u00e7\u00f5es e atendimentos, o que indicava uma necessidade n\u00e3o atendida. O desempenho de 2025 mostra que, com a inje\u00e7\u00e3o de recursos e uma reestrutura\u00e7\u00e3o da rede, o munic\u00edpio \u00e9 agora melhor posicionado para enfrentar as demandas da popula\u00e7\u00e3o.<\/p>\n<h2>Compromisso Cont\u00ednuo com a Qualidade do Atendimento<\/h2>\n<p>A qualidade do atendimento \u00e0 sa\u00fade \u00e9 um compromisso constante da gest\u00e3o municipal de Feira de Santana. As iniciativas focadas no atendimento humanizado, na respectiva celeridade dos servi\u00e7os e na continuidade dos cuidados t\u00eam sido uma prioridade na administra\u00e7\u00e3o da sa\u00fade. A melhoria cont\u00ednua da qualidade do atendimento \u00e9 essencial para que a popula\u00e7\u00e3o confie plenamente nos servi\u00e7os ofertados.<\/p>\n<p>Uma das estrat\u00e9gias para garantir a qualidade \u00e9 a promo\u00e7\u00e3o da capacita\u00e7\u00e3o dos profissionais de sa\u00fade. A forma\u00e7\u00e3o constante, com workshops e cursos de atualiza\u00e7\u00e3o, garante que os trabalhadores da sa\u00fade estejam sempre prontos para oferecer o melhor atendimento. Profissionais bem treinados s\u00e3o mais capazes de lidar com as necessidades dos pacientes de maneira mais eficaz, resultando em uma experi\u00eancia de atendimento mais satisfat\u00f3ria por parte da popula\u00e7\u00e3o.<\/p>\n<p>Al\u00e9m disso, o constante envolvimento com a comunidade \u00e9 fundamental para melhorar essa qualidade de atendimento. Realizar pesquisas de satisfa\u00e7\u00e3o e promover um canal aberto de comunica\u00e7\u00e3o entre a popula\u00e7\u00e3o e os servi\u00e7os de sa\u00fade permite que os gestores identifiquem problemas e \u00e1reas que precisam de melhorias. Ao ouvir a comunidade e responder a essas demandas, a gest\u00e3o pode implementar altera\u00e7\u00f5es significativas que impactam positivamente todos os aspectos da sa\u00fade no munic\u00edpio. Essa interatividade cria um ciclo de feedback que beneficia tanto a popula\u00e7\u00e3o quanto a administra\u00e7\u00e3o p\u00fablica, garantindo um sistema de sa\u00fade cada vez mais eficaz e acess\u00edvel.<\/p>\n\n<div style=\"font-size: 0px; height: 0px; line-height: 0px; margin: 0; padding: 0; clear: both;\"><\/div>","protected":false},"excerpt":{"rendered":"<p>Descubra os resultados extraordin\u00e1rios da sa\u00fade em 2025 apresentados pela Prefeitura.<\/p>\n","protected":false},"author":1,"featured_media":1512,"comment_status":"open","ping_status":"closed","sticky":false,"template":"","format":"standard","meta":{"footnotes":""},"categories":[6],"tags":[],"class_list":["post-1513","post","type-post","status-publish","format-standard","has-post-thumbnail","hentry","category-noticias-em-feira-de-santana","has_thumb"],"aioseo_notices":[],"_links":{"self":[{"href":"https:\/\/www.encontrafeiradesantana.com.br\/sobre\/wp-json\/wp\/v2\/posts\/1513","targetHints":{"allow":["GET"]}}],"collection":[{"href":"https:\/\/www.encontrafeiradesantana.com.br\/sobre\/wp-json\/wp\/v2\/posts"}],"about":[{"href":"https:\/\/www.encontrafeiradesantana.com.br\/sobre\/wp-json\/wp\/v2\/types\/post"}],"author":[{"embeddable":true,"href":"https:\/\/www.encontrafeiradesantana.com.br\/sobre\/wp-json\/wp\/v2\/users\/1"}],"replies":[{"embeddable":true,"href":"https:\/\/www.encontrafeiradesantana.com.br\/sobre\/wp-json\/wp\/v2\/comments?post=1513"}],"version-history":[{"count":0,"href":"https:\/\/www.encontrafeiradesantana.com.br\/sobre\/wp-json\/wp\/v2\/posts\/1513\/revisions"}],"wp:featuredmedia":[{"embeddable":true,"href":"https:\/\/www.encontrafeiradesantana.com.br\/sobre\/wp-json\/wp\/v2\/media\/1512"}],"wp:attachment":[{"href":"https:\/\/www.encontrafeiradesantana.com.br\/sobre\/wp-json\/wp\/v2\/media?parent=1513"}],"wp:term":[{"taxonomy":"category","embeddable":true,"href":"https:\/\/www.encontrafeiradesantana.com.br\/sobre\/wp-json\/wp\/v2\/categories?post=1513"},{"taxonomy":"post_tag","embeddable":true,"href":"https:\/\/www.encontrafeiradesantana.com.br\/sobre\/wp-json\/wp\/v2\/tags?post=1513"}],"curies":[{"name":"wp","href":"https:\/\/api.w.org\/{rel}","templated":true}]}}