{"id":1502,"date":"2026-01-20T03:32:36","date_gmt":"2026-01-20T06:32:36","guid":{"rendered":"https:\/\/www.encontrafeiradesantana.com.br\/sobre\/plantao-social-realiza-mais-de-10-mil-atendimentos-e-ultrapassa-25-mil-servicos-prestados-em-2025\/"},"modified":"2026-01-20T03:32:36","modified_gmt":"2026-01-20T06:32:36","slug":"plantao-social-realiza-mais-de-10-mil-atendimentos-e-ultrapassa-25-mil-servicos-prestados-em-2025","status":"publish","type":"post","link":"https:\/\/www.encontrafeiradesantana.com.br\/sobre\/plantao-social-realiza-mais-de-10-mil-atendimentos-e-ultrapassa-25-mil-servicos-prestados-em-2025\/","title":{"rendered":"Plant\u00e3o Social realiza mais de 10 mil atendimentos e ultrapassa 2,5 mil servi\u00e7os prestados em 2025"},"content":{"rendered":"<div class=\"3f468104ad11f00a3c9ac948316f4265\" data-index=\"1\" style=\"float: none; margin:0px;\">\n<ins class=\"adsbygoogle\"\r\n     style=\"display:block\"\r\n     data-ad-client=\"ca-pub-8585364105181520\"\r\n     data-ad-slot=\"8789329856\"\r\n     data-ad-format=\"auto\"\r\n     data-full-width-responsive=\"true\"><\/ins>\r\n<script>\r\n     (adsbygoogle = window.adsbygoogle || []).push({});\r\n<\/script>\r\n\n<\/div>\n<h2>Resultados do Plant\u00e3o Social em 2025<\/h2>\n<p>O Plant\u00e3o Social, gerido pela Secretaria Municipal de Desenvolvimento Social em Feira de Santana, apresentou resultados not\u00e1veis em 2025. Ao longo do ano, foram contabilizados um total de <strong>10.747 atendimentos<\/strong>. Esse n\u00famero ressalta a import\u00e2ncia e a abrang\u00eancia dos servi\u00e7os oferecidos, especialmente em uma comunidade onde v\u00e1rias pessoas enfrentam situa\u00e7\u00f5es de vulnerabilidade social. O servi\u00e7o se destaca n\u00e3o apenas pela quantidade, mas pela qualidade no atendimento, sempre buscando oferecer um suporte humanizado \u00e0s demandas da popula\u00e7\u00e3o.<\/p>\n<p>No contexto de atendimentos, foram registrados <strong>4.528 atendimentos a homens<\/strong> e <strong>3.562 a mulheres<\/strong>, evidenciando uma representa\u00e7\u00e3o consider\u00e1vel de ambos os g\u00eaneros no acesso ao Plant\u00e3o Social. Essa estat\u00edstica pode refletir n\u00e3o apenas a distribui\u00e7\u00e3o de g\u00eanero na popula\u00e7\u00e3o atendida, mas tamb\u00e9m a efic\u00e1cia das campanhas de conscientiza\u00e7\u00e3o e mobiliza\u00e7\u00e3o social promovidas em torno dos servi\u00e7os oferecidos.<\/p>\n<p>O Plant\u00e3o Social, como servi\u00e7o, vai al\u00e9m das estat\u00edsticas. Ele representa um espa\u00e7o de acolhimento onde os indiv\u00edduos podem expressar suas necessidades e buscar solu\u00e7\u00f5es. O total de <strong>mais de 2.500 servi\u00e7os prestados<\/strong> comprova a efici\u00eancia e a dedica\u00e7\u00e3o da equipe que atua na linha de frente, sempre pronta para ajudar os que mais precisam.<\/p>\n<p><img decoding=\"async\" src=\"https:\/\/www.encontrafeiradesantana.com.br\/sobre\/wp-content\/uploads\/2026\/01\/plantao-social-realiza-mais-de-10-mil-atendimentos-e-ultrapassa-2-5-mil-servicos-prestados-em-2025.webp\" alt=\"Plant\u00e3o Social\" loading=\"lazy\" \/><\/p>\n<h2>Atendimentos por g\u00eanero: homens e mulheres<\/h2>\n<p>A divis\u00e3o dos atendimentos entre homens e mulheres \u00e9 uma informa\u00e7\u00e3o crucial para entender como o Plant\u00e3o Social est\u00e1 atingindo diferentes setores da sociedade. O fato de ter atendido <strong>4.528 homens<\/strong> e <strong>3.562 mulheres<\/strong> sugere um maior \u00edndice de homens buscando apoio. Esse dado pode resultar de diversas situa\u00e7\u00f5es, incluindo a percep\u00e7\u00e3o de necessidade de ajuda e a disposi\u00e7\u00e3o para buscar assist\u00eancia. Contudo, \u00e9 importante considerar tamb\u00e9m que as mulheres, tradicionalmente, s\u00e3o as principais cuidadoras e podem buscar apoio de formas diferentes, muitas vezes atrav\u00e9s de outros servi\u00e7os de sa\u00fade ou assist\u00eancia social.<\/p>\n<p>Al\u00e9m disso, a an\u00e1lise dessa divis\u00e3o de g\u00eanero ajuda a identificar como o servi\u00e7o pode ser aprimorado para atender ainda melhor suas demandas. A gest\u00e3o do Plant\u00e3o Social pode utilizar essas informa\u00e7\u00f5es para direcionar a\u00e7\u00f5es espec\u00edficas que incentivem ainda mais a busca por servi\u00e7os por parte das mulheres, que devem ser encorajadas a se aproximar do Plant\u00e3o para tratar n\u00e3o s\u00f3 de quest\u00f5es relacionadas \u00e0 viol\u00eancia, mas tamb\u00e9m de outras necessidades emergenciais.<\/p>\n<h2>Servi\u00e7os prestados \u00e0 popula\u00e7\u00e3o vulner\u00e1vel<\/h2>\n<p>O Plant\u00e3o Social abrangeu uma ampla gama de servi\u00e7os destinados \u00e0 popula\u00e7\u00e3o em situa\u00e7\u00e3o de vulnerabilidade. Com mais de 2.500 servi\u00e7os prestados, a Secretaria Municipal de Desenvolvimento Social se dedicou a entregar respostas r\u00e1pidas e eficazes a diversas situa\u00e7\u00f5es enfrentadas pela comunidade. Entre os servi\u00e7os mais destacados est\u00e3o o <strong>Aux\u00edlio Funeral<\/strong>, atendimentos emergenciais e encaminhamentos para redes de apoio social.<\/p>\n<p>O aux\u00edlio funeral, por exemplo, \u00e9 uma das modalidades de servi\u00e7o mais sens\u00edveis, ainda mais considerando as dificuldades emocionais e financeiras que uma morte acarreta. Neste contexto, foram realizados <strong>268 atendimentos para aux\u00edlio funeral<\/strong>, o que demonstra o compromisso da administra\u00e7\u00e3o em apoiar as fam\u00edlias nos momentos mais dif\u00edceis. Este apoio vai al\u00e9m do suporte material, pois tamb\u00e9m envolve acolhimento emocional e o respeito necess\u00e1rio nessa fase delicada da vida.<\/p>\n<p>Os <strong>atendimentos emergenciais<\/strong> tamb\u00e9m desempenham um papel vital, oferecendo assist\u00eancia imediata a indiv\u00edduos e fam\u00edlias que se deparam com situa\u00e7\u00f5es inesperadas, como a perda de moradia ou casos de viol\u00eancia. Essas interven\u00e7\u00f5es s\u00e3o fundamentais para garantir a seguran\u00e7a e a integridade das pessoas atendidas, propiciando-lhes um caminho poss\u00edvel para a reconstru\u00e7\u00e3o de suas vidas. Somente no \u00faltimo ano, o Plant\u00e3o Social registrou <strong>715 atendimentos diretos<\/strong>.<\/p>\n<h2>A import\u00e2ncia do acolhimento humanizado<\/h2>\n<p>O acolhimento humanizado \u00e9 um componente essencial do trabalho realizado pelo Plant\u00e3o Social. Esse tipo de atendimento visa reconhecer a dignidade de cada indiv\u00edduo e proporcionar um ambiente seguro, onde as pessoas possam expressar suas preocupa\u00e7\u00f5es e necessidades sem medo de julgamento. A humaniza\u00e7\u00e3o no atendimento \u00e9 um princ\u00edpio que permeia todos os servi\u00e7os prestados, refletindo o compromisso da gest\u00e3o municipal em promover o respeito e a empatia nas rela\u00e7\u00f5es.<\/p>\n<p>O Plant\u00e3o Social se destaca pela escuta qualificada que oferece, fundamental para entender as especificidades de cada caso. Esse acolhimento permite que as equipes possam encaminhar as demandas para servi\u00e7os adequados e necess\u00e1rios, assim como oferecer orienta\u00e7\u00e3o sobre pol\u00edticas p\u00fablicas dispon\u00edveis. Esse tipo de abordagem n\u00e3o apenas facilita o acesso \u00e0 assist\u00eancia, mas tamb\u00e9m ajuda a restaurar a confian\u00e7a dos cidad\u00e3os na administra\u00e7\u00e3o p\u00fablica e em seus mecanismos de suporte.<\/p>\n<p>Al\u00e9m disso, o acolhimento humanizado fomenta um senso de comunidade e pertencimento, onde os indiv\u00edduos sentem que n\u00e3o est\u00e3o sozinhos em suas lutas. Por vezes, a simples percep\u00e7\u00e3o de que algu\u00e9m se importa e est\u00e1 disposto a escut\u00e1-los pode fazer uma grande diferen\u00e7a na vida de quem busca ajuda.<\/p>\n<h2>Enfrentamento da vulnerabilidade social<\/h2>\n<p>A vulnerabilidade social \u00e9 um fen\u00f4meno complexo que atinge diversas camadas da sociedade, e o Plant\u00e3o Social desempenha um papel crucial no enfrentamento desse desafio. Atrav\u00e9s dos atendimentos realizados, \u00e9 poss\u00edvel identificar n\u00e3o apenas as necessidades imediatas das pessoas, mas tamb\u00e9m compreender a inter-rela\u00e7\u00e3o entre quest\u00f5es sociais, econ\u00f4micas e culturais que contribuem para essa vulnerabilidade.<\/p>\n<p>A atua\u00e7\u00e3o do Plant\u00e3o Social vai al\u00e9m do atendimento direto; ela tamb\u00e9m envolve uma perspectiva de longo prazo, em que a identifica\u00e7\u00e3o das necessidades mais profundas se torna um foco central. O trabalho em conjunto com outras pol\u00edticas p\u00fablicas \u00e9 essencial para abordar a vulnerabilidade de forma integral. Por exemplo, o encaminhamento para programas de educa\u00e7\u00e3o e emprego pode ser uma forma eficaz de romper com ciclos de pobreza.<\/p>\n<p>O enfrentamento exitoso da vulnerabilidade social requer uma resposta articulada entre diversos setores, onde cada parte da sociedade, do governo a ONGs, desempenha um papel ativo na promo\u00e7\u00e3o de direitos e na melhoria da qualidade de vida das pessoas. O Plant\u00e3o Social \u00e9 um ponto de partida nesse processo, oferecendo servi\u00e7os diretos enquanto tamb\u00e9m mobiliza parcerias estrat\u00e9gicas com outras institui\u00e7\u00f5es.<\/p>\n<h2>Declara\u00e7\u00f5es da secret\u00e1ria Gerusa Sampaio<\/h2>\n<p>A secret\u00e1ria de Desenvolvimento Social, Gerusa Sampaio, destacou em suas declara\u00e7\u00f5es a relev\u00e2ncia do trabalho realizado pelo Plant\u00e3o Social. Ela enfatizou que a equipe n\u00e3o apenas busca solu\u00e7\u00f5es imediatas para as demandas urgentes, mas tamb\u00e9m se dedica a compreender as necessidades complexas de cada cidad\u00e3o. A vis\u00e3o dela \u00e9 clara: garantir que todos tenham acesso a direitos e cidadania, n\u00e3o apenas na teoria, mas na pr\u00e1tica.<\/p>\n<p>A secret\u00e1ria ressaltou que o compromisso da administra\u00e7\u00e3o \u00e9 de continuar ampliando e melhorando os servi\u00e7os oferecidos. Segundo ela, a busca pelo fortalecimento da rede de prote\u00e7\u00e3o social \u00e9 prioridade, com o objetivo de garantir que ningu\u00e9m fique desassistido e que todos possam vivenciar uma vida digna e com qualidade.<\/p>\n<p>Essas declara\u00e7\u00f5es s\u00e3o um reflexo da disposi\u00e7\u00e3o do governo local em investir em a\u00e7\u00f5es que fazem a diferen\u00e7a na vida da popula\u00e7\u00e3o. O reconhecimento da import\u00e2ncia do acolhimento e do respeito pelas hist\u00f3rias de vida dos cidad\u00e3os se alinha com os princ\u00edpios de uma gest\u00e3o socialmente respons\u00e1vel e comprometida com os direitos humanos.<\/p>\n<h2>Atendimentos em situa\u00e7\u00f5es emergenciais<\/h2>\n<p>Os atendimentos em situa\u00e7\u00f5es emergenciais representam uma das facetas mais cr\u00edticas do trabalho do Plant\u00e3o Social. Esses casos muitas vezes surgem de eventos inesperados e devastadores, como viol\u00eancia dom\u00e9stica, desastres naturais ou perda repentina de moradia. A capacidade de resposta r\u00e1pida e eficiente vai al\u00e9m do simples acolhimento, envolvendo tamb\u00e9m a articula\u00e7\u00e3o com outras redes de suporte que podem ser acionadas conforme a necessidade.<\/p>\n<p>A equipe do Plant\u00e3o Social \u00e9 treinada para lidar com situa\u00e7\u00f5es de alta press\u00e3o e estresse emocional, oferecendo estrat\u00e9gias de enfrentamento e apoio imediato. Essa compet\u00eancia \u00e9 crucial, considerando que muitos cidad\u00e3os atendidos encontram-se em estados de vulnerabilidade extrema, muitas vezes com suas vidas em risco. A confian\u00e7a que esses indiv\u00edduos depositam na equipe do Plant\u00e3o \u00e9 uma responsabilidade que a administra\u00e7\u00e3o leva a s\u00e9rio.<\/p>\n<p>Com um total de <strong>972 encaminhamentos<\/strong> realizados em situa\u00e7\u00f5es emergenciais, fica evidente o esfor\u00e7o constantem para proporcionar uma rede de apoio robusta a quem precisa. Esses encaminhamentos incluem desde assist\u00eancia m\u00e9dica e psicol\u00f3gica at\u00e9 o acesso a alojamentos tempor\u00e1rios e programas de reintegra\u00e7\u00e3o social, todos essenciais para restabelecer a dignidade e a seguran\u00e7a dos cidad\u00e3os em situa\u00e7\u00f5es adversas.<\/p>\n<h2>Demandas mais frequentes atendidas<\/h2>\n<p>Ao longo do ano, o Plant\u00e3o Social atendeu a uma diversidade de demandas, refletindo as realidades enfrentadas pela popula\u00e7\u00e3o local. Entre as solicita\u00e7\u00f5es mais comuns est\u00e3o aquelas relacionadas \u00e0 vulnerabilidade socioecon\u00f4mica, casos de viol\u00eancia, aus\u00eancia de moradia e situa\u00e7\u00f5es emergenciais que exigem um apoio imediato. Essas \u00e1reas de atendimento n\u00e3o apenas ilustram as necessidades da comunidade, mas tamb\u00e9m guiam a gest\u00e3o no aprimoramento cont\u00ednuo dos servi\u00e7os.<\/p>\n<p>Os casos de vulnerabilidade socioecon\u00f4mica se destacam com frequ\u00eancia nas demandas, evidenciando a necessidade de interven\u00e7\u00f5es que possam promover o desenvolvimento e a autonomia financeira das fam\u00edlias atendidas. As situa\u00e7\u00f5es de viol\u00eancia, por sua vez, exigem uma aten\u00e7\u00e3o especial, j\u00e1 que podem estar atreladas a quest\u00f5es hist\u00f3ricas e culturais profundas, exigindo um trabalho preventivo e de conscientiza\u00e7\u00e3o em todos os n\u00edveis da sociedade.<\/p>\n<p>A aus\u00eancia de moradia \u00e9 outra quest\u00e3o cr\u00edtica que demanda uma resposta eficaz. O acesso \u00e0 moradia digna \u00e9 um direito fundamental e tem efeitos diretos sobre a sa\u00fade e bem-estar das pessoas. A promo\u00e7\u00e3o de programas que visem \u00e0 inclus\u00e3o habitacional \u00e9 um desafio que precisa ser abordado com urg\u00eancia.<\/p>\n<h2>A articula\u00e7\u00e3o com pol\u00edticas p\u00fablicas<\/h2>\n<p>A articula\u00e7\u00e3o com outras pol\u00edticas p\u00fablicas \u00e9 um pilar central do trabalho do Plant\u00e3o Social. Acredita-se que nenhum programa ter\u00e1 sucesso isoladamente e, portanto, \u00e9 fundamental que haja uma colabora\u00e7\u00e3o entre diversas esferas da administra\u00e7\u00e3o p\u00fablica e da sociedade civil. Essa colabora\u00e7\u00e3o n\u00e3o apenas facilita a troca de informa\u00e7\u00f5es, mas tamb\u00e9m potencializa os recursos dispon\u00edveis para atender \u00e0s demandas da popula\u00e7\u00e3o.<\/p>\n<p>Por meio de parcerias com outras secretarias e servi\u00e7os, como sa\u00fade, educa\u00e7\u00e3o e seguran\u00e7a, o Plant\u00e3o Social consegue encaminhar indiv\u00edduos e fam\u00edlias para programas que atendam \u00e0s suas necessidades de forma mais integral. Essa articula\u00e7\u00e3o permite criar um fluxo de trabalho que resulta em a\u00e7\u00f5es mais eficazes, beneficiando assim uma gama maior de cidad\u00e3os.<\/p>\n<p>Al\u00e9m disso, a Secret\u00e1ria Gerusa Sampaio j\u00e1 mencionou a import\u00e2ncia da parceria com organiza\u00e7\u00f5es n\u00e3o-governamentais e iniciativas comunit\u00e1rias. Essas colabora\u00e7\u00f5es fortalecem a rede de prote\u00e7\u00e3o social e proporcionam um suporte mais abrangente, fazendo a diferen\u00e7a na vida de muitas fam\u00edlias.<\/p>\n<h2>Impacto social do Plant\u00e3o Social<\/h2>\n<p>O impacto social do Plant\u00e3o Social em Feira de Santana \u00e9 incalcul\u00e1vel. Atrav\u00e9s de seus atendimentos, a Secretaria Municipal de Desenvolvimento Social atua diretamente na vida de milhares de cidad\u00e3os, oferecendo n\u00e3o apenas suporte, mas tamb\u00e9m esperan\u00e7a e dignidade. O fato de ter ultrapassado a marca de <strong>10.747 atendimentos<\/strong> mostra claramente como a demanda por esses servi\u00e7os \u00e9 alta e como a comunidade confia na ajuda recebida.<\/p>\n<p>Mais do que atender, o Plant\u00e3o Social promove a conscientiza\u00e7\u00e3o acerca dos direitos sociais. Aumentar a visibilidade das quest\u00f5es enfrentadas pela popula\u00e7\u00e3o vulner\u00e1vel \u00e9 uma forma de mobilizar a\u00e7\u00f5es coletivas e de fortalecer a cidadania. Dessa forma, o trabalho realizado n\u00e3o apenas impacta aqueles que recebem os servi\u00e7os, mas tamb\u00e9m toda a comunidade, promovendo uma cultura de solidariedade e participa\u00e7\u00e3o ativa na constru\u00e7\u00e3o de um ambiente mais justo e inclusivo.<\/p>\n<p>O modelo de a\u00e7\u00e3o do Plant\u00e3o Social, que integra acolhimento humanizado, articula\u00e7\u00e3o com outras pol\u00edticas e resposta a situa\u00e7\u00f5es emergenciais, serve como um exemplo a ser seguido em outras localidades. Essa abordagem multifacetada garante que os direitos sociais sejam respeitados e tratados com a devida seriedade, estimulando o fortalecimento da rede de prote\u00e7\u00e3o social em todo o munic\u00edpio.<\/p>\n\n<div style=\"font-size: 0px; height: 0px; line-height: 0px; margin: 0; padding: 0; clear: both;\"><\/div>","protected":false},"excerpt":{"rendered":"<p>Plant\u00e3o Social realizou mais de 10 mil atendimentos no ano de 2025.<\/p>\n","protected":false},"author":1,"featured_media":1501,"comment_status":"open","ping_status":"closed","sticky":false,"template":"","format":"standard","meta":{"footnotes":""},"categories":[6],"tags":[],"class_list":["post-1502","post","type-post","status-publish","format-standard","has-post-thumbnail","hentry","category-noticias-em-feira-de-santana","has_thumb"],"aioseo_notices":[],"_links":{"self":[{"href":"https:\/\/www.encontrafeiradesantana.com.br\/sobre\/wp-json\/wp\/v2\/posts\/1502","targetHints":{"allow":["GET"]}}],"collection":[{"href":"https:\/\/www.encontrafeiradesantana.com.br\/sobre\/wp-json\/wp\/v2\/posts"}],"about":[{"href":"https:\/\/www.encontrafeiradesantana.com.br\/sobre\/wp-json\/wp\/v2\/types\/post"}],"author":[{"embeddable":true,"href":"https:\/\/www.encontrafeiradesantana.com.br\/sobre\/wp-json\/wp\/v2\/users\/1"}],"replies":[{"embeddable":true,"href":"https:\/\/www.encontrafeiradesantana.com.br\/sobre\/wp-json\/wp\/v2\/comments?post=1502"}],"version-history":[{"count":0,"href":"https:\/\/www.encontrafeiradesantana.com.br\/sobre\/wp-json\/wp\/v2\/posts\/1502\/revisions"}],"wp:featuredmedia":[{"embeddable":true,"href":"https:\/\/www.encontrafeiradesantana.com.br\/sobre\/wp-json\/wp\/v2\/media\/1501"}],"wp:attachment":[{"href":"https:\/\/www.encontrafeiradesantana.com.br\/sobre\/wp-json\/wp\/v2\/media?parent=1502"}],"wp:term":[{"taxonomy":"category","embeddable":true,"href":"https:\/\/www.encontrafeiradesantana.com.br\/sobre\/wp-json\/wp\/v2\/categories?post=1502"},{"taxonomy":"post_tag","embeddable":true,"href":"https:\/\/www.encontrafeiradesantana.com.br\/sobre\/wp-json\/wp\/v2\/tags?post=1502"}],"curies":[{"name":"wp","href":"https:\/\/api.w.org\/{rel}","templated":true}]}}