{"id":1500,"date":"2026-01-20T03:31:00","date_gmt":"2026-01-20T06:31:00","guid":{"rendered":"https:\/\/www.encontrafeiradesantana.com.br\/sobre\/centro-pop-realiza-mais-de-25-mil-atendimentos-em-2025-e-reforca-cuidado-a-populacao-em-situacao-de-rua\/"},"modified":"2026-01-20T03:31:00","modified_gmt":"2026-01-20T06:31:00","slug":"centro-pop-realiza-mais-de-25-mil-atendimentos-em-2025-e-reforca-cuidado-a-populacao-em-situacao-de-rua","status":"publish","type":"post","link":"https:\/\/www.encontrafeiradesantana.com.br\/sobre\/centro-pop-realiza-mais-de-25-mil-atendimentos-em-2025-e-reforca-cuidado-a-populacao-em-situacao-de-rua\/","title":{"rendered":"Centro POP realiza mais de 25 mil atendimentos em 2025 e refor\u00e7a cuidado \u00e0 popula\u00e7\u00e3o em situa\u00e7\u00e3o de rua"},"content":{"rendered":"<div class=\"3f468104ad11f00a3c9ac948316f4265\" data-index=\"1\" style=\"float: none; margin:0px;\">\n<ins class=\"adsbygoogle\"\r\n     style=\"display:block\"\r\n     data-ad-client=\"ca-pub-8585364105181520\"\r\n     data-ad-slot=\"8789329856\"\r\n     data-ad-format=\"auto\"\r\n     data-full-width-responsive=\"true\"><\/ins>\r\n<script>\r\n     (adsbygoogle = window.adsbygoogle || []).push({});\r\n<\/script>\r\n\n<\/div>\n<h2>Atendimentos Realizados no \u00daltimo Trimestre<\/h2>\n<p>O Centro de Refer\u00eancia Especializado para Popula\u00e7\u00e3o em Situa\u00e7\u00e3o de Rua (Centro POP) teve um desempenho not\u00e1vel durante o \u00faltimo trimestre de 2025. Somente nesse per\u00edodo, foram registrados 8.331 atendimentos realizados pelas equipes t\u00e9cnicas. Essa alta demanda representa a efic\u00e1cia do trabalho do centro e a necessidade cont\u00ednua de assist\u00eancia \u00e0 popula\u00e7\u00e3o vulner\u00e1vel. Al\u00e9m disso, 4.174 indiv\u00edduos foram atendidos pelo Servi\u00e7o Especializado em Abordagem Social (SEA), uma parte integral da abordagem adotada para lidar com a quest\u00e3o da popula\u00e7\u00e3o em situa\u00e7\u00e3o de rua.<\/p>\n<p>Os n\u00fameros impressionantes refletem o comprometimento da equipe t\u00e9cnica em entender e abordar as diversas fragilidades enfrentadas pelos usu\u00e1rios. Com um total de 225 pessoas participando de atividades coletivas, o Centro POP se reafirma como um espa\u00e7o de acolhimento e intera\u00e7\u00e3o social. Durante esse \u00faltimo trimestre, foram realizados 4.451 encaminhamentos para outros servi\u00e7os, programas e benef\u00edcios, permitindo que os atendidos tenham acesso a uma gama de recursos que podem ser essenciais para sua recupera\u00e7\u00e3o e reintegra\u00e7\u00e3o social.<\/p>\n<p>Esses dados n\u00e3o apenas ilustram a import\u00e2ncia do trabalho realizado, mas tamb\u00e9m mostram a urg\u00eancia de medidas cont\u00ednuas. O aumento no n\u00famero de atendimentos poderia ser visto como um indicativo de maior car\u00eancia de suporte social, um fen\u00f4meno que deve ser discutido em n\u00edvel comunit\u00e1rio, visando a cria\u00e7\u00e3o de solu\u00e7\u00f5es sustent\u00e1veis.<\/p>\n<p><img decoding=\"async\" src=\"https:\/\/www.encontrafeiradesantana.com.br\/sobre\/wp-content\/uploads\/2026\/01\/centro-pop-realiza-mais-de-25-mil-atendimentos-em-2025-e-reforca-cuidado-a-populacao-em-situacao-de-.webp\" alt=\"Centro POP realiza mais de 25 mil atendimentos em 2025 e refor\u00e7a cuidado \u00e0 popula\u00e7\u00e3o em situa\u00e7\u00e3o de rua\" loading=\"lazy\" \/><\/p>\n<h2>Pol\u00edtica P\u00fablica de Prote\u00e7\u00e3o Social<\/h2>\n<p>A pol\u00edtica p\u00fablica de prote\u00e7\u00e3o social, conforme definida pela Secretaria Municipal de Desenvolvimento Social, proporciona uma rede de suporte que vai al\u00e9m do simples atendimento emergencial. O Centro POP \u00e9 parte central dessa estrat\u00e9gia, essencial para assegurar direitos fundamentais da popula\u00e7\u00e3o em situa\u00e7\u00e3o de rua, como acesso \u00e0 sa\u00fade, habita\u00e7\u00e3o e trabalho. Os dados referentes ao ano de 2025, que revelam 25.960 atendimentos, s\u00e3o um testemunho do compromisso da Prefeitura Municipal em promover a dignidade humana atrav\u00e9s de a\u00e7\u00f5es integradas.<\/p>\n<p>A secret\u00e1ria municipal de Desenvolvimento Social, Gerusa Sampaio, enfatizou que cada atendimento representa uma vida, ressaltando a necessidade de um acolhimento respeitoso e digno. Isso revela que as pol\u00edticas sociais devem ser baseadas em princ\u00edpios de solidariedade e empatia. As a\u00e7\u00f5es do Centro POP n\u00e3o se limitam a desestigmatizar a popula\u00e7\u00e3o em situa\u00e7\u00e3o de rua, mas tamb\u00e9m t\u00eam o objetivo de promover a inclus\u00e3o social e a constru\u00e7\u00e3o de a partir do fortalecimento de v\u00ednculos.<\/p>\n<p>Al\u00e9m disso, a coordena\u00e7\u00e3o entre diferentes servi\u00e7os e programas \u00e9 essencial para o sucesso dessa pol\u00edtica p\u00fablica. A colabora\u00e7\u00e3o entre o Centro POP e o SEA garante que os atendidos possam receber o suporte necess\u00e1rio em m\u00faltiplas esferas \u2013 desde a assist\u00eancia social at\u00e9 cuidados de sa\u00fade mental. Isso representa uma abordagem hol\u00edstica, focada na reabilita\u00e7\u00e3o e na reintegra\u00e7\u00e3o dos indiv\u00edduos em situa\u00e7\u00e3o de rua \u00e0 sociedade.<\/p>\n<h2>Cuidado Integral \u00e0 Popula\u00e7\u00e3o em Situa\u00e7\u00e3o de Rua<\/h2>\n<p>O cuidado integral \u00e9 um dos pilares fundamentais do atendimento oferecido pelo Centro POP. Essa abordagem busca considerar n\u00e3o somente as necessidades imediatas das pessoas em situa\u00e7\u00e3o de rua, mas tamb\u00e9m suas demandas emocionais, sociais e f\u00edsicas. No \u00faltimo trimestre de 2025, a equipe do Centro POP trabalhou ativamente em conson\u00e2ncia com outros \u00f3rg\u00e3os e servi\u00e7os dispon\u00edveis, permitindo que 98 benef\u00edcios eventuais fossem concedidos, garantindo suporte imediato a necessidades emergenciais.<\/p>\n<p>Al\u00e9m dos atendimentos individualizados, o Centro POP oferece atividades de socializa\u00e7\u00e3o que ajudam a criar um espa\u00e7o seguro para os atendidos. O foco na sa\u00fade mental \u00e9 tamb\u00e9m uma prioridade, com orienta\u00e7\u00e3o e suporte psicol\u00f3gico dispon\u00edveis para aqueles que enfrentam n\u00e3o apenas a falta de um lar, mas tamb\u00e9m o estigma e a marginaliza\u00e7\u00e3o.<\/p>\n<p>Atrav\u00e9s dessas a\u00e7\u00f5es, o Centro POP promove um cuidado que vai al\u00e9m do ato de atender. Ele busca transformar a experi\u00eancia de cada indiv\u00edduo, fazendo com que a popula\u00e7\u00e3o em situa\u00e7\u00e3o de rua se sinta valorizada e respeitada. O impacto desse olhar humanizado no atendimento \u00e9 ineg\u00e1vel; muitas vezes, as pequenas a\u00e7\u00f5es realizadas por profissionais dedicados podem reverter situa\u00e7\u00f5es de vulnerabilidade em oportunidades de recome\u00e7o.<\/p>\n<h2>Atividades Coletivas no Centro POP<\/h2>\n<p>As atividades coletivas desempenham um papel crucial no refor\u00e7o da comunidade entre a popula\u00e7\u00e3o em situa\u00e7\u00e3o de rua. No \u00faltimo trimestre de 2025, foram 225 pessoas que participaram de atividades grupais. Essas iniciativas n\u00e3o s\u00f3 promovem a socializa\u00e7\u00e3o e a intera\u00e7\u00e3o, mas tamb\u00e9m visam desenvolver habilidades e compet\u00eancias, ajudando os participantes a reconstruir sua autoestima e autoconfian\u00e7a.<\/p>\n<p>As atividades no Centro POP incluem oficinas de habilidades, rodas de conversa, e encontros tem\u00e1ticos que abordam quest\u00f5es sociais relevantes, promovendo a conscientiza\u00e7\u00e3o e a forma\u00e7\u00e3o de novos v\u00ednculos sociais. Essa intera\u00e7\u00e3o entre os atendidos \u00e9 fundamental, pois muitos deles v\u00eam de contextos sociais solit\u00e1rios e se beneficiam de um espa\u00e7o que lhes permite construir relacionamentos e suporte m\u00fatuo.<\/p>\n<p>Al\u00e9m do mais, o incentivo \u00e0 participa\u00e7\u00e3o ativa em atividades coletivas auxilia na cria\u00e7\u00e3o de uma rede de apoio eficaz para aqueles que buscam reconstruir suas vidas. Muitas vezes, o simples fato de saber que existem outros enfrentando desafios semelhantes pode ser um catalisador para a mudan\u00e7a positiva nas vidas desses indiv\u00edduos.<\/p>\n<h2>A Import\u00e2ncia da Abordagem Social<\/h2>\n<p>A abordagem social realizada pelo Servi\u00e7o Especializado em Abordagem Social (SEA) \u00e9 uma estrat\u00e9gia essencial para alcan\u00e7ar e atender pessoas em situa\u00e7\u00e3o de rua. Nos \u00faltimos meses, 4.466 atendimentos foram registrados apenas no SEA, evidenciando a necessidade cr\u00edtica de uma abordagem que v\u00e1 at\u00e9 o usu\u00e1rio em seu pr\u00f3prio territ\u00f3rio, oferecendo ajuda onde \u00e9 mais necess\u00e1ria.<\/p>\n<p>Os profissionais do SEA s\u00e3o treinados para identificar as realidades de vida dos indiv\u00edduos, abordando aspectos como sa\u00fade, higiene, necessidades materiais e relacionais. Essa abordagem exige um compromisso genu\u00edno com o bem-estar do outro, e reflete a import\u00e2ncia de um trabalho que n\u00e3o apenas se limita a formalidades burocr\u00e1ticas, mas que se destaca pela empatia e compreens\u00e3o.<\/p>\n<p>Aproximar-se de indiv\u00edduos em situa\u00e7\u00e3o de rua exige um entendimento profundo de suas hist\u00f3rias, desafios e vulnerabilidades. Por isso, o SEA realiza a escuta qualificada, um fator essencial para construir um relacionamento de confian\u00e7a, podendo assim facilitar o encaminhamento dos indiv\u00edduos para os servi\u00e7os de que precisam. Isso demonstra que a interven\u00e7\u00e3o n\u00e3o deve ser imposta, mas sim oferecida de forma respeitosa e humana.<\/p>\n<h2>Depoimentos e Hist\u00f3rias Impactantes<\/h2>\n<p>As hist\u00f3rias de vida das pessoas atendidas pelo Centro POP e pelo SEA s\u00e3o ricas em experi\u00eancias que ilustram a realidade da popula\u00e7\u00e3o em situa\u00e7\u00e3o de rua. Depoimentos emocionantes t\u00eam surgido durante o atendimento, confirmando que o apoio oferecido vai al\u00e9m do que \u00e9 visto. Cada atendimento representa um novo cap\u00edtulo na vida de algu\u00e9m, e muitos usu\u00e1rios relatam como o suporte recebido proporcionou oportunidades para a mudan\u00e7a.<\/p>\n<p>Exemplos de supera\u00e7\u00e3o s\u00e3o comuns entre os que passaram pelas m\u00e3os da equipe do Centro POP. V\u00e1rios indiv\u00edduos relatam como o acolhimento e a orienta\u00e7\u00e3o de profissionais qualificados contribu\u00edram para sua reintegra\u00e7\u00e3o na sociedade. Alguns conseguiram acesso a programas de sa\u00fade mental, enquanto outros puderam retomar estudos ou conseguir um emprego.<\/p>\n<p>Esses testemunhos t\u00eam um impacto profundo na motiva\u00e7\u00e3o e for\u00e7a de trabalho dos profissionais envolvidos, refor\u00e7ando a import\u00e2ncia do que fazem. As hist\u00f3rias individuais s\u00e3o um lembrete de que, por tr\u00e1s de cada dado e estat\u00edstica, existem pessoas que merecem dignidade e respeito.<\/p>\n<h2>Resultados e N\u00fameros Significativos<\/h2>\n<p>Os resultados alcan\u00e7ados pelo Centro POP em 2025 foram, sem d\u00favida, impressionantes. Ao todo, foram realizados 25.960 atendimentos, um indicador claro da necessidade da continuidade e fortalecimento das pol\u00edticas p\u00fablicas voltadas para a popula\u00e7\u00e3o em situa\u00e7\u00e3o de rua. As estat\u00edsticas n\u00e3o s\u00e3o meramente n\u00fameros; elas representam vidas sendo tocadas, transforma\u00e7\u00f5es sendo realizadas e direitos sendo garantidos.<\/p>\n<p>O balan\u00e7o do trabalho realizado revela tamb\u00e9m que foram registrados 1.312 encaminhamentos efetuados pelo SEA durante o \u00faltimo trimestre, al\u00e9m dos 225 participantes nas atividades coletivas. Esses n\u00fameros refor\u00e7am a efic\u00e1cia dos programas e servi\u00e7os oferecidos, evidenciando a import\u00e2ncia da continuidade dessa prote\u00e7\u00e3o social e a necessidade de aumento de recursos e apoio governamental.<\/p>\n<p>Ainda que os desafios sejam imensos, cada avan\u00e7o deve ser comemorado. O trabalho realizado pelo Centro POP mostra que, com comprometimento e abordagem adequada, \u00e9 poss\u00edvel transformar a realidade de muitas pessoas e, consequentemente, da sociedade como um todo.<\/p>\n<h2>Perspectivas para o Futuro<\/h2>\n<p>Ao olharmos para o futuro, \u00e9 imprescind\u00edvel que continuemos a fortalecer a pol\u00edtica de prote\u00e7\u00e3o \u00e0 popula\u00e7\u00e3o em situa\u00e7\u00e3o de rua. As perspectivas para o Centro POP devem incluir uma amplia\u00e7\u00e3o de recursos e parcerias, visando aprimorar ainda mais os atendimentos e garantir que mais vidas sejam impactadas positivamente.<\/p>\n<p>Al\u00e9m disso, um compromisso cont\u00ednuo com a forma\u00e7\u00e3o e capacita\u00e7\u00e3o dos profissionais envolvidos \u00e9 vital para garantir a qualidade do servi\u00e7o prestado. Investir em novos programas e tecnologias que possam otimizar os processos de atendimento pode trazer melhores resultados no futuro.<\/p>\n<p>Iniciativas como a cria\u00e7\u00e3o de campanhas de sensibiliza\u00e7\u00e3o para a pr\u00f3pria comunidade tamb\u00e9m s\u00e3o essenciais. Tornar a popula\u00e7\u00e3o mais consciente das quest\u00f5es que envolvem a situa\u00e7\u00e3o de rua pode facilitar a solidariedade e engajamento de mais cidad\u00e3os e institui\u00e7\u00f5es na luta pela dignidade humana.<\/p>\n<h2>Integra\u00e7\u00e3o com Outras Pol\u00edticas P\u00fablicas<\/h2>\n<p>A interliga\u00e7\u00e3o entre diferentes pol\u00edticas p\u00fablicas \u00e9 uma estrat\u00e9gia que deve ser incansavelmente promovida. A cria\u00e7\u00e3o de uma rede integrada que facilite o encaminhamento de pessoas em situa\u00e7\u00e3o de rua para programas de sa\u00fade, educa\u00e7\u00e3o e emprego \u00e9 um passo importante e necess\u00e1rio. O trabalho conjunto entre diferentes secretarias e \u00f3rg\u00e3os governamentais pode criar um sistema mais robusto e eficiente.<\/p>\n<p>Com a integra\u00e7\u00e3o, o Centro POP n\u00e3o apenas se torna uma porta de entrada, mas um modelo de um sistema que orienta, acolhe e oferece solu\u00e7\u00f5es efetivas para aqueles que mais necessitam. Quando os servi\u00e7os de sa\u00fade, educa\u00e7\u00e3o e assist\u00eancia social trabalham em harmonia, maior \u00e9 o alcance do impacto na vida das pessoas atendidas.<\/p>\n<p>Portanto, a constru\u00e7\u00e3o de pol\u00edticas p\u00fablicas realmente integradas \u00e9 uma urg\u00eancia em qualquer administra\u00e7\u00e3o que busque resolver o problema da popula\u00e7\u00e3o em situa\u00e7\u00e3o de rua, garantindo a cada cidad\u00e3o o direito a uma vida digna e pr\u00f3spera.<\/p>\n<h2>Garantia de Direitos e Inclus\u00e3o Social<\/h2>\n<p>A garantia de direitos \u00e9 um princ\u00edpio que deve ser respeitado em todas as intera\u00e7\u00f5es com a popula\u00e7\u00e3o em situa\u00e7\u00e3o de rua. \u00c9 fundamental que, independentemente da situa\u00e7\u00e3o em que se encontram, as pessoas sejam tratadas com dignidade e respeito, tendo acesso a todos os servi\u00e7os dispon\u00edveis. Isso se traduz em um forte compromisso com a inclus\u00e3o social.<\/p>\n<p>As pol\u00edticas p\u00fablicas devem se orientar para eliminar barreiras que possam impedir que pessoas em situa\u00e7\u00e3o de rua tenham acesso a seus direitos. O fortalecimento de programas que garantam acesso \u00e0 habita\u00e7\u00e3o, programas de sa\u00fade e oportunidades de emprego \u00e9 imprescind\u00edvel para quebrar o ciclo de pobreza e vulnerabilidade.<\/p>\n<p>O trabalho do Centro POP serve como base para a promo\u00e7\u00e3o de direitos e inclus\u00e3o, demonstrando que, com apoio e recursos adequados, \u00e9 poss\u00edvel construir um futuro mais justo e igualit\u00e1rio. Cada passo adiante representa a realiza\u00e7\u00e3o de um sonho coletivo por dignidade e oportunidades, reafirmando a import\u00e2ncia de todos estarem envolvidos nesta luta.<\/p>\n\n<div style=\"font-size: 0px; height: 0px; line-height: 0px; margin: 0; padding: 0; clear: both;\"><\/div>","protected":false},"excerpt":{"rendered":"<p>Centro POP destaca-se com mais de 25 mil atendimentos em 2025, promovendo cuidado e inclus\u00e3o.<\/p>\n","protected":false},"author":1,"featured_media":1499,"comment_status":"open","ping_status":"closed","sticky":false,"template":"","format":"standard","meta":{"footnotes":""},"categories":[6],"tags":[],"class_list":["post-1500","post","type-post","status-publish","format-standard","has-post-thumbnail","hentry","category-noticias-em-feira-de-santana","has_thumb"],"aioseo_notices":[],"_links":{"self":[{"href":"https:\/\/www.encontrafeiradesantana.com.br\/sobre\/wp-json\/wp\/v2\/posts\/1500","targetHints":{"allow":["GET"]}}],"collection":[{"href":"https:\/\/www.encontrafeiradesantana.com.br\/sobre\/wp-json\/wp\/v2\/posts"}],"about":[{"href":"https:\/\/www.encontrafeiradesantana.com.br\/sobre\/wp-json\/wp\/v2\/types\/post"}],"author":[{"embeddable":true,"href":"https:\/\/www.encontrafeiradesantana.com.br\/sobre\/wp-json\/wp\/v2\/users\/1"}],"replies":[{"embeddable":true,"href":"https:\/\/www.encontrafeiradesantana.com.br\/sobre\/wp-json\/wp\/v2\/comments?post=1500"}],"version-history":[{"count":0,"href":"https:\/\/www.encontrafeiradesantana.com.br\/sobre\/wp-json\/wp\/v2\/posts\/1500\/revisions"}],"wp:featuredmedia":[{"embeddable":true,"href":"https:\/\/www.encontrafeiradesantana.com.br\/sobre\/wp-json\/wp\/v2\/media\/1499"}],"wp:attachment":[{"href":"https:\/\/www.encontrafeiradesantana.com.br\/sobre\/wp-json\/wp\/v2\/media?parent=1500"}],"wp:term":[{"taxonomy":"category","embeddable":true,"href":"https:\/\/www.encontrafeiradesantana.com.br\/sobre\/wp-json\/wp\/v2\/categories?post=1500"},{"taxonomy":"post_tag","embeddable":true,"href":"https:\/\/www.encontrafeiradesantana.com.br\/sobre\/wp-json\/wp\/v2\/tags?post=1500"}],"curies":[{"name":"wp","href":"https:\/\/api.w.org\/{rel}","templated":true}]}}