{"id":142,"date":"2013-03-19T00:01:26","date_gmt":"2013-03-19T03:01:26","guid":{"rendered":"http:\/\/www.encontrafeiradesantana.com.br\/noticias\/?p=142"},"modified":"2019-04-29T17:46:33","modified_gmt":"2019-04-29T20:46:33","slug":"lista-de-segunda-chamada-para-pre-vestibular-cidadao-sera-divulgada-amanha-em-feira-de-santana","status":"publish","type":"post","link":"https:\/\/www.encontrafeiradesantana.com.br\/sobre\/lista-de-segunda-chamada-para-pre-vestibular-cidadao-sera-divulgada-amanha-em-feira-de-santana\/","title":{"rendered":"Lista de segunda chamada para pr\u00e9-vestibular cidad\u00e3o ser\u00e1 divulgada amanh\u00e3 em Feira de Santana"},"content":{"rendered":"<div class=\"3f468104ad11f00a3c9ac948316f4265\" data-index=\"1\" style=\"float: none; margin:0px;\">\n<ins class=\"adsbygoogle\"\r\n     style=\"display:block\"\r\n     data-ad-client=\"ca-pub-8585364105181520\"\r\n     data-ad-slot=\"8789329856\"\r\n     data-ad-format=\"auto\"\r\n     data-full-width-responsive=\"true\"><\/ins>\r\n<script>\r\n     (adsbygoogle = window.adsbygoogle || []).push({});\r\n<\/script>\r\n\n<\/div>\n<p>A Secretaria de Desenvolvimento Social vai divulgar, at\u00e9 amanh\u00e3, 19, a segunda chamada de aprovados para o Pr\u00e9-vestibular Cidad\u00e3o. A lista ter\u00e1 31 nomes. As matr\u00edculas regulares aconteceram at\u00e9 as 13h30 de sexta-feira passada\u2013 come\u00e7ou na quinta-feira.<\/p>\n<p>As matr\u00edculas ser\u00e3o realizadas na sede da secretaria, que fica \u00e0 avenida Get\u00falio Vargas, pr\u00f3ximo do viaduto da avenida Noide Cerqueira. O atendimento ser\u00e1 feito em hor\u00e1rio comercial, das 7h30 \u00e0s 13h30.<\/p>\n<p>Na primeira lista foram chamados 240 aprovados. Por isso, a coordenadora do curso pr\u00e9-vestibular na cidade de Feira de Santana, Tatiana P\u00e9rsico, orienta que quem se classificou a partir do 241\u00ba lugar deve ficar atento \u00e0 publica\u00e7\u00e3o do edital.<\/p>\n<p>Todos dever\u00e3o apresentar, no momento da matr\u00edcula, c\u00f3pias da carteira de identidade, do CPF, da Ficha 19 ou certificado de conclus\u00e3o do segundo grau e o NIS (N\u00famero de Identifica\u00e7\u00e3o Social).<\/p>\n<p><em>Fonte: Acorda Cidade<\/em><\/p>\n\n<div style=\"font-size: 0px; height: 0px; line-height: 0px; margin: 0; padding: 0; clear: both;\"><\/div>","protected":false},"excerpt":{"rendered":"<p>A Secretaria de Desenvolvimento Social vai divulgar, at\u00e9 amanh\u00e3, 19, a segunda chamada de aprovados para o Pr\u00e9-vestibular Cidad\u00e3o. A lista ter\u00e1 31 nomes. As matr\u00edculas regulares aconteceram at\u00e9 as 13h30 de sexta-feira passada\u2013 come\u00e7ou na quinta-feira. As matr\u00edculas ser\u00e3o realizadas na sede da secretaria, que fica \u00e0 avenida Get\u00falio Vargas, pr\u00f3ximo do viaduto da avenida Noide Cerqueira. O atendimento ser\u00e1 feito em hor\u00e1rio comercial, das 7h30 \u00e0s 13h30. Na primeira lista foram chamados 240 aprovados. Por isso, a coordenadora do curso pr\u00e9-vestibular na cidade de Feira de Santana, Tatiana P\u00e9rsico, orienta que quem se classificou a partir do 241\u00ba <\/p>\n","protected":false},"author":1,"featured_media":0,"comment_status":"open","ping_status":"closed","sticky":false,"template":"","format":"standard","meta":{"footnotes":""},"categories":[1,6,8],"tags":[12],"class_list":["post-142","post","type-post","status-publish","format-standard","hentry","category-cursos-em-feira-de-santana","category-noticias-em-feira-de-santana","category-servicos-em-feira-de-santana","tag-feira-de-santana"],"aioseo_notices":[],"_links":{"self":[{"href":"https:\/\/www.encontrafeiradesantana.com.br\/sobre\/wp-json\/wp\/v2\/posts\/142","targetHints":{"allow":["GET"]}}],"collection":[{"href":"https:\/\/www.encontrafeiradesantana.com.br\/sobre\/wp-json\/wp\/v2\/posts"}],"about":[{"href":"https:\/\/www.encontrafeiradesantana.com.br\/sobre\/wp-json\/wp\/v2\/types\/post"}],"author":[{"embeddable":true,"href":"https:\/\/www.encontrafeiradesantana.com.br\/sobre\/wp-json\/wp\/v2\/users\/1"}],"replies":[{"embeddable":true,"href":"https:\/\/www.encontrafeiradesantana.com.br\/sobre\/wp-json\/wp\/v2\/comments?post=142"}],"version-history":[{"count":3,"href":"https:\/\/www.encontrafeiradesantana.com.br\/sobre\/wp-json\/wp\/v2\/posts\/142\/revisions"}],"predecessor-version":[{"id":626,"href":"https:\/\/www.encontrafeiradesantana.com.br\/sobre\/wp-json\/wp\/v2\/posts\/142\/revisions\/626"}],"wp:attachment":[{"href":"https:\/\/www.encontrafeiradesantana.com.br\/sobre\/wp-json\/wp\/v2\/media?parent=142"}],"wp:term":[{"taxonomy":"category","embeddable":true,"href":"https:\/\/www.encontrafeiradesantana.com.br\/sobre\/wp-json\/wp\/v2\/categories?post=142"},{"taxonomy":"post_tag","embeddable":true,"href":"https:\/\/www.encontrafeiradesantana.com.br\/sobre\/wp-json\/wp\/v2\/tags?post=142"}],"curies":[{"name":"wp","href":"https:\/\/api.w.org\/{rel}","templated":true}]}}