{"id":1391,"date":"2025-12-27T10:19:00","date_gmt":"2025-12-27T13:19:00","guid":{"rendered":"https:\/\/www.encontrafeiradesantana.com.br\/sobre\/prefeitura-paga-13o-nesta-sexta-19-e-salario-de-dezembro-dia-24-injetando-r-50-milhoes-na-economia-local\/"},"modified":"2025-12-27T10:19:00","modified_gmt":"2025-12-27T13:19:00","slug":"prefeitura-paga-13o-nesta-sexta-19-e-salario-de-dezembro-dia-24-injetando-r-50-milhoes-na-economia-local","status":"publish","type":"post","link":"https:\/\/www.encontrafeiradesantana.com.br\/sobre\/prefeitura-paga-13o-nesta-sexta-19-e-salario-de-dezembro-dia-24-injetando-r-50-milhoes-na-economia-local\/","title":{"rendered":"Prefeitura paga 13\u00ba nesta sexta (19) e sal\u00e1rio de dezembro dia 24, injetando R$ 50 milh\u00f5es na economia local"},"content":{"rendered":"<div class=\"3f468104ad11f00a3c9ac948316f4265\" data-index=\"1\" style=\"float: none; margin:0px;\">\n<ins class=\"adsbygoogle\"\r\n     style=\"display:block\"\r\n     data-ad-client=\"ca-pub-8585364105181520\"\r\n     data-ad-slot=\"8789329856\"\r\n     data-ad-format=\"auto\"\r\n     data-full-width-responsive=\"true\"><\/ins>\r\n<script>\r\n     (adsbygoogle = window.adsbygoogle || []).push({});\r\n<\/script>\r\n\n<\/div>\n<h2>An\u00fancio do Prefeito sobre os Pagamentos<\/h2>\n<p>No dia 18 de dezembro de 2025, o prefeito de Feira de Santana, Jos\u00e9 Ronaldo de Carvalho, anunciou uma importante decis\u00e3o que impactar\u00e1 diretamente a vida de milhares de servidores p\u00fablicos municipais. A prefeitura ir\u00e1 antecipar o pagamento do 13\u00ba sal\u00e1rio e do sal\u00e1rio referente ao m\u00eas de dezembro. Essa a\u00e7\u00e3o, que prev\u00ea a inje\u00e7\u00e3o de aproximadamente R$ 50 milh\u00f5es na economia local, tem como objetivo principal permitir que os servidores possam adiantar suas compras de final de ano, trazendo um al\u00edvio financeiro tanto para os trabalhadores quanto para o com\u00e9rcio local.<\/p>\n<p>A decis\u00e3o foi comunicada durante um evento onde o prefeito ressaltou a import\u00e2ncia de manter a tradi\u00e7\u00e3o de honrar os compromissos financeiros da administra\u00e7\u00e3o municipal, assegurando que os pagamentos sejam realizados de forma pontual. A iniciativa \u00e9 uma mostra clara do comprometimento da gest\u00e3o com o bem-estar dos servidores e com o desenvolvimento econ\u00f4mico da cidade.<\/p>\n<p>Al\u00e9m das implica\u00e7\u00f5es econ\u00f4micas, a antecipa\u00e7\u00e3o dos pagamentos tamb\u00e9m demonstra uma sensibilidade da administra\u00e7\u00e3o municipal em tempos de dificuldades financeiras que muitos enfrentam. Afinal, o 13\u00ba sal\u00e1rio \u00e9 uma forma de gratifica\u00e7\u00e3o que ajuda as fam\u00edlias a se prepararem para as festividades de fim de ano, proporcionando um momento de uni\u00e3o e celebra\u00e7\u00e3o.<\/p>\n<h2>Impacto Econ\u00f4mico da Inje\u00e7\u00e3o de Recursos<\/h2>\n<p>O impacto econ\u00f4mico da inje\u00e7\u00e3o de R$ 50 milh\u00f5es na economia local \u00e9 significativo. Essa quantia, a ser liberada em dois per\u00edodos diferentes \u2013 o 13\u00ba sal\u00e1rio no dia 19 de dezembro e o sal\u00e1rio de dezembro no dia 24 \u2013 ajudar\u00e1 a estimular o com\u00e9rcio e a movimentar o setor de servi\u00e7os da cidade. A antecipa\u00e7\u00e3o dos pagamentos representa um esfor\u00e7o consciente da prefeitura em impulsionar a economia local, ou seja, \u00e9 uma estrat\u00e9gia que visa n\u00e3o apenas beneficiar os servidores, mas tamb\u00e9m o com\u00e9rcio, que geralmente observa uma queda nas vendas durante os meses de dezembro e janeiro, em raz\u00e3o das f\u00e9rias e das festas de fim de ano.<\/p>\n<p>Um dos aspectos mais evidentes desse impacto \u00e9 a gera\u00e7\u00e3o de empregos tempor\u00e1rios no com\u00e9rcio. Muitas lojas e estabelecimentos de servi\u00e7os contratam funcion\u00e1rios para o per\u00edodo de festas, e a disponibiliza\u00e7\u00e3o de recursos financeiros aos servidores municipais pode estimular ainda mais essa pr\u00e1tica. Al\u00e9m disso, o aumento no fluxo de dinheiro circulando na economia local pode resultar em um efeito cascata, beneficiando n\u00e3o apenas os comerciantes, mas tamb\u00e9m os fornecedores, prestadores de servi\u00e7o e outros setores da economia da cidade.<\/p>\n<h2>Detalhes da Antecipa\u00e7\u00e3o do 13\u00ba Sal\u00e1rio<\/h2>\n<p>O pagamento da segunda parcela do 13\u00ba sal\u00e1rio ser\u00e1 realizado no dia 19 de dezembro de 2025. Essa informa\u00e7\u00e3o \u00e9 relevante n\u00e3o s\u00f3 para os servidores, mas para todos os envolvidos no com\u00e9rcio local, que podem se preparar para uma movimenta\u00e7\u00e3o financeira significativa logo em seguida. O secret\u00e1rio da Fazenda, Expedito Eloy, informou que a antecipa\u00e7\u00e3o do 13\u00ba sal\u00e1rio representar\u00e1 um incremento de cerca de R$ 16 milh\u00f5es injetados no mercado. Essa inje\u00e7\u00e3o de recursos \u00e9 crucial, pois possibilita que o dinheiro circule rapidamente, favorecendo os pequenos e m\u00e9dios empreendedores da cidade.<\/p>\n<p>Os servidores devem estar cientes de que esta antecipa\u00e7\u00e3o n\u00e3o representa apenas um al\u00edvio financeiro, mas tamb\u00e9m a chance de planejar suas compras. O 13\u00ba sal\u00e1rio pode ser usado para quitar d\u00edvidas, investir em necessidades b\u00e1sicas ou at\u00e9 mesmo economizar para o ano seguinte. Dessa forma, o governo municipal est\u00e1 contribuindo para a sa\u00fade financeira das fam\u00edlias, permitindo uma maior seguran\u00e7a e tranquilidade em um per\u00edodo que frequentemente \u00e9 carregado de despesas adicionais.<\/p>\n<h2>Sal\u00e1rio de Dezembro e Suas Implica\u00e7\u00f5es<\/h2>\n<p>J\u00e1 o pagamento do sal\u00e1rio de dezembro est\u00e1 previsto para o dia 24, v\u00e9spera de Natal, o que \u00e9 simb\u00f3lico e estrat\u00e9gico. Ao liberar os recursos nesse per\u00edodo, a prefeitura assegura que os servidores p\u00fablicos possam desfrutar das festividades de fim de ano com maior tranquilidade financeira. O valor referente ao sal\u00e1rio de dezembro \u00e9 estimado em mais de R$ 32 milh\u00f5es, o que adicionar\u00e1 uma quantia significativa \u00e0 economia local.<\/p>\n<p>\u00c9 importante entender as implica\u00e7\u00f5es que essa antecipa\u00e7\u00e3o tem sobre o comportamento econ\u00f4mico da cidade. Primeiro, as pessoas geralmente tendem a gastar mais durante o per\u00edodo de Natal e Ano Novo, o que significa que o com\u00e9rcio ver\u00e1 um aumento nas vendas de produtos e servi\u00e7os. Al\u00e9m disso, com o pagamento realizado antes do Natal, as fam\u00edlias poder\u00e3o usar esses recursos para comprar presentes, alimentos e outras necessidades para as celebra\u00e7\u00f5es, criando um ciclo positivo de consumo que beneficia a economia local.<\/p>\n<h2>Import\u00e2ncia do Pagamento em Dia<\/h2>\n<p>O pagamento em dia \u00e9 uma pr\u00e1tica essencial para a manuten\u00e7\u00e3o da confian\u00e7a dos servidores p\u00fablicos na administra\u00e7\u00e3o. O compromisso da gest\u00e3o municipal em realizar os pagamentos dentro do m\u00eas trabalhado \u00e9 um fator de motiva\u00e7\u00e3o e satisfa\u00e7\u00e3o para os funcion\u00e1rios. Isso demonstra que a administra\u00e7\u00e3o valoriza o trabalho dos servidores e reconhece a import\u00e2ncia do servi\u00e7o p\u00fablico para o funcionamento da cidade.<\/p>\n<p>Al\u00e9m disso, o pagamento pontual ajuda a evitar problemas financeiros que podem surgir com a falta de recursos. Servidores p\u00fablicos, como todos os trabalhadores, t\u00eam contas a pagar e responsabilidades financeiras. Portanto, garantir que os sal\u00e1rios sejam pagos em dia \u00e9 uma forma de apoiar os servidores, permitindo que eles possam se planejar e evitar endividamentos desnecess\u00e1rios.<\/p>\n<h2>Benef\u00edcios para os Servidores P\u00fablicos<\/h2>\n<p>Os benef\u00edcios resultantes da antecipa\u00e7\u00e3o dos pagamentos s\u00e3o muitos. Em primeiro lugar, a possibilidade de receber antecipadamente o 13\u00ba sal\u00e1rio e o pagamento de dezembro permite que os servidores possam planejar melhor suas finan\u00e7as pessoais. Isso \u00e9 especialmente importante em per\u00edodos festivos, onde os gastos aumentam significativamente. Com os recursos na m\u00e3o antes do Natal, as fam\u00edlias podem planejar a compra de presentes, alimento para as ceias e outras despesas festivas, o que pode aumentar a satisfa\u00e7\u00e3o e a uni\u00e3o entre os membros da fam\u00edlia.<\/p>\n<p>A antecipa\u00e7\u00e3o dos pagamentos tamb\u00e9m oferece a chance de os servidores poderem quitar d\u00edvidas ou fazer investimentos que melhoram sua qualidade de vida. Por exemplo, com o 13\u00ba sal\u00e1rio, muitos optam por fazer pequenos reparos em casa, comprar produtos dur\u00e1veis ou at\u00e9 mesmo preparar uma viagem em fam\u00edlia. Esses tipos de decis\u00f5es financeiras t\u00eam um impacto positivo, n\u00e3o apenas nas vidas dos servidores, mas tamb\u00e9m na economia local, uma vez que geram consumos que v\u00e3o diretamente para o com\u00e9rcio.<\/p>\n<h2>Como os Recursos Ser\u00e3o Utilizados<\/h2>\n<p>Os recursos que ser\u00e3o disponibilizados para os servidores, no montante total de R$ 50 milh\u00f5es, ter\u00e3o um destino muito diversificado. Cada servidor poder\u00e1 utilizar essa quantia de acordo com suas necessidades pessoais, o que significa que os tipos de consumo ser\u00e3o variados. Isso resulta em um efeito positivo na economia local, pois a movimenta\u00e7\u00e3o financeira vai ocorrer em setores diferentes, como supermercados, lojas de roupas, eletrodom\u00e9sticos, entre outros.<\/p>\n<p>Al\u00e9m disso, a forma como esses recursos circulam impacta diretamente a gera\u00e7\u00e3o de emprego na cidade, j\u00e1 que muitos comerciantes poder\u00e3o fortalecer suas opera\u00e7\u00f5es e at\u00e9 mesmo contratar temporariamente, proporcionando uma oportunidade de receita n\u00e3o apenas para os estabelecimentos comerciais, mas tamb\u00e9m para os que buscam trabalho, especialmente em um per\u00edodo cr\u00edtico como o fim de ano.<\/p>\n<h2>Expectativas dos Comerciantes Locais<\/h2>\n<p>Os comerciantes de Feira de Santana t\u00eam grandes expectativas em rela\u00e7\u00e3o \u00e0 inje\u00e7\u00e3o do dinheiro que vir\u00e1 com a antecipa\u00e7\u00e3o dos pagamentos feita pela prefeitura. Para muitos, esse \u00e9 um momento crucial que pode determinar o faturamento do m\u00eas. As festas de fim de ano s\u00e3o conhecidas por movimentarem o com\u00e9rcio, por\u00e9m, a libera\u00e7\u00e3o dos pagamentos antecipados intensifica essa movimenta\u00e7\u00e3o. Os empres\u00e1rios est\u00e3o otimistas de que as vendas aumentem significativamente, o que permitir\u00e1 o fluxo de receitas e contribuir\u00e1 para a grandeza do com\u00e9rcio local.<\/p>\n<p>Al\u00e9m disso, a expectativa \u00e9 de que a inje\u00e7\u00e3o de recursos resulte em um aumento nas compras por impulso, principalmente durante os dias de maior movimento. Com os servidores tendo dinheiro dispon\u00edvel antes do Natal, isso n\u00e3o s\u00f3 aumenta a confian\u00e7a do consumidor, mas tamb\u00e9m potencializa a possibilidade de compras que poderiam ser adiadas se o pagamento n\u00e3o fosse antecipado.<\/p>\n<h2>Tradicional Pagamento Antes do Natal<\/h2>\n<p>A tradi\u00e7\u00e3o de realizar os pagamentos antes do Natal tem ra\u00edzes profundas na cultura de Feira de Santana. N\u00e3o \u00e9 apenas uma pr\u00e1tica log\u00edstica, mas uma forma de reconhecer o trabalho \u00e1rduo de servidores que dedicam suas vidas ao servi\u00e7o p\u00fablico. Essa pr\u00e1tica demonstra uma gest\u00e3o que se preocupa com o bem-estar dos funcion\u00e1rios e que, ao mesmo tempo, estimula o com\u00e9rcio local. A administra\u00e7\u00e3o de Jos\u00e9 Ronaldo de Carvalho tem seguido este procedimento em seus mandatos, refor\u00e7ando a import\u00e2ncia de honrar os compromissos financeiros de forma respons\u00e1vel.<\/p>\n<p>Esse tipo de antecipa\u00e7\u00e3o de sal\u00e1rio e benef\u00edcios \u00e9 uma maneira de criar um ambiente mais conflituoso durante a \u00e9poca festiva, onde todos se sentem valorizados. A sensa\u00e7\u00e3o de que o governo \u00e9 comprometido e respons\u00e1vel pelo bem-estar financeiro de seus funcion\u00e1rios \u00e9 um fator de motiva\u00e7\u00e3o. Portanto, a continuidade dessa tradi\u00e7\u00e3o s\u00f3 solidifica a confian\u00e7a entre o governo municipal e seus servidores.<\/p>\n<h2>Declara\u00e7\u00f5es do Secret\u00e1rio da Fazenda<\/h2>\n<p>O Secret\u00e1rio da Fazenda, Expedito Eloy, enfatizou a import\u00e2ncia da iniciativa durante uma coletiva de imprensa. Segundo ele, o pagamento do 13\u00ba e do sal\u00e1rio de dezembro representa um compromisso da administra\u00e7\u00e3o municipal com seus servidores e com a popula\u00e7\u00e3o em geral. Eloy destacou que essa antecipa\u00e7\u00e3o \u00e9 a prova concreta do esfor\u00e7o da prefeitura em aliviar as dificuldades financeiras enfrentadas por muitos durante a pandemia e os desdobramentos econ\u00f4micos subsequentes.<\/p>\n<p>O secret\u00e1rio tamb\u00e9m comentou que a execu\u00e7\u00e3o dos pagamentos dentro do m\u00eas facilita a gest\u00e3o financeira da administra\u00e7\u00e3o e mostra uma responsabilidade fiscal que beneficia a todos. Em tempos de instabilidade econ\u00f4mica, essa tipo de a\u00e7\u00e3o se torna ainda mais relevante, pois reafirma o compromisso da administra\u00e7\u00e3o em gerenciar bem os recursos p\u00fablicos e atender \u00e0s necessidades dos servidores municipais.<\/p>\n<p>Portanto, a antecipa\u00e7\u00e3o dos sal\u00e1rios e do 13\u00ba \u00e9 mais do que uma simples a\u00e7\u00e3o administrativa; \u00e9 um forte sinal de aten\u00e7\u00e3o e laudabilidade por parte da prefeitura em promover um ambiente que valoriza os colaboradores, refor\u00e7ando assim a rela\u00e7\u00e3o de confian\u00e7a e respeito m\u00fatuo entre governo e servidores.<\/p>\n\n<div style=\"font-size: 0px; height: 0px; line-height: 0px; margin: 0; padding: 0; clear: both;\"><\/div>","protected":false},"excerpt":{"rendered":"<p>Prefeitura injetar\u00e1 R$ 50 milh\u00f5es na economia com pagamento de 13\u00ba e sal\u00e1rios.<\/p>\n","protected":false},"author":1,"featured_media":0,"comment_status":"open","ping_status":"closed","sticky":false,"template":"","format":"standard","meta":{"footnotes":""},"categories":[4],"tags":[],"class_list":["post-1391","post","type-post","status-publish","format-standard","hentry","category-empregos-em-feira-de-santana"],"aioseo_notices":[],"_links":{"self":[{"href":"https:\/\/www.encontrafeiradesantana.com.br\/sobre\/wp-json\/wp\/v2\/posts\/1391","targetHints":{"allow":["GET"]}}],"collection":[{"href":"https:\/\/www.encontrafeiradesantana.com.br\/sobre\/wp-json\/wp\/v2\/posts"}],"about":[{"href":"https:\/\/www.encontrafeiradesantana.com.br\/sobre\/wp-json\/wp\/v2\/types\/post"}],"author":[{"embeddable":true,"href":"https:\/\/www.encontrafeiradesantana.com.br\/sobre\/wp-json\/wp\/v2\/users\/1"}],"replies":[{"embeddable":true,"href":"https:\/\/www.encontrafeiradesantana.com.br\/sobre\/wp-json\/wp\/v2\/comments?post=1391"}],"version-history":[{"count":0,"href":"https:\/\/www.encontrafeiradesantana.com.br\/sobre\/wp-json\/wp\/v2\/posts\/1391\/revisions"}],"wp:attachment":[{"href":"https:\/\/www.encontrafeiradesantana.com.br\/sobre\/wp-json\/wp\/v2\/media?parent=1391"}],"wp:term":[{"taxonomy":"category","embeddable":true,"href":"https:\/\/www.encontrafeiradesantana.com.br\/sobre\/wp-json\/wp\/v2\/categories?post=1391"},{"taxonomy":"post_tag","embeddable":true,"href":"https:\/\/www.encontrafeiradesantana.com.br\/sobre\/wp-json\/wp\/v2\/tags?post=1391"}],"curies":[{"name":"wp","href":"https:\/\/api.w.org\/{rel}","templated":true}]}}