{"id":1369,"date":"2025-12-12T06:16:00","date_gmt":"2025-12-12T09:16:00","guid":{"rendered":"https:\/\/www.encontrafeiradesantana.com.br\/sobre\/maior-fabrica-de-big-bags-do-pais-aporta-em-feira-de-santana-gerando-1-100-empregos-diretos\/"},"modified":"2025-12-12T06:16:00","modified_gmt":"2025-12-12T09:16:00","slug":"maior-fabrica-de-big-bags-do-pais-aporta-em-feira-de-santana-gerando-1-100-empregos-diretos","status":"publish","type":"post","link":"https:\/\/www.encontrafeiradesantana.com.br\/sobre\/maior-fabrica-de-big-bags-do-pais-aporta-em-feira-de-santana-gerando-1-100-empregos-diretos\/","title":{"rendered":"Maior f\u00e1brica de big bags do pa\u00eds aporta em Feira de Santana gerando 1.100 empregos diretos"},"content":{"rendered":"<div class=\"3f468104ad11f00a3c9ac948316f4265\" data-index=\"1\" style=\"float: none; margin:0px;\">\n<ins class=\"adsbygoogle\"\r\n     style=\"display:block\"\r\n     data-ad-client=\"ca-pub-8585364105181520\"\r\n     data-ad-slot=\"8789329856\"\r\n     data-ad-format=\"auto\"\r\n     data-full-width-responsive=\"true\"><\/ins>\r\n<script>\r\n     (adsbygoogle = window.adsbygoogle || []).push({});\r\n<\/script>\r\n\n<\/div>\n<h2>Benef\u00edcios da nova f\u00e1brica para a economia local<\/h2>\n<p>A inaugura\u00e7\u00e3o da nova planta da Xpert Pack, a maior f\u00e1brica de big bags do Brasil, representa um marco significativo para a economia de Feira de Santana. Com a cria\u00e7\u00e3o de 1.100 empregos diretos, a nova unidade n\u00e3o apenas impulsiona a gera\u00e7\u00e3o de renda, mas tamb\u00e9m eleva a autoestima da comunidade local, que se beneficia diretamente desse investimento. Os big bags, utilizados principalmente para o transporte e armazenamento de produtos diversos, desde gr\u00e3os at\u00e9 materiais de constru\u00e7\u00e3o, desempenham um papel essencial na cadeia produtiva de variados setores, como a agricultura e a ind\u00fastria petroqu\u00edmica.<\/p>\n<p>Com a instala\u00e7\u00e3o da f\u00e1brica, pode-se observar um efeito multiplicador na economia local. O aumento do emprego gera maior circula\u00e7\u00e3o de dinheiro na regi\u00e3o, o que impacta positivamente o com\u00e9rcio local, os servi\u00e7os como restaurantes e mercados, e at\u00e9 mesmo o setor imobili\u00e1rio, que pode ver um aumento na demanda por moradias. Al\u00e9m disso, a presen\u00e7a de uma ind\u00fastria t\u00e3o significativa pode atrair novos neg\u00f3cios para a regi\u00e3o, criando um ambiente prop\u00edcio para o empreendedorismo e a inova\u00e7\u00e3o.<\/p>\n<p>Al\u00e9m disso, o fato de a Xpert Pack ser uma das empresas mais avan\u00e7adas do mundo em sua \u00e1rea traz um aspecto de moderniza\u00e7\u00e3o para a ind\u00fastria local. A capacidade de atender a grandes demandas e a introdu\u00e7\u00e3o de tecnologias inovadoras podem inspirar outras f\u00e1bricas na regi\u00e3o a investir em melhorias e moderniza\u00e7\u00f5es, elevando o padr\u00e3o geral de produ\u00e7\u00e3o e efici\u00eancia.<\/p>\n<h2>Expectativas de crescimento com a Xpert Pack<\/h2>\n<p>A expectativa em torno da Xpert Pack \u00e9 otimista. A meta de crescimento da empresa, que pretende alcan\u00e7ar 2.260 funcion\u00e1rios em breve, demonstra um planejamento a longo prazo que traz esperan\u00e7a para a comunidade. Esse crescimento n\u00e3o se limita somente aos postos de trabalho diretos. O fortalecimento da ind\u00fastria local pode atrair fornecedores e empresas parceiras, ampliando o ciclo de benef\u00edcios econ\u00f4micos.<\/p>\n<p>Os investimentos em infraestrutura que acompanham a instala\u00e7\u00e3o da f\u00e1brica, como melhorias em estradas e acesso a servi\u00e7os p\u00fablicos, s\u00e3o outros aspectos que ajudar\u00e3o Feira de Santana a se tornar um polo industrial mais relevante. O governador da Bahia e outras autoridades pol\u00edticas reconhecem a import\u00e2ncia deste tipo de investimento, e h\u00e1 uma crescente vontade pol\u00edtica de promover o desenvolvimento econ\u00f4mico na regi\u00e3o.<\/p>\n<p>Al\u00e9m disso, a robustez do setor industrial da cidade poder\u00e1 posicionar Feira de Santana como um centro log\u00edstico estrat\u00e9gico, n\u00e3o apenas para o Brasil, mas tamb\u00e9m para as exporta\u00e7\u00f5es. Isso poder\u00e1 resultar em uma doce sinergia entre o setor agr\u00edcola e industrial, promovendo colabora\u00e7\u00f5es que beneficiem ambas as partes.<\/p>\n<h2>O papel do prefeito na atra\u00e7\u00e3o de investimentos<\/h2>\n<p>No contexto de atra\u00e7\u00e3o de investimentos, o papel do prefeito, Jos\u00e9 Ronaldo de Carvalho, se destaca. A abertura da nova unidade da Xpert Pack \u00e9 fruto de um relacionamento de longa data entre o empres\u00e1rio Al\u00edcio Oliveira e o prefeito, que se estende por 21 anos. Esta rela\u00e7\u00e3o de confian\u00e7a \u00e9 fundamental para promover um ambiente favor\u00e1vel aos neg\u00f3cios e para a instala\u00e7\u00e3o de novas ind\u00fastrias.<\/p>\n<p>O prefeito tem adotado uma postura proativa na busca por novos investimentos, participando de eventos e f\u00f3runs que visam colocar Feira de Santana no mapa de grandes empreendedores. Sua capacidade de negociar e mostrar as potencialidades da cidade \u00e9 um fator que atrai empresas e investidores, mesmo em tempos de economia incerta. O apoio do governo municipal a iniciativas que promovem a capacita\u00e7\u00e3o da for\u00e7a de trabalho local tamb\u00e9m \u00e9 um aspecto que pode ser decisivo na hora das ind\u00fastrias escolherem onde se instalar.<\/p>\n<p>A gest\u00e3o do prefeito segue um modelo que prioriza a sustentabilidade econ\u00f4mica e a gera\u00e7\u00e3o de emprego, o que \u00e9 crucial em um mundo onde a instabilidade econ\u00f4mica pode afetar profundamente as comunidades. Isso mostra um compromisso com o bem-estar dos cidad\u00e3os, al\u00e9m da promo\u00e7\u00e3o de um ambiente saud\u00e1vel para os neg\u00f3cios.<\/p>\n<h2>Import\u00e2ncia dos empregos diretos na regi\u00e3o<\/h2>\n<p>A gera\u00e7\u00e3o de empregos diretos \u00e9 sempre um tema central em qualquer an\u00e1lise sobre o impacto econ\u00f4mico de uma nova ind\u00fastria, e a Xpert Pack n\u00e3o \u00e9 exce\u00e7\u00e3o. Os 1.100 novos postos de trabalho que a f\u00e1brica traz n\u00e3o apenas proporcionam uma fonte de renda imediata, mas tamb\u00e9m t\u00eam um impacto a longo prazo na qualidade de vida dos feirenses.<\/p>\n<p>Com uma maior taxa de emprego, observamos um aumento na capacidade de consumo da popula\u00e7\u00e3o local, que se reflete em um crescimento do com\u00e9rcio e dos servi\u00e7os. Al\u00e9m disso, a cria\u00e7\u00e3o de empregos diretos contribui para a redu\u00e7\u00e3o das taxas de desemprego, um dos maiores desafios que as cidades enfrentam no Brasil contempor\u00e2neo.<\/p>\n<p>Os empregos gerados pela Xpert Pack tamb\u00e9m s\u00e3o importantes porque oferecem oportunidades de desenvolvimento profissional para os trabalhadores da regi\u00e3o. Em uma era em que a qualifica\u00e7\u00e3o da for\u00e7a de trabalho \u00e9 essencial, a instala\u00e7\u00e3o da f\u00e1brica abre portas para a forma\u00e7\u00e3o de profissionais no setor industrial. A Xpert Pack poder\u00e1 promover treinamentos, capacita\u00e7\u00f5es e forma\u00e7\u00e3o cont\u00ednua, aumentando assim a competitividade da m\u00e3o de obra local e tornando-a mais apta a concorrer em um mercado de trabalho cada vez mais exigente.<\/p>\n<h2>Hist\u00f3ria da Xpert Pack e sua trajet\u00f3ria<\/h2>\n<p>A Xpert Pack \u00e9 reconhecida como um dos l\u00edderes na produ\u00e7\u00e3o de big bags e sua trajet\u00f3ria \u00e9 marcada pelo comprometimento com a inova\u00e7\u00e3o e a qualidade. Fundada h\u00e1 v\u00e1rias d\u00e9cadas, a empresa cresceu e se expandiu com base na demanda crescente por solu\u00e7\u00f5es de embalagem pr\u00e1ticas e eficientes. Seu nome se tornou sin\u00f4nimo de excel\u00eancia, fortalecendo a ind\u00fastria de embalagens na Am\u00e9rica Latina.<\/p>\n<p>A Xpert Pack se destacou pela ado\u00e7\u00e3o de tecnologias avan\u00e7adas de produ\u00e7\u00e3o e solu\u00e7\u00f5es inovadoras que atendem a um amplo espectro de ind\u00fastrias, seja no agroneg\u00f3cio, na ind\u00fastria petroqu\u00edmica ou na constru\u00e7\u00e3o civil. Essa adaptabilidade permitiu que a empresa n\u00e3o apenas sobrevivesse a crises econ\u00f4micas, mas prosperasse, ampliando sua atua\u00e7\u00e3o e se estabelecendo como refer\u00eancia global no setor.<\/p>\n<p>Hoje, com a nova planta em Feira de Santana, a Xpert Pack inicia um novo cap\u00edtulo na sua hist\u00f3ria. A escolha da cidade n\u00e3o \u00e9 apenas sobre as condi\u00e7\u00f5es de mercado, mas tamb\u00e9m sobre o potencial humano dispon\u00edvel, que poder\u00e1 contribuir para o sucesso da opera\u00e7\u00e3o. A empresa \u00e9 um exemplo de como a vis\u00e3o a longo prazo, combinada com uma s\u00f3lida estrat\u00e9gia de neg\u00f3cios, pode resultar na cria\u00e7\u00e3o de um legado duradouro na economia local.<\/p>\n<h2>Desafios enfrentados pela ind\u00fastria no Brasil<\/h2>\n<p>A ind\u00fastria brasileira enfrenta v\u00e1rios desafios, que v\u00e3o desde crises econ\u00f4micas at\u00e9 a necessidade de inova\u00e7\u00e3o constante. No contexto atual, um dos grandes obst\u00e1culos \u00e9 a alta carga tribut\u00e1ria, que torna o Brasil um dos pa\u00edses com menores \u00edndices de competitividade no cen\u00e1rio internacional. As fatalidades de um mercado inst\u00e1vel podem ser sufocantes para novas ind\u00fastrias, que muitas vezes precisam lutar para se estabelecer e crescer.<\/p>\n<p>Al\u00e9m disso, a falta de infraestrutura adequada \u00e9 uma realidade em diversas regi\u00f5es, dificultando o transporte de mercadorias e aumentando os custos operacionais. Empresas como a Xpert Pack, que ingressam no Brasil, devem considerar n\u00e3o apenas o custo de produ\u00e7\u00e3o, mas tamb\u00e9m os custos log\u00edsticos associados \u00e0 distribui\u00e7\u00e3o de seus produtos.<\/p>\n<p>Outro desafio \u00e9 a constante necessidade de atualiza\u00e7\u00e3o tecnol\u00f3gica. Em um setor onde a inova\u00e7\u00e3o \u00e9 fundamental, empresas devem investir continuamente em novas m\u00e1quinas, equipamentos e processos produtivos. Para a Xpert Pack, a elei\u00e7\u00e3o de Feira de Santana como sua nova base de opera\u00e7\u00f5es implica tamb\u00e9m a responsabilidade de manter-se \u00e0 frente da curva tecnol\u00f3gica, garantindo que sua produ\u00e7\u00e3o continue a ser competitiva e relevante no mercado global.<\/p>\n<h2>Impacto no setor de big bags e suas aplica\u00e7\u00f5es<\/h2>\n<p>Os big bags, tamb\u00e9m conhecidos como sacos a granel, s\u00e3o uma solu\u00e7\u00e3o importante para o transporte e armazenamento de grandes volumes de produtos. Eles s\u00e3o utilizados em diversas ind\u00fastrias, como agricultura, constru\u00e7\u00e3o civil e minera\u00e7\u00e3o. O impacto da nova f\u00e1brica da Xpert Pack \u00e9, portanto, significativo n\u00e3o apenas para Feira de Santana, mas para todo o Brasil.<\/p>\n<p>Com a capacidade de produzir big bags de alta qualidade, a Xpert Pack contribuir\u00e1 para um aumento na efici\u00eancia log\u00edstica. Isso \u00e9 essencial em um pa\u00eds com dimens\u00f5es continentais, onde a agilidade no transporte de mercadorias pode fazer uma grande diferen\u00e7a nos custos operacionais. Al\u00e9m disso, a utiliza\u00e7\u00e3o de big bags pode ajudar a reduzir o desperd\u00edcio de embalagens, promovendo uma abordagem mais sustent\u00e1vel para as cadeias de suprimentos.<\/p>\n<p>As aplica\u00e7\u00f5es dos big bags s\u00e3o variadas, incluindo o armazenamento de gr\u00e3os, produtos qu\u00edmicos, part\u00edculas de constru\u00e7\u00e3o e muito mais. Em um mundo onde a efici\u00eancia e a sustentabilidade est\u00e3o em alta demanda, a Xpert Pack se posiciona como uma l\u00edder na oferta de solu\u00e7\u00f5es que atendem tanto \u00e0s necessidades econ\u00f4micas quanto ambientais.<\/p>\n<h2>A rela\u00e7\u00e3o entre ind\u00fastria e desenvolvimento econ\u00f4mico<\/h2>\n<p>A rela\u00e7\u00e3o entre ind\u00fastrias e desenvolvimento econ\u00f4mico \u00e9 intr\u00ednseca e essencial em qualquer comunidade. A entrada de uma grande empresa como a Xpert Pack n\u00e3o apenas traz benef\u00edcios diretos, como a gera\u00e7\u00e3o de empregos, mas tamb\u00e9m contribui para a cria\u00e7\u00e3o de um ambiente favor\u00e1vel ao desenvolvimento sustent\u00e1vel.<\/p>\n<p>Industriais s\u00e3o cruciais para a diversifica\u00e7\u00e3o da economia local. Uma cidade que se torna um polo de ind\u00fastrias n\u00e3o apenas resiste melhor a crises econ\u00f4micas, mas tamb\u00e9m cria um ecossistema onde inova\u00e7\u00f5es podem prosperar. A presen\u00e7a da Xpert Pack em Feira de Santana poder\u00e1 atrair outras ind\u00fastrias, fomentando sinergias que resultam em novos neg\u00f3cios, servi\u00e7os, e solu\u00e7\u00f5es.<\/p>\n<p>Al\u00e9m disso, empresas industriais tendem a estimular investimentos em infraestrutura, educa\u00e7\u00e3o e capacita\u00e7\u00e3o, que s\u00e3o fundamentais para uma sociedade pr\u00f3spera. O impacto positivo gerado pela Xpert Pack poder\u00e1 ser sentido ao longo das futuras gera\u00e7\u00f5es, criando um legado de desenvolvimento que se estende muito al\u00e9m das opera\u00e7\u00f5es da f\u00e1brica.<\/p>\n<h2>Testemunhos de trabalhadores da nova planta<\/h2>\n<p>A abertura da nova unidade da Xpert Pack gerou expectativa n\u00e3o apenas no mercado, mas tamb\u00e9m entre os trabalhadores locais, que veem a possibilidade de um futuro promissor. Depoimentos de rec\u00e9m-empregados destacam a alegria em poder fazer parte de uma empresa t\u00e3o significativa. Para muitos, a oportunidade de trabalhar em uma companhia reconhecida internacionalmente representa um importante passo em suas carreiras profissionais.<\/p>\n<p>Os trabalhadores tamb\u00e9m est\u00e3o entusiasmados com as perspectivas de crescimento e desenvolvimento que a empresa oferece. A promessa de treinamentos e programas de capacita\u00e7\u00e3o inspira uma nova gera\u00e7\u00e3o de profissionais prontos para enfrentar os desafios do mercado de trabalho. Os relatos expressam um sentimento de esperan\u00e7a e de pertencimento, uma vez que a ind\u00fastria est\u00e1 contribuindo n\u00e3o apenas para o sustento imediato, mas para a constru\u00e7\u00e3o de um futuro mais brilhante.<\/p>\n<p>A Xpert Pack, atrav\u00e9s do investimento em sua for\u00e7a de trabalho, est\u00e1 comprometida em n\u00e3o apenas criar empregos, mas em construir uma equipe altamente qualificada. Esse investimento no capital humano ser\u00e1 um dos pilares para o sucesso cont\u00ednuo da empresa.<\/p>\n<h2>Perspectivas futuras para Feira de Santana<\/h2>\n<p>Com a inaugura\u00e7\u00e3o da nova planta da Xpert Pack, as perspectivas para Feira de Santana s\u00e3o bastante animadoras. A cidade se posiciona como uma refer\u00eancia no setor industrial, com a capacidade de atrair novos investidores e empreendimentos. Os \u00faltimos desenvolvimentos nas infraestruturas de transporte, como estradas e acessos, tornam a cidade ainda mais atrativa para novas opera\u00e7\u00f5es empresariais.<\/p>\n<p>Al\u00e9m disso, a presen\u00e7a de uma empresa como a Xpert Pack pode catalisar novos projetos de inova\u00e7\u00e3o e desenvolvimento tecnol\u00f3gico, que colocam Feira de Santana em um cen\u00e1rio de lideran\u00e7a industrial. O compromisso da empresa com a excel\u00eancia e a alta qualidade poder\u00e1 inspirar outras ind\u00fastrias a seguir o mesmo caminho, fomentando um ciclo positivo de investimento e desenvolvimento.<\/p>\n<p>O futuro parece promissor para os feirenses, que podem esperar um aumento em suas oportunidades de emprego, crescimento econ\u00f4mico e uma melhoria na qualidade de vida. A Xpert Pack n\u00e3o \u00e9 apenas uma f\u00e1brica; \u00e9 um s\u00edmbolo do que \u00e9 poss\u00edvel quando a vis\u00e3o empresarial se alinha com as necessidades e esperan\u00e7as de uma comunidade.<\/p>\n\n<div style=\"font-size: 0px; height: 0px; line-height: 0px; margin: 0; padding: 0; clear: both;\"><\/div>","protected":false},"excerpt":{"rendered":"<p>A maior f\u00e1brica de big bags do pa\u00eds chega em Feira de Santana, gerando 1.100 empregos diretos.<\/p>\n","protected":false},"author":1,"featured_media":0,"comment_status":"open","ping_status":"closed","sticky":false,"template":"","format":"standard","meta":{"footnotes":""},"categories":[4],"tags":[],"class_list":["post-1369","post","type-post","status-publish","format-standard","hentry","category-empregos-em-feira-de-santana"],"aioseo_notices":[],"_links":{"self":[{"href":"https:\/\/www.encontrafeiradesantana.com.br\/sobre\/wp-json\/wp\/v2\/posts\/1369","targetHints":{"allow":["GET"]}}],"collection":[{"href":"https:\/\/www.encontrafeiradesantana.com.br\/sobre\/wp-json\/wp\/v2\/posts"}],"about":[{"href":"https:\/\/www.encontrafeiradesantana.com.br\/sobre\/wp-json\/wp\/v2\/types\/post"}],"author":[{"embeddable":true,"href":"https:\/\/www.encontrafeiradesantana.com.br\/sobre\/wp-json\/wp\/v2\/users\/1"}],"replies":[{"embeddable":true,"href":"https:\/\/www.encontrafeiradesantana.com.br\/sobre\/wp-json\/wp\/v2\/comments?post=1369"}],"version-history":[{"count":0,"href":"https:\/\/www.encontrafeiradesantana.com.br\/sobre\/wp-json\/wp\/v2\/posts\/1369\/revisions"}],"wp:attachment":[{"href":"https:\/\/www.encontrafeiradesantana.com.br\/sobre\/wp-json\/wp\/v2\/media?parent=1369"}],"wp:term":[{"taxonomy":"category","embeddable":true,"href":"https:\/\/www.encontrafeiradesantana.com.br\/sobre\/wp-json\/wp\/v2\/categories?post=1369"},{"taxonomy":"post_tag","embeddable":true,"href":"https:\/\/www.encontrafeiradesantana.com.br\/sobre\/wp-json\/wp\/v2\/tags?post=1369"}],"curies":[{"name":"wp","href":"https:\/\/api.w.org\/{rel}","templated":true}]}}