{"id":1337,"date":"2025-12-08T07:43:00","date_gmt":"2025-12-08T10:43:00","guid":{"rendered":"https:\/\/www.encontrafeiradesantana.com.br\/sobre\/musica-teatro-e-mais-veja-opcoes-de-lazer-em-feira-e-regiao-no-fim-de-semana\/"},"modified":"2025-12-08T07:43:00","modified_gmt":"2025-12-08T10:43:00","slug":"musica-teatro-e-mais-veja-opcoes-de-lazer-em-feira-e-regiao-no-fim-de-semana","status":"publish","type":"post","link":"https:\/\/www.encontrafeiradesantana.com.br\/sobre\/musica-teatro-e-mais-veja-opcoes-de-lazer-em-feira-e-regiao-no-fim-de-semana\/","title":{"rendered":"M\u00fasica, teatro e mais: veja op\u00e7\u00f5es de lazer em Feira e regi\u00e3o no fim de semana"},"content":{"rendered":"<div class=\"3f468104ad11f00a3c9ac948316f4265\" data-index=\"1\" style=\"float: none; margin:0px;\">\n<ins class=\"adsbygoogle\"\r\n     style=\"display:block\"\r\n     data-ad-client=\"ca-pub-8585364105181520\"\r\n     data-ad-slot=\"8789329856\"\r\n     data-ad-format=\"auto\"\r\n     data-full-width-responsive=\"true\"><\/ins>\r\n<script>\r\n     (adsbygoogle = window.adsbygoogle || []).push({});\r\n<\/script>\r\n\n<\/div>\n<h2>Programa\u00e7\u00e3o Cultural<\/h2>\n<p>A programa\u00e7\u00e3o cultural em Feira de Santana \u00e9 diversificada e repleta de eventos que atraem pessoas de todas as idades. A cidade se destaca por oferecer in\u00fameras op\u00e7\u00f5es de lazer aos seus habitantes e visitantes. S\u00e3o concertos, apresenta\u00e7\u00f5es teatrais, festivais de dan\u00e7a e muito mais. A diversidade cultural \u00e9 uma marca registrada, refletindo a riqueza de suas tradi\u00e7\u00f5es e a modernidade que a cidade abra\u00e7a.<\/p>\n<p>Os eventos culturais s\u00e3o realizados em m\u00faltiplos locais, como pra\u00e7as, teatros e centros culturais, permitindo que a popula\u00e7\u00e3o participe ativamente. Nos \u00faltimos anos, a cidade criou uma agenda mensal que traz detalhes sobre os eventos a serem realizados, assim, todos podem programar suas visitas e n\u00e3o perder nenhuma atra\u00e7\u00e3o importante.<\/p>\n<p>Al\u00e9m disso, a intera\u00e7\u00e3o entre diferentes manifesta\u00e7\u00f5es art\u00edsticas enriquece ainda mais a cultura local. Muitos eventos s\u00e3o realizados em parceria com institui\u00e7\u00f5es educativas, favorecendo a forma\u00e7\u00e3o cultural dos jovens estudantes e adultos interessados, promovendo oficinas, cursos e debates.<\/p>\n<p><img decoding=\"async\" src=\"https:\/\/www.encontrafeiradesantana.com.br\/sobre\/wp-content\/uploads\/2025\/12\/musica-teatro-e-mais-veja-opcoes-de-lazer-em-feira-e-regiao-no-fim-de-semana.webp\" alt=\"op\u00e7\u00f5es de lazer em Feira de Santana\" loading=\"lazy\" \/><\/p>\n<h2>Eventos Musicais Imperd\u00edveis<\/h2>\n<p>A cena musical de Feira de Santana \u00e9 vibrante e inclui g\u00eaneros que v\u00e3o do forr\u00f3 ao rock, passando pelo samba e arrocha. Um dos eventos mais esperados anualmente \u00e9 o <strong>Feira Music<\/strong>, que re\u00fane artistas locais e nacionais para shows gratuitos, proporcionando uma grande festa para o p\u00fablico. Este evento destaca as bandas e m\u00fasicos da regi\u00e3o, criando um espa\u00e7o para novos talentos e revela\u00e7\u00f5es.<\/p>\n<p>Outros eventos como o <strong>Carnaval de Feira<\/strong> e o <strong>S\u00e3o Jo\u00e3o<\/strong> s\u00e3o \u00e9pocas em que a cidade pulsa com m\u00fasica e dan\u00e7a. Durante o Carnaval, blocos de rua e bandas fazem a alegria dos foli\u00f5es nas ruas. No S\u00e3o Jo\u00e3o, as festas s\u00e3o repletas de quadrilhas, comidas t\u00edpicas e muito forr\u00f3, trazendo as pessoas para dan\u00e7ar e celebrar juntos.<\/p>\n<p>Os bares e casas de show da cidade tamb\u00e9m contribuem para a programa\u00e7\u00e3o musical. \u00c9 comum encontrar artistas se apresentando em ambientes \u00edntimos e relaxantes, onde o p\u00fablico pode desfrutar de uma boa comida e m\u00fasica ao vivo em um mesmo lugar.<\/p>\n<h2>Teatro e Performance<\/h2>\n<p>A produ\u00e7\u00e3o teatral de Feira de Santana \u00e9 breve e rica. A cidade abriga a <strong>Cia. de Teatro da Cidade<\/strong>, que \u00e9 conhecida por suas produ\u00e7\u00f5es de qualidade e por abordar temas atuais. Os espet\u00e1culos s\u00e3o realizados no <strong>Centro de Cultura Am\u00e9lio Amorim<\/strong>, que se tornou um espa\u00e7o de refer\u00eancia para as artes c\u00eanicas.<\/p>\n<p>A Cia. \u00e9 respons\u00e1vel por apresenta\u00e7\u00f5es que v\u00e3o desde cl\u00e1ssicos da dramaturgia at\u00e9 novas cria\u00e7\u00f5es que refletem a cultura e a sociedade contempor\u00e2nea. Seus atores frequentemente interagem com o p\u00fablico, promovendo um ambiente vibrante e acess\u00edvel. V\u00e1rias temporadas de pe\u00e7as s\u00e3o realizadas a cada semestre, garantindo que sempre haja algo novo para ver e apreciar.<\/p>\n<p>Al\u00e9m da companhia teatral, outros coletivos independentes tamb\u00e9m se apresentam. O <strong>Festival Nacional de Teatro<\/strong> \u00e9 um evento que re\u00fane grupos de diversas partes do Brasil, promovendo interc\u00e2mbios culturais e art\u00edsticos, al\u00e9m de oficinas e debates sobre o teatro.<\/p>\n<h2>Atividades ao Ar Livre<\/h2>\n<p>Feira de Santana possui diversas op\u00e7\u00f5es para quem aprecia atividades ao ar livre. O Parque da Cidade \u00e9 um dos locais mais procurados, ideal para caminhadas, corridas e piqueniques em fam\u00edlia. O parque conta com \u00e1reas de lazer, espa\u00e7os para crian\u00e7as e at\u00e9 um pequeno lago.<strong>A Lagoa Grande<\/strong> \u00e9 outro ponto que oferece trilhas para caminhadas e contato com a natureza.<\/p>\n<p>Os amantes de esportes podem aproveitar as v\u00e1rias quadras e campos dispon\u00edveis em diversos bairros, onde ocorrem partidas de futebol, v\u00f4lei e basquete. Al\u00e9m disso, o <strong>Centro de Esportes<\/strong> oferece aulas gratuitas em v\u00e1rias modalidades, incentivando a pr\u00e1tica de atividades f\u00edsicas e o bem-estar da popula\u00e7\u00e3o.<\/p>\n<h2>Op\u00e7\u00f5es de Lazer Gratuitas<\/h2>\n<p>Uma das melhores caracter\u00edsticas de Feira de Santana \u00e9 a ampla oferta de opcionais de lazer gratuitas. As pra\u00e7as, como a pra\u00e7a da Matriz e a pra\u00e7a Marechal Floriano, frequentemente realizam eventos culturais, festivais e feiras de artesanato. Os fins de semana s\u00e3o marcados por apresenta\u00e7\u00f5es de m\u00fasica ao vivo, dan\u00e7a e outros entretenimentos, onde as pessoas se re\u00fanem para aproveitar.<\/p>\n<p>A <strong>Feira do Livro<\/strong>, que ocorre anualmente, \u00e9 uma \u00f3tima oportunidade para os apaixonados por leitura. O evento apresenta uma variedade de livros vendidos a pre\u00e7os acess\u00edveis e ainda promove palestras e sess\u00f5es de aut\u00f3grafos com autores locais.<\/p>\n<h2>Onde Comprar Ingressos<\/h2>\n<p>Ingressos para os eventos em Feira de Santana podem ser adquiridos em diversos locais. Para eventos de maior porte, como shows e festivais, os ingressos geralmente s\u00e3o vendidos em plataformas online como <strong>Sympla<\/strong> e <strong>Eventbrite<\/strong>. Al\u00e9m disso, pontos f\u00edsicos como bilheteiras nos locais dos eventos tamb\u00e9m disponibilizam ingressos, especialmente em datas pr\u00f3ximas aos shows.<\/p>\n<p>Outro recurso s\u00e3o as redes sociais dos artistas ou das casas de show, que frequentemente divulgam promo\u00e7\u00f5es e disponibilizam ingressos com desconto, sendo uma \u00f3tima op\u00e7\u00e3o para quem deseja economizar.<\/p>\n<h2>Atra\u00e7\u00f5es para Toda a Fam\u00edlia<\/h2>\n<p>Feira de Santana oferece uma variedade de atra\u00e7\u00f5es que agradam a toda a fam\u00edlia. Durante o per\u00edodo de f\u00e9rias escolares, a cidade costuma sediar eventos especiais voltados para crian\u00e7as, como circos e pe\u00e7as teatrais infantis. Os museus da cidade, como o Museu Regional de Feira de Santana, tamb\u00e9m promovem atividades educativas e visitas guiadas.<\/p>\n<p>Os parques e pra\u00e7as s\u00e3o locais ideais para um dia em fam\u00edlia. Muitas vezes, s\u00e3o organizadas gincanas e competi\u00e7\u00f5es recreativas que incentivam a participa\u00e7\u00e3o de pais e filhos, promovendo a intera\u00e7\u00e3o e o conv\u00edvio social.<\/p>\n<h2>Dicas para Aproveitar Melhor<\/h2>\n<p>Para aproveitar ao m\u00e1ximo as op\u00e7\u00f5es de lazer em Feira de Santana, \u00e9 importante ficar atento \u00e0s datas e hor\u00e1rios dos eventos. Uma boa forma de se informar \u00e9 seguir as redes sociais de institui\u00e7\u00f5es culturais, artistas e perfis dedicados \u00e0 cidade. Outra dica \u00e9 planejar com anteced\u00eancia: verifique a programa\u00e7\u00e3o semanal e escolha quais eventos seu grupo gostaria de participar.<\/p>\n<p>Levar \u00e1gua e lanche para eventos ao ar livre pode ser uma boa alternativa, assim como usar roupas confort\u00e1veis. N\u00e3o esque\u00e7a de verificar a previs\u00e3o do tempo, pois a cidade pode ser quente em algumas \u00e9pocas do ano.<\/p>\n<h2>Gastronomia Local e Eventos<\/h2>\n<p>A gastronomia \u00e9 uma parte essencial da experi\u00eancia cultural em Feira de Santana. Os eventos do tipo <strong>Feira Gastron\u00f4mica<\/strong> atraem muitos visitantes, oferecendo pratos t\u00edpicos e as famosas iguarias da Bahia, como acaraj\u00e9, moqueca e uma variedade de quitutes regionais. Restaurantes e barracas de comida se re\u00fanem para mostrar o melhor da culin\u00e1ria local.<\/p>\n<p>Al\u00e9m disso, muitos eventos culturais incluem op\u00e7\u00f5es de comida, como a venda de refei\u00e7\u00f5es e bebidas t\u00edpicas, proporcionando uma verdadeira festa sensorial para todos os participantes. Muitos desses eventos tamb\u00e9m utilizam m\u00fasicos locais para entreter os visitantes, criando um clima festivo e acolhedor.<\/p>\n<h2>Datas Importantes no Calend\u00e1rio Cultural<\/h2>\n<p>O calend\u00e1rio cultural de Feira de Santana \u00e9 repleto de datas que merecem destaque. O <strong>S\u00e3o Jo\u00e3o<\/strong> \u00e9 um dos mais celebrados, com festas que v\u00e3o de junho at\u00e9 julho. O <strong>Carnaval<\/strong> e a <strong>Semana da Cultura<\/strong> s\u00e3o outros eventos que marcam o calend\u00e1rio cultural, atraindo pessoas de toda a regi\u00e3o. Em agosto, a <strong>Feira de Artesanato<\/strong> \u00e9 uma \u00f3tima oportunidade para conhecer a produ\u00e7\u00e3o local e um m\u00eas recheado com a <strong>Feira do Livro<\/strong>, onde se pode interagir com autores e adquirir obras liter\u00e1rias.<\/p>\n<p>Al\u00e9m dessas datas, a cidade ainda conta com eventos mensais e sazonais que apresentam novas experi\u00eancias para todos. Mantenha-se informado para n\u00e3o perder a chance de vivenciar as muitas atividades que a cidade oferece ao longo do ano.<\/p>\n\n<div style=\"font-size: 0px; height: 0px; line-height: 0px; margin: 0; padding: 0; clear: both;\"><\/div>","protected":false},"excerpt":{"rendered":"<p>Veja op\u00e7\u00f5es de lazer em Feira de Santana para aproveitar o fim de semana.<\/p>\n","protected":false},"author":1,"featured_media":1336,"comment_status":"open","ping_status":"closed","sticky":false,"template":"","format":"standard","meta":{"footnotes":""},"categories":[6],"tags":[],"class_list":["post-1337","post","type-post","status-publish","format-standard","has-post-thumbnail","hentry","category-noticias-em-feira-de-santana","has_thumb"],"aioseo_notices":[],"_links":{"self":[{"href":"https:\/\/www.encontrafeiradesantana.com.br\/sobre\/wp-json\/wp\/v2\/posts\/1337","targetHints":{"allow":["GET"]}}],"collection":[{"href":"https:\/\/www.encontrafeiradesantana.com.br\/sobre\/wp-json\/wp\/v2\/posts"}],"about":[{"href":"https:\/\/www.encontrafeiradesantana.com.br\/sobre\/wp-json\/wp\/v2\/types\/post"}],"author":[{"embeddable":true,"href":"https:\/\/www.encontrafeiradesantana.com.br\/sobre\/wp-json\/wp\/v2\/users\/1"}],"replies":[{"embeddable":true,"href":"https:\/\/www.encontrafeiradesantana.com.br\/sobre\/wp-json\/wp\/v2\/comments?post=1337"}],"version-history":[{"count":0,"href":"https:\/\/www.encontrafeiradesantana.com.br\/sobre\/wp-json\/wp\/v2\/posts\/1337\/revisions"}],"wp:featuredmedia":[{"embeddable":true,"href":"https:\/\/www.encontrafeiradesantana.com.br\/sobre\/wp-json\/wp\/v2\/media\/1336"}],"wp:attachment":[{"href":"https:\/\/www.encontrafeiradesantana.com.br\/sobre\/wp-json\/wp\/v2\/media?parent=1337"}],"wp:term":[{"taxonomy":"category","embeddable":true,"href":"https:\/\/www.encontrafeiradesantana.com.br\/sobre\/wp-json\/wp\/v2\/categories?post=1337"},{"taxonomy":"post_tag","embeddable":true,"href":"https:\/\/www.encontrafeiradesantana.com.br\/sobre\/wp-json\/wp\/v2\/tags?post=1337"}],"curies":[{"name":"wp","href":"https:\/\/api.w.org\/{rel}","templated":true}]}}