{"id":1316,"date":"2025-12-04T08:52:00","date_gmt":"2025-12-04T11:52:00","guid":{"rendered":"https:\/\/www.encontrafeiradesantana.com.br\/sobre\/turistas-do-rio-de-janeiro-conhecem-atrativos-culturais-e-historicos-de-feira-de-santana-em-visita-guiada\/"},"modified":"2025-12-04T08:52:00","modified_gmt":"2025-12-04T11:52:00","slug":"turistas-do-rio-de-janeiro-conhecem-atrativos-culturais-e-historicos-de-feira-de-santana-em-visita-guiada","status":"publish","type":"post","link":"https:\/\/www.encontrafeiradesantana.com.br\/sobre\/turistas-do-rio-de-janeiro-conhecem-atrativos-culturais-e-historicos-de-feira-de-santana-em-visita-guiada\/","title":{"rendered":"Turistas do Rio de Janeiro conhecem atrativos culturais e hist\u00f3ricos de Feira de Santana em visita guiada"},"content":{"rendered":"<div class=\"3f468104ad11f00a3c9ac948316f4265\" data-index=\"1\" style=\"float: none; margin:0px;\">\n<ins class=\"adsbygoogle\"\r\n     style=\"display:block\"\r\n     data-ad-client=\"ca-pub-8585364105181520\"\r\n     data-ad-slot=\"8789329856\"\r\n     data-ad-format=\"auto\"\r\n     data-full-width-responsive=\"true\"><\/ins>\r\n<script>\r\n     (adsbygoogle = window.adsbygoogle || []).push({});\r\n<\/script>\r\n\n<\/div>\n<h2>Um roteiro cultural diverso<\/h2>\n<p>Feira de Santana, uma das cidades mais importantes da Bahia, n\u00e3o \u00e9 apenas um centro econ\u00f4mico, mas tamb\u00e9m um local rico em cultura e hist\u00f3ria. Neste artigo, iremos explorar a encantadora visita de 26 turistas do Rio de Janeiro \u00e0 Feira, que se levou a cabo em um s\u00e1bado e foi marcada por um roteiro cultural diversificado, projetado para apresentar aos visitantes os encantos e a riqueza cultural da cidade. O grupo era composto por mulheres, incluindo m\u00e9dicas, advogadas e aposentadas, que fazem parte da organiza\u00e7\u00e3o mission\u00e1ria Mulher Crist\u00e3 em Miss\u00e3o (MCM). A ideia por tr\u00e1s dessa visita foi proporcionar uma experi\u00eancia enriquecedora que destacasse a cultura local, a gastronomia e a hist\u00f3ria da regi\u00e3o.<\/p>\n<p>O dia come\u00e7ou na Galeria do Artes\u00e3o, que \u00e9 um ponto de refer\u00eancia na cidade, reconhecida por sua variedade de obras de arte e produtos artesanais. Essa galeria n\u00e3o s\u00f3 exp\u00f5e o talento de artistas locais, mas tamb\u00e9m serve como um centro de conviv\u00eancia e troca cultural. Logo de in\u00edcio, as turistas foram recebidas de maneira calorosa pelos artes\u00e3os que l\u00e1 estavam, que entusiasmaram a todos com can\u00e7\u00f5es e toques de berimbau, instrumentos que representam a identidade cultural da Bahia e o sincretismo que permeia a cultura baiana. Este ambiente acolhedor criava uma atmosfera de celebra\u00e7\u00e3o e refor\u00e7ava a conex\u00e3o entre as visitantes e os anfitri\u00f5es.<\/p>\n<h2>Recep\u00e7\u00e3o calorosa na Galeria do Artes\u00e3o<\/h2>\n<p>A recep\u00e7\u00e3o na Galeria do Artes\u00e3o foi apenas o come\u00e7o da viagem. Os artes\u00e3os Gutembergue Queixada e Robsom, com suas habilidades musicais e perform\u00e1ticas, n\u00e3o s\u00f3 entreteram o grupo, mas tamb\u00e9m proporcionaram uma imers\u00e3o na cultura baiana. Por meio de suas artes, eles compartilharam um pouco da hist\u00f3ria local, suas tradi\u00e7\u00f5es e a import\u00e2ncia da arte na vida comunit\u00e1ria. A m\u00fasica e a dan\u00e7a ajudam a contar as hist\u00f3rias do povo baiano, promovendo uma experi\u00eancia completa e envolvente.<\/p>\n<p><img decoding=\"async\" src=\"https:\/\/www.encontrafeiradesantana.com.br\/sobre\/wp-content\/uploads\/2025\/12\/turistas-do-rio-de-janeiro-conhecem-atrativos-culturais-e-historicos-de-feira-de-santana-em-visita-g.webp\" alt=\"turistas em Feira de Santana\" loading=\"lazy\" \/><\/p>\n<p>A intera\u00e7\u00e3o com esses artistas \u00e9 essencial para compreender a import\u00e2ncia do artesanato na constru\u00e7\u00e3o da identidade cultural de Feira de Santana. No espa\u00e7o, \u00e9 poss\u00edvel encontrar uma rica variedade de trabalhos manuais que v\u00e3o desde incensos e bijuterias at\u00e9 pe\u00e7as de cer\u00e2mica que refletem a influ\u00eancia da cultura africana e ind\u00edgena. Ao se engajar com os artes\u00e3os, as turistas se sentiram parte de um momento \u00fanico e aut\u00eantico, que deixou uma impress\u00e3o duradoura sobre a capacidade da arte de unir as pessoas por meio de suas experi\u00eancias compartilhadas.<\/p>\n<h2>Explorando o Mercado de Arte Popular<\/h2>\n<p>Depois de uma manh\u00e3 cheia de aprendizado e intera\u00e7\u00e3o na Galeria do Artes\u00e3o, o grupo seguiu para o Mercado de Arte Popular (MAP). O MAP \u00e9 outro local emblem\u00e1tico que expressa a cultura e o artesanato da Bahia. Este mercado \u00e9 conhecido por sua diversidade de produtos e pela presen\u00e7a de artes\u00e3os que vendem suas obras diretamente para o p\u00fablico. Ao adentrar o espa\u00e7o, as turistas tiveram a oportunidade de explorar e adquirir pe\u00e7as \u00fanicas que refletiam o talento e a criatividade local. <\/p>\n<p>No MAP, as visitantes foram recebidas por Bruna Rios, uma oficial de gabinete da Secretaria do Trabalho, Turismo e Desenvolvimento Econ\u00f4mico (Settdec). A presen\u00e7a dela simbolizou o apoio da administra\u00e7\u00e3o local ao turismo e ao com\u00e9rcio local. As turistas puderam passear pelos corredores do mercado, fazer compras e conversar com os artes\u00e3os, compreendendo mais sobre suas t\u00e9cnicas e a hist\u00f3ria por tr\u00e1s de cada pe\u00e7a vendida.<\/p>\n<p>Explorar o MAP n\u00e3o \u00e9 apenas um ato de compra; \u00e9 uma maneira de apoiar a economia local e preservar a cultura. Ao adquirir um produto artesanal, os turistas n\u00e3o apenas levam para casa um peda\u00e7o da Bahia, mas tamb\u00e9m proporcionam um reconhecimento ao trabalho \u00e1rduo e \u00e0 dedica\u00e7\u00e3o de quem produz. Essa din\u00e2mica de compra consciente \u00e9 fundamental para a sustentabilidade do turismo na regi\u00e3o e da valoriza\u00e7\u00e3o do patrim\u00f4nio cultural.<\/p>\n<h2>Momentos de f\u00e9 na Primeira Igreja Batista<\/h2>\n<p>Al\u00e9m da arte e da cultura, a visita ao centro hist\u00f3rico de Feira de Santana tamb\u00e9m trouxe momentos de reflex\u00e3o e espiritualidade. Um dos pontos altos do roteiro foi a visita \u00e0 Primeira Igreja Batista. Este templo, que \u00e9 uma das institui\u00e7\u00f5es religiosas mais antigas da cidade, representa a hist\u00f3ria de f\u00e9 e communautarismo. A visita \u00e0 igreja possibilitou ao grupo contemplar a arquitetura do edif\u00edcio, que possui caracter\u00edsticas que falam sobre a trajet\u00f3ria da cidade e de seus moradores.<\/p>\n<p>No interior da igreja, as turistas puderam conhecer um pouco mais sobre a hist\u00f3ria da comunidade batista e a sua influ\u00eancia ao longo dos anos em Feira de Santana. Visitas a estruturas religiosas oferecem uma oportunidade \u00fanica para conviver com a hist\u00f3ria e a cultura de um local, permitindo que os visitantes entendam como a religiosidade molda as intera\u00e7\u00f5es sociais e culturais. Na Primeira Igreja Batista, o sentimento de comunh\u00e3o e a troca de saberes criaram uma conex\u00e3o especial entre visitantes e locais.<\/p>\n<h2>City tour guiado pelos pontos hist\u00f3ricos<\/h2>\n<p>Ap\u00f3s esses momentos religiosos, o grupo seguiu para um city tour guiado, que passou por diversos pontos hist\u00f3ricos de Feira de Santana. O passeio foi conduzido por Gra\u00e7a Cordeiro, chefe da Divis\u00e3o de Turismo da Settdec, que se mostrou uma guia apaixonada pelo que havia para mostrar. Durante o tour, as turistas puderam conhecer o pr\u00e9dio da Prefeitura, um s\u00edmbolo da administra\u00e7\u00e3o local e da hist\u00f3ria pol\u00edtica da cidade.<\/p>\n<p>Outro ponto de destaque foi a Igreja Senhor dos Passos, conhecida por sua bela arquitetura e por ser um ponto de peregrina\u00e7\u00e3o religiosa. A visita \u00e0 Igreja dos Rem\u00e9dios e \u00e0 Pra\u00e7a Fr\u00f3es da Mota tamb\u00e9m foram parte da experi\u00eancia, proporcionando uma vis\u00e3o rica sobre o cotidiano e as tradi\u00e7\u00f5es de Feira de Santana. Cada local visitado contava uma parte da hist\u00f3ria da cidade, revelando os desafios e conquistas que moldaram a identidade local ao longo dos anos.<\/p>\n<p>Al\u00e9m de conhecer a hist\u00f3ria e a arquitetura, esse city tour promoveu uma intera\u00e7\u00e3o entre as turistas e os moradores locais, que frequentemente paravam para cumprimentar e compartilhar sorrisos. Essa hospitalidade \u00e9 uma \u0639\u0644\u0627\u0645\u0629 registrada da Bahia, onde o calor humano se traduz em um acolhimento genu\u00edno. O city tour, portanto, se torna mais do que uma simples atividade; \u00e9 um verdadeiro interc\u00e2mbio cultural.<\/p>\n<h2>Intera\u00e7\u00e3o e sorteios durante o passeio<\/h2>\n<p>Durante todo o passeio, a intera\u00e7\u00e3o prosseguiu com a distribui\u00e7\u00e3o de cocadas baianinhas, um doce tradicional da regi\u00e3o que fez sucesso entre as turistas. Essa a\u00e7\u00e3o, al\u00e9m de funcionar como um agrado, tamb\u00e9m \u00e9 uma forma de apresentar as del\u00edcias gastron\u00f4micas locais. A cocada \u00e9 um s\u00edmbolo da culin\u00e1ria baiana, uma verdadeira iguaria que re\u00fane sabores e texturas, e sua distribui\u00e7\u00e3o fomentou sorrisos e, sem d\u00favidas, experimenta\u00e7\u00f5es de novos sabores.<\/p>\n<p>Al\u00e9m disso, foi realizado um sorteio de um livro da Funda\u00e7\u00e3o Senhor dos Passos, que atraiu a aten\u00e7\u00e3o do grupo. Tal iniciativa n\u00e3o s\u00f3 manteve as visitantes engajadas, mas tamb\u00e9m proporcionou um momento l\u00fadico que estimulou a intera\u00e7\u00e3o. Aprender um pouco mais sobre a literatura local e as tradi\u00e7\u00f5es de Feira de Santana \u00e9 uma maneira de transformar a experi\u00eancia da visita em algo mais significativo.<\/p>\n<h2>A import\u00e2ncia da visita para o turismo local<\/h2>\n<p>A visita do grupo do Rio de Janeiro \u00e0 Feira de Santana foi mais do que uma troca cultural, foi um refor\u00e7o da import\u00e2ncia do turismo na cidade. Gra\u00e7a Cordeiro, a chefe da Divis\u00e3o de Turismo, ressaltou a relev\u00e2ncia de receber visitantes de outros estados como um sinal do potencial tur\u00edstico da cidade. Esse reconhecimento \u00e9 fundamental para o desenvolvimento cont\u00ednuo do turismo e da economia local.<\/p>\n<p>Estimulando o turismo, Feira de Santana n\u00e3o s\u00f3 atrai visitantes, mas tamb\u00e9m promove a renda dos locais, fortalece a preserva\u00e7\u00e3o cultural e se torna um catalisador para o crescimento econ\u00f4mico. O envolvimento das autoridades municipais, como a Settdec, \u00e9 essencial para promover o destino e criar ofertas tur\u00edsticas que encantem os visitantes e incentivem retornos.<\/p>\n<h2>Cultura baiana em destaque<\/h2>\n<p>A visita \u00e0 Feira de Santana destacou a rica cultura baiana, que se expressa por meio de diversas vertentes, como a m\u00fasica, a dan\u00e7a, a culin\u00e1ria e as artes. Os turistas puderam vivenciar uma amostra aut\u00eantica do que \u00e9 ser baiano, e isso envolve experi\u00eancias sensoriais que v\u00e3o al\u00e9m do visual. O turismo cultural possibilita uma experi\u00eancia hol\u00edstica que encanta e transforma os visitantes, criando la\u00e7os e mem\u00f3rias que durar\u00e3o por toda a vida.<\/p>\n<p>Os artes\u00e3os, as tradi\u00e7\u00f5es culin\u00e1rias e os locais hist\u00f3ricos s\u00e3o elementos que comp\u00f5em a tape\u00e7aria cultural da cidade. A intera\u00e7\u00e3o entre os turistas e os artistas \u00e9 uma oportunidade de troca de saberes que enriquece tanto os visitantes quanto os anfitri\u00f5es. Isso fortalece a cultura local e potencializa a cria\u00e7\u00e3o de novos produtos tur\u00edsticos que s\u00e3o atrativos e aut\u00eanticos.<\/p>\n<h2>Feira de Santana: um destino a ser descoberto<\/h2>\n<p>Feira de Santana \u00e9 um destino emergente que merece aten\u00e7\u00e3o. Com op\u00e7\u00f5es variadas de lazer, cultura e gastronomia, a cidade est\u00e1 se consolidando como um ponto de interesse para turistas que buscam experi\u00eancias aut\u00eanticas e imersivas. Os pontos destacados durante a visita mostram que h\u00e1 muito a ser explorado e aprendido. Desde o artesanato at\u00e9 a culin\u00e1ria, passando pela hist\u00f3ria e pela religiosidade, Feira de Santana apresenta um potencial incr\u00edvel.<\/p>\n<h2>O futuro do turismo em Feira de Santana<\/h2>\n<p>O futuro do turismo em Feira de Santana parece promissor. Com a infraestrutura sendo aprimorada e uma crescente \u00eanfase em a\u00e7\u00f5es de promo\u00e7\u00e3o do turismo, a cidade se posiciona para ser um destino de destaque. O trabalho conjunto entre as autoridades municipais e os empres\u00e1rios do setor \u00e9 vital para garantir que o turismo cres\u00e7a de forma sustent\u00e1vel, respeitando as tradi\u00e7\u00f5es e a cultura locais.<\/p>\n<p>As iniciativas para promover eventos culturais, feiras e exposi\u00e7\u00f5es s\u00e3o formas eficazes de engajar n\u00e3o apenas os turistas, mas tamb\u00e9m a comunidade local. Com cada visita, cada intera\u00e7\u00e3o, Feira de Santana ganha um novo f\u00f4lego, refor\u00e7ando ainda mais sua identidade e seu lugar no mapa tur\u00edstico da Bahia. Portanto, o encouragemento ao turismo seguro, respons\u00e1vel e diversificado \u00e9 um caminho para solidificar o legado e a hist\u00f3ria da cidade para as futuras gera\u00e7\u00f5es.<\/p>\n\n<div style=\"font-size: 0px; height: 0px; line-height: 0px; margin: 0; padding: 0; clear: both;\"><\/div>","protected":false},"excerpt":{"rendered":"<p>Turistas do Rio de Janeiro vivenciam a rica cultura de Feira de Santana em uma visita guiada incr\u00edvel.<\/p>\n","protected":false},"author":1,"featured_media":1315,"comment_status":"open","ping_status":"closed","sticky":false,"template":"","format":"standard","meta":{"footnotes":""},"categories":[6],"tags":[],"class_list":["post-1316","post","type-post","status-publish","format-standard","has-post-thumbnail","hentry","category-noticias-em-feira-de-santana","has_thumb"],"aioseo_notices":[],"_links":{"self":[{"href":"https:\/\/www.encontrafeiradesantana.com.br\/sobre\/wp-json\/wp\/v2\/posts\/1316","targetHints":{"allow":["GET"]}}],"collection":[{"href":"https:\/\/www.encontrafeiradesantana.com.br\/sobre\/wp-json\/wp\/v2\/posts"}],"about":[{"href":"https:\/\/www.encontrafeiradesantana.com.br\/sobre\/wp-json\/wp\/v2\/types\/post"}],"author":[{"embeddable":true,"href":"https:\/\/www.encontrafeiradesantana.com.br\/sobre\/wp-json\/wp\/v2\/users\/1"}],"replies":[{"embeddable":true,"href":"https:\/\/www.encontrafeiradesantana.com.br\/sobre\/wp-json\/wp\/v2\/comments?post=1316"}],"version-history":[{"count":0,"href":"https:\/\/www.encontrafeiradesantana.com.br\/sobre\/wp-json\/wp\/v2\/posts\/1316\/revisions"}],"wp:featuredmedia":[{"embeddable":true,"href":"https:\/\/www.encontrafeiradesantana.com.br\/sobre\/wp-json\/wp\/v2\/media\/1315"}],"wp:attachment":[{"href":"https:\/\/www.encontrafeiradesantana.com.br\/sobre\/wp-json\/wp\/v2\/media?parent=1316"}],"wp:term":[{"taxonomy":"category","embeddable":true,"href":"https:\/\/www.encontrafeiradesantana.com.br\/sobre\/wp-json\/wp\/v2\/categories?post=1316"},{"taxonomy":"post_tag","embeddable":true,"href":"https:\/\/www.encontrafeiradesantana.com.br\/sobre\/wp-json\/wp\/v2\/tags?post=1316"}],"curies":[{"name":"wp","href":"https:\/\/api.w.org\/{rel}","templated":true}]}}