{"id":128,"date":"2013-03-07T00:01:10","date_gmt":"2013-03-07T03:01:10","guid":{"rendered":"http:\/\/www.encontrafeiradesantana.com.br\/noticias\/?p=128"},"modified":"2019-04-29T17:46:34","modified_gmt":"2019-04-29T20:46:34","slug":"comerciantes-aguardam-melhorias-para-o-mercado-de-arte-popular-em-feira-de-santana","status":"publish","type":"post","link":"https:\/\/www.encontrafeiradesantana.com.br\/sobre\/comerciantes-aguardam-melhorias-para-o-mercado-de-arte-popular-em-feira-de-santana\/","title":{"rendered":"Comerciantes aguardam melhorias para o Mercado de Arte Popular em Feira de Santana"},"content":{"rendered":"<div class=\"3f468104ad11f00a3c9ac948316f4265\" data-index=\"1\" style=\"float: none; margin:0px;\">\n<ins class=\"adsbygoogle\"\r\n     style=\"display:block\"\r\n     data-ad-client=\"ca-pub-8585364105181520\"\r\n     data-ad-slot=\"8789329856\"\r\n     data-ad-format=\"auto\"\r\n     data-full-width-responsive=\"true\"><\/ins>\r\n<script>\r\n     (adsbygoogle = window.adsbygoogle || []).push({});\r\n<\/script>\r\n\n<\/div>\n<p>Comerciantes estabelecidos no Mercado de Arte Popular aguardam com expectativa as melhorias anunciadas na estrutura do equipamento. A iniciativa do Governo Municipal faz parte das a\u00e7\u00f5es do Pacto de Feira, projeto de requalifica\u00e7\u00e3o do centro comercial da cidade.<\/p>\n<p>Maria Celeste Amorim, 75 anos, atua no Mercado de Arte h\u00e1 28 anos. Vende bordados, roupas, redes, toalhas de mesa e panos de prato. Constata que o n\u00famero de clientes j\u00e1 n\u00e3o \u00e9 mais o mesmo. \u201cDiminuiu muito\u201d, diz. Contudo, ela acredita em dias melhores. \u201cTorcemos muito por esta reforma. H\u00e1 muito tempo que nada \u00e9 feito aqui. Este local voltar\u00e1 a ser bem mais frequentado\u201d, estima.<\/p>\n<p>Jos\u00e9 Ivanilton Portugal est\u00e1 no Mercado de Arte Popular h\u00e1 22 anos. Ele observa que \u201c\u00e9 mais que necess\u00e1rio revitalizar o centro comercial de Feira. O com\u00e9rcio est\u00e1 tomado por barracas. A rua Sales Barbosa, por exemplo, mais parece uma favela. Cada barraca tem uma estrutura diferente\u201d, comenta.<\/p>\n<p>O secret\u00e1rio de Turismo na cidade de Feira de Santana, Trabalho e Desenvolvimento Econ\u00f4mico, Ant\u00f4nio Carlos Borges J\u00fanior, por sua vez, afirma que as a\u00e7\u00f5es do Pacto de Feira no Mercado de Arte Popular v\u00e3o atender as solicita\u00e7\u00f5es dos comerciantes, que j\u00e1 alguns anos solicitam do Poder P\u00fablico essa interven\u00e7\u00e3o.<\/p>\n<p>\u201cEntendemos que o Mercado de Arte \u00e9 um local onde se desenvolve a atividade de economia criativa. As pessoas comercializam os mais diversos produtos confeccionados artesanalmente em palha, madeira e cer\u00e2mica. Atrav\u00e9s das a\u00e7\u00f5es do Pacto de Feira estaremos proporcionando um resgate do patrim\u00f4nio, da cultura e tamb\u00e9m da cidadania\u201d, ressalta o secret\u00e1rio.<\/p>\n<p>Os recursos financeiros s\u00e3o resultados de emenda parlamentar. \u201cTeremos no futuro um local mais atraente para os consumidores de Feira e de outras cidades. Isso far\u00e1 que esse patrim\u00f4nio do munic\u00edpio alcance o espa\u00e7o necess\u00e1rio na economia da cidade\u201d, pontua Borges J\u00fanior.<\/p>\n<p><em>Fonte: Acorda Cidade<\/em><\/p>\n\n<div style=\"font-size: 0px; height: 0px; line-height: 0px; margin: 0; padding: 0; clear: both;\"><\/div>","protected":false},"excerpt":{"rendered":"<p>Comerciantes estabelecidos no Mercado de Arte Popular aguardam com expectativa as melhorias anunciadas na estrutura do equipamento. A iniciativa do Governo Municipal faz parte das a\u00e7\u00f5es do Pacto de Feira, projeto de requalifica\u00e7\u00e3o do centro comercial da cidade. Maria Celeste Amorim, 75 anos, atua no Mercado de Arte h\u00e1 28 anos. Vende bordados, roupas, redes, toalhas de mesa e panos de prato. Constata que o n\u00famero de clientes j\u00e1 n\u00e3o \u00e9 mais o mesmo. \u201cDiminuiu muito\u201d, diz. Contudo, ela acredita em dias melhores. \u201cTorcemos muito por esta reforma. H\u00e1 muito tempo que nada \u00e9 feito aqui. Este local voltar\u00e1 a <\/p>\n","protected":false},"author":1,"featured_media":0,"comment_status":"open","ping_status":"closed","sticky":false,"template":"","format":"standard","meta":{"footnotes":""},"categories":[6],"tags":[12],"class_list":["post-128","post","type-post","status-publish","format-standard","hentry","category-noticias-em-feira-de-santana","tag-feira-de-santana"],"aioseo_notices":[],"_links":{"self":[{"href":"https:\/\/www.encontrafeiradesantana.com.br\/sobre\/wp-json\/wp\/v2\/posts\/128","targetHints":{"allow":["GET"]}}],"collection":[{"href":"https:\/\/www.encontrafeiradesantana.com.br\/sobre\/wp-json\/wp\/v2\/posts"}],"about":[{"href":"https:\/\/www.encontrafeiradesantana.com.br\/sobre\/wp-json\/wp\/v2\/types\/post"}],"author":[{"embeddable":true,"href":"https:\/\/www.encontrafeiradesantana.com.br\/sobre\/wp-json\/wp\/v2\/users\/1"}],"replies":[{"embeddable":true,"href":"https:\/\/www.encontrafeiradesantana.com.br\/sobre\/wp-json\/wp\/v2\/comments?post=128"}],"version-history":[{"count":3,"href":"https:\/\/www.encontrafeiradesantana.com.br\/sobre\/wp-json\/wp\/v2\/posts\/128\/revisions"}],"predecessor-version":[{"id":545,"href":"https:\/\/www.encontrafeiradesantana.com.br\/sobre\/wp-json\/wp\/v2\/posts\/128\/revisions\/545"}],"wp:attachment":[{"href":"https:\/\/www.encontrafeiradesantana.com.br\/sobre\/wp-json\/wp\/v2\/media?parent=128"}],"wp:term":[{"taxonomy":"category","embeddable":true,"href":"https:\/\/www.encontrafeiradesantana.com.br\/sobre\/wp-json\/wp\/v2\/categories?post=128"},{"taxonomy":"post_tag","embeddable":true,"href":"https:\/\/www.encontrafeiradesantana.com.br\/sobre\/wp-json\/wp\/v2\/tags?post=128"}],"curies":[{"name":"wp","href":"https:\/\/api.w.org\/{rel}","templated":true}]}}