{"id":1232,"date":"2025-11-18T09:00:00","date_gmt":"2025-11-18T12:00:00","guid":{"rendered":"https:\/\/www.encontrafeiradesantana.com.br\/sobre\/prefeito-jose-ronaldo-participa-de-agenda-nacional-da-fnp-no-rio-de-janeiro\/"},"modified":"2025-11-18T09:00:00","modified_gmt":"2025-11-18T12:00:00","slug":"prefeito-jose-ronaldo-participa-de-agenda-nacional-da-fnp-no-rio-de-janeiro","status":"publish","type":"post","link":"https:\/\/www.encontrafeiradesantana.com.br\/sobre\/prefeito-jose-ronaldo-participa-de-agenda-nacional-da-fnp-no-rio-de-janeiro\/","title":{"rendered":"Prefeito Jos\u00e9 Ronaldo participa de agenda nacional da FNP no Rio de Janeiro"},"content":{"rendered":"<div class=\"3f468104ad11f00a3c9ac948316f4265\" data-index=\"1\" style=\"float: none; margin:0px;\">\n<ins class=\"adsbygoogle\"\r\n     style=\"display:block\"\r\n     data-ad-client=\"ca-pub-8585364105181520\"\r\n     data-ad-slot=\"8789329856\"\r\n     data-ad-format=\"auto\"\r\n     data-full-width-responsive=\"true\"><\/ins>\r\n<script>\r\n     (adsbygoogle = window.adsbygoogle || []).push({});\r\n<\/script>\r\n\n<\/div>\n<h2>Abertura da Agenda da FNP no Rio de Janeiro<\/h2>\n<p>No in\u00edcio de novembro de 2025, a cidade do <strong>Rio de Janeiro<\/strong> se tornou o palco para a abertura da agenda da Frente Nacional de Prefeitas e Prefeitos (FNP). Este evento, que ocorreu entre os dias 3 e 5, reuniu gestores municipais de diversas partes do Brasil com o objetivo de debater e discutir tem\u00e1ticas relevantes que afetam diretamente a administra\u00e7\u00e3o p\u00fablica e a viv\u00eancia das cidades. O <strong>prefeito Jos\u00e9 Ronaldo de Carvalho<\/strong>, de Feira de Santana, destacou-se ao participar ativamente destes encontros, acompanhado pelo secret\u00e1rio de Planejamento, <strong>Carlos Brito<\/strong>.<\/p>\n<p>Esses encontros s\u00e3o fundamentais para a troca de ideias e a colabora\u00e7\u00e3o entre os munic\u00edpios, permitindo que experi\u00eancias exitosas sejam compartilhadas e problem\u00e1ticas comuns sejam discutidas. A agenda come\u00e7ou com reuni\u00f5es de comiss\u00f5es tem\u00e1ticas que abordaram temas cruciais, como sa\u00fade, educa\u00e7\u00e3o, mobilidade urbana, meio ambiente e desenvolvimento econ\u00f4mico. Essas discuss\u00f5es s\u00e3o extremamente importantes pois possibilitam uma an\u00e1lise hol\u00edstica dos desafios enfrentados pelos munic\u00edpios e contribuem para a formula\u00e7\u00e3o de estrat\u00e9gias que visam melhorar a qualidade de vida da popula\u00e7\u00e3o.<\/p>\n<h2>Reuni\u00f5es Tem\u00e1ticas e seus Impactos<\/h2>\n<p>Durante a programa\u00e7\u00e3o do evento, diversas reuni\u00f5es tem\u00e1ticas foram essenciais para explorar solu\u00e7\u00f5es inovadoras e pr\u00e1ticas de gest\u00e3o. Cada reuni\u00e3o focou em diferentes \u00e1reas que s\u00e3o vitais para o desenvolvimento local. Por exemplo, na Comiss\u00e3o de Sa\u00fade da FNP, um dos principais t\u00f3picos abordados foi o <strong>financiamento da Aten\u00e7\u00e3o B\u00e1sica<\/strong>, que hoje est\u00e1 sob a responsabilidade majorit\u00e1ria dos munic\u00edpios. Os prefeitos discutiram a necessidade de recursos adequados para garantir servi\u00e7os de sa\u00fade acess\u00edveis e de qualidade para a popula\u00e7\u00e3o.<\/p>\n<p><img decoding=\"async\" src=\"https:\/\/www.encontrafeiradesantana.com.br\/sobre\/wp-content\/uploads\/2025\/11\/prefeito-jose-ronaldo-participa-de-agenda-nacional-da-fnp-no-rio-de-janeiro.webp\" alt=\"Prefeito Jos\u00e9 Ronaldo\" loading=\"lazy\" \/><\/p>\n<p>Al\u00e9m disso, a sa\u00fade digital foi uma pauta relevante, com a introdu\u00e7\u00e3o de solu\u00e7\u00f5es tecnol\u00f3gicas do cons\u00f3rcio <strong>Conectar<\/strong>, que visa modernizar os servi\u00e7os de sa\u00fade atrav\u00e9s da inser\u00e7\u00e3o de tecnologia e inova\u00e7\u00e3o. Isso demonstra uma preocupa\u00e7\u00e3o atual com a integra\u00e7\u00e3o de novos recursos que podem facilitar o acesso aos servi\u00e7os de sa\u00fade e melhorar a efici\u00eancia do sistema p\u00fablico.<\/p>\n<p>Outro assunto importante nas reuni\u00f5es foi a <strong>governan\u00e7a clim\u00e1tica<\/strong>. Os gestores discutiram como a resili\u00eancia territorial pode ser fomentada em suas cidades, buscando estrat\u00e9gias de desenvolvimento sustent\u00e1vel que integrem esfor\u00e7os entre a Uni\u00e3o, os estados e os munic\u00edpios. O impacto das mudan\u00e7as clim\u00e1ticas nas \u00e1reas urbanas e a necessidade de a\u00e7\u00f5es proativas para mitig\u00e1-las foram amplamente debatidos, refletindo a urg\u00eancia do tema na pauta pol\u00edtica atual.<\/p>\n<h2>Financiamento da Aten\u00e7\u00e3o B\u00e1sica em Sa\u00fade<\/h2>\n<p>O financiamento da Aten\u00e7\u00e3o B\u00e1sica em Sa\u00fade foi um dos temas mais debatidos nas reuni\u00f5es da FNP. Atualmente, os munic\u00edpios enfrentam um desafio consider\u00e1vel para manter a qualidade e a efetividade dos servi\u00e7os de sa\u00fade prestados \u00e0 popula\u00e7\u00e3o. Jos\u00e9 Ronaldo enfatizou a import\u00e2ncia do apoio governamental e a necessidade de um financiamento mais robusto e est\u00e1vel para que as cidades possam oferecer uma sa\u00fade de qualidade e que atenda \u00e0s demandas crescentes.<\/p>\n<p>Na busca por solu\u00e7\u00f5es, os prefeitos discutiram formas de solicitar melhores repasses de recursos federais e estaduais. Aptos a identificar as falhas e desafios existentes, os gestores municipais apresentaram suas propostas e demanda por mais autonomia financeira, que \u00e9 crucial para a implementa\u00e7\u00e3o de pol\u00edticas p\u00fablicas eficazes. Al\u00e9m disso, modernizar a gest\u00e3o da sa\u00fade atrav\u00e9s da digitaliza\u00e7\u00e3o foi um aspecto que deixou claro a busca por um sistema mais \u00e1gil e efetivo.<\/p>\n<h2>Governan\u00e7a Clim\u00e1tica e Desenvolvimento Sustent\u00e1vel<\/h2>\n<p>A governan\u00e7a clim\u00e1tica foi um dos temas centrais na agenda, evidenciando como as cidades est\u00e3o se adaptando e respondendo \u00e0s exig\u00eancias das mudan\u00e7as clim\u00e1ticas. Durante as discuss\u00f5es, abordou-se a <strong>import\u00e2ncia de desenvolver uma resili\u00eancia territorial<\/strong>, o que envolve a capacidade das cidades de se adaptarem e responderem eficazmente a diferentes desafios ambiental e sociais, muitas vezes interligados.<\/p>\n<p>Os prefeitos presentes, incluindo Jos\u00e9 Ronaldo, concordaram que a promo\u00e7\u00e3o de pol\u00edticas p\u00fablicas voltadas para o <strong>desenvolvimento sustent\u00e1vel<\/strong> deve ser uma prioridade em suas gest\u00f5es. Medidas como a promo\u00e7\u00e3o de energias renov\u00e1veis, mobilidade urbana sustent\u00e1vel e gest\u00e3o eficiente de res\u00edduos s\u00e3o exemplos de a\u00e7\u00f5es que podem contribuir para um futuro mais sustent\u00e1vel. Tamb\u00e9m foram apresentadas parcerias com ONGs e institui\u00e7\u00f5es internacionais que podem apoiar os munic\u00edpios na implementa\u00e7\u00e3o dessas pol\u00edticas.<\/p>\n<h2>Desafios na Educa\u00e7\u00e3o Inclusiva<\/h2>\n<p>Um dos t\u00f3picos debatidos nas reuni\u00f5es foi o crescente n\u00famero de diagn\u00f3sticos de Transtorno do Espectro Autista (TEA) nas escolas municipais. Essa discuss\u00e3o reflete a necessidade de implementar pol\u00edticas de educa\u00e7\u00e3o inclusiva que garantam que todos os alunos, independentemente de suas necessidades, tenham acesso \u00e0 educa\u00e7\u00e3o de qualidade. O prefeito Jos\u00e9 Ronaldo e outros participantes reconheceram a import\u00e2ncia de acolher e suportar todos os alunos dentro do sistema de ensino.<\/p>\n<p>As pr\u00e1ticas educacionais precisam ser adaptadas e as escolas necessitam de forma\u00e7\u00e3o especializada e recursos para integrar adequadamente esses alunos. \u00c9 fundamental que haja suporte psicopedag\u00f3gico e treinamentos para os docentes, assim como espa\u00e7os adequados que garantam que esses alunos possam aprender em um ambiente que respeite suas individualidades e promove seu desenvolvimento pessoal e acad\u00eamico.<\/p>\n<h2>Mobilidade Urbana Sustent\u00e1vel em Foco<\/h2>\n<p>A mobilidade urbana tamb\u00e9m foi um tema em destaque nas discuss\u00f5es. O prefeito Jos\u00e9 Ronaldo participou das apresenta\u00e7\u00f5es sobre estudos do Banco Nacional de Desenvolvimento Econ\u00f4mico e Social (BNDES), que enfocaram os investimentos em transporte p\u00fablico de m\u00e9dia e alta capacidade. Esse \u00e9 um passo vital para garantir que as cidades possam oferecer alternativas sustent\u00e1veis e eficazes de deslocamento.<\/p>\n<p>Em tempos de crescimento populacional e urbaniza\u00e7\u00e3o acelerada, a mobilidade urbana se torna ainda mais importante. O conceito de <strong>mobilidade sustent\u00e1vel<\/strong> implica em integrar diferentes modais de transporte e planejar as cidades de maneira que promova o deslocamento de pessoas sem a depend\u00eancia excessiva do carro particular, reduzindo emiss\u00f5es e melhorando a qualidade de vida nas \u00e1reas urbanas.<\/p>\n<h2>O Conceito da Cidade de 15 Minutos<\/h2>\n<p>Durante as reuni\u00f5es, discutiu-se tamb\u00e9m o conceito da <strong>Cidade de 15 Minutos<\/strong>, um modelo de planejamento urbano que visa garantir que todos os servi\u00e7os essenciais estejam acess\u00edveis em uma caminhada de 15 minutos. Este conceito, promovido inicialmente em Paris e j\u00e1 aplicado em v\u00e1rias metr\u00f3poles ao redor do mundo, busca reestruturar a vida urbana para que os cidad\u00e3os possam ter acesso a servi\u00e7os como educa\u00e7\u00e3o, sa\u00fade, e lazer em suas proximidades.<\/p>\n<p>Jos\u00e9 Ronaldo e outros prefeitos expressaram interesse em adotar esse modelo, que traz uma nova abordagem para o planejamento urbano. A ideia \u00e9 que com essa proposta, haja uma diminui\u00e7\u00e3o da circula\u00e7\u00e3o de ve\u00edculos, o que passa a promover \u00e1reas mais amig\u00e1veis e sustent\u00e1veis.<\/p>\n<h2>Plen\u00e1ria de Prefeitas e Prefeitos<\/h2>\n<p>No dia 4 de novembro, o evento culminou na Plen\u00e1ria de Prefeitas e Prefeitos. A reuni\u00e3o teve como objetivo reunir os l\u00edderes municipais para discuss\u00f5es de interesse nacional, abrangendo temas como reforma tribut\u00e1ria, mobilidade urbana, gest\u00e3o fiscal e a\u00e7\u00f5es clim\u00e1ticas. O prefeito do Rio de Janeiro, Eduardo Paes, abriu a sess\u00e3o, enfatizando a import\u00e2ncia do di\u00e1logo e da parceria entre os munic\u00edpios.<\/p>\n<p>A plen\u00e1ria se tornou um espa\u00e7o significativo para a troca de experi\u00eancias e ideias, proporcionando que os participantes compartilhassem as dificuldades e as solu\u00e7\u00f5es que t\u00eam sido testadas em suas respectivas cidades. A uni\u00e3o no enfrentamento de desafios comuns refor\u00e7a a ideia de que a colabora\u00e7\u00e3o m\u00fatua \u00e9 uma estrat\u00e9gia eficaz para a supera\u00e7\u00e3o de obst\u00e1culos.<\/p>\n<h2>Carta da FNP para a COP30<\/h2>\n<p>Um momento importante durante a plen\u00e1ria foi a apresenta\u00e7\u00e3o da <strong>Carta de Prefeitas e Prefeitos da FNP para a COP30<\/strong>. Esse documento cont\u00e9m compromissos e propostas que buscam enfrentar as mudan\u00e7as clim\u00e1ticas e promover o desenvolvimento sustent\u00e1vel nas cidades brasileiras. A elabora\u00e7\u00e3o dessa carta reflete a consci\u00eancia de que as cidades t\u00eam um papel central no combate \u00e0s mudan\u00e7as clim\u00e1ticas e na ado\u00e7\u00e3o de pr\u00e1ticas que reduzam os impactos ambientais.<\/p>\n<p>A COP30, que ser\u00e1 realizada em 2025, em Bel\u00e9m do Par\u00e1, \u00e9 uma oportunidade crucial para que os munic\u00edpios apresentem suas iniciativas e colaborem em a\u00e7\u00f5es que visam proteger o meio ambiente e promover o bem-estar social. O comprometimento expresso nesta carta \u00e9 um sinal forte de que h\u00e1 uma mobiliza\u00e7\u00e3o em torno desses temas, que s\u00e3o vitais tanto para o presente quanto para o futuro das cidades.<\/p>\n<h2>Import\u00e2ncia da Participa\u00e7\u00e3o Municipal<\/h2>\n<p>A participa\u00e7\u00e3o de Feira de Santana, por meio do prefeito Jos\u00e9 Ronaldo e sua equipe, na agenda da FNP no Rio de Janeiro, \u00e9 de extrema import\u00e2ncia. Essa presen\u00e7a n\u00e3o apenas refor\u00e7a a gest\u00e3o municipal da cidade, mas tamb\u00e9m amplia a troca de experi\u00eancias com outros munic\u00edpios, promovendo aprendizado e inova\u00e7\u00e3o na administra\u00e7\u00e3o p\u00fablica. Em um Brasil marcado por desigualdades, a troca de informa\u00e7\u00f5es e o aux\u00edlio m\u00fatuo s\u00e3o essenciais para que se possam encontrar solu\u00e7\u00f5es eficientes e adaptadas \u00e0s realidades locais.<\/p>\n<p>A representa\u00e7\u00e3o ativa de munic\u00edpios em f\u00f3runs como o da FNP demonstra uma disposi\u00e7\u00e3o para enfrentar os desafios coletivamente, em vez de agir isoladamente. O prefeito Jos\u00e9 Ronaldo, por meio de sua participa\u00e7\u00e3o, reafirma o compromisso de Feira de Santana em buscar solu\u00e7\u00f5es inovadoras que beneficiam a popula\u00e7\u00e3o, adequando as diretrizes e pr\u00e1ticas \u00e0s demandas contempor\u00e2neas e previs\u00e3o de um futuro mais sustent\u00e1vel e inclusivo.<\/p>\n\n<div style=\"font-size: 0px; height: 0px; line-height: 0px; margin: 0; padding: 0; clear: both;\"><\/div>","protected":false},"excerpt":{"rendered":"<p>Prefeito Jos\u00e9 Ronaldo discute importantes temas nacionais durante agenda da FNP no Rio de Janeiro.<\/p>\n","protected":false},"author":1,"featured_media":1231,"comment_status":"open","ping_status":"closed","sticky":false,"template":"","format":"standard","meta":{"footnotes":""},"categories":[6],"tags":[],"class_list":["post-1232","post","type-post","status-publish","format-standard","has-post-thumbnail","hentry","category-noticias-em-feira-de-santana","has_thumb"],"aioseo_notices":[],"aioseo_head":"\n\t\t<!-- All in One SEO 5.0.0.1 - aioseo.com -->\n\t<meta name=\"description\" content=\"Prefeito Jos\u00e9 Ronaldo discute importantes temas nacionais durante agenda da FNP no Rio de Janeiro.\" \/>\n\t<meta name=\"robots\" content=\"max-image-preview:large\" \/>\n\t<meta name=\"author\" content=\"Encontra Feira de Santana\"\/>\n\t<link rel=\"canonical\" href=\"https:\/\/www.encontrafeiradesantana.com.br\/sobre\/prefeito-jose-ronaldo-participa-de-agenda-nacional-da-fnp-no-rio-de-janeiro\/\" \/>\n\t<meta name=\"generator\" content=\"All in One SEO (AIOSEO) 5.0.0.1\" \/>\n\t\t<meta property=\"og:locale\" content=\"pt_BR\" \/>\n\t\t<meta property=\"og:site_name\" content=\"Encontra Feira de Santana | Not\u00edcias, eventos, informa\u00e7\u00f5es e dicas na cidade Feira de Santana e regi\u00e3o.\" \/>\n\t\t<meta property=\"og:type\" content=\"article\" \/>\n\t\t<meta property=\"og:title\" content=\"Prefeito Jos\u00e9 Ronaldo participa de agenda nacional da FNP no Rio de Janeiro | Encontra Feira de Santana\" \/>\n\t\t<meta property=\"og:description\" content=\"Prefeito Jos\u00e9 Ronaldo discute importantes temas nacionais durante agenda da FNP no Rio de Janeiro.\" \/>\n\t\t<meta property=\"og:url\" content=\"https:\/\/www.encontrafeiradesantana.com.br\/sobre\/prefeito-jose-ronaldo-participa-de-agenda-nacional-da-fnp-no-rio-de-janeiro\/\" \/>\n\t\t<meta property=\"article:published_time\" content=\"2025-11-18T12:00:00+00:00\" \/>\n\t\t<meta property=\"article:modified_time\" content=\"2025-11-18T12:00:00+00:00\" \/>\n\t\t<meta name=\"twitter:card\" content=\"summary\" \/>\n\t\t<meta name=\"twitter:title\" content=\"Prefeito Jos\u00e9 Ronaldo participa de agenda nacional da FNP no Rio de Janeiro | Encontra Feira de Santana\" \/>\n\t\t<meta name=\"twitter:description\" content=\"Prefeito Jos\u00e9 Ronaldo discute importantes temas nacionais durante agenda da FNP no Rio de Janeiro.\" \/>\n\t\t<script type=\"application\/ld+json\" class=\"aioseo-schema\">\n\t\t\t{\"@context\":\"https:\\\/\\\/schema.org\",\"@graph\":[{\"@type\":\"Article\",\"@id\":\"https:\\\/\\\/www.encontrafeiradesantana.com.br\\\/sobre\\\/prefeito-jose-ronaldo-participa-de-agenda-nacional-da-fnp-no-rio-de-janeiro\\\/#article\",\"name\":\"Prefeito Jos\\u00e9 Ronaldo participa de agenda nacional da FNP no Rio de Janeiro | Encontra Feira de Santana\",\"headline\":\"Prefeito Jos\\u00e9 Ronaldo participa de agenda nacional da FNP no Rio de Janeiro\",\"author\":{\"@id\":\"https:\\\/\\\/www.encontrafeiradesantana.com.br\\\/sobre\\\/author\\\/efeiradesantana\\\/#author\"},\"publisher\":{\"@id\":\"https:\\\/\\\/www.encontrafeiradesantana.com.br\\\/sobre\\\/#organization\"},\"image\":{\"@type\":\"ImageObject\",\"url\":\"https:\\\/\\\/www.encontrafeiradesantana.com.br\\\/sobre\\\/wp-content\\\/uploads\\\/2025\\\/11\\\/prefeito-jose-ronaldo-participa-de-agenda-nacional-da-fnp-no-rio-de-janeiro.webp\",\"width\":320,\"height\":280,\"caption\":\"Prefeito Jos\\u00e9 Ronaldo\"},\"datePublished\":\"2025-11-18T09:00:00-03:00\",\"dateModified\":\"2025-11-18T09:00:00-03:00\",\"inLanguage\":\"pt-BR\",\"mainEntityOfPage\":{\"@id\":\"https:\\\/\\\/www.encontrafeiradesantana.com.br\\\/sobre\\\/prefeito-jose-ronaldo-participa-de-agenda-nacional-da-fnp-no-rio-de-janeiro\\\/#webpage\"},\"isPartOf\":{\"@id\":\"https:\\\/\\\/www.encontrafeiradesantana.com.br\\\/sobre\\\/prefeito-jose-ronaldo-participa-de-agenda-nacional-da-fnp-no-rio-de-janeiro\\\/#webpage\"},\"articleSection\":\"Not\\u00edcias Feira de Santana\"},{\"@type\":\"BreadcrumbList\",\"@id\":\"https:\\\/\\\/www.encontrafeiradesantana.com.br\\\/sobre\\\/prefeito-jose-ronaldo-participa-de-agenda-nacional-da-fnp-no-rio-de-janeiro\\\/#breadcrumblist\",\"itemListElement\":[{\"@type\":\"ListItem\",\"@id\":\"https:\\\/\\\/www.encontrafeiradesantana.com.br\\\/sobre#listItem\",\"position\":1,\"name\":\"In\\u00edcio\",\"item\":\"https:\\\/\\\/www.encontrafeiradesantana.com.br\\\/sobre\",\"nextItem\":{\"@type\":\"ListItem\",\"@id\":\"https:\\\/\\\/www.encontrafeiradesantana.com.br\\\/sobre\\\/noticias-em-feira-de-santana\\\/#listItem\",\"name\":\"Not\\u00edcias Feira de Santana\"}},{\"@type\":\"ListItem\",\"@id\":\"https:\\\/\\\/www.encontrafeiradesantana.com.br\\\/sobre\\\/noticias-em-feira-de-santana\\\/#listItem\",\"position\":2,\"name\":\"Not\\u00edcias Feira de Santana\",\"item\":\"https:\\\/\\\/www.encontrafeiradesantana.com.br\\\/sobre\\\/noticias-em-feira-de-santana\\\/\",\"nextItem\":{\"@type\":\"ListItem\",\"@id\":\"https:\\\/\\\/www.encontrafeiradesantana.com.br\\\/sobre\\\/prefeito-jose-ronaldo-participa-de-agenda-nacional-da-fnp-no-rio-de-janeiro\\\/#listItem\",\"name\":\"Prefeito Jos\\u00e9 Ronaldo participa de agenda nacional da FNP no Rio de Janeiro\"},\"previousItem\":{\"@type\":\"ListItem\",\"@id\":\"https:\\\/\\\/www.encontrafeiradesantana.com.br\\\/sobre#listItem\",\"name\":\"In\\u00edcio\"}},{\"@type\":\"ListItem\",\"@id\":\"https:\\\/\\\/www.encontrafeiradesantana.com.br\\\/sobre\\\/prefeito-jose-ronaldo-participa-de-agenda-nacional-da-fnp-no-rio-de-janeiro\\\/#listItem\",\"position\":3,\"name\":\"Prefeito Jos\\u00e9 Ronaldo participa de agenda nacional da FNP no Rio de Janeiro\",\"previousItem\":{\"@type\":\"ListItem\",\"@id\":\"https:\\\/\\\/www.encontrafeiradesantana.com.br\\\/sobre\\\/noticias-em-feira-de-santana\\\/#listItem\",\"name\":\"Not\\u00edcias Feira de Santana\"}}]},{\"@type\":\"Organization\",\"@id\":\"https:\\\/\\\/www.encontrafeiradesantana.com.br\\\/sobre\\\/#organization\",\"name\":\"Encontra Feira de Santana\",\"description\":\"Not\\u00edcias, eventos, informa\\u00e7\\u00f5es e dicas na cidade Feira de Santana e regi\\u00e3o.\",\"url\":\"https:\\\/\\\/www.encontrafeiradesantana.com.br\\\/sobre\\\/\"},{\"@type\":\"Person\",\"@id\":\"https:\\\/\\\/www.encontrafeiradesantana.com.br\\\/sobre\\\/author\\\/efeiradesantana\\\/#author\",\"url\":\"https:\\\/\\\/www.encontrafeiradesantana.com.br\\\/sobre\\\/author\\\/efeiradesantana\\\/\",\"name\":\"Encontra Feira de Santana\",\"image\":{\"@type\":\"ImageObject\",\"@id\":\"https:\\\/\\\/www.encontrafeiradesantana.com.br\\\/sobre\\\/prefeito-jose-ronaldo-participa-de-agenda-nacional-da-fnp-no-rio-de-janeiro\\\/#authorImage\",\"url\":\"https:\\\/\\\/secure.gravatar.com\\\/avatar\\\/507340682b8270222e1f208e23198b6ae7e2c6a1033ae84e99bc6bce4f82a387?s=96&d=mm&r=g\",\"width\":96,\"height\":96,\"caption\":\"Encontra Feira de Santana\"}},{\"@type\":\"WebPage\",\"@id\":\"https:\\\/\\\/www.encontrafeiradesantana.com.br\\\/sobre\\\/prefeito-jose-ronaldo-participa-de-agenda-nacional-da-fnp-no-rio-de-janeiro\\\/#webpage\",\"url\":\"https:\\\/\\\/www.encontrafeiradesantana.com.br\\\/sobre\\\/prefeito-jose-ronaldo-participa-de-agenda-nacional-da-fnp-no-rio-de-janeiro\\\/\",\"name\":\"Prefeito Jos\\u00e9 Ronaldo participa de agenda nacional da FNP no Rio de Janeiro | Encontra Feira de Santana\",\"description\":\"Prefeito Jos\\u00e9 Ronaldo discute importantes temas nacionais durante agenda da FNP no Rio de Janeiro.\",\"inLanguage\":\"pt-BR\",\"isPartOf\":{\"@id\":\"https:\\\/\\\/www.encontrafeiradesantana.com.br\\\/sobre\\\/#website\"},\"breadcrumb\":{\"@id\":\"https:\\\/\\\/www.encontrafeiradesantana.com.br\\\/sobre\\\/prefeito-jose-ronaldo-participa-de-agenda-nacional-da-fnp-no-rio-de-janeiro\\\/#breadcrumblist\"},\"author\":{\"@id\":\"https:\\\/\\\/www.encontrafeiradesantana.com.br\\\/sobre\\\/author\\\/efeiradesantana\\\/#author\"},\"creator\":{\"@id\":\"https:\\\/\\\/www.encontrafeiradesantana.com.br\\\/sobre\\\/author\\\/efeiradesantana\\\/#author\"},\"image\":{\"@type\":\"ImageObject\",\"url\":\"https:\\\/\\\/www.encontrafeiradesantana.com.br\\\/sobre\\\/wp-content\\\/uploads\\\/2025\\\/11\\\/prefeito-jose-ronaldo-participa-de-agenda-nacional-da-fnp-no-rio-de-janeiro.webp\",\"@id\":\"https:\\\/\\\/www.encontrafeiradesantana.com.br\\\/sobre\\\/prefeito-jose-ronaldo-participa-de-agenda-nacional-da-fnp-no-rio-de-janeiro\\\/#mainImage\",\"width\":320,\"height\":280,\"caption\":\"Prefeito Jos\\u00e9 Ronaldo\"},\"primaryImageOfPage\":{\"@id\":\"https:\\\/\\\/www.encontrafeiradesantana.com.br\\\/sobre\\\/prefeito-jose-ronaldo-participa-de-agenda-nacional-da-fnp-no-rio-de-janeiro\\\/#mainImage\"},\"datePublished\":\"2025-11-18T09:00:00-03:00\",\"dateModified\":\"2025-11-18T09:00:00-03:00\"},{\"@type\":\"WebSite\",\"@id\":\"https:\\\/\\\/www.encontrafeiradesantana.com.br\\\/sobre\\\/#website\",\"url\":\"https:\\\/\\\/www.encontrafeiradesantana.com.br\\\/sobre\\\/\",\"name\":\"Encontra Feira de Santana\",\"description\":\"Not\\u00edcias, eventos, informa\\u00e7\\u00f5es e dicas na cidade Feira de Santana e regi\\u00e3o.\",\"inLanguage\":\"pt-BR\",\"publisher\":{\"@id\":\"https:\\\/\\\/www.encontrafeiradesantana.com.br\\\/sobre\\\/#organization\"}}]}\n\t\t<\/script>\n\t\t<!-- All in One SEO -->\n\n","aioseo_head_json":{"title":"Prefeito Jos\u00e9 Ronaldo participa de agenda nacional da FNP no Rio de Janeiro | Encontra Feira de Santana","description":"Prefeito Jos\u00e9 Ronaldo discute importantes temas nacionais durante agenda da FNP no Rio de Janeiro.","canonical_url":"https:\/\/www.encontrafeiradesantana.com.br\/sobre\/prefeito-jose-ronaldo-participa-de-agenda-nacional-da-fnp-no-rio-de-janeiro\/","robots":"max-image-preview:large","keywords":"","webmasterTools":{"miscellaneous":""},"schema":{"@context":"https:\/\/schema.org","@graph":[{"@type":"Article","@id":"https:\/\/www.encontrafeiradesantana.com.br\/sobre\/prefeito-jose-ronaldo-participa-de-agenda-nacional-da-fnp-no-rio-de-janeiro\/#article","name":"Prefeito Jos\u00e9 Ronaldo participa de agenda nacional da FNP no Rio de Janeiro | Encontra Feira de Santana","headline":"Prefeito Jos\u00e9 Ronaldo participa de agenda nacional da FNP no Rio de Janeiro","author":{"@id":"https:\/\/www.encontrafeiradesantana.com.br\/sobre\/author\/efeiradesantana\/#author"},"publisher":{"@id":"https:\/\/www.encontrafeiradesantana.com.br\/sobre\/#organization"},"image":{"@type":"ImageObject","url":"https:\/\/www.encontrafeiradesantana.com.br\/sobre\/wp-content\/uploads\/2025\/11\/prefeito-jose-ronaldo-participa-de-agenda-nacional-da-fnp-no-rio-de-janeiro.webp","width":320,"height":280,"caption":"Prefeito Jos\u00e9 Ronaldo"},"datePublished":"2025-11-18T09:00:00-03:00","dateModified":"2025-11-18T09:00:00-03:00","inLanguage":"pt-BR","mainEntityOfPage":{"@id":"https:\/\/www.encontrafeiradesantana.com.br\/sobre\/prefeito-jose-ronaldo-participa-de-agenda-nacional-da-fnp-no-rio-de-janeiro\/#webpage"},"isPartOf":{"@id":"https:\/\/www.encontrafeiradesantana.com.br\/sobre\/prefeito-jose-ronaldo-participa-de-agenda-nacional-da-fnp-no-rio-de-janeiro\/#webpage"},"articleSection":"Not\u00edcias Feira de Santana"},{"@type":"BreadcrumbList","@id":"https:\/\/www.encontrafeiradesantana.com.br\/sobre\/prefeito-jose-ronaldo-participa-de-agenda-nacional-da-fnp-no-rio-de-janeiro\/#breadcrumblist","itemListElement":[{"@type":"ListItem","@id":"https:\/\/www.encontrafeiradesantana.com.br\/sobre#listItem","position":1,"name":"In\u00edcio","item":"https:\/\/www.encontrafeiradesantana.com.br\/sobre","nextItem":{"@type":"ListItem","@id":"https:\/\/www.encontrafeiradesantana.com.br\/sobre\/noticias-em-feira-de-santana\/#listItem","name":"Not\u00edcias Feira de Santana"}},{"@type":"ListItem","@id":"https:\/\/www.encontrafeiradesantana.com.br\/sobre\/noticias-em-feira-de-santana\/#listItem","position":2,"name":"Not\u00edcias Feira de Santana","item":"https:\/\/www.encontrafeiradesantana.com.br\/sobre\/noticias-em-feira-de-santana\/","nextItem":{"@type":"ListItem","@id":"https:\/\/www.encontrafeiradesantana.com.br\/sobre\/prefeito-jose-ronaldo-participa-de-agenda-nacional-da-fnp-no-rio-de-janeiro\/#listItem","name":"Prefeito Jos\u00e9 Ronaldo participa de agenda nacional da FNP no Rio de Janeiro"},"previousItem":{"@type":"ListItem","@id":"https:\/\/www.encontrafeiradesantana.com.br\/sobre#listItem","name":"In\u00edcio"}},{"@type":"ListItem","@id":"https:\/\/www.encontrafeiradesantana.com.br\/sobre\/prefeito-jose-ronaldo-participa-de-agenda-nacional-da-fnp-no-rio-de-janeiro\/#listItem","position":3,"name":"Prefeito Jos\u00e9 Ronaldo participa de agenda nacional da FNP no Rio de Janeiro","previousItem":{"@type":"ListItem","@id":"https:\/\/www.encontrafeiradesantana.com.br\/sobre\/noticias-em-feira-de-santana\/#listItem","name":"Not\u00edcias Feira de Santana"}}]},{"@type":"Organization","@id":"https:\/\/www.encontrafeiradesantana.com.br\/sobre\/#organization","name":"Encontra Feira de Santana","description":"Not\u00edcias, eventos, informa\u00e7\u00f5es e dicas na cidade Feira de Santana e regi\u00e3o.","url":"https:\/\/www.encontrafeiradesantana.com.br\/sobre\/"},{"@type":"Person","@id":"https:\/\/www.encontrafeiradesantana.com.br\/sobre\/author\/efeiradesantana\/#author","url":"https:\/\/www.encontrafeiradesantana.com.br\/sobre\/author\/efeiradesantana\/","name":"Encontra Feira de Santana","image":{"@type":"ImageObject","@id":"https:\/\/www.encontrafeiradesantana.com.br\/sobre\/prefeito-jose-ronaldo-participa-de-agenda-nacional-da-fnp-no-rio-de-janeiro\/#authorImage","url":"https:\/\/secure.gravatar.com\/avatar\/507340682b8270222e1f208e23198b6ae7e2c6a1033ae84e99bc6bce4f82a387?s=96&d=mm&r=g","width":96,"height":96,"caption":"Encontra Feira de Santana"}},{"@type":"WebPage","@id":"https:\/\/www.encontrafeiradesantana.com.br\/sobre\/prefeito-jose-ronaldo-participa-de-agenda-nacional-da-fnp-no-rio-de-janeiro\/#webpage","url":"https:\/\/www.encontrafeiradesantana.com.br\/sobre\/prefeito-jose-ronaldo-participa-de-agenda-nacional-da-fnp-no-rio-de-janeiro\/","name":"Prefeito Jos\u00e9 Ronaldo participa de agenda nacional da FNP no Rio de Janeiro | Encontra Feira de Santana","description":"Prefeito Jos\u00e9 Ronaldo discute importantes temas nacionais durante agenda da FNP no Rio de Janeiro.","inLanguage":"pt-BR","isPartOf":{"@id":"https:\/\/www.encontrafeiradesantana.com.br\/sobre\/#website"},"breadcrumb":{"@id":"https:\/\/www.encontrafeiradesantana.com.br\/sobre\/prefeito-jose-ronaldo-participa-de-agenda-nacional-da-fnp-no-rio-de-janeiro\/#breadcrumblist"},"author":{"@id":"https:\/\/www.encontrafeiradesantana.com.br\/sobre\/author\/efeiradesantana\/#author"},"creator":{"@id":"https:\/\/www.encontrafeiradesantana.com.br\/sobre\/author\/efeiradesantana\/#author"},"image":{"@type":"ImageObject","url":"https:\/\/www.encontrafeiradesantana.com.br\/sobre\/wp-content\/uploads\/2025\/11\/prefeito-jose-ronaldo-participa-de-agenda-nacional-da-fnp-no-rio-de-janeiro.webp","@id":"https:\/\/www.encontrafeiradesantana.com.br\/sobre\/prefeito-jose-ronaldo-participa-de-agenda-nacional-da-fnp-no-rio-de-janeiro\/#mainImage","width":320,"height":280,"caption":"Prefeito Jos\u00e9 Ronaldo"},"primaryImageOfPage":{"@id":"https:\/\/www.encontrafeiradesantana.com.br\/sobre\/prefeito-jose-ronaldo-participa-de-agenda-nacional-da-fnp-no-rio-de-janeiro\/#mainImage"},"datePublished":"2025-11-18T09:00:00-03:00","dateModified":"2025-11-18T09:00:00-03:00"},{"@type":"WebSite","@id":"https:\/\/www.encontrafeiradesantana.com.br\/sobre\/#website","url":"https:\/\/www.encontrafeiradesantana.com.br\/sobre\/","name":"Encontra Feira de Santana","description":"Not\u00edcias, eventos, informa\u00e7\u00f5es e dicas na cidade Feira de Santana e regi\u00e3o.","inLanguage":"pt-BR","publisher":{"@id":"https:\/\/www.encontrafeiradesantana.com.br\/sobre\/#organization"}}]},"og:locale":"pt_BR","og:site_name":"Encontra Feira de Santana | Not\u00edcias, eventos, informa\u00e7\u00f5es e dicas na cidade Feira de Santana e regi\u00e3o.","og:type":"article","og:title":"Prefeito Jos\u00e9 Ronaldo participa de agenda nacional da FNP no Rio de Janeiro | Encontra Feira de Santana","og:description":"Prefeito Jos\u00e9 Ronaldo discute importantes temas nacionais durante agenda da FNP no Rio de Janeiro.","og:url":"https:\/\/www.encontrafeiradesantana.com.br\/sobre\/prefeito-jose-ronaldo-participa-de-agenda-nacional-da-fnp-no-rio-de-janeiro\/","article:published_time":"2025-11-18T12:00:00+00:00","article:modified_time":"2025-11-18T12:00:00+00:00","twitter:card":"summary","twitter:title":"Prefeito Jos\u00e9 Ronaldo participa de agenda nacional da FNP no Rio de Janeiro | Encontra Feira de Santana","twitter:description":"Prefeito Jos\u00e9 Ronaldo discute importantes temas nacionais durante agenda da FNP no Rio de Janeiro."},"aioseo_meta_data":{"post_id":"1232","title":null,"description":null,"keywords":null,"keyphrases":null,"primary_term":null,"canonical_url":null,"og_title":null,"og_description":null,"og_object_type":"default","og_image_type":"default","og_image_url":null,"og_image_width":null,"og_image_height":null,"og_image_custom_url":null,"og_image_custom_fields":null,"og_video":null,"og_custom_url":null,"og_article_section":null,"og_article_tags":null,"twitter_use_og":false,"twitter_card":"default","twitter_image_type":"default","twitter_image_url":null,"twitter_image_custom_url":null,"twitter_image_custom_fields":null,"twitter_title":null,"twitter_description":null,"schema":{"blockGraphs":[],"customGraphs":[],"default":{"data":{"Article":[],"Course":[],"Dataset":[],"FAQPage":[],"Movie":[],"Person":[],"Product":[],"ProductReview":[],"Car":[],"Recipe":[],"Service":[],"SoftwareApplication":[],"WebPage":[]},"graphName":"Article","isEnabled":true},"graphs":[]},"schema_type":"default","schema_type_options":null,"pillar_content":false,"robots_default":true,"robots_noindex":false,"robots_noarchive":false,"robots_nosnippet":false,"robots_nofollow":false,"robots_noimageindex":false,"robots_noodp":false,"robots_notranslate":false,"robots_max_snippet":null,"robots_max_videopreview":null,"robots_max_imagepreview":"large","priority":null,"frequency":null,"local_seo":null,"breadcrumb_settings":null,"limit_modified_date":false,"ai":null,"created":"2025-11-20 11:23:11","updated":"2025-11-20 11:23:48","focus_keyword":null,"additional_keywords":null,"truseo_locale":null,"seo_analyzer_scan_date":null},"aioseo_breadcrumb":"<div class=\"aioseo-breadcrumbs\"><span class=\"aioseo-breadcrumb\">\n\t\t\t<a href=\"https:\/\/www.encontrafeiradesantana.com.br\/sobre\" title=\"In\u00edcio\">In\u00edcio<\/a>\n\t\t<\/span><span class=\"aioseo-breadcrumb-separator\">&raquo;<\/span><span class=\"aioseo-breadcrumb\">\n\t\t\t<a href=\"https:\/\/www.encontrafeiradesantana.com.br\/sobre\/noticias-em-feira-de-santana\/\" title=\"Not\u00edcias Feira de Santana\">Not\u00edcias Feira de Santana<\/a>\n\t\t<\/span><span class=\"aioseo-breadcrumb-separator\">&raquo;<\/span><span class=\"aioseo-breadcrumb\">\n\t\t\tPrefeito Jos\u00e9 Ronaldo participa de agenda nacional da FNP no Rio de Janeiro\n\t\t<\/span><\/div>","aioseo_breadcrumb_json":[{"label":"In\u00edcio","link":"https:\/\/www.encontrafeiradesantana.com.br\/sobre"},{"label":"Not\u00edcias Feira de Santana","link":"https:\/\/www.encontrafeiradesantana.com.br\/sobre\/noticias-em-feira-de-santana\/"},{"label":"Prefeito Jos\u00e9 Ronaldo participa de agenda nacional da FNP no Rio de Janeiro","link":"https:\/\/www.encontrafeiradesantana.com.br\/sobre\/prefeito-jose-ronaldo-participa-de-agenda-nacional-da-fnp-no-rio-de-janeiro\/"}],"_links":{"self":[{"href":"https:\/\/www.encontrafeiradesantana.com.br\/sobre\/wp-json\/wp\/v2\/posts\/1232","targetHints":{"allow":["GET"]}}],"collection":[{"href":"https:\/\/www.encontrafeiradesantana.com.br\/sobre\/wp-json\/wp\/v2\/posts"}],"about":[{"href":"https:\/\/www.encontrafeiradesantana.com.br\/sobre\/wp-json\/wp\/v2\/types\/post"}],"author":[{"embeddable":true,"href":"https:\/\/www.encontrafeiradesantana.com.br\/sobre\/wp-json\/wp\/v2\/users\/1"}],"replies":[{"embeddable":true,"href":"https:\/\/www.encontrafeiradesantana.com.br\/sobre\/wp-json\/wp\/v2\/comments?post=1232"}],"version-history":[{"count":0,"href":"https:\/\/www.encontrafeiradesantana.com.br\/sobre\/wp-json\/wp\/v2\/posts\/1232\/revisions"}],"wp:featuredmedia":[{"embeddable":true,"href":"https:\/\/www.encontrafeiradesantana.com.br\/sobre\/wp-json\/wp\/v2\/media\/1231"}],"wp:attachment":[{"href":"https:\/\/www.encontrafeiradesantana.com.br\/sobre\/wp-json\/wp\/v2\/media?parent=1232"}],"wp:term":[{"taxonomy":"category","embeddable":true,"href":"https:\/\/www.encontrafeiradesantana.com.br\/sobre\/wp-json\/wp\/v2\/categories?post=1232"},{"taxonomy":"post_tag","embeddable":true,"href":"https:\/\/www.encontrafeiradesantana.com.br\/sobre\/wp-json\/wp\/v2\/tags?post=1232"}],"curies":[{"name":"wp","href":"https:\/\/api.w.org\/{rel}","templated":true}]}}