{"id":1210,"date":"2025-11-15T12:20:00","date_gmt":"2025-11-15T15:20:00","guid":{"rendered":"https:\/\/www.encontrafeiradesantana.com.br\/sobre\/?p=1210"},"modified":"2025-11-15T12:20:00","modified_gmt":"2025-11-15T15:20:00","slug":"prefeitura-de-feira-vai-executar-obras-para-melhorar-fluxo-de-veiculos-no-viaduto-da-cerb","status":"publish","type":"post","link":"https:\/\/www.encontrafeiradesantana.com.br\/sobre\/prefeitura-de-feira-vai-executar-obras-para-melhorar-fluxo-de-veiculos-no-viaduto-da-cerb\/","title":{"rendered":"Prefeitura de Feira vai executar obras para melhorar fluxo de ve\u00edculos no viaduto da Cerb"},"content":{"rendered":"<div class=\"3f468104ad11f00a3c9ac948316f4265\" data-index=\"1\" style=\"float: none; margin:0px;\">\n<ins class=\"adsbygoogle\"\r\n     style=\"display:block\"\r\n     data-ad-client=\"ca-pub-8585364105181520\"\r\n     data-ad-slot=\"8789329856\"\r\n     data-ad-format=\"auto\"\r\n     data-full-width-responsive=\"true\"><\/ins>\r\n<script>\r\n     (adsbygoogle = window.adsbygoogle || []).push({});\r\n<\/script>\r\n\n<\/div>\n<h2>Mudan\u00e7as no Tr\u00e2nsito Propostas<\/h2>\n<p>A gest\u00e3o do tr\u00e1fego em \u00e1reas urbanas \u00e9 um dos maiores desafios enfrentados pelas cidades, e Feira de Santana n\u00e3o \u00e9 exce\u00e7\u00e3o. A recente decis\u00e3o da Prefeitura de Feira de Santana, liderada pelo prefeito Jos\u00e9 Ronaldo de Carvalho, de implementar mudan\u00e7as para melhorar o fluxo de ve\u00edculos na regi\u00e3o do viaduto da Cerb revela a import\u00e2ncia da boa gest\u00e3o do tr\u00e2nsito. Este viaduto \u00e9 um ponto cr\u00edtico da cidade, interligando v\u00e1rias regi\u00f5es e funcionando como um eixo de liga\u00e7\u00e3o para os motoristas que transitam pela Avenida Eduardo Fr\u00f3es da Motta, conhecida popularmente como Anel de Contorno.<\/p>\n<p>Dentre as principais altera\u00e7\u00f5es propostas, encontra-se a necessidade de otimizar a fluidez do tr\u00e2nsito, que frequentemente apresenta congestionamentos durante os hor\u00e1rios de pico. Os t\u00e9cnicos respons\u00e1veis pela an\u00e1lise do cen\u00e1rio de tr\u00e2nsito apontaram a Rua Olney S\u00e3o Paulo, a Avenida de Contorno e a Rua Senador Quintino como vias que precisam de ajustes.<\/p>\n<p>Essas mudan\u00e7as incluem a instala\u00e7\u00e3o de sem\u00e1foros, mudan\u00e7as de sentido de algumas vias e a cria\u00e7\u00e3o de retornos em ambos os sentidos do Anel de Contorno nas proximidades do viaduto da Cerb. Essas interven\u00e7\u00f5es visam evitar a forma\u00e7\u00e3o de engarrafamentos e minimizar os sinais de inseguran\u00e7a que muitas vezes surgem em intersections mal projetadas.<\/p>\n<p><img decoding=\"async\" src=\"https:\/\/www.encontrafeiradesantana.com.br\/sobre\/wp-content\/uploads\/2025\/11\/prefeitura-de-feira-vai-executar-obras-para-melhorar-fluxo-de-veiculos-no-viaduto-da-cerb.webp\" alt=\"obras no viaduto da Cerb\" loading=\"lazy\" \/><\/p>\n<h2>Envolvimento de Autoridades Locais<\/h2>\n<p>O envolvimento de autoridades locais \u00e9 fundamental em projetos de grande escala, especialmente aqueles que envolvem o tr\u00e2nsito e a seguran\u00e7a vi\u00e1ria. Na reuni\u00e3o realizada entre o prefeito Jos\u00e9 Ronaldo de Carvalho, osuperintendente regional do DNIT, Roberto Alc\u00e2ntara, e representantes da Pol\u00edcia Rodovi\u00e1ria Federal, ficou claro que a colabora\u00e7\u00e3o entre todos os entes p\u00fablicos \u00e9 um passo importante para o sucesso das interven\u00e7\u00f5es planejadas.<\/p>\n<p>A presen\u00e7a de especialistas da PRF e do DNIT demonstra a seriedade e a import\u00e2ncia dada \u00e0 quest\u00e3o do tr\u00e2nsito na cidade. O inspetor-chefe da PRF em Feira de Santana, Ivanildo Cirqueira, e seu colega inspetor Ov\u00eddio participaram ativamente do di\u00e1logo para garantir que todas as propostas estejam em conformidade com as normas de seguran\u00e7a e efici\u00eancia estabelecidas em n\u00edvel nacional.<\/p>\n<p>A colabora\u00e7\u00e3o interinstitucional \u00e9 uma garantia de que as mudan\u00e7as n\u00e3o apenas atender\u00e3o \u00e0s necessidades imediatas do tr\u00e2nsito na regi\u00e3o, mas que tamb\u00e9m poder\u00e3o servir como modelo para novas interven\u00e7\u00f5es em outras partes da cidade. O engajamento de diferentes autoridades resulta em um planejamento mais eficaz, que considera aspectos t\u00e9cnicos e as necessidades da popula\u00e7\u00e3o.<\/p>\n<h2>Interven\u00e7\u00f5es Planejadas para a Regi\u00e3o<\/h2>\n<p>As interven\u00e7\u00f5es que est\u00e3o sendo planejadas para a regi\u00e3o do viaduto da Cerb s\u00e3o abrangentes e incluem diversas medidas que visam melhorar a mobilidade urbana em Feira de Santana. Dentre as medidas a serem implementadas, destaca-se a instala\u00e7\u00e3o de sem\u00e1foros com temporiza\u00e7\u00e3o adequada para que o fluxo de ve\u00edculos seja otimizado, permitindo uma passagem fluida em hor\u00e1rios de grande movimento.<\/p>\n<p>Al\u00e9m dos sem\u00e1foros, a mudan\u00e7a de sentido das vias \u00e9 uma a\u00e7\u00e3o importante que pode transformar a din\u00e2mica do tr\u00e1fego na \u00e1rea. Essa interven\u00e7\u00e3o tem como objetivo facilitar o deslocamento entre diferentes regi\u00f5es da cidade, especialmente entre os bairros adjacentes como o Avi\u00e1rio, Feira VII e Parque da Cidade. A possibilidade de um retorno em ambos os sentidos no Anel de Contorno tamb\u00e9m \u00e9 uma inova\u00e7\u00e3o que promete reduzir o tempo de espera dos motoristas e a chance de congestionamentos.<\/p>\n<p>Outro ponto que merece destaque \u00e9 a necessidade de adequa\u00e7\u00f5es na sinaliza\u00e7\u00e3o vi\u00e1ria, que deve ser clara e vis\u00edvel aos motoristas, especialmente em um ponto cr\u00edtico com tantas mudan\u00e7as. A inclus\u00e3o de placas informativas, al\u00e9m da pintura de faixas de pedestres e sinaliza\u00e7\u00e3o horizontal, contribuir\u00e1 para aumentar a seguran\u00e7a dos pedestres e motoristas.<\/p>\n<h2>Objetivos das Obras no Viaduto<\/h2>\n<p>O principal objetivo das obras projetadas para o viaduto da Cerb \u00e9, sem d\u00favida, a melhoria do tr\u00e1fego na regi\u00e3o. Com o aumento constante da popula\u00e7\u00e3o e do n\u00famero de ve\u00edculos em circula\u00e7\u00e3o, a\u00e7\u00f5es proativas s\u00e3o necess\u00e1rias para garantir que o tr\u00e2nsito continue fluindo de forma eficiente e segura.<\/p>\n<p>Al\u00e9m disso, as interven\u00e7\u00f5es visam tamb\u00e9m reduzir o n\u00famero de acidentes. Com estradas e sinais mais bem organizados, o risco de colis\u00f5es e atropelamentos tende a diminuir. A seguran\u00e7a no tr\u00e2nsito deve ser uma prioridade em qualquer planejamento urbano, sendo essencial que as obras tamb\u00e9m miniaturizem os pontos cr\u00edticos que, historicamente, t\u00eam sido palco de acidentes.<\/p>\n<p>Outro objetivo das obras \u00e9 aprimorar a conectividade entre os bairros. Ao facilitar o acesso entre diferentes regi\u00f5es, espera-se promover um tr\u00e2nsito mais equilibrado, permitindo que \u00e1reas que antes eram isoladas possam se integrar melhor ao restante da cidade. Esta conectividade n\u00e3o apenas melhora o tr\u00e1fego, como tamb\u00e9m impulsiona o desenvolvimento econ\u00f4mico local, tornando o acesso a servi\u00e7os e com\u00e9rcio mais facilitado para os moradores de Feira de Santana.<\/p>\n<h2>Impacto Esperado nas Vias Circunvizinhas<\/h2>\n<p>Al\u00e9m das mudan\u00e7as espec\u00edficas no viaduto da Cerb, as interven\u00e7\u00f5es projetadas levar\u00e3o a impactos significativos nas vias circunvizinhas. Ao otimizar o fluxo de ve\u00edculos neste ponto estrat\u00e9gico, h\u00e1 uma expectativa de que as ruas adjacentes tamb\u00e9m se beneficiem com a redu\u00e7\u00e3o da congest\u00e3o.<\/p>\n<p>Com uma maior efici\u00eancia nas rotas de tr\u00e1fego, as ruas que cerca o viaduto podem experimentar uma diminui\u00e7\u00e3o no volume de tr\u00e2nsito durante os hor\u00e1rios de pico. Isso \u00e9 especialmente relevante para \u00e1reas que dependem do acesso a esses grandes eixos vi\u00e1rios para se conectar a outras partes da cidade.<\/p>\n<p>Al\u00e9m disso, espera-se que os moradores das \u00e1reas vizinhas tenham uma experi\u00eancia de tr\u00e2nsito mais agrad\u00e1vel e segura, uma vez que a melhora nas vias principais contribui para a descompress\u00e3o do tr\u00e1fego em ruas menores e menos movimentadas. Isso pode levar a um aumento na qualidade de vida e uma sensa\u00e7\u00e3o de seguran\u00e7a maior para os pedestres que utilizam essas vias.<\/p>\n<h2>Seguran\u00e7a dos Motoristas em Primeiro Lugar<\/h2>\n<p>A seguran\u00e7a no tr\u00e2nsito \u00e9 uma das principais preocupa\u00e7\u00f5es em qualquer projeto de infraestrutura, e as mudan\u00e7as previstas nas obras do viaduto da Cerb n\u00e3o s\u00e3o exce\u00e7\u00e3o. Com o objetivo de garantir um padr\u00e3o elevado de seguran\u00e7a, as interven\u00e7\u00f5es se concentram na cria\u00e7\u00e3o de um ambiente seguro para motoristas e pedestres.<\/p>\n<p>Uma das medidas mais eficazes que contribui para essa seguran\u00e7a \u00e9 a instala\u00e7\u00e3o de sem\u00e1foros em locais estrat\u00e9gicos. Os sem\u00e1foros n\u00e3o apenas orientam os motoristas sobre quando devem parar ou avan\u00e7ar, mas tamb\u00e9m garantem que os pedestres possam cruzar as ruas de forma segura. Essa sinaliza\u00e7\u00e3o \u00e9 fundamental para evitar acidentes e promover uma conviv\u00eancia harmoniosa entre ve\u00edculos e pedestres.<\/p>\n<p>Al\u00e9m disso, a altera\u00e7\u00e3o do sentido das vias e a cria\u00e7\u00e3o de faixas exclusivas para pedestres e ciclistas contribuir\u00e1 para minimizar os riscos envolvidos na rotina do tr\u00e1fego. Ao estabelecer rotas bem definidas, a Prefeitura de Feira de Santana est\u00e1 demonstrando um compromisso s\u00e9rio com a seguran\u00e7a vi\u00e1ria.<\/p>\n<h2>Implementa\u00e7\u00e3o de Sem\u00e1foros Estrat\u00e9gicos<\/h2>\n<p>A instala\u00e7\u00e3o de sem\u00e1foros estrat\u00e9gicos \u00e9 uma componentiza\u00e7\u00e3o essencial das interven\u00e7\u00f5es planejadas para o viaduto da Cerb. N\u00e3o se trata apenas da coloca\u00e7\u00e3o de um sinal, mas de um planejamento detalhado que considera o fluxo de ve\u00edculos e as necessidades da popula\u00e7\u00e3o.<\/p>\n<p>Os sem\u00e1foros ser\u00e3o colocados em locais com alta incid\u00eancia de acidentes e onde a visibilidade possa ser comprometida pela geometria das vias. A temporiza\u00e7\u00e3o dos sem\u00e1foros tamb\u00e9m ser\u00e1 cr\u00edtica, pois hor\u00e1rios de pico precisam de ajustes espec\u00edficos para permitir a passagem adequada dos ve\u00edculos, ao mesmo tempo em que garantem seguran\u00e7a aos pedestres.<\/p>\n<p>Al\u00e9m disso, a implementa\u00e7\u00e3o de sem\u00e1foros com tecnologia avan\u00e7ada, como sensores que detectam a aproxima\u00e7\u00e3o de ve\u00edculos e melhoram a efici\u00eancia da passagem, pode ser uma estrat\u00e9gia inovadora para Feira de Santana. Esses sem\u00e1foros podem, por exemplo, ajustar automaticamente os tempos de espera com base na quantidade de tr\u00e1fego em tempo real.<\/p>\n<h2>Altera\u00e7\u00e3o de Sentido das Vias<\/h2>\n<p>A altera\u00e7\u00e3o do sentido de algumas vias nas redondezas do viaduto da Cerb tem o potencial de revolucionar a din\u00e2mica do tr\u00e1fego na \u00e1rea. Mudan\u00e7as de sentido podem ajudar a dispersar o fluxo de ve\u00edculos e evitar congestionamentos desnecess\u00e1rios.<\/p>\n<p>Por exemplo, a mudan\u00e7a de sentido em vias que historicamente concentraram tr\u00e1fego pode redistribuir os ve\u00edculos de forma mais equilibrada, permitindo que os motoristas acessem suas resid\u00eancias ou estabelecimentos comerciais com mais facilidade. Al\u00e9m disso, essa altera\u00e7\u00e3o tamb\u00e9m promove a seguran\u00e7a ao proporcionar que motoristas, ciclistas e pedestres respeitem as novas regras de tr\u00e2nsito.<\/p>\n<p>O sucesso desse tipo de interven\u00e7\u00e3o depende de uma comunica\u00e7\u00e3o clara com os motoristas e a implementa\u00e7\u00e3o de sinaliza\u00e7\u00e3o apropriada que indique a nova dire\u00e7\u00e3o das vias. Em projetos similares em outras localidades, uma abordagem eficaz de mudan\u00e7a de sentido resultou n\u00e3o apenas em menos engarrafamentos, mas tamb\u00e9m em uma maior percep\u00e7\u00e3o de seguran\u00e7a nas vias modificadas.<\/p>\n<h2>Conex\u00e3o entre Diferentes Bairros<\/h2>\n<p>Um dos benef\u00edcios diretos das obras programadas para o viaduto da Cerb \u00e9 a melhoria da conex\u00e3o entre bairros distintos de Feira de Santana. A cidade \u00e9 composta por diversas \u00e1reas, muitas das quais se beneficiam de uma melhor interliga\u00e7\u00e3o vi\u00e1ria. Com a altera\u00e7\u00e3o no fluxo de tr\u00e2nsito e a implementa\u00e7\u00e3o de sem\u00e1foros, uma nova malha vi\u00e1ria ser\u00e1 formada, facilitando o acesso dos moradores a diversas regi\u00f5es.<\/p>\n<p>Por exemplo, a conectividade melhorada entre bairros como o Avi\u00e1rio, Feira VII e a Terra Dura ao centro da cidade pode ajudar os residentes a realizarem atividades cotidianas como ir ao trabalho, \u00e0 escola ou realizar compras de forma muito mais eficiente. Essa liga\u00e7\u00e3o n\u00e3o apenas dinamiza o tr\u00e1fego, mas tamb\u00e9m fomenta a economia local, pois facilita a movimenta\u00e7\u00e3o de pessoas e mercadorias.<\/p>\n<p>Al\u00e9m disso, a percep\u00e7\u00e3o de que todas as partes da cidade est\u00e3o mais conectadas cria um sentimento de pertencimento e integra\u00e7\u00e3o, o que \u00e9 essencial para o desenvolvimento social e econ\u00f4mico das comunidades locais.<\/p>\n<h2>Pr\u00f3ximos Passos para a Execu\u00e7\u00e3o das Obras<\/h2>\n<p>Com a aprova\u00e7\u00e3o das mudan\u00e7as propostas no tr\u00e2nsito da Cerb, os pr\u00f3ximos passos para a execu\u00e7\u00e3o das obras s\u00e3o fundamentais para a sua implementa\u00e7\u00e3o eficaz. O primeiro passo envolve o in\u00edcio de um planejamento detalhado sobre como as interven\u00e7\u00f5es ser\u00e3o realizadas sem causar grandes interrup\u00e7\u00f5es no tr\u00e1fego j\u00e1 existente.<\/p>\n<p>Uma comunica\u00e7\u00e3o transparente com a popula\u00e7\u00e3o \u00e9 essencial nesse est\u00e1gio. Informar os cidad\u00e3os sobre as etapas das obras e como elas afetar\u00e3o temporariamente o tr\u00e2nsito ajudar\u00e1 a atenuar os efeitos das mudan\u00e7as. Al\u00e9m disso, a comunica\u00e7\u00e3o pode incluir orienta\u00e7\u00f5es sobre rotas alternativas a serem adotadas durante o per\u00edodo das obras.<\/p>\n<p>A realiza\u00e7\u00e3o de um cronograma claro que prev\u00ea a execu\u00e7\u00e3o das interven\u00e7\u00f5es em fases vai garantir que o progresso seja monitorado de maneira eficiente, permitindo a corre\u00e7\u00e3o de rotas e timmings conforme necess\u00e1rio. Este monitoramento deve contar com a participa\u00e7\u00e3o de especialistas e engenheiros de tr\u00e2nsito para garantir que cada etapa das obras cumpre seus objetivos sem comprometer a seguran\u00e7a e a continuidade do fluxo de ve\u00edculos.<\/p>\n\n<div style=\"font-size: 0px; height: 0px; line-height: 0px; margin: 0; padding: 0; clear: both;\"><\/div>","protected":false},"excerpt":{"rendered":"<p>Obras no viaduto da Cerb v\u00e3o otimizar o fluxo de ve\u00edculos na cidade.<\/p>\n","protected":false},"author":1,"featured_media":1209,"comment_status":"open","ping_status":"closed","sticky":false,"template":"","format":"standard","meta":{"footnotes":""},"categories":[6],"tags":[],"class_list":["post-1210","post","type-post","status-publish","format-standard","has-post-thumbnail","hentry","category-noticias-em-feira-de-santana","has_thumb"],"aioseo_notices":[],"_links":{"self":[{"href":"https:\/\/www.encontrafeiradesantana.com.br\/sobre\/wp-json\/wp\/v2\/posts\/1210","targetHints":{"allow":["GET"]}}],"collection":[{"href":"https:\/\/www.encontrafeiradesantana.com.br\/sobre\/wp-json\/wp\/v2\/posts"}],"about":[{"href":"https:\/\/www.encontrafeiradesantana.com.br\/sobre\/wp-json\/wp\/v2\/types\/post"}],"author":[{"embeddable":true,"href":"https:\/\/www.encontrafeiradesantana.com.br\/sobre\/wp-json\/wp\/v2\/users\/1"}],"replies":[{"embeddable":true,"href":"https:\/\/www.encontrafeiradesantana.com.br\/sobre\/wp-json\/wp\/v2\/comments?post=1210"}],"version-history":[{"count":1,"href":"https:\/\/www.encontrafeiradesantana.com.br\/sobre\/wp-json\/wp\/v2\/posts\/1210\/revisions"}],"predecessor-version":[{"id":1211,"href":"https:\/\/www.encontrafeiradesantana.com.br\/sobre\/wp-json\/wp\/v2\/posts\/1210\/revisions\/1211"}],"wp:featuredmedia":[{"embeddable":true,"href":"https:\/\/www.encontrafeiradesantana.com.br\/sobre\/wp-json\/wp\/v2\/media\/1209"}],"wp:attachment":[{"href":"https:\/\/www.encontrafeiradesantana.com.br\/sobre\/wp-json\/wp\/v2\/media?parent=1210"}],"wp:term":[{"taxonomy":"category","embeddable":true,"href":"https:\/\/www.encontrafeiradesantana.com.br\/sobre\/wp-json\/wp\/v2\/categories?post=1210"},{"taxonomy":"post_tag","embeddable":true,"href":"https:\/\/www.encontrafeiradesantana.com.br\/sobre\/wp-json\/wp\/v2\/tags?post=1210"}],"curies":[{"name":"wp","href":"https:\/\/api.w.org\/{rel}","templated":true}]}}