{"id":1185,"date":"2025-11-12T09:10:00","date_gmt":"2025-11-12T12:10:00","guid":{"rendered":"https:\/\/www.encontrafeiradesantana.com.br\/sobre\/secretario-rodrigo-matos-assina-termo-de-convenio-para-construcao-da-nova-policlinica-municipal-de-feira-de-santana\/"},"modified":"2025-11-12T09:10:00","modified_gmt":"2025-11-12T12:10:00","slug":"secretario-rodrigo-matos-assina-termo-de-convenio-para-construcao-da-nova-policlinica-municipal-de-feira-de-santana","status":"publish","type":"post","link":"https:\/\/www.encontrafeiradesantana.com.br\/sobre\/secretario-rodrigo-matos-assina-termo-de-convenio-para-construcao-da-nova-policlinica-municipal-de-feira-de-santana\/","title":{"rendered":"Secret\u00e1rio Rodrigo Matos assina termo de conv\u00eanio para constru\u00e7\u00e3o da nova Policl\u00ednica Municipal de Feira de Santana"},"content":{"rendered":"<div class=\"3f468104ad11f00a3c9ac948316f4265\" data-index=\"1\" style=\"float: none; margin:0px;\">\n<ins class=\"adsbygoogle\"\r\n     style=\"display:block\"\r\n     data-ad-client=\"ca-pub-8585364105181520\"\r\n     data-ad-slot=\"8789329856\"\r\n     data-ad-format=\"auto\"\r\n     data-full-width-responsive=\"true\"><\/ins>\r\n<script>\r\n     (adsbygoogle = window.adsbygoogle || []).push({});\r\n<\/script>\r\n\n<\/div>\n<h2>O Conv\u00eanio que Garante a Nova Policl\u00ednica<\/h2>\n<p>O recente conv\u00eanio assinado pelo Secret\u00e1rio Municipal de Sa\u00fade, Rodrigo Matos, em Feira de Santana, representa um passo significativo rumo \u00e0 melhoria da infraestrutura e servi\u00e7os de sa\u00fade na regi\u00e3o. Na manh\u00e3 do dia 20 de outubro de 2025, foi firmado o termo de conv\u00eanio que valida a constru\u00e7\u00e3o de uma nova Policl\u00ednica Municipal, um empreendimento que vem para ampliar o acesso da popula\u00e7\u00e3o a servi\u00e7os essenciais de sa\u00fade. O conv\u00eanio foi formalizado durante um evento chamado Encontro Estrat\u00e9gico: Parceria que Transforma, que ocorreu na sede da Uni\u00e3o dos Munic\u00edpios da Bahia (UPB) em Salvador.<\/p>\n<p>Esse acordo \u00e9 parte de um esfor\u00e7o mais amplo do munic\u00edpio para fortalecer a rede de sa\u00fade local e melhorar a qualidade dos servi\u00e7os dispon\u00edveis. A nova unidade ser\u00e1 erguer\u00e1 onde estava o antigo Derba, um local estrat\u00e9gico que, certamente, facilitar\u00e1 o atendimento \u00e0 popula\u00e7\u00e3o. A gest\u00e3o municipal, sob a lideran\u00e7a do prefeito Jos\u00e9 Ronaldo de Carvalho, visa construir uma unidade que n\u00e3o apenas amplie o n\u00famero de atendimentos, mas tamb\u00e9m ofere\u00e7a mais conforto e qualidade no cuidado \u00e0 sa\u00fade dos cidad\u00e3os.<\/p>\n<p>A assinatura deste conv\u00eanio \u00e9 um marco, pois permite que o munic\u00edpio comece oficialmente a planejar a nova Policl\u00ednica, incluindo as etapas de contrata\u00e7\u00e3o, licenciamento e licita\u00e7\u00e3o das obras. Esses passos s\u00e3o fundamentais para garantir que a constru\u00e7\u00e3o ocorra de maneira eficiente e dentro dos padr\u00f5es de qualidade exigidos.<\/p>\n<h2>Localiza\u00e7\u00e3o Estrat\u00e9gica e Acesso Facilitado<\/h2>\n<p>A escolha do terreno do antigo Derba para a constru\u00e7\u00e3o da nova Policl\u00ednica Municipal n\u00e3o \u00e9 uma decis\u00e3o aleat\u00f3ria. A localiza\u00e7\u00e3o estrat\u00e9gica desempenha um papel crucial na facilidade de acesso aos servi\u00e7os de sa\u00fade para a popula\u00e7\u00e3o de Feira de Santana e arredores. Uma unidade de sa\u00fade que esteja proximamente localizada pode fazer toda a diferen\u00e7a na hora em que os pacientes precisam de atendimento.<\/p>\n<p>Assim, a nova Policl\u00ednica ser\u00e1 acess\u00edvel para um n\u00famero maior de pessoas. Os moradores dos bairros vizinhos, que anteriormente enfrentavam dificuldades para chegar a unidades mais distantes, agora poder\u00e3o contar com servi\u00e7os de sa\u00fade mais pr\u00f3ximos de casa. Esse fator \u00e9 vital, especialmente para aqueles com mobilidade reduzida ou que dependem de transporte p\u00fablico.<\/p>\n<p>Al\u00e9m do mais, a nova estrutura n\u00e3o s\u00f3 permitir\u00e1 um aumento no n\u00famero de consultas especializadas e exames de imagem, mas tamb\u00e9m otimizar\u00e1 o tempo de espera dos usu\u00e1rios. Isso \u00e9 um ponto cr\u00edtico, considerando que, em muitas localidades, as filas para atendimentos especializados podem ser excessivamente longas. Portanto, ao melhorar a localiza\u00e7\u00e3o e a estrutura, a administra\u00e7\u00e3o municipal visa reduzir essas filas e organizar melhor o fluxo de atendimento.<\/p>\n<h2>A Import\u00e2ncia de Expandir os Servi\u00e7os de Sa\u00fade<\/h2>\n<p>A expans\u00e3o dos servi\u00e7os de sa\u00fade, atrav\u00e9s da cria\u00e7\u00e3o de unidades como a nova Policl\u00ednica, \u00e9 fundamental para garantir que as necessidades da popula\u00e7\u00e3o sejam atendidas adequadamente. A nova Policl\u00ednica ser\u00e1 um centro de refer\u00eancia para diversas especialidades m\u00e9dicas, proporcionando n\u00e3o apenas atendimentos simples, mas tamb\u00e9m cuidados de m\u00e9dia e alta complexidade.<\/p>\n<p>A amplia\u00e7\u00e3o dos servi\u00e7os de sa\u00fade se traduz em maior resolutividade no tratamento dos pacientes. Quando as pessoas t\u00eam acesso a cuidados m\u00e9dicos especializados mais perto de casa, isso permite que doen\u00e7as sejam diagnosticadas e tratadas em est\u00e1gios mais iniciais, aumentando as chances de recupera\u00e7\u00e3o e diminuindo a gravidade de poss\u00edveis complica\u00e7\u00f5es.<\/p>\n<p>Al\u00e9m disso, a nova unidade ir\u00e1 oferecer um suporte diagn\u00f3stico mais completo, incluindo exames de imagem, que s\u00e3o essenciais para o acompanhamento de diversas condi\u00e7\u00f5es de sa\u00fade. \u00c9 preciso destacar o impacto positivo que uma sa\u00fade p\u00fablica forte tem sobre a qualidade de vida da popula\u00e7\u00e3o, permitindo que os cidad\u00e3os possam trabalhar, estudar e viver com mais tranquilidade.<\/p>\n<p><img decoding=\"async\" src=\"https:\/\/www.encontrafeiradesantana.com.br\/sobre\/wp-content\/uploads\/2025\/11\/secretario-rodrigo-matos-assina-termo-de-convenio-para-construcao-da-nova-policlinica-municipal-de-f.webp\" alt=\"\" loading=\"lazy\" \/><\/p>\n<h2>Palavras do Secret\u00e1rio Rodrigo Matos<\/h2>\n<p>Em seu discurso durante a assinatura do conv\u00eanio, o Secret\u00e1rio Rodrigo Matos enfatizou a import\u00e2ncia desse projeto para o futuro da sa\u00fade em Feira de Santana. Ele declarou: &#8220;Hoje consolidamos um compromisso que se traduz em mais acesso e mais qualidade para a popula\u00e7\u00e3o. A Policl\u00ednica Municipal integra a estrat\u00e9gia de fortalecer a rede, reduzir filas e organizar o cuidado especializado de forma articulada com a aten\u00e7\u00e3o prim\u00e1ria&#8221;. Essas palavras refletem um entendimento claro dos desafios enfrentados pelo sistema de sa\u00fade e a necessidade de melhorias cont\u00ednuas para atender adequadamente \u00e0 popula\u00e7\u00e3o.<\/p>\n<p>Rodrigo Matos tamb\u00e9m destacou que a nova Policl\u00ednica ser\u00e1 fundamental para garantir que as pessoas usu\u00e1rias do Sistema \u00danico de Sa\u00fade (SUS) tenham acesso a um atendimento de qualidade. A ideia \u00e9 que a Policl\u00ednica n\u00e3o apenas amplie o n\u00famero de atendimentos, mas tamb\u00e9m apresente uma experi\u00eancia positiva para os usu\u00e1rios, com um ambiente mais confort\u00e1vel e uma equipe qualificada e bem treinada.<\/p>\n<h2>Novos Servi\u00e7os Oferecidos na Policl\u00ednica<\/h2>\n<p>Com a constru\u00e7\u00e3o da nova Policl\u00ednica Municipal, uma gama de servi\u00e7os ser\u00e1 oferecida \u00e0 popula\u00e7\u00e3o. Esses servi\u00e7os incluir\u00e3o consultas com especialistas em diversas \u00e1reas da sa\u00fade, al\u00e9m de exames de imagem e diagn\u00f3stico. O conceito por tr\u00e1s desse atendimento ampliado \u00e9 garantir que os cidad\u00e3os tenham acesso a um cuidado integrado e cont\u00ednuo.<\/p>\n<p>Al\u00e9m disso, a nova unidade facilitar\u00e1 o acesso a tratamentos complementares e terapias que s\u00e3o fundamentais para o tratamento de v\u00e1rias condi\u00e7\u00f5es de sa\u00fade. Consultas com endocrinologistas, cardiologistas, e outras especialidades ser\u00e3o parte do portf\u00f3lio de servi\u00e7os dispon\u00edveis.<\/p>\n<p>A Policl\u00ednica tamb\u00e9m poder\u00e1 implementar programas de preven\u00e7\u00e3o que visam educar e conscientizar a comunidade sobre diferentes aspectos da sa\u00fade, como nutri\u00e7\u00e3o, higiene e doen\u00e7as cr\u00f4nicas. A educa\u00e7\u00e3o na sa\u00fade \u00e9 uma etapa importante no empoderamento da popula\u00e7\u00e3o para que possam cuidar melhor de sua sa\u00fade e bem-estar.<\/p>\n<h2>Como a Policl\u00ednica Impactar\u00e1 a Comunidade<\/h2>\n<p>A nova Policl\u00ednica Municipal promete impactar positivamente a comunidade de v\u00e1rias maneiras. Um dos principais efeitos ser\u00e1 a melhora na sa\u00fade p\u00fablica local. Com mais pessoas recebendo cuidados m\u00e9dicos regulares e de qualidade, espera-se que a sa\u00fade da popula\u00e7\u00e3o em geral melhore significativamente.<\/p>\n<p>Outro ponto importante a considerar \u00e9 o efeito econ\u00f4mico. Quando as pessoas n\u00e3o precisam mais se deslocar para longe em busca de atendimento, isso pode resultar em economia de tempo e dinheiro. Al\u00e9m disso, uma comunidade mais saud\u00e1vel \u00e9 um elemento fundamental para o desenvolvimento sustent\u00e1vel, pois cidad\u00e3os saud\u00e1veis s\u00e3o mais produtivos e contribuem para o crescimento econ\u00f4mico regional.<\/p>\n<p>Al\u00e9m disso, a nova Policl\u00ednica servir\u00e1 como um elo entre a aten\u00e7\u00e3o prim\u00e1ria e os servi\u00e7os especializados, criando um fluxo de atendimento mais consistente e eficiente. Isso pode minimizar erros e facilitar a coordena\u00e7\u00e3o de cuidado, sendo essencial para tratamentos mais complexos que requerem m\u00faltiplas especialidades.<\/p>\n<h2>Pr\u00f3ximas Etapas do Projeto de Constru\u00e7\u00e3o<\/h2>\n<p>A constru\u00e7\u00e3o da nova Policl\u00ednica Municipal est\u00e1 agora em uma fase cr\u00edtica, uma vez que, ap\u00f3s a assinatura do conv\u00eanio, o pr\u00f3ximo passo envolve a contrata\u00e7\u00e3o dos projetos arquitet\u00f4nicos e de engenharia necess\u00e1rios. Essas etapas s\u00e3o fundamentais para assegurar que a Policl\u00ednica seja constru\u00edda de acordo com as normas e padr\u00f5es de sa\u00fade exigidos.<\/p>\n<p>A aprova\u00e7\u00e3o t\u00e9cnica \u00e9 outro fator crucial; sem essa aprova\u00e7\u00e3o, as obras n\u00e3o poder\u00e3o avan\u00e7ar. Portanto, o munic\u00edpio dever\u00e1 trabalhar em colabora\u00e7\u00e3o com as autoridades competentes para garantir que todos os requisitos regulat\u00f3rios sejam atendidos.<\/p>\n<p>Ainda, est\u00e1 prevista uma fase de licita\u00e7\u00e3o para as obras e fornecimento de equipamentos, essencial para garantir que todo o processo transcorra de maneira transparente e eficiente. A experi\u00eancia e a vontade da gest\u00e3o municipal em seguir crit\u00e9rios r\u00edgidos de controle e efici\u00eancia s\u00e3o promissoras e indicam que este projeto ser\u00e1 desenvolvido com responsabilidade.<\/p>\n<h2>Transpar\u00eancia e Controle nas Obras<\/h2>\n<p>A transpar\u00eancia e o controle durante as obras da nova Policl\u00ednica Municipal s\u00e3o aspectos que a gest\u00e3o municipal destacou como prioridade. Com o compromisso de fornecer informa\u00e7\u00f5es regulares e acess\u00edveis \u00e0 popula\u00e7\u00e3o, o munic\u00edpio permitir\u00e1 que os cidad\u00e3os acompanhem o progresso da constru\u00e7\u00e3o. Isso contribuir\u00e1 para aumentar a confian\u00e7a da popula\u00e7\u00e3o nas a\u00e7\u00f5es do governo.<\/p>\n<p>Ser\u00e3o divulgados peri\u00f3dicos com marcos e prazos do andamento da obra, garantindo que a popula\u00e7\u00e3o esteja ciente de todas as etapas. Este engajamento com a comunidade \u00e9 vital, pois ajuda a manter os cidad\u00e3os informados e promove um sentimento de pertencimento ao processo de melhorias na infraestrutura de sa\u00fade.<\/p>\n<p>Al\u00e9m disso, a implementa\u00e7\u00e3o de mecanismos de controle social, como a participa\u00e7\u00e3o da popula\u00e7\u00e3o em reuni\u00f5es e audi\u00eancias p\u00fablicas, permitir\u00e1 que os moradores fa\u00e7am parte da constru\u00e7\u00e3o da nova Policl\u00ednica, expressando suas opini\u00f5es e sugest\u00f5es sobre os servi\u00e7os e a abordagem desejada para a unidade.<\/p>\n<h2>Parcerias que Fortalecem a Sa\u00fade Municipal<\/h2>\n<p>A constru\u00e7\u00e3o e opera\u00e7\u00e3o da nova Policl\u00ednica Municipal n\u00e3o s\u00e3o apenas um esfor\u00e7o isolado do munic\u00edpio. O projeto integra parcerias fundamentais que ir\u00e3o fortalecer a rede de sa\u00fade local. O apoio do Minist\u00e9rio da Sa\u00fade e a colabora\u00e7\u00e3o com a Caixa Econ\u00f4mica Federal s\u00e3o exemplos de como a uni\u00e3o de esfor\u00e7os pode trazer resultados positivos para a comunidade.<\/p>\n<p>Essas parcerias s\u00e3o fundamentais, pois facilitam o acesso a recursos financeiros e t\u00e9cnicos necess\u00e1rios para a constru\u00e7\u00e3o e opera\u00e7\u00e3o da Policl\u00ednica. Al\u00e9m disso, a troca de experi\u00eancias e conhecimentos entre institui\u00e7\u00f5es pode melhorar a qualidade do atendimento prestado, fortalecendo as estruturas existentes.<\/p>\n<p>A integra\u00e7\u00e3o de esfor\u00e7os com diferentes n\u00edveis de governo \u00e9 uma estrat\u00e9gia que pode melhorar a sa\u00fade p\u00fablica de forma significativa. Isso demonstra uma colabora\u00e7\u00e3o cont\u00ednua em prol do bem-estar da popula\u00e7\u00e3o, visando oferecer um atendimento mais completo e integrado.<\/p>\n<h2>Expectativas da Popula\u00e7\u00e3o e Autoridades<\/h2>\n<p>As expectativas da popula\u00e7\u00e3o em rela\u00e7\u00e3o \u00e0 nova Policl\u00ednica Municipal s\u00e3o elevadas e justas. A comunidade anseia por melhorias significativas nos atendimentos e servi\u00e7os de sa\u00fade, e todos esperam que a nova unidade corresponda a essas expectativas. A possibilidade de acessar cuidados de sa\u00fade mais pr\u00f3ximos e com maior qualidade \u00e9 uma demanda constante entre os cidad\u00e3os.<\/p>\n<p>Al\u00e9m disso, as autoridades locais expressaram otimismo em rela\u00e7\u00e3o ao avan\u00e7o desse projeto. A cren\u00e7a \u00e9 que a Policl\u00ednica n\u00e3o apenas melhorar\u00e1 a sa\u00fade da popula\u00e7\u00e3o, mas tamb\u00e9m servir\u00e1 como um modelo para futuros investimentos em sa\u00fade na regi\u00e3o, estimulando outras iniciativas que possam beneficiar a comunidade.<\/p>\n<p>O desejo \u00e9 que a nova Policl\u00ednica Municipal possa se tornar um s\u00edmbolo de como parcerias e investimentos na sa\u00fade p\u00fablica podem transformar realidades, promovendo um acesso mais equitativo e humanizado aos servi\u00e7os de sa\u00fade. Com isso em mente, a administra\u00e7\u00e3o Municipal de Feira de Santana segue com determina\u00e7\u00e3o e compromisso para a realiza\u00e7\u00e3o desse projeto vital para a popula\u00e7\u00e3o.<\/p>\n\n<div style=\"font-size: 0px; height: 0px; line-height: 0px; margin: 0; padding: 0; clear: both;\"><\/div>","protected":false},"excerpt":{"rendered":"<p>Nova Policl\u00ednica Municipal de Feira de Santana promete melhorar a sa\u00fade.<\/p>\n","protected":false},"author":1,"featured_media":1184,"comment_status":"open","ping_status":"closed","sticky":false,"template":"","format":"standard","meta":{"footnotes":""},"categories":[6],"tags":[],"class_list":["post-1185","post","type-post","status-publish","format-standard","has-post-thumbnail","hentry","category-noticias-em-feira-de-santana","has_thumb"],"aioseo_notices":[],"aioseo_head":"\n\t\t<!-- All in One SEO 5.0.0.1 - aioseo.com -->\n\t<meta name=\"description\" content=\"Nova Policl\u00ednica Municipal de Feira de Santana promete melhorar a sa\u00fade.\" \/>\n\t<meta name=\"robots\" content=\"max-image-preview:large\" \/>\n\t<meta name=\"author\" content=\"Encontra Feira de Santana\"\/>\n\t<link rel=\"canonical\" href=\"https:\/\/www.encontrafeiradesantana.com.br\/sobre\/secretario-rodrigo-matos-assina-termo-de-convenio-para-construcao-da-nova-policlinica-municipal-de-feira-de-santana\/\" \/>\n\t<meta name=\"generator\" content=\"All in One SEO (AIOSEO) 5.0.0.1\" \/>\n\t\t<meta property=\"og:locale\" content=\"pt_BR\" \/>\n\t\t<meta property=\"og:site_name\" content=\"Encontra Feira de Santana | Not\u00edcias, eventos, informa\u00e7\u00f5es e dicas na cidade Feira de Santana e regi\u00e3o.\" \/>\n\t\t<meta property=\"og:type\" content=\"article\" \/>\n\t\t<meta property=\"og:title\" content=\"Secret\u00e1rio Rodrigo Matos assina termo de conv\u00eanio para constru\u00e7\u00e3o da nova Policl\u00ednica Municipal de Feira de Santana | Encontra Feira de Santana\" \/>\n\t\t<meta property=\"og:description\" content=\"Nova Policl\u00ednica Municipal de Feira de Santana promete melhorar a sa\u00fade.\" \/>\n\t\t<meta property=\"og:url\" content=\"https:\/\/www.encontrafeiradesantana.com.br\/sobre\/secretario-rodrigo-matos-assina-termo-de-convenio-para-construcao-da-nova-policlinica-municipal-de-feira-de-santana\/\" \/>\n\t\t<meta property=\"article:published_time\" content=\"2025-11-12T12:10:00+00:00\" \/>\n\t\t<meta property=\"article:modified_time\" content=\"2025-11-12T12:10:00+00:00\" \/>\n\t\t<meta name=\"twitter:card\" content=\"summary\" \/>\n\t\t<meta name=\"twitter:title\" content=\"Secret\u00e1rio Rodrigo Matos assina termo de conv\u00eanio para constru\u00e7\u00e3o da nova Policl\u00ednica Municipal de Feira de Santana | Encontra Feira de Santana\" \/>\n\t\t<meta name=\"twitter:description\" content=\"Nova Policl\u00ednica Municipal de Feira de Santana promete melhorar a sa\u00fade.\" \/>\n\t\t<script type=\"application\/ld+json\" class=\"aioseo-schema\">\n\t\t\t{\"@context\":\"https:\\\/\\\/schema.org\",\"@graph\":[{\"@type\":\"Article\",\"@id\":\"https:\\\/\\\/www.encontrafeiradesantana.com.br\\\/sobre\\\/secretario-rodrigo-matos-assina-termo-de-convenio-para-construcao-da-nova-policlinica-municipal-de-feira-de-santana\\\/#article\",\"name\":\"Secret\\u00e1rio Rodrigo Matos assina termo de conv\\u00eanio para constru\\u00e7\\u00e3o da nova Policl\\u00ednica Municipal de Feira de Santana | Encontra Feira de Santana\",\"headline\":\"Secret\\u00e1rio Rodrigo Matos assina termo de conv\\u00eanio para constru\\u00e7\\u00e3o da nova Policl\\u00ednica Municipal de Feira de Santana\",\"author\":{\"@id\":\"https:\\\/\\\/www.encontrafeiradesantana.com.br\\\/sobre\\\/author\\\/efeiradesantana\\\/#author\"},\"publisher\":{\"@id\":\"https:\\\/\\\/www.encontrafeiradesantana.com.br\\\/sobre\\\/#organization\"},\"image\":{\"@type\":\"ImageObject\",\"url\":\"https:\\\/\\\/www.encontrafeiradesantana.com.br\\\/sobre\\\/wp-content\\\/uploads\\\/2025\\\/11\\\/secretario-rodrigo-matos-assina-termo-de-convenio-para-construcao-da-nova-policlinica-municipal-de-f.webp\",\"width\":320,\"height\":280},\"datePublished\":\"2025-11-12T09:10:00-03:00\",\"dateModified\":\"2025-11-12T09:10:00-03:00\",\"inLanguage\":\"pt-BR\",\"mainEntityOfPage\":{\"@id\":\"https:\\\/\\\/www.encontrafeiradesantana.com.br\\\/sobre\\\/secretario-rodrigo-matos-assina-termo-de-convenio-para-construcao-da-nova-policlinica-municipal-de-feira-de-santana\\\/#webpage\"},\"isPartOf\":{\"@id\":\"https:\\\/\\\/www.encontrafeiradesantana.com.br\\\/sobre\\\/secretario-rodrigo-matos-assina-termo-de-convenio-para-construcao-da-nova-policlinica-municipal-de-feira-de-santana\\\/#webpage\"},\"articleSection\":\"Not\\u00edcias Feira de Santana\"},{\"@type\":\"BreadcrumbList\",\"@id\":\"https:\\\/\\\/www.encontrafeiradesantana.com.br\\\/sobre\\\/secretario-rodrigo-matos-assina-termo-de-convenio-para-construcao-da-nova-policlinica-municipal-de-feira-de-santana\\\/#breadcrumblist\",\"itemListElement\":[{\"@type\":\"ListItem\",\"@id\":\"https:\\\/\\\/www.encontrafeiradesantana.com.br\\\/sobre#listItem\",\"position\":1,\"name\":\"In\\u00edcio\",\"item\":\"https:\\\/\\\/www.encontrafeiradesantana.com.br\\\/sobre\",\"nextItem\":{\"@type\":\"ListItem\",\"@id\":\"https:\\\/\\\/www.encontrafeiradesantana.com.br\\\/sobre\\\/noticias-em-feira-de-santana\\\/#listItem\",\"name\":\"Not\\u00edcias Feira de Santana\"}},{\"@type\":\"ListItem\",\"@id\":\"https:\\\/\\\/www.encontrafeiradesantana.com.br\\\/sobre\\\/noticias-em-feira-de-santana\\\/#listItem\",\"position\":2,\"name\":\"Not\\u00edcias Feira de Santana\",\"item\":\"https:\\\/\\\/www.encontrafeiradesantana.com.br\\\/sobre\\\/noticias-em-feira-de-santana\\\/\",\"nextItem\":{\"@type\":\"ListItem\",\"@id\":\"https:\\\/\\\/www.encontrafeiradesantana.com.br\\\/sobre\\\/secretario-rodrigo-matos-assina-termo-de-convenio-para-construcao-da-nova-policlinica-municipal-de-feira-de-santana\\\/#listItem\",\"name\":\"Secret\\u00e1rio Rodrigo Matos assina termo de conv\\u00eanio para constru\\u00e7\\u00e3o da nova Policl\\u00ednica Municipal de Feira de Santana\"},\"previousItem\":{\"@type\":\"ListItem\",\"@id\":\"https:\\\/\\\/www.encontrafeiradesantana.com.br\\\/sobre#listItem\",\"name\":\"In\\u00edcio\"}},{\"@type\":\"ListItem\",\"@id\":\"https:\\\/\\\/www.encontrafeiradesantana.com.br\\\/sobre\\\/secretario-rodrigo-matos-assina-termo-de-convenio-para-construcao-da-nova-policlinica-municipal-de-feira-de-santana\\\/#listItem\",\"position\":3,\"name\":\"Secret\\u00e1rio Rodrigo Matos assina termo de conv\\u00eanio para constru\\u00e7\\u00e3o da nova Policl\\u00ednica Municipal de Feira de Santana\",\"previousItem\":{\"@type\":\"ListItem\",\"@id\":\"https:\\\/\\\/www.encontrafeiradesantana.com.br\\\/sobre\\\/noticias-em-feira-de-santana\\\/#listItem\",\"name\":\"Not\\u00edcias Feira de Santana\"}}]},{\"@type\":\"Organization\",\"@id\":\"https:\\\/\\\/www.encontrafeiradesantana.com.br\\\/sobre\\\/#organization\",\"name\":\"Encontra Feira de Santana\",\"description\":\"Not\\u00edcias, eventos, informa\\u00e7\\u00f5es e dicas na cidade Feira de Santana e regi\\u00e3o.\",\"url\":\"https:\\\/\\\/www.encontrafeiradesantana.com.br\\\/sobre\\\/\"},{\"@type\":\"Person\",\"@id\":\"https:\\\/\\\/www.encontrafeiradesantana.com.br\\\/sobre\\\/author\\\/efeiradesantana\\\/#author\",\"url\":\"https:\\\/\\\/www.encontrafeiradesantana.com.br\\\/sobre\\\/author\\\/efeiradesantana\\\/\",\"name\":\"Encontra Feira de Santana\",\"image\":{\"@type\":\"ImageObject\",\"@id\":\"https:\\\/\\\/www.encontrafeiradesantana.com.br\\\/sobre\\\/secretario-rodrigo-matos-assina-termo-de-convenio-para-construcao-da-nova-policlinica-municipal-de-feira-de-santana\\\/#authorImage\",\"url\":\"https:\\\/\\\/secure.gravatar.com\\\/avatar\\\/507340682b8270222e1f208e23198b6ae7e2c6a1033ae84e99bc6bce4f82a387?s=96&d=mm&r=g\",\"width\":96,\"height\":96,\"caption\":\"Encontra Feira de Santana\"}},{\"@type\":\"WebPage\",\"@id\":\"https:\\\/\\\/www.encontrafeiradesantana.com.br\\\/sobre\\\/secretario-rodrigo-matos-assina-termo-de-convenio-para-construcao-da-nova-policlinica-municipal-de-feira-de-santana\\\/#webpage\",\"url\":\"https:\\\/\\\/www.encontrafeiradesantana.com.br\\\/sobre\\\/secretario-rodrigo-matos-assina-termo-de-convenio-para-construcao-da-nova-policlinica-municipal-de-feira-de-santana\\\/\",\"name\":\"Secret\\u00e1rio Rodrigo Matos assina termo de conv\\u00eanio para constru\\u00e7\\u00e3o da nova Policl\\u00ednica Municipal de Feira de Santana | Encontra Feira de Santana\",\"description\":\"Nova Policl\\u00ednica Municipal de Feira de Santana promete melhorar a sa\\u00fade.\",\"inLanguage\":\"pt-BR\",\"isPartOf\":{\"@id\":\"https:\\\/\\\/www.encontrafeiradesantana.com.br\\\/sobre\\\/#website\"},\"breadcrumb\":{\"@id\":\"https:\\\/\\\/www.encontrafeiradesantana.com.br\\\/sobre\\\/secretario-rodrigo-matos-assina-termo-de-convenio-para-construcao-da-nova-policlinica-municipal-de-feira-de-santana\\\/#breadcrumblist\"},\"author\":{\"@id\":\"https:\\\/\\\/www.encontrafeiradesantana.com.br\\\/sobre\\\/author\\\/efeiradesantana\\\/#author\"},\"creator\":{\"@id\":\"https:\\\/\\\/www.encontrafeiradesantana.com.br\\\/sobre\\\/author\\\/efeiradesantana\\\/#author\"},\"image\":{\"@type\":\"ImageObject\",\"url\":\"https:\\\/\\\/www.encontrafeiradesantana.com.br\\\/sobre\\\/wp-content\\\/uploads\\\/2025\\\/11\\\/secretario-rodrigo-matos-assina-termo-de-convenio-para-construcao-da-nova-policlinica-municipal-de-f.webp\",\"@id\":\"https:\\\/\\\/www.encontrafeiradesantana.com.br\\\/sobre\\\/secretario-rodrigo-matos-assina-termo-de-convenio-para-construcao-da-nova-policlinica-municipal-de-feira-de-santana\\\/#mainImage\",\"width\":320,\"height\":280},\"primaryImageOfPage\":{\"@id\":\"https:\\\/\\\/www.encontrafeiradesantana.com.br\\\/sobre\\\/secretario-rodrigo-matos-assina-termo-de-convenio-para-construcao-da-nova-policlinica-municipal-de-feira-de-santana\\\/#mainImage\"},\"datePublished\":\"2025-11-12T09:10:00-03:00\",\"dateModified\":\"2025-11-12T09:10:00-03:00\"},{\"@type\":\"WebSite\",\"@id\":\"https:\\\/\\\/www.encontrafeiradesantana.com.br\\\/sobre\\\/#website\",\"url\":\"https:\\\/\\\/www.encontrafeiradesantana.com.br\\\/sobre\\\/\",\"name\":\"Encontra Feira de Santana\",\"description\":\"Not\\u00edcias, eventos, informa\\u00e7\\u00f5es e dicas na cidade Feira de Santana e regi\\u00e3o.\",\"inLanguage\":\"pt-BR\",\"publisher\":{\"@id\":\"https:\\\/\\\/www.encontrafeiradesantana.com.br\\\/sobre\\\/#organization\"}}]}\n\t\t<\/script>\n\t\t<!-- All in One SEO -->\n\n","aioseo_head_json":{"title":"Secret\u00e1rio Rodrigo Matos assina termo de conv\u00eanio para constru\u00e7\u00e3o da nova Policl\u00ednica Municipal de Feira de Santana | Encontra Feira de Santana","description":"Nova Policl\u00ednica Municipal de Feira de Santana promete melhorar a sa\u00fade.","canonical_url":"https:\/\/www.encontrafeiradesantana.com.br\/sobre\/secretario-rodrigo-matos-assina-termo-de-convenio-para-construcao-da-nova-policlinica-municipal-de-feira-de-santana\/","robots":"max-image-preview:large","keywords":"","webmasterTools":{"miscellaneous":""},"schema":{"@context":"https:\/\/schema.org","@graph":[{"@type":"Article","@id":"https:\/\/www.encontrafeiradesantana.com.br\/sobre\/secretario-rodrigo-matos-assina-termo-de-convenio-para-construcao-da-nova-policlinica-municipal-de-feira-de-santana\/#article","name":"Secret\u00e1rio Rodrigo Matos assina termo de conv\u00eanio para constru\u00e7\u00e3o da nova Policl\u00ednica Municipal de Feira de Santana | Encontra Feira de Santana","headline":"Secret\u00e1rio Rodrigo Matos assina termo de conv\u00eanio para constru\u00e7\u00e3o da nova Policl\u00ednica Municipal de Feira de Santana","author":{"@id":"https:\/\/www.encontrafeiradesantana.com.br\/sobre\/author\/efeiradesantana\/#author"},"publisher":{"@id":"https:\/\/www.encontrafeiradesantana.com.br\/sobre\/#organization"},"image":{"@type":"ImageObject","url":"https:\/\/www.encontrafeiradesantana.com.br\/sobre\/wp-content\/uploads\/2025\/11\/secretario-rodrigo-matos-assina-termo-de-convenio-para-construcao-da-nova-policlinica-municipal-de-f.webp","width":320,"height":280},"datePublished":"2025-11-12T09:10:00-03:00","dateModified":"2025-11-12T09:10:00-03:00","inLanguage":"pt-BR","mainEntityOfPage":{"@id":"https:\/\/www.encontrafeiradesantana.com.br\/sobre\/secretario-rodrigo-matos-assina-termo-de-convenio-para-construcao-da-nova-policlinica-municipal-de-feira-de-santana\/#webpage"},"isPartOf":{"@id":"https:\/\/www.encontrafeiradesantana.com.br\/sobre\/secretario-rodrigo-matos-assina-termo-de-convenio-para-construcao-da-nova-policlinica-municipal-de-feira-de-santana\/#webpage"},"articleSection":"Not\u00edcias Feira de Santana"},{"@type":"BreadcrumbList","@id":"https:\/\/www.encontrafeiradesantana.com.br\/sobre\/secretario-rodrigo-matos-assina-termo-de-convenio-para-construcao-da-nova-policlinica-municipal-de-feira-de-santana\/#breadcrumblist","itemListElement":[{"@type":"ListItem","@id":"https:\/\/www.encontrafeiradesantana.com.br\/sobre#listItem","position":1,"name":"In\u00edcio","item":"https:\/\/www.encontrafeiradesantana.com.br\/sobre","nextItem":{"@type":"ListItem","@id":"https:\/\/www.encontrafeiradesantana.com.br\/sobre\/noticias-em-feira-de-santana\/#listItem","name":"Not\u00edcias Feira de Santana"}},{"@type":"ListItem","@id":"https:\/\/www.encontrafeiradesantana.com.br\/sobre\/noticias-em-feira-de-santana\/#listItem","position":2,"name":"Not\u00edcias Feira de Santana","item":"https:\/\/www.encontrafeiradesantana.com.br\/sobre\/noticias-em-feira-de-santana\/","nextItem":{"@type":"ListItem","@id":"https:\/\/www.encontrafeiradesantana.com.br\/sobre\/secretario-rodrigo-matos-assina-termo-de-convenio-para-construcao-da-nova-policlinica-municipal-de-feira-de-santana\/#listItem","name":"Secret\u00e1rio Rodrigo Matos assina termo de conv\u00eanio para constru\u00e7\u00e3o da nova Policl\u00ednica Municipal de Feira de Santana"},"previousItem":{"@type":"ListItem","@id":"https:\/\/www.encontrafeiradesantana.com.br\/sobre#listItem","name":"In\u00edcio"}},{"@type":"ListItem","@id":"https:\/\/www.encontrafeiradesantana.com.br\/sobre\/secretario-rodrigo-matos-assina-termo-de-convenio-para-construcao-da-nova-policlinica-municipal-de-feira-de-santana\/#listItem","position":3,"name":"Secret\u00e1rio Rodrigo Matos assina termo de conv\u00eanio para constru\u00e7\u00e3o da nova Policl\u00ednica Municipal de Feira de Santana","previousItem":{"@type":"ListItem","@id":"https:\/\/www.encontrafeiradesantana.com.br\/sobre\/noticias-em-feira-de-santana\/#listItem","name":"Not\u00edcias Feira de Santana"}}]},{"@type":"Organization","@id":"https:\/\/www.encontrafeiradesantana.com.br\/sobre\/#organization","name":"Encontra Feira de Santana","description":"Not\u00edcias, eventos, informa\u00e7\u00f5es e dicas na cidade Feira de Santana e regi\u00e3o.","url":"https:\/\/www.encontrafeiradesantana.com.br\/sobre\/"},{"@type":"Person","@id":"https:\/\/www.encontrafeiradesantana.com.br\/sobre\/author\/efeiradesantana\/#author","url":"https:\/\/www.encontrafeiradesantana.com.br\/sobre\/author\/efeiradesantana\/","name":"Encontra Feira de Santana","image":{"@type":"ImageObject","@id":"https:\/\/www.encontrafeiradesantana.com.br\/sobre\/secretario-rodrigo-matos-assina-termo-de-convenio-para-construcao-da-nova-policlinica-municipal-de-feira-de-santana\/#authorImage","url":"https:\/\/secure.gravatar.com\/avatar\/507340682b8270222e1f208e23198b6ae7e2c6a1033ae84e99bc6bce4f82a387?s=96&d=mm&r=g","width":96,"height":96,"caption":"Encontra Feira de Santana"}},{"@type":"WebPage","@id":"https:\/\/www.encontrafeiradesantana.com.br\/sobre\/secretario-rodrigo-matos-assina-termo-de-convenio-para-construcao-da-nova-policlinica-municipal-de-feira-de-santana\/#webpage","url":"https:\/\/www.encontrafeiradesantana.com.br\/sobre\/secretario-rodrigo-matos-assina-termo-de-convenio-para-construcao-da-nova-policlinica-municipal-de-feira-de-santana\/","name":"Secret\u00e1rio Rodrigo Matos assina termo de conv\u00eanio para constru\u00e7\u00e3o da nova Policl\u00ednica Municipal de Feira de Santana | Encontra Feira de Santana","description":"Nova Policl\u00ednica Municipal de Feira de Santana promete melhorar a sa\u00fade.","inLanguage":"pt-BR","isPartOf":{"@id":"https:\/\/www.encontrafeiradesantana.com.br\/sobre\/#website"},"breadcrumb":{"@id":"https:\/\/www.encontrafeiradesantana.com.br\/sobre\/secretario-rodrigo-matos-assina-termo-de-convenio-para-construcao-da-nova-policlinica-municipal-de-feira-de-santana\/#breadcrumblist"},"author":{"@id":"https:\/\/www.encontrafeiradesantana.com.br\/sobre\/author\/efeiradesantana\/#author"},"creator":{"@id":"https:\/\/www.encontrafeiradesantana.com.br\/sobre\/author\/efeiradesantana\/#author"},"image":{"@type":"ImageObject","url":"https:\/\/www.encontrafeiradesantana.com.br\/sobre\/wp-content\/uploads\/2025\/11\/secretario-rodrigo-matos-assina-termo-de-convenio-para-construcao-da-nova-policlinica-municipal-de-f.webp","@id":"https:\/\/www.encontrafeiradesantana.com.br\/sobre\/secretario-rodrigo-matos-assina-termo-de-convenio-para-construcao-da-nova-policlinica-municipal-de-feira-de-santana\/#mainImage","width":320,"height":280},"primaryImageOfPage":{"@id":"https:\/\/www.encontrafeiradesantana.com.br\/sobre\/secretario-rodrigo-matos-assina-termo-de-convenio-para-construcao-da-nova-policlinica-municipal-de-feira-de-santana\/#mainImage"},"datePublished":"2025-11-12T09:10:00-03:00","dateModified":"2025-11-12T09:10:00-03:00"},{"@type":"WebSite","@id":"https:\/\/www.encontrafeiradesantana.com.br\/sobre\/#website","url":"https:\/\/www.encontrafeiradesantana.com.br\/sobre\/","name":"Encontra Feira de Santana","description":"Not\u00edcias, eventos, informa\u00e7\u00f5es e dicas na cidade Feira de Santana e regi\u00e3o.","inLanguage":"pt-BR","publisher":{"@id":"https:\/\/www.encontrafeiradesantana.com.br\/sobre\/#organization"}}]},"og:locale":"pt_BR","og:site_name":"Encontra Feira de Santana | Not\u00edcias, eventos, informa\u00e7\u00f5es e dicas na cidade Feira de Santana e regi\u00e3o.","og:type":"article","og:title":"Secret\u00e1rio Rodrigo Matos assina termo de conv\u00eanio para constru\u00e7\u00e3o da nova Policl\u00ednica Municipal de Feira de Santana | Encontra Feira de Santana","og:description":"Nova Policl\u00ednica Municipal de Feira de Santana promete melhorar a sa\u00fade.","og:url":"https:\/\/www.encontrafeiradesantana.com.br\/sobre\/secretario-rodrigo-matos-assina-termo-de-convenio-para-construcao-da-nova-policlinica-municipal-de-feira-de-santana\/","article:published_time":"2025-11-12T12:10:00+00:00","article:modified_time":"2025-11-12T12:10:00+00:00","twitter:card":"summary","twitter:title":"Secret\u00e1rio Rodrigo Matos assina termo de conv\u00eanio para constru\u00e7\u00e3o da nova Policl\u00ednica Municipal de Feira de Santana | Encontra Feira de Santana","twitter:description":"Nova Policl\u00ednica Municipal de Feira de Santana promete melhorar a sa\u00fade."},"aioseo_meta_data":{"post_id":"1185","title":null,"description":null,"keywords":null,"keyphrases":null,"primary_term":null,"canonical_url":null,"og_title":null,"og_description":null,"og_object_type":"default","og_image_type":"default","og_image_url":null,"og_image_width":null,"og_image_height":null,"og_image_custom_url":null,"og_image_custom_fields":null,"og_video":null,"og_custom_url":null,"og_article_section":null,"og_article_tags":null,"twitter_use_og":false,"twitter_card":"default","twitter_image_type":"default","twitter_image_url":null,"twitter_image_custom_url":null,"twitter_image_custom_fields":null,"twitter_title":null,"twitter_description":null,"schema":{"blockGraphs":[],"customGraphs":[],"default":{"data":{"Article":[],"Course":[],"Dataset":[],"FAQPage":[],"Movie":[],"Person":[],"Product":[],"ProductReview":[],"Car":[],"Recipe":[],"Service":[],"SoftwareApplication":[],"WebPage":[]},"graphName":"Article","isEnabled":true},"graphs":[]},"schema_type":"default","schema_type_options":null,"pillar_content":false,"robots_default":true,"robots_noindex":false,"robots_noarchive":false,"robots_nosnippet":false,"robots_nofollow":false,"robots_noimageindex":false,"robots_noodp":false,"robots_notranslate":false,"robots_max_snippet":null,"robots_max_videopreview":null,"robots_max_imagepreview":"large","priority":null,"frequency":null,"local_seo":null,"breadcrumb_settings":null,"limit_modified_date":false,"ai":null,"created":"2025-11-12 20:59:59","updated":"2025-11-12 21:03:15","focus_keyword":null,"additional_keywords":null,"truseo_locale":null,"seo_analyzer_scan_date":null},"aioseo_breadcrumb":"<div class=\"aioseo-breadcrumbs\"><span class=\"aioseo-breadcrumb\">\n\t\t\t<a href=\"https:\/\/www.encontrafeiradesantana.com.br\/sobre\" title=\"In\u00edcio\">In\u00edcio<\/a>\n\t\t<\/span><span class=\"aioseo-breadcrumb-separator\">&raquo;<\/span><span class=\"aioseo-breadcrumb\">\n\t\t\t<a href=\"https:\/\/www.encontrafeiradesantana.com.br\/sobre\/noticias-em-feira-de-santana\/\" title=\"Not\u00edcias Feira de Santana\">Not\u00edcias Feira de Santana<\/a>\n\t\t<\/span><span class=\"aioseo-breadcrumb-separator\">&raquo;<\/span><span class=\"aioseo-breadcrumb\">\n\t\t\tSecret\u00e1rio Rodrigo Matos assina termo de conv\u00eanio para constru\u00e7\u00e3o da nova Policl\u00ednica Municipal de Feira de Santana\n\t\t<\/span><\/div>","aioseo_breadcrumb_json":[{"label":"In\u00edcio","link":"https:\/\/www.encontrafeiradesantana.com.br\/sobre"},{"label":"Not\u00edcias Feira de Santana","link":"https:\/\/www.encontrafeiradesantana.com.br\/sobre\/noticias-em-feira-de-santana\/"},{"label":"Secret\u00e1rio Rodrigo Matos assina termo de conv\u00eanio para constru\u00e7\u00e3o da nova Policl\u00ednica Municipal de Feira de Santana","link":"https:\/\/www.encontrafeiradesantana.com.br\/sobre\/secretario-rodrigo-matos-assina-termo-de-convenio-para-construcao-da-nova-policlinica-municipal-de-feira-de-santana\/"}],"_links":{"self":[{"href":"https:\/\/www.encontrafeiradesantana.com.br\/sobre\/wp-json\/wp\/v2\/posts\/1185","targetHints":{"allow":["GET"]}}],"collection":[{"href":"https:\/\/www.encontrafeiradesantana.com.br\/sobre\/wp-json\/wp\/v2\/posts"}],"about":[{"href":"https:\/\/www.encontrafeiradesantana.com.br\/sobre\/wp-json\/wp\/v2\/types\/post"}],"author":[{"embeddable":true,"href":"https:\/\/www.encontrafeiradesantana.com.br\/sobre\/wp-json\/wp\/v2\/users\/1"}],"replies":[{"embeddable":true,"href":"https:\/\/www.encontrafeiradesantana.com.br\/sobre\/wp-json\/wp\/v2\/comments?post=1185"}],"version-history":[{"count":0,"href":"https:\/\/www.encontrafeiradesantana.com.br\/sobre\/wp-json\/wp\/v2\/posts\/1185\/revisions"}],"wp:featuredmedia":[{"embeddable":true,"href":"https:\/\/www.encontrafeiradesantana.com.br\/sobre\/wp-json\/wp\/v2\/media\/1184"}],"wp:attachment":[{"href":"https:\/\/www.encontrafeiradesantana.com.br\/sobre\/wp-json\/wp\/v2\/media?parent=1185"}],"wp:term":[{"taxonomy":"category","embeddable":true,"href":"https:\/\/www.encontrafeiradesantana.com.br\/sobre\/wp-json\/wp\/v2\/categories?post=1185"},{"taxonomy":"post_tag","embeddable":true,"href":"https:\/\/www.encontrafeiradesantana.com.br\/sobre\/wp-json\/wp\/v2\/tags?post=1185"}],"curies":[{"name":"wp","href":"https:\/\/api.w.org\/{rel}","templated":true}]}}