{"id":1179,"date":"2025-11-11T09:26:00","date_gmt":"2025-11-11T12:26:00","guid":{"rendered":"https:\/\/www.encontrafeiradesantana.com.br\/sobre\/feira-de-santana-sedia-xiii-encontro-estadual-do-empreender-e-iii-encontro-estadual-do-cmec\/"},"modified":"2025-11-11T09:26:00","modified_gmt":"2025-11-11T12:26:00","slug":"feira-de-santana-sedia-xiii-encontro-estadual-do-empreender-e-iii-encontro-estadual-do-cmec","status":"publish","type":"post","link":"https:\/\/www.encontrafeiradesantana.com.br\/sobre\/feira-de-santana-sedia-xiii-encontro-estadual-do-empreender-e-iii-encontro-estadual-do-cmec\/","title":{"rendered":"Feira de Santana sedia XIII Encontro Estadual do Empreender e III Encontro Estadual do CMEC"},"content":{"rendered":"<div class=\"3f468104ad11f00a3c9ac948316f4265\" data-index=\"1\" style=\"float: none; margin:0px;\">\n<ins class=\"adsbygoogle\"\r\n     style=\"display:block\"\r\n     data-ad-client=\"ca-pub-8585364105181520\"\r\n     data-ad-slot=\"8789329856\"\r\n     data-ad-format=\"auto\"\r\n     data-full-width-responsive=\"true\"><\/ins>\r\n<script>\r\n     (adsbygoogle = window.adsbygoogle || []).push({});\r\n<\/script>\r\n\n<\/div>\n<h2>Entendendo o Erro OLE DB<\/h2>\n<p>O erro OLE DB \u00e9 uma mensagem de falha que ocorre quando um aplicativo tenta se conectar a um banco de dados utilizando a tecnologia OLE DB. Ele geralmente est\u00e1 associado a problemas durante a conex\u00e3o com um banco de dados MySQL. OLE DB \u00e9 uma API que fornece acesso a dados armazenados em v\u00e1rias fontes, permitindo a comunica\u00e7\u00e3o entre aplica\u00e7\u00f5es e diferentes sistemas de gerenciamento de banco de dados (SGBDs).<\/p>\n<p>Quando voc\u00ea se depara com o erro OLE DB, isso pode indicar que h\u00e1 algo errado na configura\u00e7\u00e3o de rede, autentica\u00e7\u00e3o ou no pr\u00f3prio banco de dados. Compreender a natureza desse erro \u00e9 essencial para resolv\u00ea-lo.<\/p>\n<h2>Causas Comuns do Erro de Conex\u00e3o<\/h2>\n<p>Existem v\u00e1rias raz\u00f5es pelas quais voc\u00ea pode encontrar o erro OLE DB ao tentar se conectar ao MySQL. Aqui est\u00e3o algumas das causas mais comuns:<\/p>\n<ul>\n<li><strong>Credenciais Inv\u00e1lidas:<\/strong> Usu\u00e1rios com senhas erradas ou nomes de usu\u00e1rios incorretos n\u00e3o conseguir\u00e3o se conectar.<\/li>\n<li><strong>Host Inacess\u00edvel:<\/strong> O servidor MySQL pode estar offline ou o endere\u00e7o IP ou dom\u00ednio pode estar incorreto.<\/li>\n<li><strong>Firewall e Seguran\u00e7a:<\/strong> Um firewall pode estar bloqueando a porta usada para a conex\u00e3o.<\/li>\n<li><strong>Driver ODBC Inadequado:<\/strong> Um driver ODBC inadequado ou desatualizado pode resultar em falhas de conex\u00e3o.<\/li>\n<li><strong>Configura\u00e7\u00f5es de Rede:<\/strong> Problemas de rede, como roteadores ou switches mal configurados, podem interromper a comunica\u00e7\u00e3o.<\/li>\n<\/ul>\n<h2>Verificando Configura\u00e7\u00f5es de Rede<\/h2>\n<p>As configura\u00e7\u00f5es de rede s\u00e3o fundamentais para garantir uma conex\u00e3o bem-sucedida com o banco de dados MySQL. Aqui est\u00e3o alguns passos para verificar:<\/p>\n<ul>\n<li><strong>Ping no Servidor:<\/strong> Execute um ping no endere\u00e7o IP do servidor MySQL. Se o retorno for negativo, isso indica que o servidor n\u00e3o est\u00e1 acess\u00edvel.<\/li>\n<li><strong>Verificar a Porta:<\/strong> O MySQL geralmente utiliza a porta 3306. Verifique se essa porta est\u00e1 aberta e escutando no servidor.<\/li>\n<li><strong>Configura\u00e7\u00e3o do Firewall:<\/strong> Certifique-se de que o firewall no servidor ou na rede n\u00e3o est\u00e1 bloqueando a conex\u00e3o.<\/li>\n<li><strong>Roteadores e Switches:<\/strong> Verifique se todos os dispositivos de rede intermedi\u00e1rios est\u00e3o configurados corretamente para permitir a passagem de dados.<\/li>\n<\/ul>\n<h2>Testando a Conex\u00e3o com o MySQL<\/h2>\n<p>Para testar a conex\u00e3o com o MySQL, siga estas etapas:<\/p>\n<ul>\n<li><strong>Usar o cliente MySQL:<\/strong> Tente se conectar ao servidor MySQL usando a linha de comando ou um cliente gr\u00e1fico como MySQL Workbench. Se estiver tudo correto, voc\u00ea deve conseguir acessar o banco de dados.<\/li>\n<li><strong>C\u00f3digo de Teste:<\/strong> Execute um pequeno c\u00f3digo em uma linguagem de programa\u00e7\u00e3o (como PHP, C#, ou Python) para testar a conex\u00e3o. Isso pode ajudar a identificar se o problema est\u00e1 na aplica\u00e7\u00e3o.<\/li>\n<li><strong>Mensagens de Erro:<\/strong> Preste aten\u00e7\u00e3o nas mensagens de erro retornadas. Elas podem fornecer informa\u00e7\u00f5es valiosas para entender o que est\u00e1 errado.<\/li>\n<\/ul>\n<h2>Ajustes no ODBC Driver<\/h2>\n<p>Quando a conex\u00e3o falha, pode ser necess\u00e1rio ajustar ou atualizar o driver ODBC que voc\u00ea est\u00e1 utilizando. Siga os passos:<\/p>\n<ul>\n<li><strong>Baixar a Vers\u00e3o Atualizada:<\/strong> Acesse o site oficial do MySQL e baixe a \u00faltima vers\u00e3o do driver ODBC.<\/li>\n<li><strong>Configurar o DSN:<\/strong> Certifique-se de que o Data Source Name (DSN) esteja configurado corretamente no ODBC Data Source Administrator do seu sistema operacional.<\/li>\n<li><strong>Verificar as Configura\u00e7\u00f5es:<\/strong> Revise as configura\u00e7\u00f5es do driver, como o nome do servidor, o banco de dados, usu\u00e1rio e senha.<\/li>\n<\/ul>\n<h2>A Mostra da Vers\u00e3o do MySQL<\/h2>\n<p>Verificar a vers\u00e3o do MySQL \u00e9 importante, pois algumas vers\u00f5es mais antigas podem ter problemas de compatibilidade com os drivers mais novos:<\/p>\n<ul>\n<li><strong>Comando SQL:<\/strong> Execute o comando <code>SELECT VERSION();<\/code> em um cliente SQL conectado ao MySQL para verificar a vers\u00e3o.<\/li>\n<li><strong>Documenta\u00e7\u00e3o:<\/strong> Consulte a documenta\u00e7\u00e3o do MySQL para garantir que suas vers\u00f5es de cliente e servidor sejam compat\u00edveis.<\/li>\n<li><strong>Atualiza\u00e7\u00e3o:<\/strong> Se estiver utilizando uma vers\u00e3o desatualizada, considere atualiz\u00e1-la para a vers\u00e3o mais recente e est\u00e1vel.<\/li>\n<\/ul>\n<h2>Confiabilidade do Endere\u00e7o IP<\/h2>\n<p>O uso de um endere\u00e7o IP confi\u00e1vel \u00e9 crucial ao estabelecer uma conex\u00e3o com um banco de dados MySQL. Veja como garantir isso:<\/p>\n<ul>\n<li><strong>Endere\u00e7o Est\u00e1tico:<\/strong> Utilize um endere\u00e7o IP fixo para o servidor de banco de dados, evitando problemas de altera\u00e7\u00e3o de IP durante a conex\u00e3o.<\/li>\n<li><strong>Verifica\u00e7\u00e3o de DNS:<\/strong> Se estiver utilizando um nome de dom\u00ednio, verifique se ele resolve corretamente para o IP do servidor MySQL.<\/li>\n<li><strong>Testar Conex\u00f5es Remotas:<\/strong> Garanta que o MySQL esteja configurado para aceitar conex\u00f5es de endere\u00e7os IP externos se o acesso for remoto.<\/li>\n<\/ul>\n<h2>Solu\u00e7\u00f5es Tempor\u00e1rias para o Erro 10060<\/h2>\n<p>O erro 10060 est\u00e1 associado a problemas de timeout de conex\u00e3o. Aqui est\u00e3o algumas solu\u00e7\u00f5es tempor\u00e1rias:<\/p>\n<ul>\n<li><strong>Aumentar o Tempo de Timeout:<\/strong> Ajuste as configura\u00e7\u00f5es de timeout na sua string de conex\u00e3o para dar mais tempo.<\/li>\n<li><strong>Reiniciar Servidor:<\/strong> \u00c0s vezes, uma simples reinicializa\u00e7\u00e3o do servidor pode resolver problemas tempor\u00e1rios.<\/li>\n<li><strong>Verificar Configura\u00e7\u00f5es de Rede:<\/strong> Certifique-se de que n\u00e3o haja problemas tempor\u00e1rios de rede que possam estar afetando a conex\u00e3o.<\/li>\n<\/ul>\n<h2>Melhores Pr\u00e1ticas para Conex\u00e3o com Banco de Dados<\/h2>\n<p>Seguir as melhores pr\u00e1ticas assegura que voc\u00ea minimize os riscos de erro ao se conectar ao banco de dados:<\/p>\n<ul>\n<li><strong>Utilizar Conex\u00f5es Seguras:<\/strong> Sempre que poss\u00edvel, use SSL\/TLS para criptografar a conex\u00e3o com o MySQL.<\/li>\n<li><strong>Gerenciar Credenciais de Forma Segura:<\/strong> N\u00e3o armazene credenciais em texto simples; use gerenciadores de segredos quando necess\u00e1rio.<\/li>\n<li><strong>Limitar Acesso:<\/strong> Restrinja o acesso ao banco de dados apenas para endere\u00e7os IP espec\u00edficos que precisam dele.<\/li>\n<\/ul>\n<h2>Recursos \u00dateis para Desenvolvedores<\/h2>\n<p>Para desenvolver e solucionar problemas de conex\u00e3o com o MySQL, considere os seguintes recursos:<\/p>\n<ul>\n<li><strong>Documenta\u00e7\u00e3o Oficial do MySQL:<\/strong> Uma fonte abrangente de informa\u00e7\u00f5es e guias. Acesse <a href=\"https:\/\/dev.mysql.com\/doc\/\">aqui<\/a>.<\/li>\n<li><strong>F\u00f3runs e Comunidades:<\/strong> Participe de comunidades como Stack Overflow e f\u00f3runs dedicados ao MySQL para discutir e encontrar solu\u00e7\u00f5es.<\/li>\n<li><strong>Blogs e Tutoriais:<\/strong> Siga blogs de tecnologia e tutoriais que abordam t\u00f3picos relacionados a OLE DB e MySQL, pois podem oferecer dicas pr\u00e1ticas e conselhos.<\/li>\n<\/ul>\n\n<div style=\"font-size: 0px; height: 0px; line-height: 0px; margin: 0; padding: 0; clear: both;\"><\/div>","protected":false},"excerpt":{"rendered":"<p>Erro OLE DB: Aprenda a resolver problemas de conex\u00e3o com MySQL.<\/p>\n","protected":false},"author":1,"featured_media":1178,"comment_status":"open","ping_status":"closed","sticky":false,"template":"","format":"standard","meta":{"footnotes":""},"categories":[6],"tags":[],"class_list":["post-1179","post","type-post","status-publish","format-standard","has-post-thumbnail","hentry","category-noticias-em-feira-de-santana","has_thumb"],"aioseo_notices":[],"aioseo_head":"\n\t\t<!-- All in One SEO 5.0.0.1 - aioseo.com -->\n\t<meta name=\"description\" content=\"Erro OLE DB: Aprenda a resolver problemas de conex\u00e3o com MySQL.\" \/>\n\t<meta name=\"robots\" content=\"max-image-preview:large\" \/>\n\t<meta name=\"author\" content=\"Encontra Feira de Santana\"\/>\n\t<link rel=\"canonical\" href=\"https:\/\/www.encontrafeiradesantana.com.br\/sobre\/feira-de-santana-sedia-xiii-encontro-estadual-do-empreender-e-iii-encontro-estadual-do-cmec\/\" \/>\n\t<meta name=\"generator\" content=\"All in One SEO (AIOSEO) 5.0.0.1\" \/>\n\t\t<meta property=\"og:locale\" content=\"pt_BR\" \/>\n\t\t<meta property=\"og:site_name\" content=\"Encontra Feira de Santana | Not\u00edcias, eventos, informa\u00e7\u00f5es e dicas na cidade Feira de Santana e regi\u00e3o.\" \/>\n\t\t<meta property=\"og:type\" content=\"article\" \/>\n\t\t<meta property=\"og:title\" content=\"Feira de Santana sedia XIII Encontro Estadual do Empreender e III Encontro Estadual do CMEC | Encontra Feira de Santana\" \/>\n\t\t<meta property=\"og:description\" content=\"Erro OLE DB: Aprenda a resolver problemas de conex\u00e3o com MySQL.\" \/>\n\t\t<meta property=\"og:url\" content=\"https:\/\/www.encontrafeiradesantana.com.br\/sobre\/feira-de-santana-sedia-xiii-encontro-estadual-do-empreender-e-iii-encontro-estadual-do-cmec\/\" \/>\n\t\t<meta property=\"article:published_time\" content=\"2025-11-11T12:26:00+00:00\" \/>\n\t\t<meta property=\"article:modified_time\" content=\"2025-11-11T12:26:00+00:00\" \/>\n\t\t<meta name=\"twitter:card\" content=\"summary\" \/>\n\t\t<meta name=\"twitter:title\" content=\"Feira de Santana sedia XIII Encontro Estadual do Empreender e III Encontro Estadual do CMEC | Encontra Feira de Santana\" \/>\n\t\t<meta name=\"twitter:description\" content=\"Erro OLE DB: Aprenda a resolver problemas de conex\u00e3o com MySQL.\" \/>\n\t\t<script type=\"application\/ld+json\" class=\"aioseo-schema\">\n\t\t\t{\"@context\":\"https:\\\/\\\/schema.org\",\"@graph\":[{\"@type\":\"Article\",\"@id\":\"https:\\\/\\\/www.encontrafeiradesantana.com.br\\\/sobre\\\/feira-de-santana-sedia-xiii-encontro-estadual-do-empreender-e-iii-encontro-estadual-do-cmec\\\/#article\",\"name\":\"Feira de Santana sedia XIII Encontro Estadual do Empreender e III Encontro Estadual do CMEC | Encontra Feira de Santana\",\"headline\":\"Feira de Santana sedia XIII Encontro Estadual do Empreender e III Encontro Estadual do CMEC\",\"author\":{\"@id\":\"https:\\\/\\\/www.encontrafeiradesantana.com.br\\\/sobre\\\/author\\\/efeiradesantana\\\/#author\"},\"publisher\":{\"@id\":\"https:\\\/\\\/www.encontrafeiradesantana.com.br\\\/sobre\\\/#organization\"},\"image\":{\"@type\":\"ImageObject\",\"url\":\"https:\\\/\\\/www.encontrafeiradesantana.com.br\\\/sobre\\\/wp-content\\\/uploads\\\/2025\\\/11\\\/feira-de-santana-sedia-xiii-encontro-estadual-do-empreender-e-iii-encontro-estadual-do-cmec.webp\",\"width\":320,\"height\":280,\"caption\":\"erro OLE DB conex\\u00e3o MySQL\"},\"datePublished\":\"2025-11-11T09:26:00-03:00\",\"dateModified\":\"2025-11-11T09:26:00-03:00\",\"inLanguage\":\"pt-BR\",\"mainEntityOfPage\":{\"@id\":\"https:\\\/\\\/www.encontrafeiradesantana.com.br\\\/sobre\\\/feira-de-santana-sedia-xiii-encontro-estadual-do-empreender-e-iii-encontro-estadual-do-cmec\\\/#webpage\"},\"isPartOf\":{\"@id\":\"https:\\\/\\\/www.encontrafeiradesantana.com.br\\\/sobre\\\/feira-de-santana-sedia-xiii-encontro-estadual-do-empreender-e-iii-encontro-estadual-do-cmec\\\/#webpage\"},\"articleSection\":\"Not\\u00edcias Feira de Santana\"},{\"@type\":\"BreadcrumbList\",\"@id\":\"https:\\\/\\\/www.encontrafeiradesantana.com.br\\\/sobre\\\/feira-de-santana-sedia-xiii-encontro-estadual-do-empreender-e-iii-encontro-estadual-do-cmec\\\/#breadcrumblist\",\"itemListElement\":[{\"@type\":\"ListItem\",\"@id\":\"https:\\\/\\\/www.encontrafeiradesantana.com.br\\\/sobre#listItem\",\"position\":1,\"name\":\"In\\u00edcio\",\"item\":\"https:\\\/\\\/www.encontrafeiradesantana.com.br\\\/sobre\",\"nextItem\":{\"@type\":\"ListItem\",\"@id\":\"https:\\\/\\\/www.encontrafeiradesantana.com.br\\\/sobre\\\/noticias-em-feira-de-santana\\\/#listItem\",\"name\":\"Not\\u00edcias Feira de Santana\"}},{\"@type\":\"ListItem\",\"@id\":\"https:\\\/\\\/www.encontrafeiradesantana.com.br\\\/sobre\\\/noticias-em-feira-de-santana\\\/#listItem\",\"position\":2,\"name\":\"Not\\u00edcias Feira de Santana\",\"item\":\"https:\\\/\\\/www.encontrafeiradesantana.com.br\\\/sobre\\\/noticias-em-feira-de-santana\\\/\",\"nextItem\":{\"@type\":\"ListItem\",\"@id\":\"https:\\\/\\\/www.encontrafeiradesantana.com.br\\\/sobre\\\/feira-de-santana-sedia-xiii-encontro-estadual-do-empreender-e-iii-encontro-estadual-do-cmec\\\/#listItem\",\"name\":\"Feira de Santana sedia XIII Encontro Estadual do Empreender e III Encontro Estadual do CMEC\"},\"previousItem\":{\"@type\":\"ListItem\",\"@id\":\"https:\\\/\\\/www.encontrafeiradesantana.com.br\\\/sobre#listItem\",\"name\":\"In\\u00edcio\"}},{\"@type\":\"ListItem\",\"@id\":\"https:\\\/\\\/www.encontrafeiradesantana.com.br\\\/sobre\\\/feira-de-santana-sedia-xiii-encontro-estadual-do-empreender-e-iii-encontro-estadual-do-cmec\\\/#listItem\",\"position\":3,\"name\":\"Feira de Santana sedia XIII Encontro Estadual do Empreender e III Encontro Estadual do CMEC\",\"previousItem\":{\"@type\":\"ListItem\",\"@id\":\"https:\\\/\\\/www.encontrafeiradesantana.com.br\\\/sobre\\\/noticias-em-feira-de-santana\\\/#listItem\",\"name\":\"Not\\u00edcias Feira de Santana\"}}]},{\"@type\":\"Organization\",\"@id\":\"https:\\\/\\\/www.encontrafeiradesantana.com.br\\\/sobre\\\/#organization\",\"name\":\"Encontra Feira de Santana\",\"description\":\"Not\\u00edcias, eventos, informa\\u00e7\\u00f5es e dicas na cidade Feira de Santana e regi\\u00e3o.\",\"url\":\"https:\\\/\\\/www.encontrafeiradesantana.com.br\\\/sobre\\\/\"},{\"@type\":\"Person\",\"@id\":\"https:\\\/\\\/www.encontrafeiradesantana.com.br\\\/sobre\\\/author\\\/efeiradesantana\\\/#author\",\"url\":\"https:\\\/\\\/www.encontrafeiradesantana.com.br\\\/sobre\\\/author\\\/efeiradesantana\\\/\",\"name\":\"Encontra Feira de Santana\",\"image\":{\"@type\":\"ImageObject\",\"@id\":\"https:\\\/\\\/www.encontrafeiradesantana.com.br\\\/sobre\\\/feira-de-santana-sedia-xiii-encontro-estadual-do-empreender-e-iii-encontro-estadual-do-cmec\\\/#authorImage\",\"url\":\"https:\\\/\\\/secure.gravatar.com\\\/avatar\\\/507340682b8270222e1f208e23198b6ae7e2c6a1033ae84e99bc6bce4f82a387?s=96&d=mm&r=g\",\"width\":96,\"height\":96,\"caption\":\"Encontra Feira de Santana\"}},{\"@type\":\"WebPage\",\"@id\":\"https:\\\/\\\/www.encontrafeiradesantana.com.br\\\/sobre\\\/feira-de-santana-sedia-xiii-encontro-estadual-do-empreender-e-iii-encontro-estadual-do-cmec\\\/#webpage\",\"url\":\"https:\\\/\\\/www.encontrafeiradesantana.com.br\\\/sobre\\\/feira-de-santana-sedia-xiii-encontro-estadual-do-empreender-e-iii-encontro-estadual-do-cmec\\\/\",\"name\":\"Feira de Santana sedia XIII Encontro Estadual do Empreender e III Encontro Estadual do CMEC | Encontra Feira de Santana\",\"description\":\"Erro OLE DB: Aprenda a resolver problemas de conex\\u00e3o com MySQL.\",\"inLanguage\":\"pt-BR\",\"isPartOf\":{\"@id\":\"https:\\\/\\\/www.encontrafeiradesantana.com.br\\\/sobre\\\/#website\"},\"breadcrumb\":{\"@id\":\"https:\\\/\\\/www.encontrafeiradesantana.com.br\\\/sobre\\\/feira-de-santana-sedia-xiii-encontro-estadual-do-empreender-e-iii-encontro-estadual-do-cmec\\\/#breadcrumblist\"},\"author\":{\"@id\":\"https:\\\/\\\/www.encontrafeiradesantana.com.br\\\/sobre\\\/author\\\/efeiradesantana\\\/#author\"},\"creator\":{\"@id\":\"https:\\\/\\\/www.encontrafeiradesantana.com.br\\\/sobre\\\/author\\\/efeiradesantana\\\/#author\"},\"image\":{\"@type\":\"ImageObject\",\"url\":\"https:\\\/\\\/www.encontrafeiradesantana.com.br\\\/sobre\\\/wp-content\\\/uploads\\\/2025\\\/11\\\/feira-de-santana-sedia-xiii-encontro-estadual-do-empreender-e-iii-encontro-estadual-do-cmec.webp\",\"@id\":\"https:\\\/\\\/www.encontrafeiradesantana.com.br\\\/sobre\\\/feira-de-santana-sedia-xiii-encontro-estadual-do-empreender-e-iii-encontro-estadual-do-cmec\\\/#mainImage\",\"width\":320,\"height\":280,\"caption\":\"erro OLE DB conex\\u00e3o MySQL\"},\"primaryImageOfPage\":{\"@id\":\"https:\\\/\\\/www.encontrafeiradesantana.com.br\\\/sobre\\\/feira-de-santana-sedia-xiii-encontro-estadual-do-empreender-e-iii-encontro-estadual-do-cmec\\\/#mainImage\"},\"datePublished\":\"2025-11-11T09:26:00-03:00\",\"dateModified\":\"2025-11-11T09:26:00-03:00\"},{\"@type\":\"WebSite\",\"@id\":\"https:\\\/\\\/www.encontrafeiradesantana.com.br\\\/sobre\\\/#website\",\"url\":\"https:\\\/\\\/www.encontrafeiradesantana.com.br\\\/sobre\\\/\",\"name\":\"Encontra Feira de Santana\",\"description\":\"Not\\u00edcias, eventos, informa\\u00e7\\u00f5es e dicas na cidade Feira de Santana e regi\\u00e3o.\",\"inLanguage\":\"pt-BR\",\"publisher\":{\"@id\":\"https:\\\/\\\/www.encontrafeiradesantana.com.br\\\/sobre\\\/#organization\"}}]}\n\t\t<\/script>\n\t\t<!-- All in One SEO -->\n\n","aioseo_head_json":{"title":"Feira de Santana sedia XIII Encontro Estadual do Empreender e III Encontro Estadual do CMEC | Encontra Feira de Santana","description":"Erro OLE DB: Aprenda a resolver problemas de conex\u00e3o com MySQL.","canonical_url":"https:\/\/www.encontrafeiradesantana.com.br\/sobre\/feira-de-santana-sedia-xiii-encontro-estadual-do-empreender-e-iii-encontro-estadual-do-cmec\/","robots":"max-image-preview:large","keywords":"","webmasterTools":{"miscellaneous":""},"schema":{"@context":"https:\/\/schema.org","@graph":[{"@type":"Article","@id":"https:\/\/www.encontrafeiradesantana.com.br\/sobre\/feira-de-santana-sedia-xiii-encontro-estadual-do-empreender-e-iii-encontro-estadual-do-cmec\/#article","name":"Feira de Santana sedia XIII Encontro Estadual do Empreender e III Encontro Estadual do CMEC | Encontra Feira de Santana","headline":"Feira de Santana sedia XIII Encontro Estadual do Empreender e III Encontro Estadual do CMEC","author":{"@id":"https:\/\/www.encontrafeiradesantana.com.br\/sobre\/author\/efeiradesantana\/#author"},"publisher":{"@id":"https:\/\/www.encontrafeiradesantana.com.br\/sobre\/#organization"},"image":{"@type":"ImageObject","url":"https:\/\/www.encontrafeiradesantana.com.br\/sobre\/wp-content\/uploads\/2025\/11\/feira-de-santana-sedia-xiii-encontro-estadual-do-empreender-e-iii-encontro-estadual-do-cmec.webp","width":320,"height":280,"caption":"erro OLE DB conex\u00e3o MySQL"},"datePublished":"2025-11-11T09:26:00-03:00","dateModified":"2025-11-11T09:26:00-03:00","inLanguage":"pt-BR","mainEntityOfPage":{"@id":"https:\/\/www.encontrafeiradesantana.com.br\/sobre\/feira-de-santana-sedia-xiii-encontro-estadual-do-empreender-e-iii-encontro-estadual-do-cmec\/#webpage"},"isPartOf":{"@id":"https:\/\/www.encontrafeiradesantana.com.br\/sobre\/feira-de-santana-sedia-xiii-encontro-estadual-do-empreender-e-iii-encontro-estadual-do-cmec\/#webpage"},"articleSection":"Not\u00edcias Feira de Santana"},{"@type":"BreadcrumbList","@id":"https:\/\/www.encontrafeiradesantana.com.br\/sobre\/feira-de-santana-sedia-xiii-encontro-estadual-do-empreender-e-iii-encontro-estadual-do-cmec\/#breadcrumblist","itemListElement":[{"@type":"ListItem","@id":"https:\/\/www.encontrafeiradesantana.com.br\/sobre#listItem","position":1,"name":"In\u00edcio","item":"https:\/\/www.encontrafeiradesantana.com.br\/sobre","nextItem":{"@type":"ListItem","@id":"https:\/\/www.encontrafeiradesantana.com.br\/sobre\/noticias-em-feira-de-santana\/#listItem","name":"Not\u00edcias Feira de Santana"}},{"@type":"ListItem","@id":"https:\/\/www.encontrafeiradesantana.com.br\/sobre\/noticias-em-feira-de-santana\/#listItem","position":2,"name":"Not\u00edcias Feira de Santana","item":"https:\/\/www.encontrafeiradesantana.com.br\/sobre\/noticias-em-feira-de-santana\/","nextItem":{"@type":"ListItem","@id":"https:\/\/www.encontrafeiradesantana.com.br\/sobre\/feira-de-santana-sedia-xiii-encontro-estadual-do-empreender-e-iii-encontro-estadual-do-cmec\/#listItem","name":"Feira de Santana sedia XIII Encontro Estadual do Empreender e III Encontro Estadual do CMEC"},"previousItem":{"@type":"ListItem","@id":"https:\/\/www.encontrafeiradesantana.com.br\/sobre#listItem","name":"In\u00edcio"}},{"@type":"ListItem","@id":"https:\/\/www.encontrafeiradesantana.com.br\/sobre\/feira-de-santana-sedia-xiii-encontro-estadual-do-empreender-e-iii-encontro-estadual-do-cmec\/#listItem","position":3,"name":"Feira de Santana sedia XIII Encontro Estadual do Empreender e III Encontro Estadual do CMEC","previousItem":{"@type":"ListItem","@id":"https:\/\/www.encontrafeiradesantana.com.br\/sobre\/noticias-em-feira-de-santana\/#listItem","name":"Not\u00edcias Feira de Santana"}}]},{"@type":"Organization","@id":"https:\/\/www.encontrafeiradesantana.com.br\/sobre\/#organization","name":"Encontra Feira de Santana","description":"Not\u00edcias, eventos, informa\u00e7\u00f5es e dicas na cidade Feira de Santana e regi\u00e3o.","url":"https:\/\/www.encontrafeiradesantana.com.br\/sobre\/"},{"@type":"Person","@id":"https:\/\/www.encontrafeiradesantana.com.br\/sobre\/author\/efeiradesantana\/#author","url":"https:\/\/www.encontrafeiradesantana.com.br\/sobre\/author\/efeiradesantana\/","name":"Encontra Feira de Santana","image":{"@type":"ImageObject","@id":"https:\/\/www.encontrafeiradesantana.com.br\/sobre\/feira-de-santana-sedia-xiii-encontro-estadual-do-empreender-e-iii-encontro-estadual-do-cmec\/#authorImage","url":"https:\/\/secure.gravatar.com\/avatar\/507340682b8270222e1f208e23198b6ae7e2c6a1033ae84e99bc6bce4f82a387?s=96&d=mm&r=g","width":96,"height":96,"caption":"Encontra Feira de Santana"}},{"@type":"WebPage","@id":"https:\/\/www.encontrafeiradesantana.com.br\/sobre\/feira-de-santana-sedia-xiii-encontro-estadual-do-empreender-e-iii-encontro-estadual-do-cmec\/#webpage","url":"https:\/\/www.encontrafeiradesantana.com.br\/sobre\/feira-de-santana-sedia-xiii-encontro-estadual-do-empreender-e-iii-encontro-estadual-do-cmec\/","name":"Feira de Santana sedia XIII Encontro Estadual do Empreender e III Encontro Estadual do CMEC | Encontra Feira de Santana","description":"Erro OLE DB: Aprenda a resolver problemas de conex\u00e3o com MySQL.","inLanguage":"pt-BR","isPartOf":{"@id":"https:\/\/www.encontrafeiradesantana.com.br\/sobre\/#website"},"breadcrumb":{"@id":"https:\/\/www.encontrafeiradesantana.com.br\/sobre\/feira-de-santana-sedia-xiii-encontro-estadual-do-empreender-e-iii-encontro-estadual-do-cmec\/#breadcrumblist"},"author":{"@id":"https:\/\/www.encontrafeiradesantana.com.br\/sobre\/author\/efeiradesantana\/#author"},"creator":{"@id":"https:\/\/www.encontrafeiradesantana.com.br\/sobre\/author\/efeiradesantana\/#author"},"image":{"@type":"ImageObject","url":"https:\/\/www.encontrafeiradesantana.com.br\/sobre\/wp-content\/uploads\/2025\/11\/feira-de-santana-sedia-xiii-encontro-estadual-do-empreender-e-iii-encontro-estadual-do-cmec.webp","@id":"https:\/\/www.encontrafeiradesantana.com.br\/sobre\/feira-de-santana-sedia-xiii-encontro-estadual-do-empreender-e-iii-encontro-estadual-do-cmec\/#mainImage","width":320,"height":280,"caption":"erro OLE DB conex\u00e3o MySQL"},"primaryImageOfPage":{"@id":"https:\/\/www.encontrafeiradesantana.com.br\/sobre\/feira-de-santana-sedia-xiii-encontro-estadual-do-empreender-e-iii-encontro-estadual-do-cmec\/#mainImage"},"datePublished":"2025-11-11T09:26:00-03:00","dateModified":"2025-11-11T09:26:00-03:00"},{"@type":"WebSite","@id":"https:\/\/www.encontrafeiradesantana.com.br\/sobre\/#website","url":"https:\/\/www.encontrafeiradesantana.com.br\/sobre\/","name":"Encontra Feira de Santana","description":"Not\u00edcias, eventos, informa\u00e7\u00f5es e dicas na cidade Feira de Santana e regi\u00e3o.","inLanguage":"pt-BR","publisher":{"@id":"https:\/\/www.encontrafeiradesantana.com.br\/sobre\/#organization"}}]},"og:locale":"pt_BR","og:site_name":"Encontra Feira de Santana | Not\u00edcias, eventos, informa\u00e7\u00f5es e dicas na cidade Feira de Santana e regi\u00e3o.","og:type":"article","og:title":"Feira de Santana sedia XIII Encontro Estadual do Empreender e III Encontro Estadual do CMEC | Encontra Feira de Santana","og:description":"Erro OLE DB: Aprenda a resolver problemas de conex\u00e3o com MySQL.","og:url":"https:\/\/www.encontrafeiradesantana.com.br\/sobre\/feira-de-santana-sedia-xiii-encontro-estadual-do-empreender-e-iii-encontro-estadual-do-cmec\/","article:published_time":"2025-11-11T12:26:00+00:00","article:modified_time":"2025-11-11T12:26:00+00:00","twitter:card":"summary","twitter:title":"Feira de Santana sedia XIII Encontro Estadual do Empreender e III Encontro Estadual do CMEC | Encontra Feira de Santana","twitter:description":"Erro OLE DB: Aprenda a resolver problemas de conex\u00e3o com MySQL."},"aioseo_meta_data":{"post_id":"1179","title":null,"description":null,"keywords":null,"keyphrases":null,"primary_term":null,"canonical_url":null,"og_title":null,"og_description":null,"og_object_type":"default","og_image_type":"default","og_image_url":null,"og_image_width":null,"og_image_height":null,"og_image_custom_url":null,"og_image_custom_fields":null,"og_video":null,"og_custom_url":null,"og_article_section":null,"og_article_tags":null,"twitter_use_og":false,"twitter_card":"default","twitter_image_type":"default","twitter_image_url":null,"twitter_image_custom_url":null,"twitter_image_custom_fields":null,"twitter_title":null,"twitter_description":null,"schema":{"blockGraphs":[],"customGraphs":[],"default":{"data":{"Article":[],"Course":[],"Dataset":[],"FAQPage":[],"Movie":[],"Person":[],"Product":[],"ProductReview":[],"Car":[],"Recipe":[],"Service":[],"SoftwareApplication":[],"WebPage":[]},"graphName":"Article","isEnabled":true},"graphs":[]},"schema_type":"default","schema_type_options":null,"pillar_content":false,"robots_default":true,"robots_noindex":false,"robots_noarchive":false,"robots_nosnippet":false,"robots_nofollow":false,"robots_noimageindex":false,"robots_noodp":false,"robots_notranslate":false,"robots_max_snippet":null,"robots_max_videopreview":null,"robots_max_imagepreview":"large","priority":null,"frequency":null,"local_seo":null,"breadcrumb_settings":null,"limit_modified_date":false,"ai":null,"created":"2025-11-11 19:06:37","updated":"2025-11-11 19:17:47","focus_keyword":null,"additional_keywords":null,"truseo_locale":null,"seo_analyzer_scan_date":null},"aioseo_breadcrumb":"<div class=\"aioseo-breadcrumbs\"><span class=\"aioseo-breadcrumb\">\n\t\t\t<a href=\"https:\/\/www.encontrafeiradesantana.com.br\/sobre\" title=\"In\u00edcio\">In\u00edcio<\/a>\n\t\t<\/span><span class=\"aioseo-breadcrumb-separator\">&raquo;<\/span><span class=\"aioseo-breadcrumb\">\n\t\t\t<a href=\"https:\/\/www.encontrafeiradesantana.com.br\/sobre\/noticias-em-feira-de-santana\/\" title=\"Not\u00edcias Feira de Santana\">Not\u00edcias Feira de Santana<\/a>\n\t\t<\/span><span class=\"aioseo-breadcrumb-separator\">&raquo;<\/span><span class=\"aioseo-breadcrumb\">\n\t\t\tFeira de Santana sedia XIII Encontro Estadual do Empreender e III Encontro Estadual do CMEC\n\t\t<\/span><\/div>","aioseo_breadcrumb_json":[{"label":"In\u00edcio","link":"https:\/\/www.encontrafeiradesantana.com.br\/sobre"},{"label":"Not\u00edcias Feira de Santana","link":"https:\/\/www.encontrafeiradesantana.com.br\/sobre\/noticias-em-feira-de-santana\/"},{"label":"Feira de Santana sedia XIII Encontro Estadual do Empreender e III Encontro Estadual do CMEC","link":"https:\/\/www.encontrafeiradesantana.com.br\/sobre\/feira-de-santana-sedia-xiii-encontro-estadual-do-empreender-e-iii-encontro-estadual-do-cmec\/"}],"_links":{"self":[{"href":"https:\/\/www.encontrafeiradesantana.com.br\/sobre\/wp-json\/wp\/v2\/posts\/1179","targetHints":{"allow":["GET"]}}],"collection":[{"href":"https:\/\/www.encontrafeiradesantana.com.br\/sobre\/wp-json\/wp\/v2\/posts"}],"about":[{"href":"https:\/\/www.encontrafeiradesantana.com.br\/sobre\/wp-json\/wp\/v2\/types\/post"}],"author":[{"embeddable":true,"href":"https:\/\/www.encontrafeiradesantana.com.br\/sobre\/wp-json\/wp\/v2\/users\/1"}],"replies":[{"embeddable":true,"href":"https:\/\/www.encontrafeiradesantana.com.br\/sobre\/wp-json\/wp\/v2\/comments?post=1179"}],"version-history":[{"count":0,"href":"https:\/\/www.encontrafeiradesantana.com.br\/sobre\/wp-json\/wp\/v2\/posts\/1179\/revisions"}],"wp:featuredmedia":[{"embeddable":true,"href":"https:\/\/www.encontrafeiradesantana.com.br\/sobre\/wp-json\/wp\/v2\/media\/1178"}],"wp:attachment":[{"href":"https:\/\/www.encontrafeiradesantana.com.br\/sobre\/wp-json\/wp\/v2\/media?parent=1179"}],"wp:term":[{"taxonomy":"category","embeddable":true,"href":"https:\/\/www.encontrafeiradesantana.com.br\/sobre\/wp-json\/wp\/v2\/categories?post=1179"},{"taxonomy":"post_tag","embeddable":true,"href":"https:\/\/www.encontrafeiradesantana.com.br\/sobre\/wp-json\/wp\/v2\/tags?post=1179"}],"curies":[{"name":"wp","href":"https:\/\/api.w.org\/{rel}","templated":true}]}}