{"id":1177,"date":"2025-11-10T10:54:00","date_gmt":"2025-11-10T13:54:00","guid":{"rendered":"https:\/\/www.encontrafeiradesantana.com.br\/sobre\/servicos-de-saude-serao-levados-para-o-distrito-de-humildes-no-feira-em-acao\/"},"modified":"2025-11-10T10:54:00","modified_gmt":"2025-11-10T13:54:00","slug":"servicos-de-saude-serao-levados-para-o-distrito-de-humildes-no-feira-em-acao","status":"publish","type":"post","link":"https:\/\/www.encontrafeiradesantana.com.br\/sobre\/servicos-de-saude-serao-levados-para-o-distrito-de-humildes-no-feira-em-acao\/","title":{"rendered":"Servi\u00e7os de Sa\u00fade ser\u00e3o levados para o distrito de Humildes no Feira em A\u00e7\u00e3o"},"content":{"rendered":"<div class=\"3f468104ad11f00a3c9ac948316f4265\" data-index=\"1\" style=\"float: none; margin:0px;\">\n<ins class=\"adsbygoogle\"\r\n     style=\"display:block\"\r\n     data-ad-client=\"ca-pub-8585364105181520\"\r\n     data-ad-slot=\"8789329856\"\r\n     data-ad-format=\"auto\"\r\n     data-full-width-responsive=\"true\"><\/ins>\r\n<script>\r\n     (adsbygoogle = window.adsbygoogle || []).push({});\r\n<\/script>\r\n\n<\/div>\n<h2>O que \u00e9 o Feira em A\u00e7\u00e3o?<\/h2>\n<p>O <strong>Feira em A\u00e7\u00e3o<\/strong> \u00e9 um evento de sa\u00fade promovido de forma comunit\u00e1ria, com o objetivo de levar servi\u00e7os essenciais de sa\u00fade para a popula\u00e7\u00e3o de Humildes. Este evento, al\u00e9m de ser uma oportunidade para consultas e atendimentos, busca conscientizar a comunidade sobre a import\u00e2ncia de cuidar da sa\u00fade e prevenir doen\u00e7as.<\/p>\n<h2>Data e Local do Evento<\/h2>\n<p>A pr\u00f3xima edi\u00e7\u00e3o do Feira em A\u00e7\u00e3o ocorrer\u00e1 no dia <strong>15 de novembro de 2023<\/strong>, na <strong>Escola Municipal Ant\u00f4nio Brand\u00e3o<\/strong>, localizada no centro de Humildes. O evento come\u00e7ar\u00e1 \u00e0s <strong>9h da manh\u00e3<\/strong> e se estender\u00e1 at\u00e9 \u00e0s <strong>15h<\/strong>. \u00c9 uma excelente chance para quem busca servi\u00e7os de sa\u00fade de forma gratuita e acess\u00edvel.<\/p>\n<h2>Servi\u00e7os de Sa\u00fade Dispon\u00edveis<\/h2>\n<p>No Feira em A\u00e7\u00e3o, a comunidade poder\u00e1 contar com uma variedade de servi\u00e7os de sa\u00fade, incluindo:<\/p>\n<ul>\n<li><strong>Consultas m\u00e9dicas:<\/strong> Abordagens em diversas \u00e1reas da medicina, como cl\u00ednica geral e cardiologia.<\/li>\n<li><strong>Exames laboratoriais:<\/strong> Testes de sangue e outros exames b\u00e1sicos.<\/li>\n<li><strong>Orienta\u00e7\u00e3o nutricional:<\/strong> Consultas com nutricionistas para uma alimenta\u00e7\u00e3o saud\u00e1vel.<\/li>\n<li><strong>Palestras educativas:<\/strong> Informa\u00e7\u00f5es sobre sa\u00fade e bem-estar.<\/li>\n<li><strong>Vacina\u00e7\u00e3o:<\/strong> Imuniza\u00e7\u00f5es para crian\u00e7as e adultos.<\/li>\n<\/ul>\n<h2>Consulta Pedi\u00e1trica e Aferi\u00e7\u00e3o de Sinais Vitais<\/h2>\n<p>A sa\u00fade das crian\u00e7as \u00e9 uma prioridade em Humildes. Durante o Feira em A\u00e7\u00e3o, pais poder\u00e3o agendar:<\/p>\n<ul>\n<li><strong>Consultas pedi\u00e1tricas:<\/strong> Avalia\u00e7\u00f5es de sa\u00fade desde o nascimento at\u00e9 a adolesc\u00eancia, focando em crescimento e desenvolvimento.<\/li>\n<li><strong>Aferi\u00e7\u00e3o de sinais vitais:<\/strong> Medidas de press\u00e3o arterial, batimentos card\u00edacos e temperatura, tudo feito de forma r\u00e1pida e eficiente.<\/li>\n<\/ul>\n<h2>Import\u00e2ncia da Vacina\u00e7\u00e3o na Comunidade<\/h2>\n<p>A vacina\u00e7\u00e3o \u00e9 uma das formas mais eficazes de prevenir doen\u00e7as. Durante o evento, a equipe de sa\u00fade estar\u00e1 pronta para oferecer vacinas recomendadas para diferentes faixas et\u00e1rias. A vacina\u00e7\u00e3o:<\/p>\n<ul>\n<li><strong>Previne doen\u00e7as:<\/strong> Como sarampo, rub\u00e9ola e febre amarela.<\/li>\n<li><strong>Promove a imunidade coletiva:<\/strong> Protegendo n\u00e3o apenas indiv\u00edduos, mas toda a comunidade.<\/li>\n<li><strong>Reduz gastos em sa\u00fade:<\/strong> Menos pacientes em hospitais e centros de sa\u00fade devido a doen\u00e7as preven\u00edveis.<\/li>\n<\/ul>\n<h2>Atendimentos de Sa\u00fade Mental e Triagem Odontol\u00f3gica<\/h2>\n<p>A sa\u00fade mental \u00e9 um aspecto muito importante para o bem-estar da comunidade. No Feira em A\u00e7\u00e3o, haver\u00e1:<\/p>\n<ul>\n<li><strong>Atendimentos de sa\u00fade mental:<\/strong> Psic\u00f3logos estar\u00e3o dispon\u00edveis para escutar e orientar, proporcionando suporte emocional.<\/li>\n<li><strong>Triagem odontol\u00f3gica:<\/strong> Avalia\u00e7\u00f5es e encaminhamentos para tratamento dental, incluindo limpeza e extra\u00e7\u00f5es quando necess\u00e1rias.<\/li>\n<\/ul>\n<h2>Como Chegar \u00e0 Escola Municipal Ant\u00f4nio Brand\u00e3o<\/h2>\n<p>A <strong>Escola Municipal Ant\u00f4nio Brand\u00e3o<\/strong> \u00e9 de f\u00e1cil acesso e est\u00e1 situada em uma localiza\u00e7\u00e3o central. Para quem vem de transporte p\u00fablico:<\/p>\n<ul>\n<li>Use as linhas que passam pela <strong>Pra\u00e7a Central<\/strong>, e caminhe cerca de 10 minutos at\u00e9 a escola.<\/li>\n<li>Para quem opta por ir de carro, h\u00e1 estacionamento dispon\u00edvel nas imedia\u00e7\u00f5es.<\/li>\n<\/ul>\n<h2>Depoimentos de Participantes Anteriores<\/h2>\n<p>Os eventos anteriores do Feira em A\u00e7\u00e3o tiveram um impacto significativo na comunidade. Aqui est\u00e3o algumas cita\u00e7\u00f5es de participantes:<\/p>\n<ul>\n<li><em>&#8220;O Feira em A\u00e7\u00e3o me ajudou muito. Minha filha recebeu todas as vacinas em dia e consultamos um m\u00e9dico que sanou nossas d\u00favidas.&#8221;<\/em><\/li>\n<li><em>&#8220;Participei do evento e fiz uma triagem odontol\u00f3gica. Foi muito \u00fatil e agora sei que preciso de tratamento.&#8221;<\/em><\/li>\n<\/ul>\n<h2>Impacto na Sa\u00fade da Popula\u00e7\u00e3o Rural<\/h2>\n<p>Eventos como o Feira em A\u00e7\u00e3o s\u00e3o essenciais para a comunidade rural de Humildes. Alguns dos impactos observados incluem:<\/p>\n<ul>\n<li><strong>Redu\u00e7\u00e3o de doen\u00e7as:<\/strong> Aumento na taxa de imuniza\u00e7\u00e3o e consultas m\u00e9dicas.<\/li>\n<li><strong>Acesso \u00e0 informa\u00e7\u00e3o:<\/strong> Palestras educativas que conscientizam sobre cuidado \u00e0 sa\u00fade.<\/li>\n<li><strong>Melhoria da qualidade de vida:<\/strong> Servi\u00e7os que promovem bem-estar f\u00edsico e mental.<\/li>\n<\/ul>\n<h2>Pr\u00f3ximos Passos Ap\u00f3s o Evento<\/h2>\n<p>Ap\u00f3s participar do Feira em A\u00e7\u00e3o, \u00e9 fundamental que os moradores continuem cuidando da sa\u00fade:<\/p>\n<ul>\n<li><strong>Agendar consultas regulares:<\/strong> Para monitorar a sa\u00fade continuamente.<\/li>\n<li><strong>Seguir o calend\u00e1rio de vacina\u00e7\u00e3o:<\/strong> Manter as vacinas sempre em dia.<\/li>\n<li><strong>Buscar informa\u00e7\u00f5es:<\/strong> Participar de palestras e eventos para se manter informado sobre sa\u00fade.<\/li>\n<\/ul>\n\n<div style=\"font-size: 0px; height: 0px; line-height: 0px; margin: 0; padding: 0; clear: both;\"><\/div>","protected":false},"excerpt":{"rendered":"<p>Servi\u00e7os de Sa\u00fade em Humildes oferecer\u00e3o atendimentos essenciais \u00e0 popula\u00e7\u00e3o no Feira em A\u00e7\u00e3o.<\/p>\n","protected":false},"author":1,"featured_media":1176,"comment_status":"open","ping_status":"closed","sticky":false,"template":"","format":"standard","meta":{"footnotes":""},"categories":[6],"tags":[],"class_list":["post-1177","post","type-post","status-publish","format-standard","has-post-thumbnail","hentry","category-noticias-em-feira-de-santana","has_thumb"],"aioseo_notices":[],"aioseo_head":"\n\t\t<!-- All in One SEO 5.0.0.1 - aioseo.com -->\n\t<meta name=\"description\" content=\"Servi\u00e7os de Sa\u00fade em Humildes oferecer\u00e3o atendimentos essenciais \u00e0 popula\u00e7\u00e3o no Feira em A\u00e7\u00e3o.\" \/>\n\t<meta name=\"robots\" content=\"max-image-preview:large\" \/>\n\t<meta name=\"author\" content=\"Encontra Feira de Santana\"\/>\n\t<link rel=\"canonical\" href=\"https:\/\/www.encontrafeiradesantana.com.br\/sobre\/servicos-de-saude-serao-levados-para-o-distrito-de-humildes-no-feira-em-acao\/\" \/>\n\t<meta name=\"generator\" content=\"All in One SEO (AIOSEO) 5.0.0.1\" \/>\n\t\t<meta property=\"og:locale\" content=\"pt_BR\" \/>\n\t\t<meta property=\"og:site_name\" content=\"Encontra Feira de Santana | Not\u00edcias, eventos, informa\u00e7\u00f5es e dicas na cidade Feira de Santana e regi\u00e3o.\" \/>\n\t\t<meta property=\"og:type\" content=\"article\" \/>\n\t\t<meta property=\"og:title\" content=\"Servi\u00e7os de Sa\u00fade ser\u00e3o levados para o distrito de Humildes no Feira em A\u00e7\u00e3o | Encontra Feira de Santana\" \/>\n\t\t<meta property=\"og:description\" content=\"Servi\u00e7os de Sa\u00fade em Humildes oferecer\u00e3o atendimentos essenciais \u00e0 popula\u00e7\u00e3o no Feira em A\u00e7\u00e3o.\" \/>\n\t\t<meta property=\"og:url\" content=\"https:\/\/www.encontrafeiradesantana.com.br\/sobre\/servicos-de-saude-serao-levados-para-o-distrito-de-humildes-no-feira-em-acao\/\" \/>\n\t\t<meta property=\"article:published_time\" content=\"2025-11-10T13:54:00+00:00\" \/>\n\t\t<meta property=\"article:modified_time\" content=\"2025-11-10T13:54:00+00:00\" \/>\n\t\t<meta name=\"twitter:card\" content=\"summary\" \/>\n\t\t<meta name=\"twitter:title\" content=\"Servi\u00e7os de Sa\u00fade ser\u00e3o levados para o distrito de Humildes no Feira em A\u00e7\u00e3o | Encontra Feira de Santana\" \/>\n\t\t<meta name=\"twitter:description\" content=\"Servi\u00e7os de Sa\u00fade em Humildes oferecer\u00e3o atendimentos essenciais \u00e0 popula\u00e7\u00e3o no Feira em A\u00e7\u00e3o.\" \/>\n\t\t<script type=\"application\/ld+json\" class=\"aioseo-schema\">\n\t\t\t{\"@context\":\"https:\\\/\\\/schema.org\",\"@graph\":[{\"@type\":\"Article\",\"@id\":\"https:\\\/\\\/www.encontrafeiradesantana.com.br\\\/sobre\\\/servicos-de-saude-serao-levados-para-o-distrito-de-humildes-no-feira-em-acao\\\/#article\",\"name\":\"Servi\\u00e7os de Sa\\u00fade ser\\u00e3o levados para o distrito de Humildes no Feira em A\\u00e7\\u00e3o | Encontra Feira de Santana\",\"headline\":\"Servi\\u00e7os de Sa\\u00fade ser\\u00e3o levados para o distrito de Humildes no Feira em A\\u00e7\\u00e3o\",\"author\":{\"@id\":\"https:\\\/\\\/www.encontrafeiradesantana.com.br\\\/sobre\\\/author\\\/efeiradesantana\\\/#author\"},\"publisher\":{\"@id\":\"https:\\\/\\\/www.encontrafeiradesantana.com.br\\\/sobre\\\/#organization\"},\"image\":{\"@type\":\"ImageObject\",\"url\":\"https:\\\/\\\/www.encontrafeiradesantana.com.br\\\/sobre\\\/wp-content\\\/uploads\\\/2025\\\/11\\\/servicos-de-saude-serao-levados-para-o-distrito-de-humildes-no-feira-em-acao.webp\",\"width\":320,\"height\":280,\"caption\":\"Servi\\u00e7os de Sa\\u00fade em Humildes\"},\"datePublished\":\"2025-11-10T10:54:00-03:00\",\"dateModified\":\"2025-11-10T10:54:00-03:00\",\"inLanguage\":\"pt-BR\",\"mainEntityOfPage\":{\"@id\":\"https:\\\/\\\/www.encontrafeiradesantana.com.br\\\/sobre\\\/servicos-de-saude-serao-levados-para-o-distrito-de-humildes-no-feira-em-acao\\\/#webpage\"},\"isPartOf\":{\"@id\":\"https:\\\/\\\/www.encontrafeiradesantana.com.br\\\/sobre\\\/servicos-de-saude-serao-levados-para-o-distrito-de-humildes-no-feira-em-acao\\\/#webpage\"},\"articleSection\":\"Not\\u00edcias Feira de Santana\"},{\"@type\":\"BreadcrumbList\",\"@id\":\"https:\\\/\\\/www.encontrafeiradesantana.com.br\\\/sobre\\\/servicos-de-saude-serao-levados-para-o-distrito-de-humildes-no-feira-em-acao\\\/#breadcrumblist\",\"itemListElement\":[{\"@type\":\"ListItem\",\"@id\":\"https:\\\/\\\/www.encontrafeiradesantana.com.br\\\/sobre#listItem\",\"position\":1,\"name\":\"In\\u00edcio\",\"item\":\"https:\\\/\\\/www.encontrafeiradesantana.com.br\\\/sobre\",\"nextItem\":{\"@type\":\"ListItem\",\"@id\":\"https:\\\/\\\/www.encontrafeiradesantana.com.br\\\/sobre\\\/noticias-em-feira-de-santana\\\/#listItem\",\"name\":\"Not\\u00edcias Feira de Santana\"}},{\"@type\":\"ListItem\",\"@id\":\"https:\\\/\\\/www.encontrafeiradesantana.com.br\\\/sobre\\\/noticias-em-feira-de-santana\\\/#listItem\",\"position\":2,\"name\":\"Not\\u00edcias Feira de Santana\",\"item\":\"https:\\\/\\\/www.encontrafeiradesantana.com.br\\\/sobre\\\/noticias-em-feira-de-santana\\\/\",\"nextItem\":{\"@type\":\"ListItem\",\"@id\":\"https:\\\/\\\/www.encontrafeiradesantana.com.br\\\/sobre\\\/servicos-de-saude-serao-levados-para-o-distrito-de-humildes-no-feira-em-acao\\\/#listItem\",\"name\":\"Servi\\u00e7os de Sa\\u00fade ser\\u00e3o levados para o distrito de Humildes no Feira em A\\u00e7\\u00e3o\"},\"previousItem\":{\"@type\":\"ListItem\",\"@id\":\"https:\\\/\\\/www.encontrafeiradesantana.com.br\\\/sobre#listItem\",\"name\":\"In\\u00edcio\"}},{\"@type\":\"ListItem\",\"@id\":\"https:\\\/\\\/www.encontrafeiradesantana.com.br\\\/sobre\\\/servicos-de-saude-serao-levados-para-o-distrito-de-humildes-no-feira-em-acao\\\/#listItem\",\"position\":3,\"name\":\"Servi\\u00e7os de Sa\\u00fade ser\\u00e3o levados para o distrito de Humildes no Feira em A\\u00e7\\u00e3o\",\"previousItem\":{\"@type\":\"ListItem\",\"@id\":\"https:\\\/\\\/www.encontrafeiradesantana.com.br\\\/sobre\\\/noticias-em-feira-de-santana\\\/#listItem\",\"name\":\"Not\\u00edcias Feira de Santana\"}}]},{\"@type\":\"Organization\",\"@id\":\"https:\\\/\\\/www.encontrafeiradesantana.com.br\\\/sobre\\\/#organization\",\"name\":\"Encontra Feira de Santana\",\"description\":\"Not\\u00edcias, eventos, informa\\u00e7\\u00f5es e dicas na cidade Feira de Santana e regi\\u00e3o.\",\"url\":\"https:\\\/\\\/www.encontrafeiradesantana.com.br\\\/sobre\\\/\"},{\"@type\":\"Person\",\"@id\":\"https:\\\/\\\/www.encontrafeiradesantana.com.br\\\/sobre\\\/author\\\/efeiradesantana\\\/#author\",\"url\":\"https:\\\/\\\/www.encontrafeiradesantana.com.br\\\/sobre\\\/author\\\/efeiradesantana\\\/\",\"name\":\"Encontra Feira de Santana\",\"image\":{\"@type\":\"ImageObject\",\"@id\":\"https:\\\/\\\/www.encontrafeiradesantana.com.br\\\/sobre\\\/servicos-de-saude-serao-levados-para-o-distrito-de-humildes-no-feira-em-acao\\\/#authorImage\",\"url\":\"https:\\\/\\\/secure.gravatar.com\\\/avatar\\\/507340682b8270222e1f208e23198b6ae7e2c6a1033ae84e99bc6bce4f82a387?s=96&d=mm&r=g\",\"width\":96,\"height\":96,\"caption\":\"Encontra Feira de Santana\"}},{\"@type\":\"WebPage\",\"@id\":\"https:\\\/\\\/www.encontrafeiradesantana.com.br\\\/sobre\\\/servicos-de-saude-serao-levados-para-o-distrito-de-humildes-no-feira-em-acao\\\/#webpage\",\"url\":\"https:\\\/\\\/www.encontrafeiradesantana.com.br\\\/sobre\\\/servicos-de-saude-serao-levados-para-o-distrito-de-humildes-no-feira-em-acao\\\/\",\"name\":\"Servi\\u00e7os de Sa\\u00fade ser\\u00e3o levados para o distrito de Humildes no Feira em A\\u00e7\\u00e3o | Encontra Feira de Santana\",\"description\":\"Servi\\u00e7os de Sa\\u00fade em Humildes oferecer\\u00e3o atendimentos essenciais \\u00e0 popula\\u00e7\\u00e3o no Feira em A\\u00e7\\u00e3o.\",\"inLanguage\":\"pt-BR\",\"isPartOf\":{\"@id\":\"https:\\\/\\\/www.encontrafeiradesantana.com.br\\\/sobre\\\/#website\"},\"breadcrumb\":{\"@id\":\"https:\\\/\\\/www.encontrafeiradesantana.com.br\\\/sobre\\\/servicos-de-saude-serao-levados-para-o-distrito-de-humildes-no-feira-em-acao\\\/#breadcrumblist\"},\"author\":{\"@id\":\"https:\\\/\\\/www.encontrafeiradesantana.com.br\\\/sobre\\\/author\\\/efeiradesantana\\\/#author\"},\"creator\":{\"@id\":\"https:\\\/\\\/www.encontrafeiradesantana.com.br\\\/sobre\\\/author\\\/efeiradesantana\\\/#author\"},\"image\":{\"@type\":\"ImageObject\",\"url\":\"https:\\\/\\\/www.encontrafeiradesantana.com.br\\\/sobre\\\/wp-content\\\/uploads\\\/2025\\\/11\\\/servicos-de-saude-serao-levados-para-o-distrito-de-humildes-no-feira-em-acao.webp\",\"@id\":\"https:\\\/\\\/www.encontrafeiradesantana.com.br\\\/sobre\\\/servicos-de-saude-serao-levados-para-o-distrito-de-humildes-no-feira-em-acao\\\/#mainImage\",\"width\":320,\"height\":280,\"caption\":\"Servi\\u00e7os de Sa\\u00fade em Humildes\"},\"primaryImageOfPage\":{\"@id\":\"https:\\\/\\\/www.encontrafeiradesantana.com.br\\\/sobre\\\/servicos-de-saude-serao-levados-para-o-distrito-de-humildes-no-feira-em-acao\\\/#mainImage\"},\"datePublished\":\"2025-11-10T10:54:00-03:00\",\"dateModified\":\"2025-11-10T10:54:00-03:00\"},{\"@type\":\"WebSite\",\"@id\":\"https:\\\/\\\/www.encontrafeiradesantana.com.br\\\/sobre\\\/#website\",\"url\":\"https:\\\/\\\/www.encontrafeiradesantana.com.br\\\/sobre\\\/\",\"name\":\"Encontra Feira de Santana\",\"description\":\"Not\\u00edcias, eventos, informa\\u00e7\\u00f5es e dicas na cidade Feira de Santana e regi\\u00e3o.\",\"inLanguage\":\"pt-BR\",\"publisher\":{\"@id\":\"https:\\\/\\\/www.encontrafeiradesantana.com.br\\\/sobre\\\/#organization\"}}]}\n\t\t<\/script>\n\t\t<!-- All in One SEO -->\n\n","aioseo_head_json":{"title":"Servi\u00e7os de Sa\u00fade ser\u00e3o levados para o distrito de Humildes no Feira em A\u00e7\u00e3o | Encontra Feira de Santana","description":"Servi\u00e7os de Sa\u00fade em Humildes oferecer\u00e3o atendimentos essenciais \u00e0 popula\u00e7\u00e3o no Feira em A\u00e7\u00e3o.","canonical_url":"https:\/\/www.encontrafeiradesantana.com.br\/sobre\/servicos-de-saude-serao-levados-para-o-distrito-de-humildes-no-feira-em-acao\/","robots":"max-image-preview:large","keywords":"","webmasterTools":{"miscellaneous":""},"schema":{"@context":"https:\/\/schema.org","@graph":[{"@type":"Article","@id":"https:\/\/www.encontrafeiradesantana.com.br\/sobre\/servicos-de-saude-serao-levados-para-o-distrito-de-humildes-no-feira-em-acao\/#article","name":"Servi\u00e7os de Sa\u00fade ser\u00e3o levados para o distrito de Humildes no Feira em A\u00e7\u00e3o | Encontra Feira de Santana","headline":"Servi\u00e7os de Sa\u00fade ser\u00e3o levados para o distrito de Humildes no Feira em A\u00e7\u00e3o","author":{"@id":"https:\/\/www.encontrafeiradesantana.com.br\/sobre\/author\/efeiradesantana\/#author"},"publisher":{"@id":"https:\/\/www.encontrafeiradesantana.com.br\/sobre\/#organization"},"image":{"@type":"ImageObject","url":"https:\/\/www.encontrafeiradesantana.com.br\/sobre\/wp-content\/uploads\/2025\/11\/servicos-de-saude-serao-levados-para-o-distrito-de-humildes-no-feira-em-acao.webp","width":320,"height":280,"caption":"Servi\u00e7os de Sa\u00fade em Humildes"},"datePublished":"2025-11-10T10:54:00-03:00","dateModified":"2025-11-10T10:54:00-03:00","inLanguage":"pt-BR","mainEntityOfPage":{"@id":"https:\/\/www.encontrafeiradesantana.com.br\/sobre\/servicos-de-saude-serao-levados-para-o-distrito-de-humildes-no-feira-em-acao\/#webpage"},"isPartOf":{"@id":"https:\/\/www.encontrafeiradesantana.com.br\/sobre\/servicos-de-saude-serao-levados-para-o-distrito-de-humildes-no-feira-em-acao\/#webpage"},"articleSection":"Not\u00edcias Feira de Santana"},{"@type":"BreadcrumbList","@id":"https:\/\/www.encontrafeiradesantana.com.br\/sobre\/servicos-de-saude-serao-levados-para-o-distrito-de-humildes-no-feira-em-acao\/#breadcrumblist","itemListElement":[{"@type":"ListItem","@id":"https:\/\/www.encontrafeiradesantana.com.br\/sobre#listItem","position":1,"name":"In\u00edcio","item":"https:\/\/www.encontrafeiradesantana.com.br\/sobre","nextItem":{"@type":"ListItem","@id":"https:\/\/www.encontrafeiradesantana.com.br\/sobre\/noticias-em-feira-de-santana\/#listItem","name":"Not\u00edcias Feira de Santana"}},{"@type":"ListItem","@id":"https:\/\/www.encontrafeiradesantana.com.br\/sobre\/noticias-em-feira-de-santana\/#listItem","position":2,"name":"Not\u00edcias Feira de Santana","item":"https:\/\/www.encontrafeiradesantana.com.br\/sobre\/noticias-em-feira-de-santana\/","nextItem":{"@type":"ListItem","@id":"https:\/\/www.encontrafeiradesantana.com.br\/sobre\/servicos-de-saude-serao-levados-para-o-distrito-de-humildes-no-feira-em-acao\/#listItem","name":"Servi\u00e7os de Sa\u00fade ser\u00e3o levados para o distrito de Humildes no Feira em A\u00e7\u00e3o"},"previousItem":{"@type":"ListItem","@id":"https:\/\/www.encontrafeiradesantana.com.br\/sobre#listItem","name":"In\u00edcio"}},{"@type":"ListItem","@id":"https:\/\/www.encontrafeiradesantana.com.br\/sobre\/servicos-de-saude-serao-levados-para-o-distrito-de-humildes-no-feira-em-acao\/#listItem","position":3,"name":"Servi\u00e7os de Sa\u00fade ser\u00e3o levados para o distrito de Humildes no Feira em A\u00e7\u00e3o","previousItem":{"@type":"ListItem","@id":"https:\/\/www.encontrafeiradesantana.com.br\/sobre\/noticias-em-feira-de-santana\/#listItem","name":"Not\u00edcias Feira de Santana"}}]},{"@type":"Organization","@id":"https:\/\/www.encontrafeiradesantana.com.br\/sobre\/#organization","name":"Encontra Feira de Santana","description":"Not\u00edcias, eventos, informa\u00e7\u00f5es e dicas na cidade Feira de Santana e regi\u00e3o.","url":"https:\/\/www.encontrafeiradesantana.com.br\/sobre\/"},{"@type":"Person","@id":"https:\/\/www.encontrafeiradesantana.com.br\/sobre\/author\/efeiradesantana\/#author","url":"https:\/\/www.encontrafeiradesantana.com.br\/sobre\/author\/efeiradesantana\/","name":"Encontra Feira de Santana","image":{"@type":"ImageObject","@id":"https:\/\/www.encontrafeiradesantana.com.br\/sobre\/servicos-de-saude-serao-levados-para-o-distrito-de-humildes-no-feira-em-acao\/#authorImage","url":"https:\/\/secure.gravatar.com\/avatar\/507340682b8270222e1f208e23198b6ae7e2c6a1033ae84e99bc6bce4f82a387?s=96&d=mm&r=g","width":96,"height":96,"caption":"Encontra Feira de Santana"}},{"@type":"WebPage","@id":"https:\/\/www.encontrafeiradesantana.com.br\/sobre\/servicos-de-saude-serao-levados-para-o-distrito-de-humildes-no-feira-em-acao\/#webpage","url":"https:\/\/www.encontrafeiradesantana.com.br\/sobre\/servicos-de-saude-serao-levados-para-o-distrito-de-humildes-no-feira-em-acao\/","name":"Servi\u00e7os de Sa\u00fade ser\u00e3o levados para o distrito de Humildes no Feira em A\u00e7\u00e3o | Encontra Feira de Santana","description":"Servi\u00e7os de Sa\u00fade em Humildes oferecer\u00e3o atendimentos essenciais \u00e0 popula\u00e7\u00e3o no Feira em A\u00e7\u00e3o.","inLanguage":"pt-BR","isPartOf":{"@id":"https:\/\/www.encontrafeiradesantana.com.br\/sobre\/#website"},"breadcrumb":{"@id":"https:\/\/www.encontrafeiradesantana.com.br\/sobre\/servicos-de-saude-serao-levados-para-o-distrito-de-humildes-no-feira-em-acao\/#breadcrumblist"},"author":{"@id":"https:\/\/www.encontrafeiradesantana.com.br\/sobre\/author\/efeiradesantana\/#author"},"creator":{"@id":"https:\/\/www.encontrafeiradesantana.com.br\/sobre\/author\/efeiradesantana\/#author"},"image":{"@type":"ImageObject","url":"https:\/\/www.encontrafeiradesantana.com.br\/sobre\/wp-content\/uploads\/2025\/11\/servicos-de-saude-serao-levados-para-o-distrito-de-humildes-no-feira-em-acao.webp","@id":"https:\/\/www.encontrafeiradesantana.com.br\/sobre\/servicos-de-saude-serao-levados-para-o-distrito-de-humildes-no-feira-em-acao\/#mainImage","width":320,"height":280,"caption":"Servi\u00e7os de Sa\u00fade em Humildes"},"primaryImageOfPage":{"@id":"https:\/\/www.encontrafeiradesantana.com.br\/sobre\/servicos-de-saude-serao-levados-para-o-distrito-de-humildes-no-feira-em-acao\/#mainImage"},"datePublished":"2025-11-10T10:54:00-03:00","dateModified":"2025-11-10T10:54:00-03:00"},{"@type":"WebSite","@id":"https:\/\/www.encontrafeiradesantana.com.br\/sobre\/#website","url":"https:\/\/www.encontrafeiradesantana.com.br\/sobre\/","name":"Encontra Feira de Santana","description":"Not\u00edcias, eventos, informa\u00e7\u00f5es e dicas na cidade Feira de Santana e regi\u00e3o.","inLanguage":"pt-BR","publisher":{"@id":"https:\/\/www.encontrafeiradesantana.com.br\/sobre\/#organization"}}]},"og:locale":"pt_BR","og:site_name":"Encontra Feira de Santana | Not\u00edcias, eventos, informa\u00e7\u00f5es e dicas na cidade Feira de Santana e regi\u00e3o.","og:type":"article","og:title":"Servi\u00e7os de Sa\u00fade ser\u00e3o levados para o distrito de Humildes no Feira em A\u00e7\u00e3o | Encontra Feira de Santana","og:description":"Servi\u00e7os de Sa\u00fade em Humildes oferecer\u00e3o atendimentos essenciais \u00e0 popula\u00e7\u00e3o no Feira em A\u00e7\u00e3o.","og:url":"https:\/\/www.encontrafeiradesantana.com.br\/sobre\/servicos-de-saude-serao-levados-para-o-distrito-de-humildes-no-feira-em-acao\/","article:published_time":"2025-11-10T13:54:00+00:00","article:modified_time":"2025-11-10T13:54:00+00:00","twitter:card":"summary","twitter:title":"Servi\u00e7os de Sa\u00fade ser\u00e3o levados para o distrito de Humildes no Feira em A\u00e7\u00e3o | Encontra Feira de Santana","twitter:description":"Servi\u00e7os de Sa\u00fade em Humildes oferecer\u00e3o atendimentos essenciais \u00e0 popula\u00e7\u00e3o no Feira em A\u00e7\u00e3o."},"aioseo_meta_data":{"post_id":"1177","title":null,"description":null,"keywords":null,"keyphrases":null,"primary_term":null,"canonical_url":null,"og_title":null,"og_description":null,"og_object_type":"default","og_image_type":"default","og_image_url":null,"og_image_width":null,"og_image_height":null,"og_image_custom_url":null,"og_image_custom_fields":null,"og_video":null,"og_custom_url":null,"og_article_section":null,"og_article_tags":null,"twitter_use_og":false,"twitter_card":"default","twitter_image_type":"default","twitter_image_url":null,"twitter_image_custom_url":null,"twitter_image_custom_fields":null,"twitter_title":null,"twitter_description":null,"schema":{"blockGraphs":[],"customGraphs":[],"default":{"data":{"Article":[],"Course":[],"Dataset":[],"FAQPage":[],"Movie":[],"Person":[],"Product":[],"ProductReview":[],"Car":[],"Recipe":[],"Service":[],"SoftwareApplication":[],"WebPage":[]},"graphName":"Article","isEnabled":true},"graphs":[]},"schema_type":"default","schema_type_options":null,"pillar_content":false,"robots_default":true,"robots_noindex":false,"robots_noarchive":false,"robots_nosnippet":false,"robots_nofollow":false,"robots_noimageindex":false,"robots_noodp":false,"robots_notranslate":false,"robots_max_snippet":null,"robots_max_videopreview":null,"robots_max_imagepreview":"large","priority":null,"frequency":null,"local_seo":null,"breadcrumb_settings":null,"limit_modified_date":false,"ai":null,"created":"2025-11-11 11:12:27","updated":"2025-11-11 11:19:34","focus_keyword":null,"additional_keywords":null,"truseo_locale":null,"seo_analyzer_scan_date":null},"aioseo_breadcrumb":"<div class=\"aioseo-breadcrumbs\"><span class=\"aioseo-breadcrumb\">\n\t\t\t<a href=\"https:\/\/www.encontrafeiradesantana.com.br\/sobre\" title=\"In\u00edcio\">In\u00edcio<\/a>\n\t\t<\/span><span class=\"aioseo-breadcrumb-separator\">&raquo;<\/span><span class=\"aioseo-breadcrumb\">\n\t\t\t<a href=\"https:\/\/www.encontrafeiradesantana.com.br\/sobre\/noticias-em-feira-de-santana\/\" title=\"Not\u00edcias Feira de Santana\">Not\u00edcias Feira de Santana<\/a>\n\t\t<\/span><span class=\"aioseo-breadcrumb-separator\">&raquo;<\/span><span class=\"aioseo-breadcrumb\">\n\t\t\tServi\u00e7os de Sa\u00fade ser\u00e3o levados para o distrito de Humildes no Feira em A\u00e7\u00e3o\n\t\t<\/span><\/div>","aioseo_breadcrumb_json":[{"label":"In\u00edcio","link":"https:\/\/www.encontrafeiradesantana.com.br\/sobre"},{"label":"Not\u00edcias Feira de Santana","link":"https:\/\/www.encontrafeiradesantana.com.br\/sobre\/noticias-em-feira-de-santana\/"},{"label":"Servi\u00e7os de Sa\u00fade ser\u00e3o levados para o distrito de Humildes no Feira em A\u00e7\u00e3o","link":"https:\/\/www.encontrafeiradesantana.com.br\/sobre\/servicos-de-saude-serao-levados-para-o-distrito-de-humildes-no-feira-em-acao\/"}],"_links":{"self":[{"href":"https:\/\/www.encontrafeiradesantana.com.br\/sobre\/wp-json\/wp\/v2\/posts\/1177","targetHints":{"allow":["GET"]}}],"collection":[{"href":"https:\/\/www.encontrafeiradesantana.com.br\/sobre\/wp-json\/wp\/v2\/posts"}],"about":[{"href":"https:\/\/www.encontrafeiradesantana.com.br\/sobre\/wp-json\/wp\/v2\/types\/post"}],"author":[{"embeddable":true,"href":"https:\/\/www.encontrafeiradesantana.com.br\/sobre\/wp-json\/wp\/v2\/users\/1"}],"replies":[{"embeddable":true,"href":"https:\/\/www.encontrafeiradesantana.com.br\/sobre\/wp-json\/wp\/v2\/comments?post=1177"}],"version-history":[{"count":0,"href":"https:\/\/www.encontrafeiradesantana.com.br\/sobre\/wp-json\/wp\/v2\/posts\/1177\/revisions"}],"wp:featuredmedia":[{"embeddable":true,"href":"https:\/\/www.encontrafeiradesantana.com.br\/sobre\/wp-json\/wp\/v2\/media\/1176"}],"wp:attachment":[{"href":"https:\/\/www.encontrafeiradesantana.com.br\/sobre\/wp-json\/wp\/v2\/media?parent=1177"}],"wp:term":[{"taxonomy":"category","embeddable":true,"href":"https:\/\/www.encontrafeiradesantana.com.br\/sobre\/wp-json\/wp\/v2\/categories?post=1177"},{"taxonomy":"post_tag","embeddable":true,"href":"https:\/\/www.encontrafeiradesantana.com.br\/sobre\/wp-json\/wp\/v2\/tags?post=1177"}],"curies":[{"name":"wp","href":"https:\/\/api.w.org\/{rel}","templated":true}]}}