{"id":1173,"date":"2025-11-10T10:02:00","date_gmt":"2025-11-10T13:02:00","guid":{"rendered":"https:\/\/www.encontrafeiradesantana.com.br\/sobre\/defesa-civil-monitora-pontos-criticos-durante-periodo-de-chuvas-em-feira-de-santana\/"},"modified":"2025-11-10T10:02:00","modified_gmt":"2025-11-10T13:02:00","slug":"defesa-civil-monitora-pontos-criticos-durante-periodo-de-chuvas-em-feira-de-santana","status":"publish","type":"post","link":"https:\/\/www.encontrafeiradesantana.com.br\/sobre\/defesa-civil-monitora-pontos-criticos-durante-periodo-de-chuvas-em-feira-de-santana\/","title":{"rendered":"Defesa Civil monitora pontos cr\u00edticos durante per\u00edodo de chuvas em Feira de Santana"},"content":{"rendered":"<div class=\"3f468104ad11f00a3c9ac948316f4265\" data-index=\"1\" style=\"float: none; margin:0px;\">\n<ins class=\"adsbygoogle\"\r\n     style=\"display:block\"\r\n     data-ad-client=\"ca-pub-8585364105181520\"\r\n     data-ad-slot=\"8789329856\"\r\n     data-ad-format=\"auto\"\r\n     data-full-width-responsive=\"true\"><\/ins>\r\n<script>\r\n     (adsbygoogle = window.adsbygoogle || []).push({});\r\n<\/script>\r\n\n<\/div>\n<h2>A Import\u00e2ncia da Defesa Civil Durante as Chuvas<\/h2>\n<p>A Defesa Civil desempenha um papel fundamental nas cidades, especialmente em \u00e9pocas de chuvas intensas. Ela tem a responsabilidade de prevenir e minimizar os impactos de desastres naturais, como enchentes e deslizamentos. Em Feira de Santana, a presen\u00e7a da Defesa Civil \u00e9 essencial para proteger a popula\u00e7\u00e3o e garantir sua seguran\u00e7a.<\/p>\n<p><strong>Monitoramento e alerta:<\/strong> A Defesa Civil monitora constantemente as condi\u00e7\u00f5es meteorol\u00f3gicas e emite alertas para a popula\u00e7\u00e3o sobre poss\u00edveis chuvas fortes e riscos associados.<\/p>\n<p><strong>Prepara\u00e7\u00e3o:<\/strong> Al\u00e9m disso, a Defesa Civil promove a\u00e7\u00f5es preventivas e de conscientiza\u00e7\u00e3o, preparando a popula\u00e7\u00e3o para como agir durante situa\u00e7\u00f5es de risco.<\/p>\n<p><strong>Resposta r\u00e1pida:<\/strong> Em caso de emerg\u00eancias, a Defesa Civil atua rapidamente para socorrer as v\u00edtimas e minimizar os danos.<\/p>\n<h2>Principais Pontos Cr\u00edticos em Feira de Santana<\/h2>\n<p>Feira de Santana possui \u00e1reas que s\u00e3o mais suscet\u00edveis a problemas durante as chuvas. Conhecer esses pontos cr\u00edticos \u00e9 vital para que a Defesa Civil possa atuar de forma eficaz:<\/p>\n<ul>\n<li><strong>Barrocas:<\/strong> Essa regi\u00e3o \u00e9 conhecida por alagamentos frequentes.<\/li>\n<li><strong>Cidade Nova:<\/strong> Possui um hist\u00f3rico de deslizamentos de terra.<\/li>\n<li><strong>Santo Antonio dos Olhos D&#8217;\u00c1gua:<\/strong> Registrou casos de enchentes que amea\u00e7am resid\u00eancias.<\/li>\n<li><strong>Jardim Cruzeiro:<\/strong> Outra \u00e1rea com alto risco de alagamentos.<\/li>\n<\/ul>\n<p>O conhecimento dessas \u00e1reas permite que a Defesa Civil concentre esfor\u00e7os para preven\u00e7\u00e3o e resposta durante as chuvas.<\/p>\n<h2>Monitoramento das Condi\u00e7\u00f5es Meteorol\u00f3gicas<\/h2>\n<p>Uma das fun\u00e7\u00f5es mais importantes da Defesa Civil \u00e9 o monitoramento cont\u00ednuo das condi\u00e7\u00f5es clim\u00e1ticas. Para isso, s\u00e3o utilizadas diversas tecnologias:<\/p>\n<ul>\n<li><strong>Esta\u00e7\u00f5es meteorol\u00f3gicas:<\/strong> Instrumentos que medem temperatura, umidade e precipita\u00e7\u00e3o.<\/li>\n<li><strong>Imagens de sat\u00e9lite:<\/strong> Permitem uma vis\u00e3o ampla das condi\u00e7\u00f5es atmosf\u00e9ricas.<\/li>\n<li><strong>Modelos de previs\u00e3o:<\/strong> Simula\u00e7\u00f5es que ajudam a prever comportamentos clim\u00e1ticos e a intensifica\u00e7\u00e3o de chuvas.<\/li>\n<\/ul>\n<p>Esses dados s\u00e3o fundamentais para que a Defesa Civil emita alertas e informe a popula\u00e7\u00e3o sobre os riscos potenciais.<\/p>\n<h2>A\u00e7\u00f5es da Defesa Civil em Situa\u00e7\u00f5es de Emerg\u00eancia<\/h2>\n<p>Quando as chuvas se intensificam e os riscos aumentam, a Defesa Civil atua em v\u00e1rias frentes:<\/p>\n<ul>\n<li><strong>Evacua\u00e7\u00e3o:<\/strong> Em casos de risco iminente, pode ser necess\u00e1rio evacuar \u00e1reas de risco.<\/li>\n<li><strong>Deslocamento de equipes:<\/strong> A Defesa Civil monta equipes de resposta r\u00e1pida para atender a popula\u00e7\u00e3o em situa\u00e7\u00e3o de emerg\u00eancia.<\/li>\n<li><strong>Distribui\u00e7\u00e3o de mantimentos:<\/strong> Em \u00e1reas afetadas, \u00e9 comum a distribui\u00e7\u00e3o de alimentos e \u00e1gua.<\/li>\n<li><strong>Campanhas de conscientiza\u00e7\u00e3o:<\/strong> A Defesa Civil realiza campanhas para informar a popula\u00e7\u00e3o sobre como se prevenir e se proteger durante as chuvas.<\/li>\n<\/ul>\n<h2>Como a Popula\u00e7\u00e3o Pode Contribuir<\/h2>\n<p>Al\u00e9m do trabalho da Defesa Civil, a colabora\u00e7\u00e3o da popula\u00e7\u00e3o \u00e9 essencial para a seguran\u00e7a de todos:<\/p>\n<ul>\n<li><strong>Reportar problemas:<\/strong> Informar sobre alagamentos, \u00e1rvores ca\u00eddas ou outros riscos pode ajudar na atua\u00e7\u00e3o da Defesa Civil.<\/li>\n<li><strong>Mantenha as cal\u00e7adas limpas:<\/strong> O ac\u00famulo de lixo pode obstruir bueiros e causar enchentes.<\/li>\n<li><strong>Participa\u00e7\u00e3o em treinamentos:<\/strong> Esteja atento a cursos e palestras promovidos pela Defesa Civil para aprender como se comportar em situa\u00e7\u00f5es de emerg\u00eancia.<\/li>\n<li><strong>Atitude preventiva:<\/strong> \u00c9 importante que cada cidad\u00e3o tome iniciativas para reduzir riscos, como n\u00e3o construir em \u00e1reas de risco e respeitar as orienta\u00e7\u00f5es da Defesa Civil.<\/li>\n<\/ul>\n<h2>A influ\u00eancia do Ac\u00famulo de Lixo nos Canais<\/h2>\n<p>Um dos grandes problemas enfrentados em \u00e9pocas de chuva \u00e9 o ac\u00famulo de lixo nos canais e drenagem. A sujeira impede a circula\u00e7\u00e3o da \u00e1gua e pode causar alagamentos:<\/p>\n<ul>\n<li><strong>Obstru\u00e7\u00e3o:<\/strong> O lixo, incluindo pl\u00e1sticos, papel e res\u00edduos s\u00f3lidos, obstrui os canais.<\/li>\n<li><strong>Riscos \u00e0 sa\u00fade:<\/strong> \u00c1reas alagadas com ac\u00famulo de lixo oferecem riscos \u00e0 sa\u00fade, como doen\u00e7as transmitidas por vetores.<\/li>\n<li><strong>Responsabilidade compartilhada:<\/strong> A responsabilidade de manter as ruas e canais limpos \u00e9 de todos.<\/li>\n<\/ul>\n<h2>Previs\u00f5es Climatol\u00f3gicas para os Pr\u00f3ximos Dias<\/h2>\n<p>As previs\u00f5es meteorol\u00f3gicas s\u00e3o uma ferramenta importante para auxiliar a Defesa Civil e a popula\u00e7\u00e3o em geral. Com as informa\u00e7\u00f5es corretas, \u00e9 poss\u00edvel se preparar e minimizar danos:<\/p>\n<ul>\n<li><strong>Acompanhamento di\u00e1rio:<\/strong> A Defesa Civil monitora diariamente as previs\u00f5es clim\u00e1ticas.<\/li>\n<li><strong>Alertas e avisos:<\/strong> A popula\u00e7\u00e3o deve acompanhar os alertas emitidos, que informam sobre poss\u00edveis chuvas intensas.<\/li>\n<li><strong>Planejamento:<\/strong> Com as previs\u00f5es em m\u00e3os, as pessoas podem planejar suas atividades e se prevenir.<\/li>\n<\/ul>\n<h2>Telefone de Contato da Defesa Civil<\/h2>\n<p>\u00c9 fundamental que a popula\u00e7\u00e3o tenha acesso ao n\u00famero de telefone da Defesa Civil para reportar ocorr\u00eancias e pedir ajuda:<\/p>\n<p><strong>Defesa Civil de Feira de Santana:<\/strong> (75) 3611-7851. Este \u00e9 o n\u00famero onde a popula\u00e7\u00e3o pode entrar em contato em situa\u00e7\u00f5es de emerg\u00eancia ou para esclarecer d\u00favidas.<\/p>\n<h2>Hist\u00f3rico de Chamados e Ocorr\u00eancias<\/h2>\n<p>Manter um hist\u00f3rico de chamados e ocorr\u00eancias \u00e9 crucial para a Defesa Civil:<\/p>\n<ul>\n<li><strong>Registro de chamados:<\/strong> Todos os atendimentos e chamados recebidos s\u00e3o registrados para an\u00e1lise posterior.<\/li>\n<li><strong>Identifica\u00e7\u00e3o de padr\u00f5es:<\/strong> Com o hist\u00f3rico, \u00e9 poss\u00edvel identificar padr\u00f5es de ocorr\u00eancia e melhorar o planejamento.<\/li>\n<li><strong>Avalia\u00e7\u00e3o de a\u00e7\u00f5es:<\/strong> O hist\u00f3rico ajuda a avaliar a efic\u00e1cia das a\u00e7\u00f5es da Defesa Civil em situa\u00e7\u00f5es passadas.<\/li>\n<\/ul>\n<h2>A Educa\u00e7\u00e3o da Comunidade em Tempos de Chuvas<\/h2>\n<p>A educa\u00e7\u00e3o e conscientiza\u00e7\u00e3o da comunidade s\u00e3o uma parte vital do trabalho da Defesa Civil. S\u00e3o necess\u00e1rias iniciativas para informar a popula\u00e7\u00e3o sobre como agir em caso de chuvas:<\/p>\n<ul>\n<li><strong>Palestras e workshops:<\/strong> A Defesa Civil realiza eventos educativos sobre preven\u00e7\u00e3o de desastres.<\/li>\n<li><strong>Divulga\u00e7\u00e3o de materiais informativos:<\/strong> Folhetos e campanhas informativas nas redes sociais ajudam a espalhar conhecimentos.<\/li>\n<li><strong>Simula\u00e7\u00f5es de evacua\u00e7\u00e3o:<\/strong> Treinamentos pr\u00e1ticos em escolas e comunidades para preparar todos para situa\u00e7\u00f5es de emerg\u00eancia.<\/li>\n<\/ul>\n<p>Com a educa\u00e7\u00e3o adequada, a popula\u00e7\u00e3o se torna mais preparada e resiliente frente aos desafios impostos pelas chuvas, garantindo a seguran\u00e7a de todos em Feira de Santana.<\/p>\n\n<div style=\"font-size: 0px; height: 0px; line-height: 0px; margin: 0; padding: 0; clear: both;\"><\/div>","protected":false},"excerpt":{"rendered":"<p>Defesa Civil monitora e garante seguran\u00e7a em Feira de Santana durante chuvas.<\/p>\n","protected":false},"author":1,"featured_media":1172,"comment_status":"open","ping_status":"closed","sticky":false,"template":"","format":"standard","meta":{"footnotes":""},"categories":[6],"tags":[],"class_list":["post-1173","post","type-post","status-publish","format-standard","has-post-thumbnail","hentry","category-noticias-em-feira-de-santana","has_thumb"],"aioseo_notices":[],"aioseo_head":"\n\t\t<!-- All in One SEO 5.0.0.1 - aioseo.com -->\n\t<meta name=\"description\" content=\"Defesa Civil monitora e garante seguran\u00e7a em Feira de Santana durante chuvas.\" \/>\n\t<meta name=\"robots\" content=\"max-image-preview:large\" \/>\n\t<meta name=\"author\" content=\"Encontra Feira de Santana\"\/>\n\t<link rel=\"canonical\" href=\"https:\/\/www.encontrafeiradesantana.com.br\/sobre\/defesa-civil-monitora-pontos-criticos-durante-periodo-de-chuvas-em-feira-de-santana\/\" \/>\n\t<meta name=\"generator\" content=\"All in One SEO (AIOSEO) 5.0.0.1\" \/>\n\t\t<meta property=\"og:locale\" content=\"pt_BR\" \/>\n\t\t<meta property=\"og:site_name\" content=\"Encontra Feira de Santana | Not\u00edcias, eventos, informa\u00e7\u00f5es e dicas na cidade Feira de Santana e regi\u00e3o.\" \/>\n\t\t<meta property=\"og:type\" content=\"article\" \/>\n\t\t<meta property=\"og:title\" content=\"Defesa Civil monitora pontos cr\u00edticos durante per\u00edodo de chuvas em Feira de Santana | Encontra Feira de Santana\" \/>\n\t\t<meta property=\"og:description\" content=\"Defesa Civil monitora e garante seguran\u00e7a em Feira de Santana durante chuvas.\" \/>\n\t\t<meta property=\"og:url\" content=\"https:\/\/www.encontrafeiradesantana.com.br\/sobre\/defesa-civil-monitora-pontos-criticos-durante-periodo-de-chuvas-em-feira-de-santana\/\" \/>\n\t\t<meta property=\"article:published_time\" content=\"2025-11-10T13:02:00+00:00\" \/>\n\t\t<meta property=\"article:modified_time\" content=\"2025-11-10T13:02:00+00:00\" \/>\n\t\t<meta name=\"twitter:card\" content=\"summary\" \/>\n\t\t<meta name=\"twitter:title\" content=\"Defesa Civil monitora pontos cr\u00edticos durante per\u00edodo de chuvas em Feira de Santana | Encontra Feira de Santana\" \/>\n\t\t<meta name=\"twitter:description\" content=\"Defesa Civil monitora e garante seguran\u00e7a em Feira de Santana durante chuvas.\" \/>\n\t\t<script type=\"application\/ld+json\" class=\"aioseo-schema\">\n\t\t\t{\"@context\":\"https:\\\/\\\/schema.org\",\"@graph\":[{\"@type\":\"Article\",\"@id\":\"https:\\\/\\\/www.encontrafeiradesantana.com.br\\\/sobre\\\/defesa-civil-monitora-pontos-criticos-durante-periodo-de-chuvas-em-feira-de-santana\\\/#article\",\"name\":\"Defesa Civil monitora pontos cr\\u00edticos durante per\\u00edodo de chuvas em Feira de Santana | Encontra Feira de Santana\",\"headline\":\"Defesa Civil monitora pontos cr\\u00edticos durante per\\u00edodo de chuvas em Feira de Santana\",\"author\":{\"@id\":\"https:\\\/\\\/www.encontrafeiradesantana.com.br\\\/sobre\\\/author\\\/efeiradesantana\\\/#author\"},\"publisher\":{\"@id\":\"https:\\\/\\\/www.encontrafeiradesantana.com.br\\\/sobre\\\/#organization\"},\"image\":{\"@type\":\"ImageObject\",\"url\":\"https:\\\/\\\/www.encontrafeiradesantana.com.br\\\/sobre\\\/wp-content\\\/uploads\\\/2025\\\/11\\\/defesa-civil-monitora-pontos-criticos-durante-periodo-de-chuvas-em-feira-de-santana.webp\",\"width\":320,\"height\":280,\"caption\":\"Defesa Civil Feira de Santana\"},\"datePublished\":\"2025-11-10T10:02:00-03:00\",\"dateModified\":\"2025-11-10T10:02:00-03:00\",\"inLanguage\":\"pt-BR\",\"mainEntityOfPage\":{\"@id\":\"https:\\\/\\\/www.encontrafeiradesantana.com.br\\\/sobre\\\/defesa-civil-monitora-pontos-criticos-durante-periodo-de-chuvas-em-feira-de-santana\\\/#webpage\"},\"isPartOf\":{\"@id\":\"https:\\\/\\\/www.encontrafeiradesantana.com.br\\\/sobre\\\/defesa-civil-monitora-pontos-criticos-durante-periodo-de-chuvas-em-feira-de-santana\\\/#webpage\"},\"articleSection\":\"Not\\u00edcias Feira de Santana\"},{\"@type\":\"BreadcrumbList\",\"@id\":\"https:\\\/\\\/www.encontrafeiradesantana.com.br\\\/sobre\\\/defesa-civil-monitora-pontos-criticos-durante-periodo-de-chuvas-em-feira-de-santana\\\/#breadcrumblist\",\"itemListElement\":[{\"@type\":\"ListItem\",\"@id\":\"https:\\\/\\\/www.encontrafeiradesantana.com.br\\\/sobre#listItem\",\"position\":1,\"name\":\"In\\u00edcio\",\"item\":\"https:\\\/\\\/www.encontrafeiradesantana.com.br\\\/sobre\",\"nextItem\":{\"@type\":\"ListItem\",\"@id\":\"https:\\\/\\\/www.encontrafeiradesantana.com.br\\\/sobre\\\/noticias-em-feira-de-santana\\\/#listItem\",\"name\":\"Not\\u00edcias Feira de Santana\"}},{\"@type\":\"ListItem\",\"@id\":\"https:\\\/\\\/www.encontrafeiradesantana.com.br\\\/sobre\\\/noticias-em-feira-de-santana\\\/#listItem\",\"position\":2,\"name\":\"Not\\u00edcias Feira de Santana\",\"item\":\"https:\\\/\\\/www.encontrafeiradesantana.com.br\\\/sobre\\\/noticias-em-feira-de-santana\\\/\",\"nextItem\":{\"@type\":\"ListItem\",\"@id\":\"https:\\\/\\\/www.encontrafeiradesantana.com.br\\\/sobre\\\/defesa-civil-monitora-pontos-criticos-durante-periodo-de-chuvas-em-feira-de-santana\\\/#listItem\",\"name\":\"Defesa Civil monitora pontos cr\\u00edticos durante per\\u00edodo de chuvas em Feira de Santana\"},\"previousItem\":{\"@type\":\"ListItem\",\"@id\":\"https:\\\/\\\/www.encontrafeiradesantana.com.br\\\/sobre#listItem\",\"name\":\"In\\u00edcio\"}},{\"@type\":\"ListItem\",\"@id\":\"https:\\\/\\\/www.encontrafeiradesantana.com.br\\\/sobre\\\/defesa-civil-monitora-pontos-criticos-durante-periodo-de-chuvas-em-feira-de-santana\\\/#listItem\",\"position\":3,\"name\":\"Defesa Civil monitora pontos cr\\u00edticos durante per\\u00edodo de chuvas em Feira de Santana\",\"previousItem\":{\"@type\":\"ListItem\",\"@id\":\"https:\\\/\\\/www.encontrafeiradesantana.com.br\\\/sobre\\\/noticias-em-feira-de-santana\\\/#listItem\",\"name\":\"Not\\u00edcias Feira de Santana\"}}]},{\"@type\":\"Organization\",\"@id\":\"https:\\\/\\\/www.encontrafeiradesantana.com.br\\\/sobre\\\/#organization\",\"name\":\"Encontra Feira de Santana\",\"description\":\"Not\\u00edcias, eventos, informa\\u00e7\\u00f5es e dicas na cidade Feira de Santana e regi\\u00e3o.\",\"url\":\"https:\\\/\\\/www.encontrafeiradesantana.com.br\\\/sobre\\\/\"},{\"@type\":\"Person\",\"@id\":\"https:\\\/\\\/www.encontrafeiradesantana.com.br\\\/sobre\\\/author\\\/efeiradesantana\\\/#author\",\"url\":\"https:\\\/\\\/www.encontrafeiradesantana.com.br\\\/sobre\\\/author\\\/efeiradesantana\\\/\",\"name\":\"Encontra Feira de Santana\",\"image\":{\"@type\":\"ImageObject\",\"@id\":\"https:\\\/\\\/www.encontrafeiradesantana.com.br\\\/sobre\\\/defesa-civil-monitora-pontos-criticos-durante-periodo-de-chuvas-em-feira-de-santana\\\/#authorImage\",\"url\":\"https:\\\/\\\/secure.gravatar.com\\\/avatar\\\/507340682b8270222e1f208e23198b6ae7e2c6a1033ae84e99bc6bce4f82a387?s=96&d=mm&r=g\",\"width\":96,\"height\":96,\"caption\":\"Encontra Feira de Santana\"}},{\"@type\":\"WebPage\",\"@id\":\"https:\\\/\\\/www.encontrafeiradesantana.com.br\\\/sobre\\\/defesa-civil-monitora-pontos-criticos-durante-periodo-de-chuvas-em-feira-de-santana\\\/#webpage\",\"url\":\"https:\\\/\\\/www.encontrafeiradesantana.com.br\\\/sobre\\\/defesa-civil-monitora-pontos-criticos-durante-periodo-de-chuvas-em-feira-de-santana\\\/\",\"name\":\"Defesa Civil monitora pontos cr\\u00edticos durante per\\u00edodo de chuvas em Feira de Santana | Encontra Feira de Santana\",\"description\":\"Defesa Civil monitora e garante seguran\\u00e7a em Feira de Santana durante chuvas.\",\"inLanguage\":\"pt-BR\",\"isPartOf\":{\"@id\":\"https:\\\/\\\/www.encontrafeiradesantana.com.br\\\/sobre\\\/#website\"},\"breadcrumb\":{\"@id\":\"https:\\\/\\\/www.encontrafeiradesantana.com.br\\\/sobre\\\/defesa-civil-monitora-pontos-criticos-durante-periodo-de-chuvas-em-feira-de-santana\\\/#breadcrumblist\"},\"author\":{\"@id\":\"https:\\\/\\\/www.encontrafeiradesantana.com.br\\\/sobre\\\/author\\\/efeiradesantana\\\/#author\"},\"creator\":{\"@id\":\"https:\\\/\\\/www.encontrafeiradesantana.com.br\\\/sobre\\\/author\\\/efeiradesantana\\\/#author\"},\"image\":{\"@type\":\"ImageObject\",\"url\":\"https:\\\/\\\/www.encontrafeiradesantana.com.br\\\/sobre\\\/wp-content\\\/uploads\\\/2025\\\/11\\\/defesa-civil-monitora-pontos-criticos-durante-periodo-de-chuvas-em-feira-de-santana.webp\",\"@id\":\"https:\\\/\\\/www.encontrafeiradesantana.com.br\\\/sobre\\\/defesa-civil-monitora-pontos-criticos-durante-periodo-de-chuvas-em-feira-de-santana\\\/#mainImage\",\"width\":320,\"height\":280,\"caption\":\"Defesa Civil Feira de Santana\"},\"primaryImageOfPage\":{\"@id\":\"https:\\\/\\\/www.encontrafeiradesantana.com.br\\\/sobre\\\/defesa-civil-monitora-pontos-criticos-durante-periodo-de-chuvas-em-feira-de-santana\\\/#mainImage\"},\"datePublished\":\"2025-11-10T10:02:00-03:00\",\"dateModified\":\"2025-11-10T10:02:00-03:00\"},{\"@type\":\"WebSite\",\"@id\":\"https:\\\/\\\/www.encontrafeiradesantana.com.br\\\/sobre\\\/#website\",\"url\":\"https:\\\/\\\/www.encontrafeiradesantana.com.br\\\/sobre\\\/\",\"name\":\"Encontra Feira de Santana\",\"description\":\"Not\\u00edcias, eventos, informa\\u00e7\\u00f5es e dicas na cidade Feira de Santana e regi\\u00e3o.\",\"inLanguage\":\"pt-BR\",\"publisher\":{\"@id\":\"https:\\\/\\\/www.encontrafeiradesantana.com.br\\\/sobre\\\/#organization\"}}]}\n\t\t<\/script>\n\t\t<!-- All in One SEO -->\n\n","aioseo_head_json":{"title":"Defesa Civil monitora pontos cr\u00edticos durante per\u00edodo de chuvas em Feira de Santana | Encontra Feira de Santana","description":"Defesa Civil monitora e garante seguran\u00e7a em Feira de Santana durante chuvas.","canonical_url":"https:\/\/www.encontrafeiradesantana.com.br\/sobre\/defesa-civil-monitora-pontos-criticos-durante-periodo-de-chuvas-em-feira-de-santana\/","robots":"max-image-preview:large","keywords":"","webmasterTools":{"miscellaneous":""},"schema":{"@context":"https:\/\/schema.org","@graph":[{"@type":"Article","@id":"https:\/\/www.encontrafeiradesantana.com.br\/sobre\/defesa-civil-monitora-pontos-criticos-durante-periodo-de-chuvas-em-feira-de-santana\/#article","name":"Defesa Civil monitora pontos cr\u00edticos durante per\u00edodo de chuvas em Feira de Santana | Encontra Feira de Santana","headline":"Defesa Civil monitora pontos cr\u00edticos durante per\u00edodo de chuvas em Feira de Santana","author":{"@id":"https:\/\/www.encontrafeiradesantana.com.br\/sobre\/author\/efeiradesantana\/#author"},"publisher":{"@id":"https:\/\/www.encontrafeiradesantana.com.br\/sobre\/#organization"},"image":{"@type":"ImageObject","url":"https:\/\/www.encontrafeiradesantana.com.br\/sobre\/wp-content\/uploads\/2025\/11\/defesa-civil-monitora-pontos-criticos-durante-periodo-de-chuvas-em-feira-de-santana.webp","width":320,"height":280,"caption":"Defesa Civil Feira de Santana"},"datePublished":"2025-11-10T10:02:00-03:00","dateModified":"2025-11-10T10:02:00-03:00","inLanguage":"pt-BR","mainEntityOfPage":{"@id":"https:\/\/www.encontrafeiradesantana.com.br\/sobre\/defesa-civil-monitora-pontos-criticos-durante-periodo-de-chuvas-em-feira-de-santana\/#webpage"},"isPartOf":{"@id":"https:\/\/www.encontrafeiradesantana.com.br\/sobre\/defesa-civil-monitora-pontos-criticos-durante-periodo-de-chuvas-em-feira-de-santana\/#webpage"},"articleSection":"Not\u00edcias Feira de Santana"},{"@type":"BreadcrumbList","@id":"https:\/\/www.encontrafeiradesantana.com.br\/sobre\/defesa-civil-monitora-pontos-criticos-durante-periodo-de-chuvas-em-feira-de-santana\/#breadcrumblist","itemListElement":[{"@type":"ListItem","@id":"https:\/\/www.encontrafeiradesantana.com.br\/sobre#listItem","position":1,"name":"In\u00edcio","item":"https:\/\/www.encontrafeiradesantana.com.br\/sobre","nextItem":{"@type":"ListItem","@id":"https:\/\/www.encontrafeiradesantana.com.br\/sobre\/noticias-em-feira-de-santana\/#listItem","name":"Not\u00edcias Feira de Santana"}},{"@type":"ListItem","@id":"https:\/\/www.encontrafeiradesantana.com.br\/sobre\/noticias-em-feira-de-santana\/#listItem","position":2,"name":"Not\u00edcias Feira de Santana","item":"https:\/\/www.encontrafeiradesantana.com.br\/sobre\/noticias-em-feira-de-santana\/","nextItem":{"@type":"ListItem","@id":"https:\/\/www.encontrafeiradesantana.com.br\/sobre\/defesa-civil-monitora-pontos-criticos-durante-periodo-de-chuvas-em-feira-de-santana\/#listItem","name":"Defesa Civil monitora pontos cr\u00edticos durante per\u00edodo de chuvas em Feira de Santana"},"previousItem":{"@type":"ListItem","@id":"https:\/\/www.encontrafeiradesantana.com.br\/sobre#listItem","name":"In\u00edcio"}},{"@type":"ListItem","@id":"https:\/\/www.encontrafeiradesantana.com.br\/sobre\/defesa-civil-monitora-pontos-criticos-durante-periodo-de-chuvas-em-feira-de-santana\/#listItem","position":3,"name":"Defesa Civil monitora pontos cr\u00edticos durante per\u00edodo de chuvas em Feira de Santana","previousItem":{"@type":"ListItem","@id":"https:\/\/www.encontrafeiradesantana.com.br\/sobre\/noticias-em-feira-de-santana\/#listItem","name":"Not\u00edcias Feira de Santana"}}]},{"@type":"Organization","@id":"https:\/\/www.encontrafeiradesantana.com.br\/sobre\/#organization","name":"Encontra Feira de Santana","description":"Not\u00edcias, eventos, informa\u00e7\u00f5es e dicas na cidade Feira de Santana e regi\u00e3o.","url":"https:\/\/www.encontrafeiradesantana.com.br\/sobre\/"},{"@type":"Person","@id":"https:\/\/www.encontrafeiradesantana.com.br\/sobre\/author\/efeiradesantana\/#author","url":"https:\/\/www.encontrafeiradesantana.com.br\/sobre\/author\/efeiradesantana\/","name":"Encontra Feira de Santana","image":{"@type":"ImageObject","@id":"https:\/\/www.encontrafeiradesantana.com.br\/sobre\/defesa-civil-monitora-pontos-criticos-durante-periodo-de-chuvas-em-feira-de-santana\/#authorImage","url":"https:\/\/secure.gravatar.com\/avatar\/507340682b8270222e1f208e23198b6ae7e2c6a1033ae84e99bc6bce4f82a387?s=96&d=mm&r=g","width":96,"height":96,"caption":"Encontra Feira de Santana"}},{"@type":"WebPage","@id":"https:\/\/www.encontrafeiradesantana.com.br\/sobre\/defesa-civil-monitora-pontos-criticos-durante-periodo-de-chuvas-em-feira-de-santana\/#webpage","url":"https:\/\/www.encontrafeiradesantana.com.br\/sobre\/defesa-civil-monitora-pontos-criticos-durante-periodo-de-chuvas-em-feira-de-santana\/","name":"Defesa Civil monitora pontos cr\u00edticos durante per\u00edodo de chuvas em Feira de Santana | Encontra Feira de Santana","description":"Defesa Civil monitora e garante seguran\u00e7a em Feira de Santana durante chuvas.","inLanguage":"pt-BR","isPartOf":{"@id":"https:\/\/www.encontrafeiradesantana.com.br\/sobre\/#website"},"breadcrumb":{"@id":"https:\/\/www.encontrafeiradesantana.com.br\/sobre\/defesa-civil-monitora-pontos-criticos-durante-periodo-de-chuvas-em-feira-de-santana\/#breadcrumblist"},"author":{"@id":"https:\/\/www.encontrafeiradesantana.com.br\/sobre\/author\/efeiradesantana\/#author"},"creator":{"@id":"https:\/\/www.encontrafeiradesantana.com.br\/sobre\/author\/efeiradesantana\/#author"},"image":{"@type":"ImageObject","url":"https:\/\/www.encontrafeiradesantana.com.br\/sobre\/wp-content\/uploads\/2025\/11\/defesa-civil-monitora-pontos-criticos-durante-periodo-de-chuvas-em-feira-de-santana.webp","@id":"https:\/\/www.encontrafeiradesantana.com.br\/sobre\/defesa-civil-monitora-pontos-criticos-durante-periodo-de-chuvas-em-feira-de-santana\/#mainImage","width":320,"height":280,"caption":"Defesa Civil Feira de Santana"},"primaryImageOfPage":{"@id":"https:\/\/www.encontrafeiradesantana.com.br\/sobre\/defesa-civil-monitora-pontos-criticos-durante-periodo-de-chuvas-em-feira-de-santana\/#mainImage"},"datePublished":"2025-11-10T10:02:00-03:00","dateModified":"2025-11-10T10:02:00-03:00"},{"@type":"WebSite","@id":"https:\/\/www.encontrafeiradesantana.com.br\/sobre\/#website","url":"https:\/\/www.encontrafeiradesantana.com.br\/sobre\/","name":"Encontra Feira de Santana","description":"Not\u00edcias, eventos, informa\u00e7\u00f5es e dicas na cidade Feira de Santana e regi\u00e3o.","inLanguage":"pt-BR","publisher":{"@id":"https:\/\/www.encontrafeiradesantana.com.br\/sobre\/#organization"}}]},"og:locale":"pt_BR","og:site_name":"Encontra Feira de Santana | Not\u00edcias, eventos, informa\u00e7\u00f5es e dicas na cidade Feira de Santana e regi\u00e3o.","og:type":"article","og:title":"Defesa Civil monitora pontos cr\u00edticos durante per\u00edodo de chuvas em Feira de Santana | Encontra Feira de Santana","og:description":"Defesa Civil monitora e garante seguran\u00e7a em Feira de Santana durante chuvas.","og:url":"https:\/\/www.encontrafeiradesantana.com.br\/sobre\/defesa-civil-monitora-pontos-criticos-durante-periodo-de-chuvas-em-feira-de-santana\/","article:published_time":"2025-11-10T13:02:00+00:00","article:modified_time":"2025-11-10T13:02:00+00:00","twitter:card":"summary","twitter:title":"Defesa Civil monitora pontos cr\u00edticos durante per\u00edodo de chuvas em Feira de Santana | Encontra Feira de Santana","twitter:description":"Defesa Civil monitora e garante seguran\u00e7a em Feira de Santana durante chuvas."},"aioseo_meta_data":{"post_id":"1173","title":null,"description":null,"keywords":null,"keyphrases":null,"primary_term":null,"canonical_url":null,"og_title":null,"og_description":null,"og_object_type":"default","og_image_type":"default","og_image_url":null,"og_image_width":null,"og_image_height":null,"og_image_custom_url":null,"og_image_custom_fields":null,"og_video":null,"og_custom_url":null,"og_article_section":null,"og_article_tags":null,"twitter_use_og":false,"twitter_card":"default","twitter_image_type":"default","twitter_image_url":null,"twitter_image_custom_url":null,"twitter_image_custom_fields":null,"twitter_title":null,"twitter_description":null,"schema":{"blockGraphs":[],"customGraphs":[],"default":{"data":{"Article":[],"Course":[],"Dataset":[],"FAQPage":[],"Movie":[],"Person":[],"Product":[],"ProductReview":[],"Car":[],"Recipe":[],"Service":[],"SoftwareApplication":[],"WebPage":[]},"graphName":"Article","isEnabled":true},"graphs":[]},"schema_type":"default","schema_type_options":null,"pillar_content":false,"robots_default":true,"robots_noindex":false,"robots_noarchive":false,"robots_nosnippet":false,"robots_nofollow":false,"robots_noimageindex":false,"robots_noodp":false,"robots_notranslate":false,"robots_max_snippet":null,"robots_max_videopreview":null,"robots_max_imagepreview":"large","priority":null,"frequency":null,"local_seo":null,"breadcrumb_settings":null,"limit_modified_date":false,"ai":null,"created":"2025-11-11 11:06:22","updated":"2025-11-11 11:19:34","focus_keyword":null,"additional_keywords":null,"truseo_locale":null,"seo_analyzer_scan_date":null},"aioseo_breadcrumb":"<div class=\"aioseo-breadcrumbs\"><span class=\"aioseo-breadcrumb\">\n\t\t\t<a href=\"https:\/\/www.encontrafeiradesantana.com.br\/sobre\" title=\"In\u00edcio\">In\u00edcio<\/a>\n\t\t<\/span><span class=\"aioseo-breadcrumb-separator\">&raquo;<\/span><span class=\"aioseo-breadcrumb\">\n\t\t\t<a href=\"https:\/\/www.encontrafeiradesantana.com.br\/sobre\/noticias-em-feira-de-santana\/\" title=\"Not\u00edcias Feira de Santana\">Not\u00edcias Feira de Santana<\/a>\n\t\t<\/span><span class=\"aioseo-breadcrumb-separator\">&raquo;<\/span><span class=\"aioseo-breadcrumb\">\n\t\t\tDefesa Civil monitora pontos cr\u00edticos durante per\u00edodo de chuvas em Feira de Santana\n\t\t<\/span><\/div>","aioseo_breadcrumb_json":[{"label":"In\u00edcio","link":"https:\/\/www.encontrafeiradesantana.com.br\/sobre"},{"label":"Not\u00edcias Feira de Santana","link":"https:\/\/www.encontrafeiradesantana.com.br\/sobre\/noticias-em-feira-de-santana\/"},{"label":"Defesa Civil monitora pontos cr\u00edticos durante per\u00edodo de chuvas em Feira de Santana","link":"https:\/\/www.encontrafeiradesantana.com.br\/sobre\/defesa-civil-monitora-pontos-criticos-durante-periodo-de-chuvas-em-feira-de-santana\/"}],"_links":{"self":[{"href":"https:\/\/www.encontrafeiradesantana.com.br\/sobre\/wp-json\/wp\/v2\/posts\/1173","targetHints":{"allow":["GET"]}}],"collection":[{"href":"https:\/\/www.encontrafeiradesantana.com.br\/sobre\/wp-json\/wp\/v2\/posts"}],"about":[{"href":"https:\/\/www.encontrafeiradesantana.com.br\/sobre\/wp-json\/wp\/v2\/types\/post"}],"author":[{"embeddable":true,"href":"https:\/\/www.encontrafeiradesantana.com.br\/sobre\/wp-json\/wp\/v2\/users\/1"}],"replies":[{"embeddable":true,"href":"https:\/\/www.encontrafeiradesantana.com.br\/sobre\/wp-json\/wp\/v2\/comments?post=1173"}],"version-history":[{"count":0,"href":"https:\/\/www.encontrafeiradesantana.com.br\/sobre\/wp-json\/wp\/v2\/posts\/1173\/revisions"}],"wp:featuredmedia":[{"embeddable":true,"href":"https:\/\/www.encontrafeiradesantana.com.br\/sobre\/wp-json\/wp\/v2\/media\/1172"}],"wp:attachment":[{"href":"https:\/\/www.encontrafeiradesantana.com.br\/sobre\/wp-json\/wp\/v2\/media?parent=1173"}],"wp:term":[{"taxonomy":"category","embeddable":true,"href":"https:\/\/www.encontrafeiradesantana.com.br\/sobre\/wp-json\/wp\/v2\/categories?post=1173"},{"taxonomy":"post_tag","embeddable":true,"href":"https:\/\/www.encontrafeiradesantana.com.br\/sobre\/wp-json\/wp\/v2\/tags?post=1173"}],"curies":[{"name":"wp","href":"https:\/\/api.w.org\/{rel}","templated":true}]}}