{"id":1163,"date":"2025-11-08T12:37:00","date_gmt":"2025-11-08T15:37:00","guid":{"rendered":"https:\/\/www.encontrafeiradesantana.com.br\/sobre\/matinha-ganha-moderna-sede-de-pelotao-da-pm-cedida-pela-prefeitura-de-feira\/"},"modified":"2025-11-08T12:37:00","modified_gmt":"2025-11-08T15:37:00","slug":"matinha-ganha-moderna-sede-de-pelotao-da-pm-cedida-pela-prefeitura-de-feira","status":"publish","type":"post","link":"https:\/\/www.encontrafeiradesantana.com.br\/sobre\/matinha-ganha-moderna-sede-de-pelotao-da-pm-cedida-pela-prefeitura-de-feira\/","title":{"rendered":"Matinha ganha moderna sede de Pelot\u00e3o da PM cedida pela Prefeitura de Feira"},"content":{"rendered":"<div class=\"3f468104ad11f00a3c9ac948316f4265\" data-index=\"1\" style=\"float: none; margin:0px;\">\n<ins class=\"adsbygoogle\"\r\n     style=\"display:block\"\r\n     data-ad-client=\"ca-pub-8585364105181520\"\r\n     data-ad-slot=\"8789329856\"\r\n     data-ad-format=\"auto\"\r\n     data-full-width-responsive=\"true\"><\/ins>\r\n<script>\r\n     (adsbygoogle = window.adsbygoogle || []).push({});\r\n<\/script>\r\n\n<\/div>\n<h2>Inaugura\u00e7\u00e3o da nova sede do Pelot\u00e3o da PM<\/h2>\n<p>No \u00faltimo s\u00e1bado, a comunidade de Matinha comemorou a inaugura\u00e7\u00e3o da nova sede do Pelot\u00e3o da Pol\u00edcia Militar. O evento foi marcado por uma cerim\u00f4nia solene, que reuniu autoridades locais, representantes da PM e cidad\u00e3os interessados em acompanhar este importante momento para a seguran\u00e7a p\u00fablica na regi\u00e3o. A nova estrutura foi projetada com recursos modernos para atender eficientemente as demandas de seguran\u00e7a da popula\u00e7\u00e3o.<\/p>\n<h2>Compromisso com a seguran\u00e7a p\u00fablica<\/h2>\n<p>A nova sede representa um compromisso renovado da Pol\u00edcia Militar e do governo municipal com a seguran\u00e7a p\u00fablica em Matinha. <strong>O investimento em infraestrutura<\/strong> demonstra a seriedade na luta contra a criminalidade e a vontade de proporcionar um ambiente seguro para todos os cidad\u00e3os. Com mais recursos e equipamentos, os policiais poder\u00e3o atuar de maneira mais \u00e1gil e eficiente, aumentando a sensa\u00e7\u00e3o de seguran\u00e7a na comunidade.<\/p>\n<h2>Coment\u00e1rios do prefeito Jos\u00e9 Ronaldo<\/h2>\n<p>O prefeito Jos\u00e9 Ronaldo fez um discurso emocionante durante a inaugura\u00e7\u00e3o, afirmando que a nova sede \u00e9 um marco na hist\u00f3ria de Matinha. <em>\u201cEstamos comprometidos com a seguran\u00e7a de nossa popula\u00e7\u00e3o e, com esta nova sede, damos um passo significativo na dire\u00e7\u00e3o de uma cidade mais segura e tranquila\u201d<\/em>, disse o prefeito. Ele destacou a import\u00e2ncia da presen\u00e7a da Pol\u00edcia Militar e como a colabora\u00e7\u00e3o entre a popula\u00e7\u00e3o e a pol\u00edcia \u00e9 essencial para o sucesso das a\u00e7\u00f5es de seguran\u00e7a.<\/p>\n<h2>A presen\u00e7a da PM em Matinha<\/h2>\n<p>A nova sede traz um simbolismo forte para a presen\u00e7a da PM em Matinha. A localiza\u00e7\u00e3o estrat\u00e9gica permite um atendimento mais r\u00e1pido e eficiente \u00e0s ocorr\u00eancias na regi\u00e3o. Al\u00e9m disso, a proximidade com a comunidade fomenta uma rela\u00e7\u00e3o de confian\u00e7a m\u00fatua entre os cidad\u00e3os e os policiais. <strong>Com programas de policiamento comunit\u00e1rio<\/strong>, espera-se uma maior integra\u00e7\u00e3o, al\u00e9m de a\u00e7\u00f5es de preven\u00e7\u00e3o e orienta\u00e7\u00e3o para os moradores.<\/p>\n<h2>Import\u00e2ncia da parceria entre governo e PM<\/h2>\n<p>A parceria entre o governo municipal e a Pol\u00edcia Militar \u00e9 fundamental para o fortalecimento da seguran\u00e7a p\u00fablica. O apoio financeiro e log\u00edstico \u00e9 vital para a manuten\u00e7\u00e3o e evolu\u00e7\u00e3o das a\u00e7\u00f5es de policiamento e preven\u00e7\u00e3o. <strong>Projetos conjuntos<\/strong> devem ser elaborados para atender \u00e0s reais necessidades da comunidade, promovendo um ambiente seguro e saud\u00e1vel para todos.<\/p>\n<h2>Apoio do Comando de Policiamento Regional Leste<\/h2>\n<p>O Comando de Policiamento Regional Leste tamb\u00e9m foi presente na inaugura\u00e7\u00e3o e expressou seu apoio \u00e0 nova sede. O tenente-coronel respons\u00e1vel disse que a estrutura moderniza a atua\u00e7\u00e3o da PM na regi\u00e3o e traz mais efic\u00e1cia no combate ao crime. Ele ressaltou que <em>\u201cUm pelot\u00e3o bem estruturado e com condi\u00e7\u00f5es adequadas de trabalho garante uma atua\u00e7\u00e3o mais proativa da pol\u00edcia\u201d<\/em>, o que sem d\u00favida beneficia a comunidade local.<\/p>\n<h2>Expectativas da comunidade local<\/h2>\n<p>A comunidade de Matinha est\u00e1 ansiosa e otimista em rela\u00e7\u00e3o a esta nova fase da seguran\u00e7a p\u00fablica. Moradores expressaram suas expectativas de um policiamento mais presente e atuante. <strong>\u201cEsperamos por respostas r\u00e1pidas e efetivas da PM em caso de qualquer incidente\u201d<\/strong>, disse uma moradora. As expectativas s\u00e3o altas, e muitos acreditam que a nova sede ser\u00e1 um divisor de \u00e1guas no controle da criminalidade.<\/p>\n<h2>Pr\u00f3ximas melhorias na seguran\u00e7a p\u00fablica<\/h2>\n<p>Com a inaugura\u00e7\u00e3o dessa nova sede, est\u00e3o previstas diversas melhorias nos servi\u00e7os oferecidos \u00e0 comunidade. Entre elas est\u00e3o a amplia\u00e7\u00e3o dos hor\u00e1rios de atendimento, mais efetivos nas ruas e a realiza\u00e7\u00e3o de campanhas educativas sobre seguran\u00e7a. <strong>A capacita\u00e7\u00e3o cont\u00ednua dos policiais<\/strong> tamb\u00e9m ser\u00e1 uma prioridade, garantindo que eles estejam sempre atualizados sobre as melhores pr\u00e1ticas de policiamento.<\/p>\n<h2>Reconhecimento aos servi\u00e7os prestados pelos veteranos<\/h2>\n<p>A cerim\u00f4nia de inaugura\u00e7\u00e3o tamb\u00e9m foi um momento de homenagem aos veteranos da Pol\u00edcia Militar que contribu\u00edram significativamente para a seguran\u00e7a em Matinha. O prefeito e outros representantes do governo destacaram a import\u00e2ncia da experi\u00eancia e do conhecimento acumulado por esses profissionais ao longo dos anos. <strong>\u201cVoc\u00eas s\u00e3o exemplos para as novas gera\u00e7\u00f5es de policiais\u201d<\/strong>, afirmou o prefeito durante a cerim\u00f4nia.<\/p>\n<h2>Perspectivas para o futuro da seguran\u00e7a em Matinha<\/h2>\n<p>As perspectivas para o futuro da seguran\u00e7a em Matinha s\u00e3o encorajadoras. Com a nova sede e o fortalecimento das parcerias, a comunidade pode esperar um aumento nas a\u00e7\u00f5es de policiamento e uma diminui\u00e7\u00e3o nos \u00edndices de criminalidade. <strong>As iniciativas de integra\u00e7\u00e3o entre os pol\u00edcias e os cidad\u00e3os<\/strong> tamb\u00e9m prometem criar um ambiente mais harmonioso e colaborativo, onde todos trabalham em prol de uma cidade mais segura.<\/p>\n\n<div style=\"font-size: 0px; height: 0px; line-height: 0px; margin: 0; padding: 0; clear: both;\"><\/div>","protected":false},"excerpt":{"rendered":"<p>Matinha avan\u00e7a ao ganhar uma nova sede de Pelot\u00e3o da PM! Confira todos os detalhes.<\/p>\n","protected":false},"author":1,"featured_media":1162,"comment_status":"open","ping_status":"closed","sticky":false,"template":"","format":"standard","meta":{"footnotes":""},"categories":[6],"tags":[],"class_list":["post-1163","post","type-post","status-publish","format-standard","has-post-thumbnail","hentry","category-noticias-em-feira-de-santana","has_thumb"],"aioseo_notices":[],"aioseo_head":"\n\t\t<!-- All in One SEO 5.0.0.1 - aioseo.com -->\n\t<meta name=\"description\" content=\"Matinha avan\u00e7a ao ganhar uma nova sede de Pelot\u00e3o da PM! Confira todos os detalhes.\" \/>\n\t<meta name=\"robots\" content=\"max-image-preview:large\" \/>\n\t<meta name=\"author\" content=\"Encontra Feira de Santana\"\/>\n\t<link rel=\"canonical\" href=\"https:\/\/www.encontrafeiradesantana.com.br\/sobre\/matinha-ganha-moderna-sede-de-pelotao-da-pm-cedida-pela-prefeitura-de-feira\/\" \/>\n\t<meta name=\"generator\" content=\"All in One SEO (AIOSEO) 5.0.0.1\" \/>\n\t\t<meta property=\"og:locale\" content=\"pt_BR\" \/>\n\t\t<meta property=\"og:site_name\" content=\"Encontra Feira de Santana | Not\u00edcias, eventos, informa\u00e7\u00f5es e dicas na cidade Feira de Santana e regi\u00e3o.\" \/>\n\t\t<meta property=\"og:type\" content=\"article\" \/>\n\t\t<meta property=\"og:title\" content=\"Matinha ganha moderna sede de Pelot\u00e3o da PM cedida pela Prefeitura de Feira | Encontra Feira de Santana\" \/>\n\t\t<meta property=\"og:description\" content=\"Matinha avan\u00e7a ao ganhar uma nova sede de Pelot\u00e3o da PM! Confira todos os detalhes.\" \/>\n\t\t<meta property=\"og:url\" content=\"https:\/\/www.encontrafeiradesantana.com.br\/sobre\/matinha-ganha-moderna-sede-de-pelotao-da-pm-cedida-pela-prefeitura-de-feira\/\" \/>\n\t\t<meta property=\"article:published_time\" content=\"2025-11-08T15:37:00+00:00\" \/>\n\t\t<meta property=\"article:modified_time\" content=\"2025-11-08T15:37:00+00:00\" \/>\n\t\t<meta name=\"twitter:card\" content=\"summary\" \/>\n\t\t<meta name=\"twitter:title\" content=\"Matinha ganha moderna sede de Pelot\u00e3o da PM cedida pela Prefeitura de Feira | Encontra Feira de Santana\" \/>\n\t\t<meta name=\"twitter:description\" content=\"Matinha avan\u00e7a ao ganhar uma nova sede de Pelot\u00e3o da PM! Confira todos os detalhes.\" \/>\n\t\t<script type=\"application\/ld+json\" class=\"aioseo-schema\">\n\t\t\t{\"@context\":\"https:\\\/\\\/schema.org\",\"@graph\":[{\"@type\":\"Article\",\"@id\":\"https:\\\/\\\/www.encontrafeiradesantana.com.br\\\/sobre\\\/matinha-ganha-moderna-sede-de-pelotao-da-pm-cedida-pela-prefeitura-de-feira\\\/#article\",\"name\":\"Matinha ganha moderna sede de Pelot\\u00e3o da PM cedida pela Prefeitura de Feira | Encontra Feira de Santana\",\"headline\":\"Matinha ganha moderna sede de Pelot\\u00e3o da PM cedida pela Prefeitura de Feira\",\"author\":{\"@id\":\"https:\\\/\\\/www.encontrafeiradesantana.com.br\\\/sobre\\\/author\\\/efeiradesantana\\\/#author\"},\"publisher\":{\"@id\":\"https:\\\/\\\/www.encontrafeiradesantana.com.br\\\/sobre\\\/#organization\"},\"image\":{\"@type\":\"ImageObject\",\"url\":\"https:\\\/\\\/www.encontrafeiradesantana.com.br\\\/sobre\\\/wp-content\\\/uploads\\\/2025\\\/11\\\/matinha-ganha-moderna-sede-de-pelotao-da-pm-cedida-pela-prefeitura-de-feira.webp\",\"width\":320,\"height\":280,\"caption\":\"nova sede de Pelot\\u00e3o da PM em Matinha\"},\"datePublished\":\"2025-11-08T12:37:00-03:00\",\"dateModified\":\"2025-11-08T12:37:00-03:00\",\"inLanguage\":\"pt-BR\",\"mainEntityOfPage\":{\"@id\":\"https:\\\/\\\/www.encontrafeiradesantana.com.br\\\/sobre\\\/matinha-ganha-moderna-sede-de-pelotao-da-pm-cedida-pela-prefeitura-de-feira\\\/#webpage\"},\"isPartOf\":{\"@id\":\"https:\\\/\\\/www.encontrafeiradesantana.com.br\\\/sobre\\\/matinha-ganha-moderna-sede-de-pelotao-da-pm-cedida-pela-prefeitura-de-feira\\\/#webpage\"},\"articleSection\":\"Not\\u00edcias Feira de Santana\"},{\"@type\":\"BreadcrumbList\",\"@id\":\"https:\\\/\\\/www.encontrafeiradesantana.com.br\\\/sobre\\\/matinha-ganha-moderna-sede-de-pelotao-da-pm-cedida-pela-prefeitura-de-feira\\\/#breadcrumblist\",\"itemListElement\":[{\"@type\":\"ListItem\",\"@id\":\"https:\\\/\\\/www.encontrafeiradesantana.com.br\\\/sobre#listItem\",\"position\":1,\"name\":\"In\\u00edcio\",\"item\":\"https:\\\/\\\/www.encontrafeiradesantana.com.br\\\/sobre\",\"nextItem\":{\"@type\":\"ListItem\",\"@id\":\"https:\\\/\\\/www.encontrafeiradesantana.com.br\\\/sobre\\\/noticias-em-feira-de-santana\\\/#listItem\",\"name\":\"Not\\u00edcias Feira de Santana\"}},{\"@type\":\"ListItem\",\"@id\":\"https:\\\/\\\/www.encontrafeiradesantana.com.br\\\/sobre\\\/noticias-em-feira-de-santana\\\/#listItem\",\"position\":2,\"name\":\"Not\\u00edcias Feira de Santana\",\"item\":\"https:\\\/\\\/www.encontrafeiradesantana.com.br\\\/sobre\\\/noticias-em-feira-de-santana\\\/\",\"nextItem\":{\"@type\":\"ListItem\",\"@id\":\"https:\\\/\\\/www.encontrafeiradesantana.com.br\\\/sobre\\\/matinha-ganha-moderna-sede-de-pelotao-da-pm-cedida-pela-prefeitura-de-feira\\\/#listItem\",\"name\":\"Matinha ganha moderna sede de Pelot\\u00e3o da PM cedida pela Prefeitura de Feira\"},\"previousItem\":{\"@type\":\"ListItem\",\"@id\":\"https:\\\/\\\/www.encontrafeiradesantana.com.br\\\/sobre#listItem\",\"name\":\"In\\u00edcio\"}},{\"@type\":\"ListItem\",\"@id\":\"https:\\\/\\\/www.encontrafeiradesantana.com.br\\\/sobre\\\/matinha-ganha-moderna-sede-de-pelotao-da-pm-cedida-pela-prefeitura-de-feira\\\/#listItem\",\"position\":3,\"name\":\"Matinha ganha moderna sede de Pelot\\u00e3o da PM cedida pela Prefeitura de Feira\",\"previousItem\":{\"@type\":\"ListItem\",\"@id\":\"https:\\\/\\\/www.encontrafeiradesantana.com.br\\\/sobre\\\/noticias-em-feira-de-santana\\\/#listItem\",\"name\":\"Not\\u00edcias Feira de Santana\"}}]},{\"@type\":\"Organization\",\"@id\":\"https:\\\/\\\/www.encontrafeiradesantana.com.br\\\/sobre\\\/#organization\",\"name\":\"Encontra Feira de Santana\",\"description\":\"Not\\u00edcias, eventos, informa\\u00e7\\u00f5es e dicas na cidade Feira de Santana e regi\\u00e3o.\",\"url\":\"https:\\\/\\\/www.encontrafeiradesantana.com.br\\\/sobre\\\/\"},{\"@type\":\"Person\",\"@id\":\"https:\\\/\\\/www.encontrafeiradesantana.com.br\\\/sobre\\\/author\\\/efeiradesantana\\\/#author\",\"url\":\"https:\\\/\\\/www.encontrafeiradesantana.com.br\\\/sobre\\\/author\\\/efeiradesantana\\\/\",\"name\":\"Encontra Feira de Santana\",\"image\":{\"@type\":\"ImageObject\",\"@id\":\"https:\\\/\\\/www.encontrafeiradesantana.com.br\\\/sobre\\\/matinha-ganha-moderna-sede-de-pelotao-da-pm-cedida-pela-prefeitura-de-feira\\\/#authorImage\",\"url\":\"https:\\\/\\\/secure.gravatar.com\\\/avatar\\\/507340682b8270222e1f208e23198b6ae7e2c6a1033ae84e99bc6bce4f82a387?s=96&d=mm&r=g\",\"width\":96,\"height\":96,\"caption\":\"Encontra Feira de Santana\"}},{\"@type\":\"WebPage\",\"@id\":\"https:\\\/\\\/www.encontrafeiradesantana.com.br\\\/sobre\\\/matinha-ganha-moderna-sede-de-pelotao-da-pm-cedida-pela-prefeitura-de-feira\\\/#webpage\",\"url\":\"https:\\\/\\\/www.encontrafeiradesantana.com.br\\\/sobre\\\/matinha-ganha-moderna-sede-de-pelotao-da-pm-cedida-pela-prefeitura-de-feira\\\/\",\"name\":\"Matinha ganha moderna sede de Pelot\\u00e3o da PM cedida pela Prefeitura de Feira | Encontra Feira de Santana\",\"description\":\"Matinha avan\\u00e7a ao ganhar uma nova sede de Pelot\\u00e3o da PM! Confira todos os detalhes.\",\"inLanguage\":\"pt-BR\",\"isPartOf\":{\"@id\":\"https:\\\/\\\/www.encontrafeiradesantana.com.br\\\/sobre\\\/#website\"},\"breadcrumb\":{\"@id\":\"https:\\\/\\\/www.encontrafeiradesantana.com.br\\\/sobre\\\/matinha-ganha-moderna-sede-de-pelotao-da-pm-cedida-pela-prefeitura-de-feira\\\/#breadcrumblist\"},\"author\":{\"@id\":\"https:\\\/\\\/www.encontrafeiradesantana.com.br\\\/sobre\\\/author\\\/efeiradesantana\\\/#author\"},\"creator\":{\"@id\":\"https:\\\/\\\/www.encontrafeiradesantana.com.br\\\/sobre\\\/author\\\/efeiradesantana\\\/#author\"},\"image\":{\"@type\":\"ImageObject\",\"url\":\"https:\\\/\\\/www.encontrafeiradesantana.com.br\\\/sobre\\\/wp-content\\\/uploads\\\/2025\\\/11\\\/matinha-ganha-moderna-sede-de-pelotao-da-pm-cedida-pela-prefeitura-de-feira.webp\",\"@id\":\"https:\\\/\\\/www.encontrafeiradesantana.com.br\\\/sobre\\\/matinha-ganha-moderna-sede-de-pelotao-da-pm-cedida-pela-prefeitura-de-feira\\\/#mainImage\",\"width\":320,\"height\":280,\"caption\":\"nova sede de Pelot\\u00e3o da PM em Matinha\"},\"primaryImageOfPage\":{\"@id\":\"https:\\\/\\\/www.encontrafeiradesantana.com.br\\\/sobre\\\/matinha-ganha-moderna-sede-de-pelotao-da-pm-cedida-pela-prefeitura-de-feira\\\/#mainImage\"},\"datePublished\":\"2025-11-08T12:37:00-03:00\",\"dateModified\":\"2025-11-08T12:37:00-03:00\"},{\"@type\":\"WebSite\",\"@id\":\"https:\\\/\\\/www.encontrafeiradesantana.com.br\\\/sobre\\\/#website\",\"url\":\"https:\\\/\\\/www.encontrafeiradesantana.com.br\\\/sobre\\\/\",\"name\":\"Encontra Feira de Santana\",\"description\":\"Not\\u00edcias, eventos, informa\\u00e7\\u00f5es e dicas na cidade Feira de Santana e regi\\u00e3o.\",\"inLanguage\":\"pt-BR\",\"publisher\":{\"@id\":\"https:\\\/\\\/www.encontrafeiradesantana.com.br\\\/sobre\\\/#organization\"}}]}\n\t\t<\/script>\n\t\t<!-- All in One SEO -->\n\n","aioseo_head_json":{"title":"Matinha ganha moderna sede de Pelot\u00e3o da PM cedida pela Prefeitura de Feira | Encontra Feira de Santana","description":"Matinha avan\u00e7a ao ganhar uma nova sede de Pelot\u00e3o da PM! Confira todos os detalhes.","canonical_url":"https:\/\/www.encontrafeiradesantana.com.br\/sobre\/matinha-ganha-moderna-sede-de-pelotao-da-pm-cedida-pela-prefeitura-de-feira\/","robots":"max-image-preview:large","keywords":"","webmasterTools":{"miscellaneous":""},"schema":{"@context":"https:\/\/schema.org","@graph":[{"@type":"Article","@id":"https:\/\/www.encontrafeiradesantana.com.br\/sobre\/matinha-ganha-moderna-sede-de-pelotao-da-pm-cedida-pela-prefeitura-de-feira\/#article","name":"Matinha ganha moderna sede de Pelot\u00e3o da PM cedida pela Prefeitura de Feira | Encontra Feira de Santana","headline":"Matinha ganha moderna sede de Pelot\u00e3o da PM cedida pela Prefeitura de Feira","author":{"@id":"https:\/\/www.encontrafeiradesantana.com.br\/sobre\/author\/efeiradesantana\/#author"},"publisher":{"@id":"https:\/\/www.encontrafeiradesantana.com.br\/sobre\/#organization"},"image":{"@type":"ImageObject","url":"https:\/\/www.encontrafeiradesantana.com.br\/sobre\/wp-content\/uploads\/2025\/11\/matinha-ganha-moderna-sede-de-pelotao-da-pm-cedida-pela-prefeitura-de-feira.webp","width":320,"height":280,"caption":"nova sede de Pelot\u00e3o da PM em Matinha"},"datePublished":"2025-11-08T12:37:00-03:00","dateModified":"2025-11-08T12:37:00-03:00","inLanguage":"pt-BR","mainEntityOfPage":{"@id":"https:\/\/www.encontrafeiradesantana.com.br\/sobre\/matinha-ganha-moderna-sede-de-pelotao-da-pm-cedida-pela-prefeitura-de-feira\/#webpage"},"isPartOf":{"@id":"https:\/\/www.encontrafeiradesantana.com.br\/sobre\/matinha-ganha-moderna-sede-de-pelotao-da-pm-cedida-pela-prefeitura-de-feira\/#webpage"},"articleSection":"Not\u00edcias Feira de Santana"},{"@type":"BreadcrumbList","@id":"https:\/\/www.encontrafeiradesantana.com.br\/sobre\/matinha-ganha-moderna-sede-de-pelotao-da-pm-cedida-pela-prefeitura-de-feira\/#breadcrumblist","itemListElement":[{"@type":"ListItem","@id":"https:\/\/www.encontrafeiradesantana.com.br\/sobre#listItem","position":1,"name":"In\u00edcio","item":"https:\/\/www.encontrafeiradesantana.com.br\/sobre","nextItem":{"@type":"ListItem","@id":"https:\/\/www.encontrafeiradesantana.com.br\/sobre\/noticias-em-feira-de-santana\/#listItem","name":"Not\u00edcias Feira de Santana"}},{"@type":"ListItem","@id":"https:\/\/www.encontrafeiradesantana.com.br\/sobre\/noticias-em-feira-de-santana\/#listItem","position":2,"name":"Not\u00edcias Feira de Santana","item":"https:\/\/www.encontrafeiradesantana.com.br\/sobre\/noticias-em-feira-de-santana\/","nextItem":{"@type":"ListItem","@id":"https:\/\/www.encontrafeiradesantana.com.br\/sobre\/matinha-ganha-moderna-sede-de-pelotao-da-pm-cedida-pela-prefeitura-de-feira\/#listItem","name":"Matinha ganha moderna sede de Pelot\u00e3o da PM cedida pela Prefeitura de Feira"},"previousItem":{"@type":"ListItem","@id":"https:\/\/www.encontrafeiradesantana.com.br\/sobre#listItem","name":"In\u00edcio"}},{"@type":"ListItem","@id":"https:\/\/www.encontrafeiradesantana.com.br\/sobre\/matinha-ganha-moderna-sede-de-pelotao-da-pm-cedida-pela-prefeitura-de-feira\/#listItem","position":3,"name":"Matinha ganha moderna sede de Pelot\u00e3o da PM cedida pela Prefeitura de Feira","previousItem":{"@type":"ListItem","@id":"https:\/\/www.encontrafeiradesantana.com.br\/sobre\/noticias-em-feira-de-santana\/#listItem","name":"Not\u00edcias Feira de Santana"}}]},{"@type":"Organization","@id":"https:\/\/www.encontrafeiradesantana.com.br\/sobre\/#organization","name":"Encontra Feira de Santana","description":"Not\u00edcias, eventos, informa\u00e7\u00f5es e dicas na cidade Feira de Santana e regi\u00e3o.","url":"https:\/\/www.encontrafeiradesantana.com.br\/sobre\/"},{"@type":"Person","@id":"https:\/\/www.encontrafeiradesantana.com.br\/sobre\/author\/efeiradesantana\/#author","url":"https:\/\/www.encontrafeiradesantana.com.br\/sobre\/author\/efeiradesantana\/","name":"Encontra Feira de Santana","image":{"@type":"ImageObject","@id":"https:\/\/www.encontrafeiradesantana.com.br\/sobre\/matinha-ganha-moderna-sede-de-pelotao-da-pm-cedida-pela-prefeitura-de-feira\/#authorImage","url":"https:\/\/secure.gravatar.com\/avatar\/507340682b8270222e1f208e23198b6ae7e2c6a1033ae84e99bc6bce4f82a387?s=96&d=mm&r=g","width":96,"height":96,"caption":"Encontra Feira de Santana"}},{"@type":"WebPage","@id":"https:\/\/www.encontrafeiradesantana.com.br\/sobre\/matinha-ganha-moderna-sede-de-pelotao-da-pm-cedida-pela-prefeitura-de-feira\/#webpage","url":"https:\/\/www.encontrafeiradesantana.com.br\/sobre\/matinha-ganha-moderna-sede-de-pelotao-da-pm-cedida-pela-prefeitura-de-feira\/","name":"Matinha ganha moderna sede de Pelot\u00e3o da PM cedida pela Prefeitura de Feira | Encontra Feira de Santana","description":"Matinha avan\u00e7a ao ganhar uma nova sede de Pelot\u00e3o da PM! Confira todos os detalhes.","inLanguage":"pt-BR","isPartOf":{"@id":"https:\/\/www.encontrafeiradesantana.com.br\/sobre\/#website"},"breadcrumb":{"@id":"https:\/\/www.encontrafeiradesantana.com.br\/sobre\/matinha-ganha-moderna-sede-de-pelotao-da-pm-cedida-pela-prefeitura-de-feira\/#breadcrumblist"},"author":{"@id":"https:\/\/www.encontrafeiradesantana.com.br\/sobre\/author\/efeiradesantana\/#author"},"creator":{"@id":"https:\/\/www.encontrafeiradesantana.com.br\/sobre\/author\/efeiradesantana\/#author"},"image":{"@type":"ImageObject","url":"https:\/\/www.encontrafeiradesantana.com.br\/sobre\/wp-content\/uploads\/2025\/11\/matinha-ganha-moderna-sede-de-pelotao-da-pm-cedida-pela-prefeitura-de-feira.webp","@id":"https:\/\/www.encontrafeiradesantana.com.br\/sobre\/matinha-ganha-moderna-sede-de-pelotao-da-pm-cedida-pela-prefeitura-de-feira\/#mainImage","width":320,"height":280,"caption":"nova sede de Pelot\u00e3o da PM em Matinha"},"primaryImageOfPage":{"@id":"https:\/\/www.encontrafeiradesantana.com.br\/sobre\/matinha-ganha-moderna-sede-de-pelotao-da-pm-cedida-pela-prefeitura-de-feira\/#mainImage"},"datePublished":"2025-11-08T12:37:00-03:00","dateModified":"2025-11-08T12:37:00-03:00"},{"@type":"WebSite","@id":"https:\/\/www.encontrafeiradesantana.com.br\/sobre\/#website","url":"https:\/\/www.encontrafeiradesantana.com.br\/sobre\/","name":"Encontra Feira de Santana","description":"Not\u00edcias, eventos, informa\u00e7\u00f5es e dicas na cidade Feira de Santana e regi\u00e3o.","inLanguage":"pt-BR","publisher":{"@id":"https:\/\/www.encontrafeiradesantana.com.br\/sobre\/#organization"}}]},"og:locale":"pt_BR","og:site_name":"Encontra Feira de Santana | Not\u00edcias, eventos, informa\u00e7\u00f5es e dicas na cidade Feira de Santana e regi\u00e3o.","og:type":"article","og:title":"Matinha ganha moderna sede de Pelot\u00e3o da PM cedida pela Prefeitura de Feira | Encontra Feira de Santana","og:description":"Matinha avan\u00e7a ao ganhar uma nova sede de Pelot\u00e3o da PM! Confira todos os detalhes.","og:url":"https:\/\/www.encontrafeiradesantana.com.br\/sobre\/matinha-ganha-moderna-sede-de-pelotao-da-pm-cedida-pela-prefeitura-de-feira\/","article:published_time":"2025-11-08T15:37:00+00:00","article:modified_time":"2025-11-08T15:37:00+00:00","twitter:card":"summary","twitter:title":"Matinha ganha moderna sede de Pelot\u00e3o da PM cedida pela Prefeitura de Feira | Encontra Feira de Santana","twitter:description":"Matinha avan\u00e7a ao ganhar uma nova sede de Pelot\u00e3o da PM! Confira todos os detalhes."},"aioseo_meta_data":{"post_id":"1163","title":null,"description":null,"keywords":null,"keyphrases":null,"primary_term":null,"canonical_url":null,"og_title":null,"og_description":null,"og_object_type":"default","og_image_type":"default","og_image_url":null,"og_image_width":null,"og_image_height":null,"og_image_custom_url":null,"og_image_custom_fields":null,"og_video":null,"og_custom_url":null,"og_article_section":null,"og_article_tags":null,"twitter_use_og":false,"twitter_card":"default","twitter_image_type":"default","twitter_image_url":null,"twitter_image_custom_url":null,"twitter_image_custom_fields":null,"twitter_title":null,"twitter_description":null,"schema":{"blockGraphs":[],"customGraphs":[],"default":{"data":{"Article":[],"Course":[],"Dataset":[],"FAQPage":[],"Movie":[],"Person":[],"Product":[],"ProductReview":[],"Car":[],"Recipe":[],"Service":[],"SoftwareApplication":[],"WebPage":[]},"graphName":"Article","isEnabled":true},"graphs":[]},"schema_type":"default","schema_type_options":null,"pillar_content":false,"robots_default":true,"robots_noindex":false,"robots_noarchive":false,"robots_nosnippet":false,"robots_nofollow":false,"robots_noimageindex":false,"robots_noodp":false,"robots_notranslate":false,"robots_max_snippet":null,"robots_max_videopreview":null,"robots_max_imagepreview":"large","priority":null,"frequency":null,"local_seo":null,"breadcrumb_settings":null,"limit_modified_date":false,"ai":null,"created":"2025-11-09 11:19:35","updated":"2025-11-09 11:21:18","focus_keyword":null,"additional_keywords":null,"truseo_locale":null,"seo_analyzer_scan_date":null},"aioseo_breadcrumb":"<div class=\"aioseo-breadcrumbs\"><span class=\"aioseo-breadcrumb\">\n\t\t\t<a href=\"https:\/\/www.encontrafeiradesantana.com.br\/sobre\" title=\"In\u00edcio\">In\u00edcio<\/a>\n\t\t<\/span><span class=\"aioseo-breadcrumb-separator\">&raquo;<\/span><span class=\"aioseo-breadcrumb\">\n\t\t\t<a href=\"https:\/\/www.encontrafeiradesantana.com.br\/sobre\/noticias-em-feira-de-santana\/\" title=\"Not\u00edcias Feira de Santana\">Not\u00edcias Feira de Santana<\/a>\n\t\t<\/span><span class=\"aioseo-breadcrumb-separator\">&raquo;<\/span><span class=\"aioseo-breadcrumb\">\n\t\t\tMatinha ganha moderna sede de Pelot\u00e3o da PM cedida pela Prefeitura de Feira\n\t\t<\/span><\/div>","aioseo_breadcrumb_json":[{"label":"In\u00edcio","link":"https:\/\/www.encontrafeiradesantana.com.br\/sobre"},{"label":"Not\u00edcias Feira de Santana","link":"https:\/\/www.encontrafeiradesantana.com.br\/sobre\/noticias-em-feira-de-santana\/"},{"label":"Matinha ganha moderna sede de Pelot\u00e3o da PM cedida pela Prefeitura de Feira","link":"https:\/\/www.encontrafeiradesantana.com.br\/sobre\/matinha-ganha-moderna-sede-de-pelotao-da-pm-cedida-pela-prefeitura-de-feira\/"}],"_links":{"self":[{"href":"https:\/\/www.encontrafeiradesantana.com.br\/sobre\/wp-json\/wp\/v2\/posts\/1163","targetHints":{"allow":["GET"]}}],"collection":[{"href":"https:\/\/www.encontrafeiradesantana.com.br\/sobre\/wp-json\/wp\/v2\/posts"}],"about":[{"href":"https:\/\/www.encontrafeiradesantana.com.br\/sobre\/wp-json\/wp\/v2\/types\/post"}],"author":[{"embeddable":true,"href":"https:\/\/www.encontrafeiradesantana.com.br\/sobre\/wp-json\/wp\/v2\/users\/1"}],"replies":[{"embeddable":true,"href":"https:\/\/www.encontrafeiradesantana.com.br\/sobre\/wp-json\/wp\/v2\/comments?post=1163"}],"version-history":[{"count":0,"href":"https:\/\/www.encontrafeiradesantana.com.br\/sobre\/wp-json\/wp\/v2\/posts\/1163\/revisions"}],"wp:featuredmedia":[{"embeddable":true,"href":"https:\/\/www.encontrafeiradesantana.com.br\/sobre\/wp-json\/wp\/v2\/media\/1162"}],"wp:attachment":[{"href":"https:\/\/www.encontrafeiradesantana.com.br\/sobre\/wp-json\/wp\/v2\/media?parent=1163"}],"wp:term":[{"taxonomy":"category","embeddable":true,"href":"https:\/\/www.encontrafeiradesantana.com.br\/sobre\/wp-json\/wp\/v2\/categories?post=1163"},{"taxonomy":"post_tag","embeddable":true,"href":"https:\/\/www.encontrafeiradesantana.com.br\/sobre\/wp-json\/wp\/v2\/tags?post=1163"}],"curies":[{"name":"wp","href":"https:\/\/api.w.org\/{rel}","templated":true}]}}