{"id":1155,"date":"2025-11-07T11:42:00","date_gmt":"2025-11-07T14:42:00","guid":{"rendered":"https:\/\/www.encontrafeiradesantana.com.br\/sobre\/?p=1155"},"modified":"2025-11-07T11:42:00","modified_gmt":"2025-11-07T14:42:00","slug":"prefeitura-de-feira-decreta-ponto-facultativo-no-dia-27-para-comemorar-dia-do-servidor-publico","status":"publish","type":"post","link":"https:\/\/www.encontrafeiradesantana.com.br\/sobre\/prefeitura-de-feira-decreta-ponto-facultativo-no-dia-27-para-comemorar-dia-do-servidor-publico\/","title":{"rendered":"Prefeitura de Feira decreta ponto facultativo no dia 27 para comemorar Dia do Servidor P\u00fablico"},"content":{"rendered":"<div class=\"3f468104ad11f00a3c9ac948316f4265\" data-index=\"1\" style=\"float: none; margin:0px;\">\n<ins class=\"adsbygoogle\"\r\n     style=\"display:block\"\r\n     data-ad-client=\"ca-pub-8585364105181520\"\r\n     data-ad-slot=\"8789329856\"\r\n     data-ad-format=\"auto\"\r\n     data-full-width-responsive=\"true\"><\/ins>\r\n<script>\r\n     (adsbygoogle = window.adsbygoogle || []).push({});\r\n<\/script>\r\n\n<\/div>\n<h2>O Que \u00e9 o Dia do Servidor P\u00fablico?<\/h2>\n<p>O <strong>Dia do Servidor P\u00fablico<\/strong> \u00e9 uma data comemorativa dedicada a reconhecer e valorizar o trabalho essencial dos servidores p\u00fablicos no Brasil. Celebrado em 28 de outubro, este dia foi institu\u00eddo pela Lei n\u00ba 11.357\/2006 e tem como objetivo destacar a import\u00e2ncia dos profissionais que atuam nas mais diversas \u00e1reas do servi\u00e7o p\u00fablico, oferecendo servi\u00e7os essenciais \u00e0 popula\u00e7\u00e3o.<\/p>\n<p>A celebra\u00e7\u00e3o \u00e9 um momento de reflex\u00e3o sobre o papel do servidor na sociedade e sobre como suas fun\u00e7\u00f5es contribuem para o funcionamento do Estado e para a manuten\u00e7\u00e3o da ordem social.<\/p>\n<h2>Import\u00e2ncia do Dia do Servidor P\u00fablico<\/h2>\n<p>A import\u00e2ncia do <strong>Dia do Servidor P\u00fablico<\/strong> reside em reconhecer e valorizar o trabalho realizado por aqueles que se dedicam ao servi\u00e7o p\u00fablico. Esses profissionais s\u00e3o respons\u00e1veis por \u00e1reas fundamentais, como sa\u00fade, educa\u00e7\u00e3o, seguran\u00e7a e infraestrutura.<\/p>\n<p>Al\u00e9m disso, a data serve para:<\/p>\n<ul>\n<li><strong>Promover a conscientiza\u00e7\u00e3o:<\/strong> \u00c9 um momento para discutir quest\u00f5es importantes sobre o servi\u00e7o p\u00fablico, como a necessidade de valoriza\u00e7\u00e3o dos servidores e melhorias nas condi\u00e7\u00f5es de trabalho.<\/li>\n<li><strong>Fomentar o di\u00e1logo:<\/strong> A data \u00e9 uma oportunidade para servidores, gestores e a sociedade dialogarem sobre a import\u00e2ncia do servi\u00e7o p\u00fablico e os desafios enfrentados.<\/li>\n<li><strong>Incentivar a cidadania:<\/strong> A valoriza\u00e7\u00e3o do servidor p\u00fablico incentiva a popula\u00e7\u00e3o a reconhecer a import\u00e2ncia de um servi\u00e7o p\u00fablico de qualidade, que \u00e9 fundamental para o desenvolvimento do pa\u00eds.<\/li>\n<\/ul>\n<h2>Como a Prefeitura Fez a Comunicado Oficial?<\/h2>\n<p>A Prefeitura de Feira de Santana se manifestou oficialmente sobre o <strong>Dia do Servidor P\u00fablico<\/strong> atrav\u00e9s de um comunicado publicado em seu portal oficial. Neste comunicado, a administra\u00e7\u00e3o destacou a import\u00e2ncia de todos os servidores na constru\u00e7\u00e3o de uma cidade melhor e mais justa.<\/p>\n<p>O comunicado tamb\u00e9m mencionou que haver\u00e1 a\u00e7\u00f5es especiais para comemorar a data, como eventos culturais e atividades de lazer voltadas para os servidores, demonstrando o reconhecimento e a valoriza\u00e7\u00e3o do trabalho deles.<\/p>\n<h2>O Que Significa Ponto Facultativo?<\/h2>\n<p>O <strong>ponto facultativo<\/strong> \u00e9 uma medida que permite que os servidores p\u00fablicos n\u00e3o compare\u00e7am ao trabalho em determinadas datas, sem a perda de seus sal\u00e1rios. Esse tipo de medida \u00e9 comum em datas comemorativas e feriados.<\/p>\n<p>No caso do <strong>Dia do Servidor P\u00fablico<\/strong>, a Prefeitura de Feira de Santana decretou ponto facultativo, permitindo que os servidores dediquem esse dia para comemorar suas conquistas e refletir sobre suas fun\u00e7\u00f5es e responsabilidades.<\/p>\n<h2>Servi\u00e7os P\u00fablicos Durante o Ponto Facultativo<\/h2>\n<p>Durante o <strong>ponto facultativo<\/strong> no Dia do Servidor P\u00fablico, alguns servi\u00e7os essenciais mant\u00eam funcionamento normal. \u00c9 importante que a popula\u00e7\u00e3o esteja ciente de quais servi\u00e7os estar\u00e3o dispon\u00edveis. Alguns exemplos incluem:<\/p>\n<ul>\n<li><strong>Sa\u00fade:<\/strong> As unidades de sa\u00fade que operam em turnos de 24 horas, como hospitais, continuar\u00e3o a funcionar normalmente.<\/li>\n<li><strong>Seguran\u00e7a P\u00fablica:<\/strong> Os servi\u00e7os de seguran\u00e7a p\u00fablica, como a pol\u00edcia, tamb\u00e9m estar\u00e3o em opera\u00e7\u00e3o, garantindo a seguran\u00e7a da popula\u00e7\u00e3o.<\/li>\n<li><strong>Coleta de Lixo:<\/strong> A coleta de lixo e outros servi\u00e7os de limpeza urbana podem ter altera\u00e7\u00f5es em seus hor\u00e1rios e dias, ent\u00e3o \u00e9 aconselh\u00e1vel conferir as informa\u00e7\u00f5es com anteced\u00eancia.<\/li>\n<\/ul>\n<h2>Impacto do Ponto Facultativo para os Servidores<\/h2>\n<p>O <strong>ponto facultativo<\/strong> proporciona aos servidores p\u00fablicos a oportunidade de descansar e celebrar suas conquistas. Isso tem um impacto positivo na motiva\u00e7\u00e3o e na satisfa\u00e7\u00e3o dos funcion\u00e1rios, contribuindo para um ambiente de trabalho mais saud\u00e1vel.<\/p>\n<p>Al\u00e9m disso:<\/p>\n<ul>\n<li><strong>Valoriza\u00e7\u00e3o:<\/strong> A medida \u00e9 uma forma de reconhecimento por parte da administra\u00e7\u00e3o p\u00fablica, mostrando que a gest\u00e3o se preocupa com o bem-estar dos servidores.<\/li>\n<li><strong>Reflex\u00e3o:<\/strong> O dia livre possibilita uma pausa para que os servidores pensem sobre seus desafios e suas contribui\u00e7\u00f5es para a sociedade.<\/li>\n<li><strong>Integra\u00e7\u00e3o:<\/strong> \u00c9 uma oportunidade para os servidores se reunirem e fortalecerem os la\u00e7os entre colegas de trabalho.<\/li>\n<\/ul>\n<h2>Solicita\u00e7\u00e3o do Sindicato dos Servidores<\/h2>\n<p>O <strong>Sindicato dos Servidores P\u00fablicos<\/strong> de Feira de Santana desempenha um papel fundamental na reivindica\u00e7\u00e3o dos direitos e benef\u00edcios dos trabalhadores. Para a comemora\u00e7\u00e3o do <strong>Dia do Servidor P\u00fablico<\/strong>, o sindicato fez uma solicita\u00e7\u00e3o \u00e0 Prefeitura para a implementa\u00e7\u00e3o do ponto facultativo, enfatizando a import\u00e2ncia do descanso e da valoriza\u00e7\u00e3o do servidor.<\/p>\n<p>O apoio do sindicato \u00e9 crucial para garantir que as vozes dos servidores sejam ouvidas e respeitadas, promovendo uma rela\u00e7\u00e3o saud\u00e1vel entre a administra\u00e7\u00e3o p\u00fablica e os trabalhadores.<\/p>\n<h2>Hist\u00f3ria do Dia do Servidor P\u00fablico<\/h2>\n<p>A origem do <strong>Dia do Servidor P\u00fablico<\/strong> remonta a 28 de outubro de 1937, quando o presidente Get\u00falio Vargas sancionou o decreto que criava o Estatuto do Servidor P\u00fablico. No entanto, a data foi oficialmente institu\u00edda em 2006 e passou a ser um momento de celebra\u00e7\u00e3o e reconhecimento em todo o Brasil.<\/p>\n<p>A data \u00e9 importante na luta por melhores condi\u00e7\u00f5es de trabalho e para a valoriza\u00e7\u00e3o de todos os servidores que atuam em diferentes esferas governamentais, contribuindo para o bem-estar da sociedade.<\/p>\n<h2>Planos para Atividades de Comemora\u00e7\u00e3o<\/h2>\n<p>A Prefeitura de Feira de Santana planejou algumas atividades especiais para comemorar o <strong>Dia do Servidor P\u00fablico<\/strong>. Algumas das a\u00e7\u00f5es incluem:<\/p>\n<ul>\n<li><strong>Eventos culturais:<\/strong> shows e atividades art\u00edsticas que envolvem a participa\u00e7\u00e3o dos servidores.<\/li>\n<li><strong>Palestras:<\/strong> sess\u00f5es de conscientiza\u00e7\u00e3o sobre a import\u00e2ncia do servi\u00e7o p\u00fablico, promo\u00e7\u00e3o do bem-estar e sa\u00fade mental dos servidores.<\/li>\n<li><strong>Campanhas de conscientiza\u00e7\u00e3o:<\/strong> a\u00e7\u00f5es voltadas para a valoriza\u00e7\u00e3o do servidor e a import\u00e2ncia dos servi\u00e7os prestados \u00e0 popula\u00e7\u00e3o.<\/li>\n<\/ul>\n<h2>Expectativas para o Feriado Prolongado<\/h2>\n<p>Com o <strong>ponto facultativo<\/strong> e o <strong>Dia do Servidor P\u00fablico<\/strong> caindo pr\u00f3ximo a um fim de semana, muitos servidores podem esperar um <strong>feriado prolongado<\/strong>. Isso traz expectativas de momentos de descanso, lazer e conviv\u00eancia com a fam\u00edlia.<\/p>\n<p>As expectativas para este feriado incluem:<\/p>\n<ul>\n<li><strong>Oportunidade de descanso:<\/strong> Proporcionar um tempo valioso para recarregar as energias e cuidar da sa\u00fade mental.<\/li>\n<li><strong>Qualidade de vida:<\/strong> A chance de aproveitar momentos em fam\u00edlia e fazer atividades que trazem prazer e bem-estar.<\/li>\n<li><strong>Participa\u00e7\u00e3o nas comemora\u00e7\u00f5es:<\/strong> Engajar-se nas atividades organizadas pela Prefeitura e pelo sindicato para celebrar a data.<\/li>\n<\/ul>\n<p>A valoriza\u00e7\u00e3o e o respeito pelos servidores p\u00fablicos s\u00e3o essenciais para um Estado forte e eficiente, e o <strong>Dia do Servidor P\u00fablico<\/strong> \u00e9 um reflexo dessa valoriza\u00e7\u00e3o.<\/p>\n\n<div style=\"font-size: 0px; height: 0px; line-height: 0px; margin: 0; padding: 0; clear: both;\"><\/div>","protected":false},"excerpt":{"rendered":"<p>Dia do Servidor P\u00fablico: saiba como a Prefeitura ir\u00e1 comemorar!<\/p>\n","protected":false},"author":1,"featured_media":1154,"comment_status":"open","ping_status":"closed","sticky":false,"template":"","format":"standard","meta":{"footnotes":""},"categories":[6],"tags":[],"class_list":["post-1155","post","type-post","status-publish","format-standard","has-post-thumbnail","hentry","category-noticias-em-feira-de-santana","has_thumb"],"aioseo_notices":[],"aioseo_head":"\n\t\t<!-- All in One SEO 5.0.0.1 - aioseo.com -->\n\t<meta name=\"description\" content=\"Dia do Servidor P\u00fablico: saiba como a Prefeitura ir\u00e1 comemorar!\" \/>\n\t<meta name=\"robots\" content=\"max-image-preview:large\" \/>\n\t<meta name=\"author\" content=\"Encontra Feira de Santana\"\/>\n\t<link rel=\"canonical\" href=\"https:\/\/www.encontrafeiradesantana.com.br\/sobre\/prefeitura-de-feira-decreta-ponto-facultativo-no-dia-27-para-comemorar-dia-do-servidor-publico\/\" \/>\n\t<meta name=\"generator\" content=\"All in One SEO (AIOSEO) 5.0.0.1\" \/>\n\t\t<meta property=\"og:locale\" content=\"pt_BR\" \/>\n\t\t<meta property=\"og:site_name\" content=\"Encontra Feira de Santana | Not\u00edcias, eventos, informa\u00e7\u00f5es e dicas na cidade Feira de Santana e regi\u00e3o.\" \/>\n\t\t<meta property=\"og:type\" content=\"article\" \/>\n\t\t<meta property=\"og:title\" content=\"Prefeitura de Feira decreta ponto facultativo no dia 27 para comemorar Dia do Servidor P\u00fablico | Encontra Feira de Santana\" \/>\n\t\t<meta property=\"og:description\" content=\"Dia do Servidor P\u00fablico: saiba como a Prefeitura ir\u00e1 comemorar!\" \/>\n\t\t<meta property=\"og:url\" content=\"https:\/\/www.encontrafeiradesantana.com.br\/sobre\/prefeitura-de-feira-decreta-ponto-facultativo-no-dia-27-para-comemorar-dia-do-servidor-publico\/\" \/>\n\t\t<meta property=\"article:published_time\" content=\"2025-11-07T14:42:00+00:00\" \/>\n\t\t<meta property=\"article:modified_time\" content=\"2025-11-07T14:42:00+00:00\" \/>\n\t\t<meta name=\"twitter:card\" content=\"summary\" \/>\n\t\t<meta name=\"twitter:title\" content=\"Prefeitura de Feira decreta ponto facultativo no dia 27 para comemorar Dia do Servidor P\u00fablico | Encontra Feira de Santana\" \/>\n\t\t<meta name=\"twitter:description\" content=\"Dia do Servidor P\u00fablico: saiba como a Prefeitura ir\u00e1 comemorar!\" \/>\n\t\t<script type=\"application\/ld+json\" class=\"aioseo-schema\">\n\t\t\t{\"@context\":\"https:\\\/\\\/schema.org\",\"@graph\":[{\"@type\":\"Article\",\"@id\":\"https:\\\/\\\/www.encontrafeiradesantana.com.br\\\/sobre\\\/prefeitura-de-feira-decreta-ponto-facultativo-no-dia-27-para-comemorar-dia-do-servidor-publico\\\/#article\",\"name\":\"Prefeitura de Feira decreta ponto facultativo no dia 27 para comemorar Dia do Servidor P\\u00fablico | Encontra Feira de Santana\",\"headline\":\"Prefeitura de Feira decreta ponto facultativo no dia 27 para comemorar Dia do Servidor P\\u00fablico\",\"author\":{\"@id\":\"https:\\\/\\\/www.encontrafeiradesantana.com.br\\\/sobre\\\/author\\\/efeiradesantana\\\/#author\"},\"publisher\":{\"@id\":\"https:\\\/\\\/www.encontrafeiradesantana.com.br\\\/sobre\\\/#organization\"},\"image\":{\"@type\":\"ImageObject\",\"url\":\"https:\\\/\\\/www.encontrafeiradesantana.com.br\\\/sobre\\\/wp-content\\\/uploads\\\/2025\\\/11\\\/prefeitura-de-feira-decreta-ponto-facultativo-no-dia-27-para-comemorar-dia-do-servidor-publico.webp\",\"width\":320,\"height\":280,\"caption\":\"Dia do Servidor P\\u00fablico\"},\"datePublished\":\"2025-11-07T11:42:00-03:00\",\"dateModified\":\"2025-11-07T11:42:00-03:00\",\"inLanguage\":\"pt-BR\",\"mainEntityOfPage\":{\"@id\":\"https:\\\/\\\/www.encontrafeiradesantana.com.br\\\/sobre\\\/prefeitura-de-feira-decreta-ponto-facultativo-no-dia-27-para-comemorar-dia-do-servidor-publico\\\/#webpage\"},\"isPartOf\":{\"@id\":\"https:\\\/\\\/www.encontrafeiradesantana.com.br\\\/sobre\\\/prefeitura-de-feira-decreta-ponto-facultativo-no-dia-27-para-comemorar-dia-do-servidor-publico\\\/#webpage\"},\"articleSection\":\"Not\\u00edcias Feira de Santana\"},{\"@type\":\"BreadcrumbList\",\"@id\":\"https:\\\/\\\/www.encontrafeiradesantana.com.br\\\/sobre\\\/prefeitura-de-feira-decreta-ponto-facultativo-no-dia-27-para-comemorar-dia-do-servidor-publico\\\/#breadcrumblist\",\"itemListElement\":[{\"@type\":\"ListItem\",\"@id\":\"https:\\\/\\\/www.encontrafeiradesantana.com.br\\\/sobre#listItem\",\"position\":1,\"name\":\"In\\u00edcio\",\"item\":\"https:\\\/\\\/www.encontrafeiradesantana.com.br\\\/sobre\",\"nextItem\":{\"@type\":\"ListItem\",\"@id\":\"https:\\\/\\\/www.encontrafeiradesantana.com.br\\\/sobre\\\/noticias-em-feira-de-santana\\\/#listItem\",\"name\":\"Not\\u00edcias Feira de Santana\"}},{\"@type\":\"ListItem\",\"@id\":\"https:\\\/\\\/www.encontrafeiradesantana.com.br\\\/sobre\\\/noticias-em-feira-de-santana\\\/#listItem\",\"position\":2,\"name\":\"Not\\u00edcias Feira de Santana\",\"item\":\"https:\\\/\\\/www.encontrafeiradesantana.com.br\\\/sobre\\\/noticias-em-feira-de-santana\\\/\",\"nextItem\":{\"@type\":\"ListItem\",\"@id\":\"https:\\\/\\\/www.encontrafeiradesantana.com.br\\\/sobre\\\/prefeitura-de-feira-decreta-ponto-facultativo-no-dia-27-para-comemorar-dia-do-servidor-publico\\\/#listItem\",\"name\":\"Prefeitura de Feira decreta ponto facultativo no dia 27 para comemorar Dia do Servidor P\\u00fablico\"},\"previousItem\":{\"@type\":\"ListItem\",\"@id\":\"https:\\\/\\\/www.encontrafeiradesantana.com.br\\\/sobre#listItem\",\"name\":\"In\\u00edcio\"}},{\"@type\":\"ListItem\",\"@id\":\"https:\\\/\\\/www.encontrafeiradesantana.com.br\\\/sobre\\\/prefeitura-de-feira-decreta-ponto-facultativo-no-dia-27-para-comemorar-dia-do-servidor-publico\\\/#listItem\",\"position\":3,\"name\":\"Prefeitura de Feira decreta ponto facultativo no dia 27 para comemorar Dia do Servidor P\\u00fablico\",\"previousItem\":{\"@type\":\"ListItem\",\"@id\":\"https:\\\/\\\/www.encontrafeiradesantana.com.br\\\/sobre\\\/noticias-em-feira-de-santana\\\/#listItem\",\"name\":\"Not\\u00edcias Feira de Santana\"}}]},{\"@type\":\"Organization\",\"@id\":\"https:\\\/\\\/www.encontrafeiradesantana.com.br\\\/sobre\\\/#organization\",\"name\":\"Encontra Feira de Santana\",\"description\":\"Not\\u00edcias, eventos, informa\\u00e7\\u00f5es e dicas na cidade Feira de Santana e regi\\u00e3o.\",\"url\":\"https:\\\/\\\/www.encontrafeiradesantana.com.br\\\/sobre\\\/\"},{\"@type\":\"Person\",\"@id\":\"https:\\\/\\\/www.encontrafeiradesantana.com.br\\\/sobre\\\/author\\\/efeiradesantana\\\/#author\",\"url\":\"https:\\\/\\\/www.encontrafeiradesantana.com.br\\\/sobre\\\/author\\\/efeiradesantana\\\/\",\"name\":\"Encontra Feira de Santana\",\"image\":{\"@type\":\"ImageObject\",\"@id\":\"https:\\\/\\\/www.encontrafeiradesantana.com.br\\\/sobre\\\/prefeitura-de-feira-decreta-ponto-facultativo-no-dia-27-para-comemorar-dia-do-servidor-publico\\\/#authorImage\",\"url\":\"https:\\\/\\\/secure.gravatar.com\\\/avatar\\\/507340682b8270222e1f208e23198b6ae7e2c6a1033ae84e99bc6bce4f82a387?s=96&d=mm&r=g\",\"width\":96,\"height\":96,\"caption\":\"Encontra Feira de Santana\"}},{\"@type\":\"WebPage\",\"@id\":\"https:\\\/\\\/www.encontrafeiradesantana.com.br\\\/sobre\\\/prefeitura-de-feira-decreta-ponto-facultativo-no-dia-27-para-comemorar-dia-do-servidor-publico\\\/#webpage\",\"url\":\"https:\\\/\\\/www.encontrafeiradesantana.com.br\\\/sobre\\\/prefeitura-de-feira-decreta-ponto-facultativo-no-dia-27-para-comemorar-dia-do-servidor-publico\\\/\",\"name\":\"Prefeitura de Feira decreta ponto facultativo no dia 27 para comemorar Dia do Servidor P\\u00fablico | Encontra Feira de Santana\",\"description\":\"Dia do Servidor P\\u00fablico: saiba como a Prefeitura ir\\u00e1 comemorar!\",\"inLanguage\":\"pt-BR\",\"isPartOf\":{\"@id\":\"https:\\\/\\\/www.encontrafeiradesantana.com.br\\\/sobre\\\/#website\"},\"breadcrumb\":{\"@id\":\"https:\\\/\\\/www.encontrafeiradesantana.com.br\\\/sobre\\\/prefeitura-de-feira-decreta-ponto-facultativo-no-dia-27-para-comemorar-dia-do-servidor-publico\\\/#breadcrumblist\"},\"author\":{\"@id\":\"https:\\\/\\\/www.encontrafeiradesantana.com.br\\\/sobre\\\/author\\\/efeiradesantana\\\/#author\"},\"creator\":{\"@id\":\"https:\\\/\\\/www.encontrafeiradesantana.com.br\\\/sobre\\\/author\\\/efeiradesantana\\\/#author\"},\"image\":{\"@type\":\"ImageObject\",\"url\":\"https:\\\/\\\/www.encontrafeiradesantana.com.br\\\/sobre\\\/wp-content\\\/uploads\\\/2025\\\/11\\\/prefeitura-de-feira-decreta-ponto-facultativo-no-dia-27-para-comemorar-dia-do-servidor-publico.webp\",\"@id\":\"https:\\\/\\\/www.encontrafeiradesantana.com.br\\\/sobre\\\/prefeitura-de-feira-decreta-ponto-facultativo-no-dia-27-para-comemorar-dia-do-servidor-publico\\\/#mainImage\",\"width\":320,\"height\":280,\"caption\":\"Dia do Servidor P\\u00fablico\"},\"primaryImageOfPage\":{\"@id\":\"https:\\\/\\\/www.encontrafeiradesantana.com.br\\\/sobre\\\/prefeitura-de-feira-decreta-ponto-facultativo-no-dia-27-para-comemorar-dia-do-servidor-publico\\\/#mainImage\"},\"datePublished\":\"2025-11-07T11:42:00-03:00\",\"dateModified\":\"2025-11-07T11:42:00-03:00\"},{\"@type\":\"WebSite\",\"@id\":\"https:\\\/\\\/www.encontrafeiradesantana.com.br\\\/sobre\\\/#website\",\"url\":\"https:\\\/\\\/www.encontrafeiradesantana.com.br\\\/sobre\\\/\",\"name\":\"Encontra Feira de Santana\",\"description\":\"Not\\u00edcias, eventos, informa\\u00e7\\u00f5es e dicas na cidade Feira de Santana e regi\\u00e3o.\",\"inLanguage\":\"pt-BR\",\"publisher\":{\"@id\":\"https:\\\/\\\/www.encontrafeiradesantana.com.br\\\/sobre\\\/#organization\"}}]}\n\t\t<\/script>\n\t\t<!-- All in One SEO -->\n\n","aioseo_head_json":{"title":"Prefeitura de Feira decreta ponto facultativo no dia 27 para comemorar Dia do Servidor P\u00fablico | Encontra Feira de Santana","description":"Dia do Servidor P\u00fablico: saiba como a Prefeitura ir\u00e1 comemorar!","canonical_url":"https:\/\/www.encontrafeiradesantana.com.br\/sobre\/prefeitura-de-feira-decreta-ponto-facultativo-no-dia-27-para-comemorar-dia-do-servidor-publico\/","robots":"max-image-preview:large","keywords":"","webmasterTools":{"miscellaneous":""},"schema":{"@context":"https:\/\/schema.org","@graph":[{"@type":"Article","@id":"https:\/\/www.encontrafeiradesantana.com.br\/sobre\/prefeitura-de-feira-decreta-ponto-facultativo-no-dia-27-para-comemorar-dia-do-servidor-publico\/#article","name":"Prefeitura de Feira decreta ponto facultativo no dia 27 para comemorar Dia do Servidor P\u00fablico | Encontra Feira de Santana","headline":"Prefeitura de Feira decreta ponto facultativo no dia 27 para comemorar Dia do Servidor P\u00fablico","author":{"@id":"https:\/\/www.encontrafeiradesantana.com.br\/sobre\/author\/efeiradesantana\/#author"},"publisher":{"@id":"https:\/\/www.encontrafeiradesantana.com.br\/sobre\/#organization"},"image":{"@type":"ImageObject","url":"https:\/\/www.encontrafeiradesantana.com.br\/sobre\/wp-content\/uploads\/2025\/11\/prefeitura-de-feira-decreta-ponto-facultativo-no-dia-27-para-comemorar-dia-do-servidor-publico.webp","width":320,"height":280,"caption":"Dia do Servidor P\u00fablico"},"datePublished":"2025-11-07T11:42:00-03:00","dateModified":"2025-11-07T11:42:00-03:00","inLanguage":"pt-BR","mainEntityOfPage":{"@id":"https:\/\/www.encontrafeiradesantana.com.br\/sobre\/prefeitura-de-feira-decreta-ponto-facultativo-no-dia-27-para-comemorar-dia-do-servidor-publico\/#webpage"},"isPartOf":{"@id":"https:\/\/www.encontrafeiradesantana.com.br\/sobre\/prefeitura-de-feira-decreta-ponto-facultativo-no-dia-27-para-comemorar-dia-do-servidor-publico\/#webpage"},"articleSection":"Not\u00edcias Feira de Santana"},{"@type":"BreadcrumbList","@id":"https:\/\/www.encontrafeiradesantana.com.br\/sobre\/prefeitura-de-feira-decreta-ponto-facultativo-no-dia-27-para-comemorar-dia-do-servidor-publico\/#breadcrumblist","itemListElement":[{"@type":"ListItem","@id":"https:\/\/www.encontrafeiradesantana.com.br\/sobre#listItem","position":1,"name":"In\u00edcio","item":"https:\/\/www.encontrafeiradesantana.com.br\/sobre","nextItem":{"@type":"ListItem","@id":"https:\/\/www.encontrafeiradesantana.com.br\/sobre\/noticias-em-feira-de-santana\/#listItem","name":"Not\u00edcias Feira de Santana"}},{"@type":"ListItem","@id":"https:\/\/www.encontrafeiradesantana.com.br\/sobre\/noticias-em-feira-de-santana\/#listItem","position":2,"name":"Not\u00edcias Feira de Santana","item":"https:\/\/www.encontrafeiradesantana.com.br\/sobre\/noticias-em-feira-de-santana\/","nextItem":{"@type":"ListItem","@id":"https:\/\/www.encontrafeiradesantana.com.br\/sobre\/prefeitura-de-feira-decreta-ponto-facultativo-no-dia-27-para-comemorar-dia-do-servidor-publico\/#listItem","name":"Prefeitura de Feira decreta ponto facultativo no dia 27 para comemorar Dia do Servidor P\u00fablico"},"previousItem":{"@type":"ListItem","@id":"https:\/\/www.encontrafeiradesantana.com.br\/sobre#listItem","name":"In\u00edcio"}},{"@type":"ListItem","@id":"https:\/\/www.encontrafeiradesantana.com.br\/sobre\/prefeitura-de-feira-decreta-ponto-facultativo-no-dia-27-para-comemorar-dia-do-servidor-publico\/#listItem","position":3,"name":"Prefeitura de Feira decreta ponto facultativo no dia 27 para comemorar Dia do Servidor P\u00fablico","previousItem":{"@type":"ListItem","@id":"https:\/\/www.encontrafeiradesantana.com.br\/sobre\/noticias-em-feira-de-santana\/#listItem","name":"Not\u00edcias Feira de Santana"}}]},{"@type":"Organization","@id":"https:\/\/www.encontrafeiradesantana.com.br\/sobre\/#organization","name":"Encontra Feira de Santana","description":"Not\u00edcias, eventos, informa\u00e7\u00f5es e dicas na cidade Feira de Santana e regi\u00e3o.","url":"https:\/\/www.encontrafeiradesantana.com.br\/sobre\/"},{"@type":"Person","@id":"https:\/\/www.encontrafeiradesantana.com.br\/sobre\/author\/efeiradesantana\/#author","url":"https:\/\/www.encontrafeiradesantana.com.br\/sobre\/author\/efeiradesantana\/","name":"Encontra Feira de Santana","image":{"@type":"ImageObject","@id":"https:\/\/www.encontrafeiradesantana.com.br\/sobre\/prefeitura-de-feira-decreta-ponto-facultativo-no-dia-27-para-comemorar-dia-do-servidor-publico\/#authorImage","url":"https:\/\/secure.gravatar.com\/avatar\/507340682b8270222e1f208e23198b6ae7e2c6a1033ae84e99bc6bce4f82a387?s=96&d=mm&r=g","width":96,"height":96,"caption":"Encontra Feira de Santana"}},{"@type":"WebPage","@id":"https:\/\/www.encontrafeiradesantana.com.br\/sobre\/prefeitura-de-feira-decreta-ponto-facultativo-no-dia-27-para-comemorar-dia-do-servidor-publico\/#webpage","url":"https:\/\/www.encontrafeiradesantana.com.br\/sobre\/prefeitura-de-feira-decreta-ponto-facultativo-no-dia-27-para-comemorar-dia-do-servidor-publico\/","name":"Prefeitura de Feira decreta ponto facultativo no dia 27 para comemorar Dia do Servidor P\u00fablico | Encontra Feira de Santana","description":"Dia do Servidor P\u00fablico: saiba como a Prefeitura ir\u00e1 comemorar!","inLanguage":"pt-BR","isPartOf":{"@id":"https:\/\/www.encontrafeiradesantana.com.br\/sobre\/#website"},"breadcrumb":{"@id":"https:\/\/www.encontrafeiradesantana.com.br\/sobre\/prefeitura-de-feira-decreta-ponto-facultativo-no-dia-27-para-comemorar-dia-do-servidor-publico\/#breadcrumblist"},"author":{"@id":"https:\/\/www.encontrafeiradesantana.com.br\/sobre\/author\/efeiradesantana\/#author"},"creator":{"@id":"https:\/\/www.encontrafeiradesantana.com.br\/sobre\/author\/efeiradesantana\/#author"},"image":{"@type":"ImageObject","url":"https:\/\/www.encontrafeiradesantana.com.br\/sobre\/wp-content\/uploads\/2025\/11\/prefeitura-de-feira-decreta-ponto-facultativo-no-dia-27-para-comemorar-dia-do-servidor-publico.webp","@id":"https:\/\/www.encontrafeiradesantana.com.br\/sobre\/prefeitura-de-feira-decreta-ponto-facultativo-no-dia-27-para-comemorar-dia-do-servidor-publico\/#mainImage","width":320,"height":280,"caption":"Dia do Servidor P\u00fablico"},"primaryImageOfPage":{"@id":"https:\/\/www.encontrafeiradesantana.com.br\/sobre\/prefeitura-de-feira-decreta-ponto-facultativo-no-dia-27-para-comemorar-dia-do-servidor-publico\/#mainImage"},"datePublished":"2025-11-07T11:42:00-03:00","dateModified":"2025-11-07T11:42:00-03:00"},{"@type":"WebSite","@id":"https:\/\/www.encontrafeiradesantana.com.br\/sobre\/#website","url":"https:\/\/www.encontrafeiradesantana.com.br\/sobre\/","name":"Encontra Feira de Santana","description":"Not\u00edcias, eventos, informa\u00e7\u00f5es e dicas na cidade Feira de Santana e regi\u00e3o.","inLanguage":"pt-BR","publisher":{"@id":"https:\/\/www.encontrafeiradesantana.com.br\/sobre\/#organization"}}]},"og:locale":"pt_BR","og:site_name":"Encontra Feira de Santana | Not\u00edcias, eventos, informa\u00e7\u00f5es e dicas na cidade Feira de Santana e regi\u00e3o.","og:type":"article","og:title":"Prefeitura de Feira decreta ponto facultativo no dia 27 para comemorar Dia do Servidor P\u00fablico | Encontra Feira de Santana","og:description":"Dia do Servidor P\u00fablico: saiba como a Prefeitura ir\u00e1 comemorar!","og:url":"https:\/\/www.encontrafeiradesantana.com.br\/sobre\/prefeitura-de-feira-decreta-ponto-facultativo-no-dia-27-para-comemorar-dia-do-servidor-publico\/","article:published_time":"2025-11-07T14:42:00+00:00","article:modified_time":"2025-11-07T14:42:00+00:00","twitter:card":"summary","twitter:title":"Prefeitura de Feira decreta ponto facultativo no dia 27 para comemorar Dia do Servidor P\u00fablico | Encontra Feira de Santana","twitter:description":"Dia do Servidor P\u00fablico: saiba como a Prefeitura ir\u00e1 comemorar!"},"aioseo_meta_data":{"post_id":"1155","title":null,"description":null,"keywords":null,"keyphrases":null,"primary_term":null,"canonical_url":null,"og_title":null,"og_description":null,"og_object_type":"default","og_image_type":"default","og_image_url":null,"og_image_width":null,"og_image_height":null,"og_image_custom_url":null,"og_image_custom_fields":null,"og_video":null,"og_custom_url":null,"og_article_section":null,"og_article_tags":null,"twitter_use_og":false,"twitter_card":"default","twitter_image_type":"default","twitter_image_url":null,"twitter_image_custom_url":null,"twitter_image_custom_fields":null,"twitter_title":null,"twitter_description":null,"schema":{"blockGraphs":[],"customGraphs":[],"default":{"data":{"Article":[],"Course":[],"Dataset":[],"FAQPage":[],"Movie":[],"Person":[],"Product":[],"ProductReview":[],"Car":[],"Recipe":[],"Service":[],"SoftwareApplication":[],"WebPage":[]},"graphName":"","isEnabled":true},"graphs":[]},"schema_type":"default","schema_type_options":null,"pillar_content":false,"robots_default":true,"robots_noindex":false,"robots_noarchive":false,"robots_nosnippet":false,"robots_nofollow":false,"robots_noimageindex":false,"robots_noodp":false,"robots_notranslate":false,"robots_max_snippet":null,"robots_max_videopreview":null,"robots_max_imagepreview":"large","priority":null,"frequency":null,"local_seo":null,"breadcrumb_settings":null,"limit_modified_date":false,"ai":null,"created":"2025-11-07 14:43:53","updated":"2025-11-07 14:58:38","focus_keyword":null,"additional_keywords":null,"truseo_locale":null,"seo_analyzer_scan_date":null},"aioseo_breadcrumb":"<div class=\"aioseo-breadcrumbs\"><span class=\"aioseo-breadcrumb\">\n\t\t\t<a href=\"https:\/\/www.encontrafeiradesantana.com.br\/sobre\" title=\"In\u00edcio\">In\u00edcio<\/a>\n\t\t<\/span><span class=\"aioseo-breadcrumb-separator\">&raquo;<\/span><span class=\"aioseo-breadcrumb\">\n\t\t\t<a href=\"https:\/\/www.encontrafeiradesantana.com.br\/sobre\/noticias-em-feira-de-santana\/\" title=\"Not\u00edcias Feira de Santana\">Not\u00edcias Feira de Santana<\/a>\n\t\t<\/span><span class=\"aioseo-breadcrumb-separator\">&raquo;<\/span><span class=\"aioseo-breadcrumb\">\n\t\t\tPrefeitura de Feira decreta ponto facultativo no dia 27 para comemorar Dia do Servidor P\u00fablico\n\t\t<\/span><\/div>","aioseo_breadcrumb_json":[{"label":"In\u00edcio","link":"https:\/\/www.encontrafeiradesantana.com.br\/sobre"},{"label":"Not\u00edcias Feira de Santana","link":"https:\/\/www.encontrafeiradesantana.com.br\/sobre\/noticias-em-feira-de-santana\/"},{"label":"Prefeitura de Feira decreta ponto facultativo no dia 27 para comemorar Dia do Servidor P\u00fablico","link":"https:\/\/www.encontrafeiradesantana.com.br\/sobre\/prefeitura-de-feira-decreta-ponto-facultativo-no-dia-27-para-comemorar-dia-do-servidor-publico\/"}],"_links":{"self":[{"href":"https:\/\/www.encontrafeiradesantana.com.br\/sobre\/wp-json\/wp\/v2\/posts\/1155","targetHints":{"allow":["GET"]}}],"collection":[{"href":"https:\/\/www.encontrafeiradesantana.com.br\/sobre\/wp-json\/wp\/v2\/posts"}],"about":[{"href":"https:\/\/www.encontrafeiradesantana.com.br\/sobre\/wp-json\/wp\/v2\/types\/post"}],"author":[{"embeddable":true,"href":"https:\/\/www.encontrafeiradesantana.com.br\/sobre\/wp-json\/wp\/v2\/users\/1"}],"replies":[{"embeddable":true,"href":"https:\/\/www.encontrafeiradesantana.com.br\/sobre\/wp-json\/wp\/v2\/comments?post=1155"}],"version-history":[{"count":1,"href":"https:\/\/www.encontrafeiradesantana.com.br\/sobre\/wp-json\/wp\/v2\/posts\/1155\/revisions"}],"predecessor-version":[{"id":1158,"href":"https:\/\/www.encontrafeiradesantana.com.br\/sobre\/wp-json\/wp\/v2\/posts\/1155\/revisions\/1158"}],"wp:featuredmedia":[{"embeddable":true,"href":"https:\/\/www.encontrafeiradesantana.com.br\/sobre\/wp-json\/wp\/v2\/media\/1154"}],"wp:attachment":[{"href":"https:\/\/www.encontrafeiradesantana.com.br\/sobre\/wp-json\/wp\/v2\/media?parent=1155"}],"wp:term":[{"taxonomy":"category","embeddable":true,"href":"https:\/\/www.encontrafeiradesantana.com.br\/sobre\/wp-json\/wp\/v2\/categories?post=1155"},{"taxonomy":"post_tag","embeddable":true,"href":"https:\/\/www.encontrafeiradesantana.com.br\/sobre\/wp-json\/wp\/v2\/tags?post=1155"}],"curies":[{"name":"wp","href":"https:\/\/api.w.org\/{rel}","templated":true}]}}