{"id":1149,"date":"2025-11-05T09:39:00","date_gmt":"2025-11-05T12:39:00","guid":{"rendered":"https:\/\/www.encontrafeiradesantana.com.br\/sobre\/feira-em-acao-leva-inclusao-social-e-cidadania-aos-moradores-de-humildes-nos-dias-25-e-26\/"},"modified":"2025-11-05T09:39:00","modified_gmt":"2025-11-05T12:39:00","slug":"feira-em-acao-leva-inclusao-social-e-cidadania-aos-moradores-de-humildes-nos-dias-25-e-26","status":"publish","type":"post","link":"https:\/\/www.encontrafeiradesantana.com.br\/sobre\/feira-em-acao-leva-inclusao-social-e-cidadania-aos-moradores-de-humildes-nos-dias-25-e-26\/","title":{"rendered":"Feira em A\u00e7\u00e3o leva inclus\u00e3o social e cidadania aos moradores de Humildes nos dias 25 e 26"},"content":{"rendered":"<div class=\"3f468104ad11f00a3c9ac948316f4265\" data-index=\"1\" style=\"float: none; margin:0px;\">\n<ins class=\"adsbygoogle\"\r\n     style=\"display:block\"\r\n     data-ad-client=\"ca-pub-8585364105181520\"\r\n     data-ad-slot=\"8789329856\"\r\n     data-ad-format=\"auto\"\r\n     data-full-width-responsive=\"true\"><\/ins>\r\n<script>\r\n     (adsbygoogle = window.adsbygoogle || []).push({});\r\n<\/script>\r\n\n<\/div>\n<h2>O que \u00e9 a Feira em A\u00e7\u00e3o?<\/h2>\n<p>A <strong>Feira em A\u00e7\u00e3o<\/strong> \u00e9 um evento que promove a <em>inclus\u00e3o social<\/em> e a <em>cidadania<\/em> em Humildes, um distrito de Feira de Santana, na Bahia. O evento \u00e9 realizado periodicamente e re\u00fane diversas atividades voltadas para a comunidade local, visando promover igualdade de oportunidades e acesso a servi\u00e7os essenciais.<\/p>\n<p>Com uma proposta de facilitar o acesso \u00e0 informa\u00e7\u00e3o e servi\u00e7os, a Feira em A\u00e7\u00e3o re\u00fane n\u00e3o apenas moradores de Humildes, mas tamb\u00e9m de outras localidades vizinhas, criando um espa\u00e7o de intera\u00e7\u00e3o e fortalecimento comunit\u00e1rio.<\/p>\n<h2>Servi\u00e7os Oferecidos durante o Evento<\/h2>\n<p>Durante a Feira em A\u00e7\u00e3o, a comunidade pode acessar uma gama de servi\u00e7os que s\u00e3o vitais para o dia a dia dos cidad\u00e3os. Entre os principais servi\u00e7os oferecidos, destacam-se:<\/p>\n<ul>\n<li><strong>Atendimento m\u00e9dico:<\/strong> Consultas de rotina e orienta\u00e7\u00f5es de sa\u00fade com profissionais de diversas \u00e1reas.<\/li>\n<li><strong>Assessoria jur\u00eddica:<\/strong> Orienta\u00e7\u00e3o sobre direitos e deveres, al\u00e9m de ajuda em processos legais.<\/li>\n<li><strong>Dentre outros servi\u00e7os:<\/strong> Oferecimento de servi\u00e7os de educa\u00e7\u00e3o, como oficinas e palestras.<\/li>\n<li><strong>Assist\u00eancia social:<\/strong> Acesso a informa\u00e7\u00f5es para cadastro em programas sociais.<\/li>\n<li><strong>Feira de Artesanato:<\/strong> Est\u00edmulo ao artesanato local, com vendas e exposi\u00e7\u00f5es.<\/li>\n<\/ul>\n<p>Esses servi\u00e7os s\u00e3o oferecidos gratuitamente ou a pre\u00e7os acess\u00edveis, garantindo que todos tenham acesso \u00e0s oportunidades dispon\u00edveis.<\/p>\n<h2>Hist\u00f3rico da Feira em A\u00e7\u00e3o<\/h2>\n<p>A Feira em A\u00e7\u00e3o teve sua primeira edi\u00e7\u00e3o em 2015, com o objetivo de promover a inclus\u00e3o social e garantir que todos os moradores de Humildes pudessem acessar os servi\u00e7os b\u00e1sicos de sa\u00fade e assist\u00eancia social. Desde ent\u00e3o, o evento tem crescido, atraindo mais servi\u00e7os e parcerias a cada edi\u00e7\u00e3o.<\/p>\n<p>O evento surgiu da necessidade de unir esfor\u00e7os entre o poder p\u00fablico, organiza\u00e7\u00f5es n\u00e3o governamentais e a pr\u00f3pria comunidade para superar barreiras sociais e econ\u00f4micas. Com o passar dos anos, se consolidou como uma refer\u00eancia de cidadania e inclus\u00e3o em toda a regi\u00e3o.<\/p>\n<h2>O Impacto da Inclus\u00e3o Social<\/h2>\n<p>A inclus\u00e3o social gerada pela Feira em A\u00e7\u00e3o \u00e9 vis\u00edvel em diversos aspectos da vida dos moradores de Humildes:<\/p>\n<ul>\n<li><strong>Acesso \u00e0 sa\u00fade:<\/strong> Com a oferta de servi\u00e7os m\u00e9dicos, muitos conseguiram realizar exames e consultas que n\u00e3o tinham acesso anteriormente.<\/li>\n<li><strong>Educa\u00e7\u00e3o e capacita\u00e7\u00e3o:<\/strong> As oficinas e cursos oferecidos ajudam na qualifica\u00e7\u00e3o da m\u00e3o de obra local, contribuindo para a empregabilidade.<\/li>\n<li><strong>Fortalecimento de la\u00e7os comunit\u00e1rios:<\/strong> O evento promove um ambiente de uni\u00e3o, onde os moradores se conhecem melhor e fortalecem suas rela\u00e7\u00f5es.<\/li>\n<li><strong>Empreendedorismo local:<\/strong> Os artes\u00e3os e vendedores locais ganham visibilidade e podem comercializar seus produtos.<\/li>\n<\/ul>\n<p>Esse impacto faz com que a Feira em A\u00e7\u00e3o seja n\u00e3o apenas um evento, mas um verdadeiro agente de transforma\u00e7\u00e3o na vida da comunidade.<\/p>\n<h2>Como Participar do Evento<\/h2>\n<p>Participar da Feira em A\u00e7\u00e3o \u00e9 simples e aberto a todos. Os interessados podem visitar o evento nas datas agendadas e aproveitar os diversos servi\u00e7os dispon\u00edveis. Para aqueles que desejam contribuir, seja como prestadores de servi\u00e7os ou volunt\u00e1rios, \u00e9 poss\u00edvel entrar em contato com a organiza\u00e7\u00e3o respons\u00e1vel atrav\u00e9s das redes sociais ou do contato telef\u00f4nico divulgado nas campanhas promocionais.<\/p>\n<p>Al\u00e9m disso, a divulga\u00e7\u00e3o das datas e locais geralmente \u00e9 feita em escolas, igrejas e por meio das redes sociais, garantindo que todos os moradores sejam informados sobre a realiza\u00e7\u00e3o do evento.<\/p>\n<h2>Benef\u00edcios para a Comunidade de Humildes<\/h2>\n<p>A Feira em A\u00e7\u00e3o traz uma s\u00e9rie de benef\u00edcios que s\u00e3o notados pela comunidade local:<\/p>\n<ul>\n<li><strong>Fortalecimento da solidariedade:<\/strong> O evento promove um esp\u00edrito de coopera\u00e7\u00e3o entre os moradores, que ajudam uns aos outros.<\/li>\n<li><strong>Oportunidade de aprendizado:<\/strong> Os workshops trazem conhecimento que pode ser aplicado na vida pessoal e profissional.<\/li>\n<li><strong>Visibilidade para pequenos empreendedores:<\/strong> O espa\u00e7o de feira permite que pequenos neg\u00f3cios sejam promovidos e crescendo economicamente.<\/li>\n<li><strong>Promo\u00e7\u00e3o da sa\u00fade:<\/strong> O acesso a servi\u00e7os b\u00e1sicos de sa\u00fade ajuda a prevenir doen\u00e7as e a promover bem-estar.<\/li>\n<\/ul>\n<h2>Parcerias e Apoios<\/h2>\n<p>A realiza\u00e7\u00e3o da Feira em A\u00e7\u00e3o \u00e9 possibilitada atrav\u00e9s de parcerias com institui\u00e7\u00f5es locais, empresas e organiza\u00e7\u00f5es n\u00e3o governamentais. Essas colabora\u00e7\u00f5es s\u00e3o essenciais para a oferta dos servi\u00e7os e para a divulga\u00e7\u00e3o do evento.<\/p>\n<p>Entre os apoiadores, \u00e9 comum encontrar:<\/p>\n<ul>\n<li><strong>Prefeituras locais:<\/strong> Que oferecem infraestrutura e apoio log\u00edstico.<\/li>\n<li><strong>Universidades:<\/strong> Que muitas vezes enviam estudantes para realizar atividades de extens\u00e3o.<\/li>\n<li><strong>Organiza\u00e7\u00f5es n\u00e3o governamentais:<\/strong> Que contribuem com servi\u00e7os sociais e educativos.<\/li>\n<li><strong>Empresas locais:<\/strong> Que ajudam com patroc\u00ednios e doa\u00e7\u00f5es.<\/li>\n<\/ul>\n<h2>Depoimentos dos Moradores<\/h2>\n<p>Os moradores de Humildes frequentemente compartilham suas experi\u00eancias positivas com a Feira em A\u00e7\u00e3o. Aqui est\u00e3o alguns depoimentos:<\/p>\n<ul>\n<li><strong>Maria da Silva:<\/strong> &#8220;A Feira em A\u00e7\u00e3o mudou minha vida. Consegui fazer v\u00e1rios exames m\u00e9dicos que n\u00e3o podia pagar e ainda aprendi a fazer artesanato!&#8221;<\/li>\n<li><strong>Jorge Almeida:<\/strong> &#8220;Esse evento \u00e9 uma oportunidade incr\u00edvel para a comunidade. Conheci pessoas novas e fiz muitos amigos!&#8221;<\/li>\n<li><strong>Eliane Costa:<\/strong> &#8220;Participei de uma oficina de culin\u00e1ria e agora estou pensando em abrir meu pr\u00f3prio neg\u00f3cio em casa!&#8221;<\/li>\n<\/ul>\n<p>Esses relatos refletem como a Feira em A\u00e7\u00e3o se tornou um ponto de esperan\u00e7a e oportunidade para muitos.<\/p>\n<h2>Expectativas para Edi\u00e7\u00f5es Futuras<\/h2>\n<p>As expectativas para futuras edi\u00e7\u00f5es da Feira em A\u00e7\u00e3o s\u00e3o altas. Com o crescimento do evento, a organiza\u00e7\u00e3o planeja aumentar o n\u00famero de servi\u00e7os oferecidos e expandir a divulga\u00e7\u00e3o para alcan\u00e7ar mais moradores. Tamb\u00e9m s\u00e3o discutidas a inclus\u00e3o de novas parcerias e a possibilidade de eventos especiais, como palestras e pain\u00e9is de discuss\u00e3o sobre temas relevantes para a comunidade.<\/p>\n<p>A ideia \u00e9 sempre adaptar a feira \u00e0s necessidades da popula\u00e7\u00e3o, garantindo que os moradores continuem a aproveitar os benef\u00edcios oferecidos.<\/p>\n<h2>Conclus\u00e3o sobre a Import\u00e2ncia da A\u00e7\u00e3o<\/h2>\n<p>A Feira em A\u00e7\u00e3o representa um verdadeiro modelo de <strong>engajamento comunit\u00e1rio<\/strong> e <strong>solidariedade<\/strong>. Com o foco em inclus\u00e3o social e promo\u00e7\u00e3o da cidadania, o evento n\u00e3o apenas traz servi\u00e7os essenciais, mas tamb\u00e9m refor\u00e7a o sentimento de pertencimento e apoio m\u00fatuo entre os moradores. \u00c0 medida que a comunidade continua a se unir em torno da Feira, as oportunidades para crescimento e desenvolvimento somente tendem a aumentar, tornando Humildes um lugar melhor para viver.<\/p>\n\n<div style=\"font-size: 0px; height: 0px; line-height: 0px; margin: 0; padding: 0; clear: both;\"><\/div>","protected":false},"excerpt":{"rendered":"<p>Feira em A\u00e7\u00e3o proporciona inclus\u00e3o social e cidadania aos moradores de Humildes nos dias 25 e 26.<\/p>\n","protected":false},"author":1,"featured_media":1148,"comment_status":"open","ping_status":"closed","sticky":false,"template":"","format":"standard","meta":{"footnotes":""},"categories":[6],"tags":[],"class_list":["post-1149","post","type-post","status-publish","format-standard","has-post-thumbnail","hentry","category-noticias-em-feira-de-santana","has_thumb"],"aioseo_notices":[],"aioseo_head":"\n\t\t<!-- All in One SEO 5.0.0.1 - aioseo.com -->\n\t<meta name=\"description\" content=\"Feira em A\u00e7\u00e3o proporciona inclus\u00e3o social e cidadania aos moradores de Humildes nos dias 25 e 26.\" \/>\n\t<meta name=\"robots\" content=\"max-image-preview:large\" \/>\n\t<meta name=\"author\" content=\"Encontra Feira de Santana\"\/>\n\t<link rel=\"canonical\" href=\"https:\/\/www.encontrafeiradesantana.com.br\/sobre\/feira-em-acao-leva-inclusao-social-e-cidadania-aos-moradores-de-humildes-nos-dias-25-e-26\/\" \/>\n\t<meta name=\"generator\" content=\"All in One SEO (AIOSEO) 5.0.0.1\" \/>\n\t\t<meta property=\"og:locale\" content=\"pt_BR\" \/>\n\t\t<meta property=\"og:site_name\" content=\"Encontra Feira de Santana | Not\u00edcias, eventos, informa\u00e7\u00f5es e dicas na cidade Feira de Santana e regi\u00e3o.\" \/>\n\t\t<meta property=\"og:type\" content=\"article\" \/>\n\t\t<meta property=\"og:title\" content=\"Feira em A\u00e7\u00e3o leva inclus\u00e3o social e cidadania aos moradores de Humildes nos dias 25 e 26 | Encontra Feira de Santana\" \/>\n\t\t<meta property=\"og:description\" content=\"Feira em A\u00e7\u00e3o proporciona inclus\u00e3o social e cidadania aos moradores de Humildes nos dias 25 e 26.\" \/>\n\t\t<meta property=\"og:url\" content=\"https:\/\/www.encontrafeiradesantana.com.br\/sobre\/feira-em-acao-leva-inclusao-social-e-cidadania-aos-moradores-de-humildes-nos-dias-25-e-26\/\" \/>\n\t\t<meta property=\"article:published_time\" content=\"2025-11-05T12:39:00+00:00\" \/>\n\t\t<meta property=\"article:modified_time\" content=\"2025-11-05T12:39:00+00:00\" \/>\n\t\t<meta name=\"twitter:card\" content=\"summary\" \/>\n\t\t<meta name=\"twitter:title\" content=\"Feira em A\u00e7\u00e3o leva inclus\u00e3o social e cidadania aos moradores de Humildes nos dias 25 e 26 | Encontra Feira de Santana\" \/>\n\t\t<meta name=\"twitter:description\" content=\"Feira em A\u00e7\u00e3o proporciona inclus\u00e3o social e cidadania aos moradores de Humildes nos dias 25 e 26.\" \/>\n\t\t<script type=\"application\/ld+json\" class=\"aioseo-schema\">\n\t\t\t{\"@context\":\"https:\\\/\\\/schema.org\",\"@graph\":[{\"@type\":\"Article\",\"@id\":\"https:\\\/\\\/www.encontrafeiradesantana.com.br\\\/sobre\\\/feira-em-acao-leva-inclusao-social-e-cidadania-aos-moradores-de-humildes-nos-dias-25-e-26\\\/#article\",\"name\":\"Feira em A\\u00e7\\u00e3o leva inclus\\u00e3o social e cidadania aos moradores de Humildes nos dias 25 e 26 | Encontra Feira de Santana\",\"headline\":\"Feira em A\\u00e7\\u00e3o leva inclus\\u00e3o social e cidadania aos moradores de Humildes nos dias 25 e 26\",\"author\":{\"@id\":\"https:\\\/\\\/www.encontrafeiradesantana.com.br\\\/sobre\\\/author\\\/efeiradesantana\\\/#author\"},\"publisher\":{\"@id\":\"https:\\\/\\\/www.encontrafeiradesantana.com.br\\\/sobre\\\/#organization\"},\"image\":{\"@type\":\"ImageObject\",\"url\":\"https:\\\/\\\/www.encontrafeiradesantana.com.br\\\/sobre\\\/wp-content\\\/uploads\\\/2025\\\/11\\\/feira-em-acao-leva-inclusao-social-e-cidadania-aos-moradores-de-humildes-nos-dias-25-e-26.webp\",\"width\":320,\"height\":280,\"caption\":\"Feira em A\\u00e7\\u00e3o\"},\"datePublished\":\"2025-11-05T09:39:00-03:00\",\"dateModified\":\"2025-11-05T09:39:00-03:00\",\"inLanguage\":\"pt-BR\",\"mainEntityOfPage\":{\"@id\":\"https:\\\/\\\/www.encontrafeiradesantana.com.br\\\/sobre\\\/feira-em-acao-leva-inclusao-social-e-cidadania-aos-moradores-de-humildes-nos-dias-25-e-26\\\/#webpage\"},\"isPartOf\":{\"@id\":\"https:\\\/\\\/www.encontrafeiradesantana.com.br\\\/sobre\\\/feira-em-acao-leva-inclusao-social-e-cidadania-aos-moradores-de-humildes-nos-dias-25-e-26\\\/#webpage\"},\"articleSection\":\"Not\\u00edcias Feira de Santana\"},{\"@type\":\"BreadcrumbList\",\"@id\":\"https:\\\/\\\/www.encontrafeiradesantana.com.br\\\/sobre\\\/feira-em-acao-leva-inclusao-social-e-cidadania-aos-moradores-de-humildes-nos-dias-25-e-26\\\/#breadcrumblist\",\"itemListElement\":[{\"@type\":\"ListItem\",\"@id\":\"https:\\\/\\\/www.encontrafeiradesantana.com.br\\\/sobre#listItem\",\"position\":1,\"name\":\"In\\u00edcio\",\"item\":\"https:\\\/\\\/www.encontrafeiradesantana.com.br\\\/sobre\",\"nextItem\":{\"@type\":\"ListItem\",\"@id\":\"https:\\\/\\\/www.encontrafeiradesantana.com.br\\\/sobre\\\/noticias-em-feira-de-santana\\\/#listItem\",\"name\":\"Not\\u00edcias Feira de Santana\"}},{\"@type\":\"ListItem\",\"@id\":\"https:\\\/\\\/www.encontrafeiradesantana.com.br\\\/sobre\\\/noticias-em-feira-de-santana\\\/#listItem\",\"position\":2,\"name\":\"Not\\u00edcias Feira de Santana\",\"item\":\"https:\\\/\\\/www.encontrafeiradesantana.com.br\\\/sobre\\\/noticias-em-feira-de-santana\\\/\",\"nextItem\":{\"@type\":\"ListItem\",\"@id\":\"https:\\\/\\\/www.encontrafeiradesantana.com.br\\\/sobre\\\/feira-em-acao-leva-inclusao-social-e-cidadania-aos-moradores-de-humildes-nos-dias-25-e-26\\\/#listItem\",\"name\":\"Feira em A\\u00e7\\u00e3o leva inclus\\u00e3o social e cidadania aos moradores de Humildes nos dias 25 e 26\"},\"previousItem\":{\"@type\":\"ListItem\",\"@id\":\"https:\\\/\\\/www.encontrafeiradesantana.com.br\\\/sobre#listItem\",\"name\":\"In\\u00edcio\"}},{\"@type\":\"ListItem\",\"@id\":\"https:\\\/\\\/www.encontrafeiradesantana.com.br\\\/sobre\\\/feira-em-acao-leva-inclusao-social-e-cidadania-aos-moradores-de-humildes-nos-dias-25-e-26\\\/#listItem\",\"position\":3,\"name\":\"Feira em A\\u00e7\\u00e3o leva inclus\\u00e3o social e cidadania aos moradores de Humildes nos dias 25 e 26\",\"previousItem\":{\"@type\":\"ListItem\",\"@id\":\"https:\\\/\\\/www.encontrafeiradesantana.com.br\\\/sobre\\\/noticias-em-feira-de-santana\\\/#listItem\",\"name\":\"Not\\u00edcias Feira de Santana\"}}]},{\"@type\":\"Organization\",\"@id\":\"https:\\\/\\\/www.encontrafeiradesantana.com.br\\\/sobre\\\/#organization\",\"name\":\"Encontra Feira de Santana\",\"description\":\"Not\\u00edcias, eventos, informa\\u00e7\\u00f5es e dicas na cidade Feira de Santana e regi\\u00e3o.\",\"url\":\"https:\\\/\\\/www.encontrafeiradesantana.com.br\\\/sobre\\\/\"},{\"@type\":\"Person\",\"@id\":\"https:\\\/\\\/www.encontrafeiradesantana.com.br\\\/sobre\\\/author\\\/efeiradesantana\\\/#author\",\"url\":\"https:\\\/\\\/www.encontrafeiradesantana.com.br\\\/sobre\\\/author\\\/efeiradesantana\\\/\",\"name\":\"Encontra Feira de Santana\",\"image\":{\"@type\":\"ImageObject\",\"@id\":\"https:\\\/\\\/www.encontrafeiradesantana.com.br\\\/sobre\\\/feira-em-acao-leva-inclusao-social-e-cidadania-aos-moradores-de-humildes-nos-dias-25-e-26\\\/#authorImage\",\"url\":\"https:\\\/\\\/secure.gravatar.com\\\/avatar\\\/507340682b8270222e1f208e23198b6ae7e2c6a1033ae84e99bc6bce4f82a387?s=96&d=mm&r=g\",\"width\":96,\"height\":96,\"caption\":\"Encontra Feira de Santana\"}},{\"@type\":\"WebPage\",\"@id\":\"https:\\\/\\\/www.encontrafeiradesantana.com.br\\\/sobre\\\/feira-em-acao-leva-inclusao-social-e-cidadania-aos-moradores-de-humildes-nos-dias-25-e-26\\\/#webpage\",\"url\":\"https:\\\/\\\/www.encontrafeiradesantana.com.br\\\/sobre\\\/feira-em-acao-leva-inclusao-social-e-cidadania-aos-moradores-de-humildes-nos-dias-25-e-26\\\/\",\"name\":\"Feira em A\\u00e7\\u00e3o leva inclus\\u00e3o social e cidadania aos moradores de Humildes nos dias 25 e 26 | Encontra Feira de Santana\",\"description\":\"Feira em A\\u00e7\\u00e3o proporciona inclus\\u00e3o social e cidadania aos moradores de Humildes nos dias 25 e 26.\",\"inLanguage\":\"pt-BR\",\"isPartOf\":{\"@id\":\"https:\\\/\\\/www.encontrafeiradesantana.com.br\\\/sobre\\\/#website\"},\"breadcrumb\":{\"@id\":\"https:\\\/\\\/www.encontrafeiradesantana.com.br\\\/sobre\\\/feira-em-acao-leva-inclusao-social-e-cidadania-aos-moradores-de-humildes-nos-dias-25-e-26\\\/#breadcrumblist\"},\"author\":{\"@id\":\"https:\\\/\\\/www.encontrafeiradesantana.com.br\\\/sobre\\\/author\\\/efeiradesantana\\\/#author\"},\"creator\":{\"@id\":\"https:\\\/\\\/www.encontrafeiradesantana.com.br\\\/sobre\\\/author\\\/efeiradesantana\\\/#author\"},\"image\":{\"@type\":\"ImageObject\",\"url\":\"https:\\\/\\\/www.encontrafeiradesantana.com.br\\\/sobre\\\/wp-content\\\/uploads\\\/2025\\\/11\\\/feira-em-acao-leva-inclusao-social-e-cidadania-aos-moradores-de-humildes-nos-dias-25-e-26.webp\",\"@id\":\"https:\\\/\\\/www.encontrafeiradesantana.com.br\\\/sobre\\\/feira-em-acao-leva-inclusao-social-e-cidadania-aos-moradores-de-humildes-nos-dias-25-e-26\\\/#mainImage\",\"width\":320,\"height\":280,\"caption\":\"Feira em A\\u00e7\\u00e3o\"},\"primaryImageOfPage\":{\"@id\":\"https:\\\/\\\/www.encontrafeiradesantana.com.br\\\/sobre\\\/feira-em-acao-leva-inclusao-social-e-cidadania-aos-moradores-de-humildes-nos-dias-25-e-26\\\/#mainImage\"},\"datePublished\":\"2025-11-05T09:39:00-03:00\",\"dateModified\":\"2025-11-05T09:39:00-03:00\"},{\"@type\":\"WebSite\",\"@id\":\"https:\\\/\\\/www.encontrafeiradesantana.com.br\\\/sobre\\\/#website\",\"url\":\"https:\\\/\\\/www.encontrafeiradesantana.com.br\\\/sobre\\\/\",\"name\":\"Encontra Feira de Santana\",\"description\":\"Not\\u00edcias, eventos, informa\\u00e7\\u00f5es e dicas na cidade Feira de Santana e regi\\u00e3o.\",\"inLanguage\":\"pt-BR\",\"publisher\":{\"@id\":\"https:\\\/\\\/www.encontrafeiradesantana.com.br\\\/sobre\\\/#organization\"}}]}\n\t\t<\/script>\n\t\t<!-- All in One SEO -->\n\n","aioseo_head_json":{"title":"Feira em A\u00e7\u00e3o leva inclus\u00e3o social e cidadania aos moradores de Humildes nos dias 25 e 26 | Encontra Feira de Santana","description":"Feira em A\u00e7\u00e3o proporciona inclus\u00e3o social e cidadania aos moradores de Humildes nos dias 25 e 26.","canonical_url":"https:\/\/www.encontrafeiradesantana.com.br\/sobre\/feira-em-acao-leva-inclusao-social-e-cidadania-aos-moradores-de-humildes-nos-dias-25-e-26\/","robots":"max-image-preview:large","keywords":"","webmasterTools":{"miscellaneous":""},"schema":{"@context":"https:\/\/schema.org","@graph":[{"@type":"Article","@id":"https:\/\/www.encontrafeiradesantana.com.br\/sobre\/feira-em-acao-leva-inclusao-social-e-cidadania-aos-moradores-de-humildes-nos-dias-25-e-26\/#article","name":"Feira em A\u00e7\u00e3o leva inclus\u00e3o social e cidadania aos moradores de Humildes nos dias 25 e 26 | Encontra Feira de Santana","headline":"Feira em A\u00e7\u00e3o leva inclus\u00e3o social e cidadania aos moradores de Humildes nos dias 25 e 26","author":{"@id":"https:\/\/www.encontrafeiradesantana.com.br\/sobre\/author\/efeiradesantana\/#author"},"publisher":{"@id":"https:\/\/www.encontrafeiradesantana.com.br\/sobre\/#organization"},"image":{"@type":"ImageObject","url":"https:\/\/www.encontrafeiradesantana.com.br\/sobre\/wp-content\/uploads\/2025\/11\/feira-em-acao-leva-inclusao-social-e-cidadania-aos-moradores-de-humildes-nos-dias-25-e-26.webp","width":320,"height":280,"caption":"Feira em A\u00e7\u00e3o"},"datePublished":"2025-11-05T09:39:00-03:00","dateModified":"2025-11-05T09:39:00-03:00","inLanguage":"pt-BR","mainEntityOfPage":{"@id":"https:\/\/www.encontrafeiradesantana.com.br\/sobre\/feira-em-acao-leva-inclusao-social-e-cidadania-aos-moradores-de-humildes-nos-dias-25-e-26\/#webpage"},"isPartOf":{"@id":"https:\/\/www.encontrafeiradesantana.com.br\/sobre\/feira-em-acao-leva-inclusao-social-e-cidadania-aos-moradores-de-humildes-nos-dias-25-e-26\/#webpage"},"articleSection":"Not\u00edcias Feira de Santana"},{"@type":"BreadcrumbList","@id":"https:\/\/www.encontrafeiradesantana.com.br\/sobre\/feira-em-acao-leva-inclusao-social-e-cidadania-aos-moradores-de-humildes-nos-dias-25-e-26\/#breadcrumblist","itemListElement":[{"@type":"ListItem","@id":"https:\/\/www.encontrafeiradesantana.com.br\/sobre#listItem","position":1,"name":"In\u00edcio","item":"https:\/\/www.encontrafeiradesantana.com.br\/sobre","nextItem":{"@type":"ListItem","@id":"https:\/\/www.encontrafeiradesantana.com.br\/sobre\/noticias-em-feira-de-santana\/#listItem","name":"Not\u00edcias Feira de Santana"}},{"@type":"ListItem","@id":"https:\/\/www.encontrafeiradesantana.com.br\/sobre\/noticias-em-feira-de-santana\/#listItem","position":2,"name":"Not\u00edcias Feira de Santana","item":"https:\/\/www.encontrafeiradesantana.com.br\/sobre\/noticias-em-feira-de-santana\/","nextItem":{"@type":"ListItem","@id":"https:\/\/www.encontrafeiradesantana.com.br\/sobre\/feira-em-acao-leva-inclusao-social-e-cidadania-aos-moradores-de-humildes-nos-dias-25-e-26\/#listItem","name":"Feira em A\u00e7\u00e3o leva inclus\u00e3o social e cidadania aos moradores de Humildes nos dias 25 e 26"},"previousItem":{"@type":"ListItem","@id":"https:\/\/www.encontrafeiradesantana.com.br\/sobre#listItem","name":"In\u00edcio"}},{"@type":"ListItem","@id":"https:\/\/www.encontrafeiradesantana.com.br\/sobre\/feira-em-acao-leva-inclusao-social-e-cidadania-aos-moradores-de-humildes-nos-dias-25-e-26\/#listItem","position":3,"name":"Feira em A\u00e7\u00e3o leva inclus\u00e3o social e cidadania aos moradores de Humildes nos dias 25 e 26","previousItem":{"@type":"ListItem","@id":"https:\/\/www.encontrafeiradesantana.com.br\/sobre\/noticias-em-feira-de-santana\/#listItem","name":"Not\u00edcias Feira de Santana"}}]},{"@type":"Organization","@id":"https:\/\/www.encontrafeiradesantana.com.br\/sobre\/#organization","name":"Encontra Feira de Santana","description":"Not\u00edcias, eventos, informa\u00e7\u00f5es e dicas na cidade Feira de Santana e regi\u00e3o.","url":"https:\/\/www.encontrafeiradesantana.com.br\/sobre\/"},{"@type":"Person","@id":"https:\/\/www.encontrafeiradesantana.com.br\/sobre\/author\/efeiradesantana\/#author","url":"https:\/\/www.encontrafeiradesantana.com.br\/sobre\/author\/efeiradesantana\/","name":"Encontra Feira de Santana","image":{"@type":"ImageObject","@id":"https:\/\/www.encontrafeiradesantana.com.br\/sobre\/feira-em-acao-leva-inclusao-social-e-cidadania-aos-moradores-de-humildes-nos-dias-25-e-26\/#authorImage","url":"https:\/\/secure.gravatar.com\/avatar\/507340682b8270222e1f208e23198b6ae7e2c6a1033ae84e99bc6bce4f82a387?s=96&d=mm&r=g","width":96,"height":96,"caption":"Encontra Feira de Santana"}},{"@type":"WebPage","@id":"https:\/\/www.encontrafeiradesantana.com.br\/sobre\/feira-em-acao-leva-inclusao-social-e-cidadania-aos-moradores-de-humildes-nos-dias-25-e-26\/#webpage","url":"https:\/\/www.encontrafeiradesantana.com.br\/sobre\/feira-em-acao-leva-inclusao-social-e-cidadania-aos-moradores-de-humildes-nos-dias-25-e-26\/","name":"Feira em A\u00e7\u00e3o leva inclus\u00e3o social e cidadania aos moradores de Humildes nos dias 25 e 26 | Encontra Feira de Santana","description":"Feira em A\u00e7\u00e3o proporciona inclus\u00e3o social e cidadania aos moradores de Humildes nos dias 25 e 26.","inLanguage":"pt-BR","isPartOf":{"@id":"https:\/\/www.encontrafeiradesantana.com.br\/sobre\/#website"},"breadcrumb":{"@id":"https:\/\/www.encontrafeiradesantana.com.br\/sobre\/feira-em-acao-leva-inclusao-social-e-cidadania-aos-moradores-de-humildes-nos-dias-25-e-26\/#breadcrumblist"},"author":{"@id":"https:\/\/www.encontrafeiradesantana.com.br\/sobre\/author\/efeiradesantana\/#author"},"creator":{"@id":"https:\/\/www.encontrafeiradesantana.com.br\/sobre\/author\/efeiradesantana\/#author"},"image":{"@type":"ImageObject","url":"https:\/\/www.encontrafeiradesantana.com.br\/sobre\/wp-content\/uploads\/2025\/11\/feira-em-acao-leva-inclusao-social-e-cidadania-aos-moradores-de-humildes-nos-dias-25-e-26.webp","@id":"https:\/\/www.encontrafeiradesantana.com.br\/sobre\/feira-em-acao-leva-inclusao-social-e-cidadania-aos-moradores-de-humildes-nos-dias-25-e-26\/#mainImage","width":320,"height":280,"caption":"Feira em A\u00e7\u00e3o"},"primaryImageOfPage":{"@id":"https:\/\/www.encontrafeiradesantana.com.br\/sobre\/feira-em-acao-leva-inclusao-social-e-cidadania-aos-moradores-de-humildes-nos-dias-25-e-26\/#mainImage"},"datePublished":"2025-11-05T09:39:00-03:00","dateModified":"2025-11-05T09:39:00-03:00"},{"@type":"WebSite","@id":"https:\/\/www.encontrafeiradesantana.com.br\/sobre\/#website","url":"https:\/\/www.encontrafeiradesantana.com.br\/sobre\/","name":"Encontra Feira de Santana","description":"Not\u00edcias, eventos, informa\u00e7\u00f5es e dicas na cidade Feira de Santana e regi\u00e3o.","inLanguage":"pt-BR","publisher":{"@id":"https:\/\/www.encontrafeiradesantana.com.br\/sobre\/#organization"}}]},"og:locale":"pt_BR","og:site_name":"Encontra Feira de Santana | Not\u00edcias, eventos, informa\u00e7\u00f5es e dicas na cidade Feira de Santana e regi\u00e3o.","og:type":"article","og:title":"Feira em A\u00e7\u00e3o leva inclus\u00e3o social e cidadania aos moradores de Humildes nos dias 25 e 26 | Encontra Feira de Santana","og:description":"Feira em A\u00e7\u00e3o proporciona inclus\u00e3o social e cidadania aos moradores de Humildes nos dias 25 e 26.","og:url":"https:\/\/www.encontrafeiradesantana.com.br\/sobre\/feira-em-acao-leva-inclusao-social-e-cidadania-aos-moradores-de-humildes-nos-dias-25-e-26\/","article:published_time":"2025-11-05T12:39:00+00:00","article:modified_time":"2025-11-05T12:39:00+00:00","twitter:card":"summary","twitter:title":"Feira em A\u00e7\u00e3o leva inclus\u00e3o social e cidadania aos moradores de Humildes nos dias 25 e 26 | Encontra Feira de Santana","twitter:description":"Feira em A\u00e7\u00e3o proporciona inclus\u00e3o social e cidadania aos moradores de Humildes nos dias 25 e 26."},"aioseo_meta_data":{"post_id":"1149","title":null,"description":null,"keywords":null,"keyphrases":null,"primary_term":null,"canonical_url":null,"og_title":null,"og_description":null,"og_object_type":"default","og_image_type":"default","og_image_url":null,"og_image_width":null,"og_image_height":null,"og_image_custom_url":null,"og_image_custom_fields":null,"og_video":null,"og_custom_url":null,"og_article_section":null,"og_article_tags":null,"twitter_use_og":false,"twitter_card":"default","twitter_image_type":"default","twitter_image_url":null,"twitter_image_custom_url":null,"twitter_image_custom_fields":null,"twitter_title":null,"twitter_description":null,"schema":{"blockGraphs":[],"customGraphs":[],"default":{"data":{"Article":[],"Course":[],"Dataset":[],"FAQPage":[],"Movie":[],"Person":[],"Product":[],"ProductReview":[],"Car":[],"Recipe":[],"Service":[],"SoftwareApplication":[],"WebPage":[]},"graphName":"Article","isEnabled":true},"graphs":[]},"schema_type":"default","schema_type_options":null,"pillar_content":false,"robots_default":true,"robots_noindex":false,"robots_noarchive":false,"robots_nosnippet":false,"robots_nofollow":false,"robots_noimageindex":false,"robots_noodp":false,"robots_notranslate":false,"robots_max_snippet":null,"robots_max_videopreview":null,"robots_max_imagepreview":"large","priority":null,"frequency":null,"local_seo":null,"breadcrumb_settings":null,"limit_modified_date":false,"ai":null,"created":"2025-11-05 18:19:04","updated":"2025-11-05 18:21:20","focus_keyword":null,"additional_keywords":null,"truseo_locale":null,"seo_analyzer_scan_date":null},"aioseo_breadcrumb":"<div class=\"aioseo-breadcrumbs\"><span class=\"aioseo-breadcrumb\">\n\t\t\t<a href=\"https:\/\/www.encontrafeiradesantana.com.br\/sobre\" title=\"In\u00edcio\">In\u00edcio<\/a>\n\t\t<\/span><span class=\"aioseo-breadcrumb-separator\">&raquo;<\/span><span class=\"aioseo-breadcrumb\">\n\t\t\t<a href=\"https:\/\/www.encontrafeiradesantana.com.br\/sobre\/noticias-em-feira-de-santana\/\" title=\"Not\u00edcias Feira de Santana\">Not\u00edcias Feira de Santana<\/a>\n\t\t<\/span><span class=\"aioseo-breadcrumb-separator\">&raquo;<\/span><span class=\"aioseo-breadcrumb\">\n\t\t\tFeira em A\u00e7\u00e3o leva inclus\u00e3o social e cidadania aos moradores de Humildes nos dias 25 e 26\n\t\t<\/span><\/div>","aioseo_breadcrumb_json":[{"label":"In\u00edcio","link":"https:\/\/www.encontrafeiradesantana.com.br\/sobre"},{"label":"Not\u00edcias Feira de Santana","link":"https:\/\/www.encontrafeiradesantana.com.br\/sobre\/noticias-em-feira-de-santana\/"},{"label":"Feira em A\u00e7\u00e3o leva inclus\u00e3o social e cidadania aos moradores de Humildes nos dias 25 e 26","link":"https:\/\/www.encontrafeiradesantana.com.br\/sobre\/feira-em-acao-leva-inclusao-social-e-cidadania-aos-moradores-de-humildes-nos-dias-25-e-26\/"}],"_links":{"self":[{"href":"https:\/\/www.encontrafeiradesantana.com.br\/sobre\/wp-json\/wp\/v2\/posts\/1149","targetHints":{"allow":["GET"]}}],"collection":[{"href":"https:\/\/www.encontrafeiradesantana.com.br\/sobre\/wp-json\/wp\/v2\/posts"}],"about":[{"href":"https:\/\/www.encontrafeiradesantana.com.br\/sobre\/wp-json\/wp\/v2\/types\/post"}],"author":[{"embeddable":true,"href":"https:\/\/www.encontrafeiradesantana.com.br\/sobre\/wp-json\/wp\/v2\/users\/1"}],"replies":[{"embeddable":true,"href":"https:\/\/www.encontrafeiradesantana.com.br\/sobre\/wp-json\/wp\/v2\/comments?post=1149"}],"version-history":[{"count":0,"href":"https:\/\/www.encontrafeiradesantana.com.br\/sobre\/wp-json\/wp\/v2\/posts\/1149\/revisions"}],"wp:featuredmedia":[{"embeddable":true,"href":"https:\/\/www.encontrafeiradesantana.com.br\/sobre\/wp-json\/wp\/v2\/media\/1148"}],"wp:attachment":[{"href":"https:\/\/www.encontrafeiradesantana.com.br\/sobre\/wp-json\/wp\/v2\/media?parent=1149"}],"wp:term":[{"taxonomy":"category","embeddable":true,"href":"https:\/\/www.encontrafeiradesantana.com.br\/sobre\/wp-json\/wp\/v2\/categories?post=1149"},{"taxonomy":"post_tag","embeddable":true,"href":"https:\/\/www.encontrafeiradesantana.com.br\/sobre\/wp-json\/wp\/v2\/tags?post=1149"}],"curies":[{"name":"wp","href":"https:\/\/api.w.org\/{rel}","templated":true}]}}