{"id":1119,"date":"2025-11-01T06:33:00","date_gmt":"2025-11-01T09:33:00","guid":{"rendered":"https:\/\/www.encontrafeiradesantana.com.br\/sobre\/entidades-de-classe-pedem-ao-governo-o-fim-do-arrastao-na-micareta\/"},"modified":"2025-11-01T06:33:00","modified_gmt":"2025-11-01T09:33:00","slug":"entidades-de-classe-pedem-ao-governo-o-fim-do-arrastao-na-micareta","status":"publish","type":"post","link":"https:\/\/www.encontrafeiradesantana.com.br\/sobre\/entidades-de-classe-pedem-ao-governo-o-fim-do-arrastao-na-micareta\/","title":{"rendered":"Entidades de classe pedem ao Governo o fim do &#8220;Arrast\u00e3o&#8221; na Micareta"},"content":{"rendered":"<div class=\"3f468104ad11f00a3c9ac948316f4265\" data-index=\"1\" style=\"float: none; margin:0px;\">\n<ins class=\"adsbygoogle\"\r\n     style=\"display:block\"\r\n     data-ad-client=\"ca-pub-8585364105181520\"\r\n     data-ad-slot=\"8789329856\"\r\n     data-ad-format=\"auto\"\r\n     data-full-width-responsive=\"true\"><\/ins>\r\n<script>\r\n     (adsbygoogle = window.adsbygoogle || []).push({});\r\n<\/script>\r\n\n<\/div>\n<h2>O Que \u00e9 o Arrast\u00e3o da Micareta?<\/h2>\n<p>O <strong>Arrast\u00e3o da Micareta de Feira de Santana<\/strong> \u00e9 um dos eventos mais pol\u00eamicos e esperados durante a famosa festa de Carnaval fora de \u00e9poca, que acontece na cidade. O evento consiste em uma grande multid\u00e3o de foli\u00f5es que se desloca em um trajeto definido, habitualmente ao som de m\u00fasicas de bandas locais e renomadas. \u00c9 uma atra\u00e7\u00e3o que remete \u00e0 ess\u00eancia do Carnaval, unindo divers\u00e3o e a cultura musical local.<\/p>\n<p>Normalmente, essa movimenta\u00e7\u00e3o acontece no \u00faltimo dia do evento, atraindo n\u00e3o apenas os foli\u00f5es que querem se integrar \u00e0 festa, mas tamb\u00e9m aqueles que desejam vivenciar um momento de alegria e descontra\u00e7\u00e3o. Contudo, a natureza do arrast\u00e3o, com grandes aglomera\u00e7\u00f5es, tem gerado discuss\u00f5es e cr\u00edticas ao longo dos anos.<\/p>\n<h2>Por Que as Entidades Est\u00e3o Reivindicando o Fim do Evento?<\/h2>\n<p>Dentre as principais reclama\u00e7\u00f5es das <strong>entidades de classe<\/strong>, est\u00e1 a preocupa\u00e7\u00e3o com a seguran\u00e7a e a organiza\u00e7\u00e3o dos eventos. Muitas dessas entidades, que representam comerciantes e prestadores de servi\u00e7os, argumentam que o arrast\u00e3o tem se transformado em uma verdadeira <em>vitrine de desordem<\/em>.<\/p>\n<p>Al\u00e9m disso, a falta de controle no evento gera preocupa\u00e7\u00e3o com a viol\u00eancia e o consumo excessivo de bebidas alco\u00f3licas. Esses fatores t\u00eam contribu\u00eddo para a diminui\u00e7\u00e3o da sensa\u00e7\u00e3o de seguran\u00e7a durante a micareta, o que afeta especialmente os empres\u00e1rios locais e a imagem da festa como um todo.<\/p>\n<h2>Impactos Econ\u00f4micos do Arrast\u00e3o no Com\u00e9rcio Local<\/h2>\n<p>O impacto econ\u00f4mico do arrast\u00e3o na Micareta de Feira de Santana \u00e9 consider\u00e1vel. Para muitos comerciantes, a festa representa uma das \u00e9pocas mais lucrativas do ano. Contudo, com a atual desordem associada ao evento, muitos relatam um aumento no <strong>preju\u00edzo<\/strong> devido a danos ao patrim\u00f4nio e a queda na venda de produtos e servi\u00e7os.<\/p>\n<p>A desorganiza\u00e7\u00e3o do arrast\u00e3o tem levado a um aumento nos custos operacionais, pois muitos comerciantes sentem a necessidade de aumentar a seguran\u00e7a em suas lojas e na \u00e1rea ao redor, o que pode ser visto como uma forma de mitiga\u00e7\u00e3o do risco. Esses custos adicionais podem ser significativos e impactar a lucratividade.<\/p>\n<h2>O Apoio das Bandas e Comerciantes<\/h2>\n<p>Uma parte importante da discuss\u00e3o em torno do fim do arrast\u00e3o \u00e9 o apoio que as bandas e os comerciantes locais manifestam em rela\u00e7\u00e3o ao evento. Muitos artistas v\u00eaem a micareta como uma oportunidade de se conectar com o p\u00fablico e promover seu trabalho. Por outro lado, comerciantes alegam que a presen\u00e7a de artistas renomados atrai um maior n\u00famero de visitantes, o que pode ser ben\u00e9fico para o com\u00e9rcio local.<\/p>\n<p>No entanto, \u00e9 preciso encontrar um equil\u00edbrio. O apoio \u00e0s bandas n\u00e3o deve se sobrepor \u00e0 necessidade de um evento mais organizado e seguro. A colabora\u00e7\u00e3o entre artistas, comerciantes e organizadores \u00e9 essencial para que a micareta mantenha sua ess\u00eancia sem descuidar da seguran\u00e7a.<\/p>\n<h2>Reuni\u00e3o no Pa\u00e7o Municipal: Quem Estava Presente?<\/h2>\n<p>Recentemente, a discuss\u00e3o sobre o arrast\u00e3o ganhou for\u00e7a em uma reuni\u00e3o no <strong>Pa\u00e7o Municipal<\/strong>. Estavam presentes representantes de diversas entidades, empres\u00e1rios locais, organizadores do evento e representantes da prefeitura. O objetivo do encontro era debater solu\u00e7\u00f5es para o atual cen\u00e1rio da micareta e encontrar alternativas para a realiza\u00e7\u00e3o do arrast\u00e3o.<\/p>\n<p>Os empres\u00e1rios e representantes de entidades locais expressaram suas preocupa\u00e7\u00f5es, buscando um di\u00e1logo aberto. A prefeitura afirmou que est\u00e1 disposta a ouvir as sugest\u00f5es e trabalhar em conjunto para encontrar solu\u00e7\u00f5es vi\u00e1veis, que beneficiem todas as partes envolvidas.<\/p>\n<h2>Alternativas Propostas para a Micareta<\/h2>\n<p>Dentre as alternativas propostas para substituir ou melhorar o arrast\u00e3o, destacam-se:<\/p>\n<ul>\n<li><strong>Reestrutura\u00e7\u00e3o do Event:<\/strong> Criar um novo formato para o arrast\u00e3o que seja mais seguro e organizado, com controle de acesso e seguran\u00e7a privada.<\/li>\n<li><strong>Reuni\u00f5es com os Artistas:<\/strong> Incentivar a participa\u00e7\u00e3o de artistas locais em eventos menores ao longo da micareta, minimizando a aglomera\u00e7\u00e3o.<\/li>\n<li><strong>Espa\u00e7os Reservados:<\/strong> Definir \u00e1reas espec\u00edficas para a concentra\u00e7\u00e3o de grupos, evitando dispers\u00f5es descontroladas.<\/li>\n<\/ul>\n<h2>Mudan\u00e7as na Data da Micareta: O Que Esperar?<\/h2>\n<p>Um dos t\u00f3picos discutidos durante a reuni\u00e3o foi a poss\u00edvel <strong>mudan\u00e7a de datas<\/strong> da Micareta. Essa proposta visa aumentar a seguran\u00e7a e organizar melhor o fluxo de pessoas. As entidades sugerem que novos per\u00edodos possam atrair mais p\u00fablico e proporcionar uma experi\u00eancia mais segura.<\/p>\n<p>As mudan\u00e7as podem gerar expectativas positivas, mas tamb\u00e9m levantam quest\u00f5es sobre a tradi\u00e7\u00e3o e a organiza\u00e7\u00e3o log\u00edstica, como a disponibilidade de bandas e a adequa\u00e7\u00e3o do espa\u00e7o para o evento. A adaptabilidade ser\u00e1 crucial para que esses novos per\u00edodos sejam bem-sucedidos.<\/p>\n<h2>A Voz dos Empreendedores sobre o Arrast\u00e3o<\/h2>\n<p>Os <strong>empreendedores locais<\/strong> t\u00eam se manifestado em rela\u00e7\u00e3o ao arrast\u00e3o, apontando tanto as vantagens quanto as desvantagens do evento. Em geral, eles apreciam a movimenta\u00e7\u00e3o de pessoas, que gera mais vendas e visibilidade para os neg\u00f3cios. Contudo, a desordem e os riscos de viol\u00eancia t\u00eam gerado um sentimento de inseguran\u00e7a entre eles.<\/p>\n<p>Para os comerciantes, \u00e9 crucial que as vozes da comunidade sejam ouvidas nas discuss\u00f5es sobre o arrast\u00e3o. Eles pedem medidas mais rigorosas para garantir que a micareta seja um espa\u00e7o seguro e atraente para visitantes e residentes.<\/p>\n<h2>Hist\u00f3rico do Arrast\u00e3o nas Festividades Locais<\/h2>\n<p>O arrast\u00e3o, embora divertido e animado, possui uma longa hist\u00f3ria de controv\u00e9rsias na Micareta de Feira de Santana. Come\u00e7ou como uma forma de celebrar a vida e a cultura local, mas com o tempo se transformou em um evento que levanta quest\u00f5es sobre seguran\u00e7a e ordem p\u00fablica.<\/p>\n<p>Nos \u00faltimos anos, a evolu\u00e7\u00e3o da festa e a crescente participa\u00e7\u00e3o do p\u00fablico levaram \u00e0 necessidade de uma reflex\u00e3o profunda sobre o arrast\u00e3o. O debate sobre a necessidade de organiza\u00e7\u00e3o e controle est\u00e1 cada vez mais presente, envolvendo n\u00e3o apenas as autoridades locais, mas a comunidade como um todo.<\/p>\n<h2>Considera\u00e7\u00f5es Finais sobre a Reivindica\u00e7\u00e3o<\/h2>\n<p>As reivindica\u00e7\u00f5es em rela\u00e7\u00e3o ao arrast\u00e3o da Micareta de Feira de Santana refletem uma preocupa\u00e7\u00e3o genu\u00edna com o futuro do evento e com a seguran\u00e7a da popula\u00e7\u00e3o e dos foli\u00f5es. A busca por um modelo de festa que mantenha a tradi\u00e7\u00e3o, mas que tamb\u00e9m garanta a seguran\u00e7a e o respeito aos participantes deve ser uma prioridade para todos.<\/p>\n<p>O di\u00e1logo aberto entre as partes envolvidas \u00e9 fundamental para construir um evento que celebre a cultura local, respeitando a legisla\u00e7\u00e3o e o bem-estar de todos. O futuro do arrast\u00e3o ainda \u00e9 incerto, mas o desejo de melhorar e garantir a felicidade de todos os envolvidos \u00e9 um caminho que deve ser seguido.<\/p>\n\n<div style=\"font-size: 0px; height: 0px; line-height: 0px; margin: 0; padding: 0; clear: both;\"><\/div>","protected":false},"excerpt":{"rendered":"<p>Entidades de classe solicitam ao governo o fim do arrast\u00e3o na Micareta de Feira de Santana.<\/p>\n","protected":false},"author":1,"featured_media":0,"comment_status":"open","ping_status":"closed","sticky":false,"template":"","format":"standard","meta":{"footnotes":""},"categories":[26],"tags":[],"class_list":["post-1119","post","type-post","status-publish","format-standard","hentry","category-cultura-em-feira-de-santana"],"aioseo_notices":[],"aioseo_head":"\n\t\t<!-- All in One SEO 5.0.0.1 - aioseo.com -->\n\t<meta name=\"description\" content=\"Entidades de classe solicitam ao governo o fim do arrast\u00e3o na Micareta de Feira de Santana.\" \/>\n\t<meta name=\"robots\" content=\"max-image-preview:large\" \/>\n\t<meta name=\"author\" content=\"Encontra Feira de Santana\"\/>\n\t<link rel=\"canonical\" href=\"https:\/\/www.encontrafeiradesantana.com.br\/sobre\/entidades-de-classe-pedem-ao-governo-o-fim-do-arrastao-na-micareta\/\" \/>\n\t<meta name=\"generator\" content=\"All in One SEO (AIOSEO) 5.0.0.1\" \/>\n\t\t<meta property=\"og:locale\" content=\"pt_BR\" \/>\n\t\t<meta property=\"og:site_name\" content=\"Encontra Feira de Santana | Not\u00edcias, eventos, informa\u00e7\u00f5es e dicas na cidade Feira de Santana e regi\u00e3o.\" \/>\n\t\t<meta property=\"og:type\" content=\"article\" \/>\n\t\t<meta property=\"og:title\" content=\"Entidades de classe pedem ao Governo o fim do \u201cArrast\u00e3o\u201d na Micareta | Encontra Feira de Santana\" \/>\n\t\t<meta property=\"og:description\" content=\"Entidades de classe solicitam ao governo o fim do arrast\u00e3o na Micareta de Feira de Santana.\" \/>\n\t\t<meta property=\"og:url\" content=\"https:\/\/www.encontrafeiradesantana.com.br\/sobre\/entidades-de-classe-pedem-ao-governo-o-fim-do-arrastao-na-micareta\/\" \/>\n\t\t<meta property=\"article:published_time\" content=\"2025-11-01T09:33:00+00:00\" \/>\n\t\t<meta property=\"article:modified_time\" content=\"2025-11-01T09:33:00+00:00\" \/>\n\t\t<meta name=\"twitter:card\" content=\"summary\" \/>\n\t\t<meta name=\"twitter:title\" content=\"Entidades de classe pedem ao Governo o fim do \u201cArrast\u00e3o\u201d na Micareta | Encontra Feira de Santana\" \/>\n\t\t<meta name=\"twitter:description\" content=\"Entidades de classe solicitam ao governo o fim do arrast\u00e3o na Micareta de Feira de Santana.\" \/>\n\t\t<script type=\"application\/ld+json\" class=\"aioseo-schema\">\n\t\t\t{\"@context\":\"https:\\\/\\\/schema.org\",\"@graph\":[{\"@type\":\"Article\",\"@id\":\"https:\\\/\\\/www.encontrafeiradesantana.com.br\\\/sobre\\\/entidades-de-classe-pedem-ao-governo-o-fim-do-arrastao-na-micareta\\\/#article\",\"name\":\"Entidades de classe pedem ao Governo o fim do \\u201cArrast\\u00e3o\\u201d na Micareta | Encontra Feira de Santana\",\"headline\":\"Entidades de classe pedem ao Governo o fim do &#8220;Arrast\\u00e3o&#8221; na Micareta\",\"author\":{\"@id\":\"https:\\\/\\\/www.encontrafeiradesantana.com.br\\\/sobre\\\/author\\\/efeiradesantana\\\/#author\"},\"publisher\":{\"@id\":\"https:\\\/\\\/www.encontrafeiradesantana.com.br\\\/sobre\\\/#organization\"},\"datePublished\":\"2025-11-01T06:33:00-03:00\",\"dateModified\":\"2025-11-01T06:33:00-03:00\",\"inLanguage\":\"pt-BR\",\"mainEntityOfPage\":{\"@id\":\"https:\\\/\\\/www.encontrafeiradesantana.com.br\\\/sobre\\\/entidades-de-classe-pedem-ao-governo-o-fim-do-arrastao-na-micareta\\\/#webpage\"},\"isPartOf\":{\"@id\":\"https:\\\/\\\/www.encontrafeiradesantana.com.br\\\/sobre\\\/entidades-de-classe-pedem-ao-governo-o-fim-do-arrastao-na-micareta\\\/#webpage\"},\"articleSection\":\"Cultura Feira de Santana\"},{\"@type\":\"BreadcrumbList\",\"@id\":\"https:\\\/\\\/www.encontrafeiradesantana.com.br\\\/sobre\\\/entidades-de-classe-pedem-ao-governo-o-fim-do-arrastao-na-micareta\\\/#breadcrumblist\",\"itemListElement\":[{\"@type\":\"ListItem\",\"@id\":\"https:\\\/\\\/www.encontrafeiradesantana.com.br\\\/sobre#listItem\",\"position\":1,\"name\":\"In\\u00edcio\",\"item\":\"https:\\\/\\\/www.encontrafeiradesantana.com.br\\\/sobre\",\"nextItem\":{\"@type\":\"ListItem\",\"@id\":\"https:\\\/\\\/www.encontrafeiradesantana.com.br\\\/sobre\\\/cultura-em-feira-de-santana\\\/#listItem\",\"name\":\"Cultura Feira de Santana\"}},{\"@type\":\"ListItem\",\"@id\":\"https:\\\/\\\/www.encontrafeiradesantana.com.br\\\/sobre\\\/cultura-em-feira-de-santana\\\/#listItem\",\"position\":2,\"name\":\"Cultura Feira de Santana\",\"item\":\"https:\\\/\\\/www.encontrafeiradesantana.com.br\\\/sobre\\\/cultura-em-feira-de-santana\\\/\",\"nextItem\":{\"@type\":\"ListItem\",\"@id\":\"https:\\\/\\\/www.encontrafeiradesantana.com.br\\\/sobre\\\/entidades-de-classe-pedem-ao-governo-o-fim-do-arrastao-na-micareta\\\/#listItem\",\"name\":\"Entidades de classe pedem ao Governo o fim do &#8220;Arrast\\u00e3o&#8221; na Micareta\"},\"previousItem\":{\"@type\":\"ListItem\",\"@id\":\"https:\\\/\\\/www.encontrafeiradesantana.com.br\\\/sobre#listItem\",\"name\":\"In\\u00edcio\"}},{\"@type\":\"ListItem\",\"@id\":\"https:\\\/\\\/www.encontrafeiradesantana.com.br\\\/sobre\\\/entidades-de-classe-pedem-ao-governo-o-fim-do-arrastao-na-micareta\\\/#listItem\",\"position\":3,\"name\":\"Entidades de classe pedem ao Governo o fim do &#8220;Arrast\\u00e3o&#8221; na Micareta\",\"previousItem\":{\"@type\":\"ListItem\",\"@id\":\"https:\\\/\\\/www.encontrafeiradesantana.com.br\\\/sobre\\\/cultura-em-feira-de-santana\\\/#listItem\",\"name\":\"Cultura Feira de Santana\"}}]},{\"@type\":\"Organization\",\"@id\":\"https:\\\/\\\/www.encontrafeiradesantana.com.br\\\/sobre\\\/#organization\",\"name\":\"Encontra Feira de Santana\",\"description\":\"Not\\u00edcias, eventos, informa\\u00e7\\u00f5es e dicas na cidade Feira de Santana e regi\\u00e3o.\",\"url\":\"https:\\\/\\\/www.encontrafeiradesantana.com.br\\\/sobre\\\/\"},{\"@type\":\"Person\",\"@id\":\"https:\\\/\\\/www.encontrafeiradesantana.com.br\\\/sobre\\\/author\\\/efeiradesantana\\\/#author\",\"url\":\"https:\\\/\\\/www.encontrafeiradesantana.com.br\\\/sobre\\\/author\\\/efeiradesantana\\\/\",\"name\":\"Encontra Feira de Santana\",\"image\":{\"@type\":\"ImageObject\",\"@id\":\"https:\\\/\\\/www.encontrafeiradesantana.com.br\\\/sobre\\\/entidades-de-classe-pedem-ao-governo-o-fim-do-arrastao-na-micareta\\\/#authorImage\",\"url\":\"https:\\\/\\\/secure.gravatar.com\\\/avatar\\\/507340682b8270222e1f208e23198b6ae7e2c6a1033ae84e99bc6bce4f82a387?s=96&d=mm&r=g\",\"width\":96,\"height\":96,\"caption\":\"Encontra Feira de Santana\"}},{\"@type\":\"WebPage\",\"@id\":\"https:\\\/\\\/www.encontrafeiradesantana.com.br\\\/sobre\\\/entidades-de-classe-pedem-ao-governo-o-fim-do-arrastao-na-micareta\\\/#webpage\",\"url\":\"https:\\\/\\\/www.encontrafeiradesantana.com.br\\\/sobre\\\/entidades-de-classe-pedem-ao-governo-o-fim-do-arrastao-na-micareta\\\/\",\"name\":\"Entidades de classe pedem ao Governo o fim do \\u201cArrast\\u00e3o\\u201d na Micareta | Encontra Feira de Santana\",\"description\":\"Entidades de classe solicitam ao governo o fim do arrast\\u00e3o na Micareta de Feira de Santana.\",\"inLanguage\":\"pt-BR\",\"isPartOf\":{\"@id\":\"https:\\\/\\\/www.encontrafeiradesantana.com.br\\\/sobre\\\/#website\"},\"breadcrumb\":{\"@id\":\"https:\\\/\\\/www.encontrafeiradesantana.com.br\\\/sobre\\\/entidades-de-classe-pedem-ao-governo-o-fim-do-arrastao-na-micareta\\\/#breadcrumblist\"},\"author\":{\"@id\":\"https:\\\/\\\/www.encontrafeiradesantana.com.br\\\/sobre\\\/author\\\/efeiradesantana\\\/#author\"},\"creator\":{\"@id\":\"https:\\\/\\\/www.encontrafeiradesantana.com.br\\\/sobre\\\/author\\\/efeiradesantana\\\/#author\"},\"datePublished\":\"2025-11-01T06:33:00-03:00\",\"dateModified\":\"2025-11-01T06:33:00-03:00\"},{\"@type\":\"WebSite\",\"@id\":\"https:\\\/\\\/www.encontrafeiradesantana.com.br\\\/sobre\\\/#website\",\"url\":\"https:\\\/\\\/www.encontrafeiradesantana.com.br\\\/sobre\\\/\",\"name\":\"Encontra Feira de Santana\",\"description\":\"Not\\u00edcias, eventos, informa\\u00e7\\u00f5es e dicas na cidade Feira de Santana e regi\\u00e3o.\",\"inLanguage\":\"pt-BR\",\"publisher\":{\"@id\":\"https:\\\/\\\/www.encontrafeiradesantana.com.br\\\/sobre\\\/#organization\"}}]}\n\t\t<\/script>\n\t\t<!-- All in One SEO -->\n\n","aioseo_head_json":{"title":"Entidades de classe pedem ao Governo o fim do \u201cArrast\u00e3o\u201d na Micareta | Encontra Feira de Santana","description":"Entidades de classe solicitam ao governo o fim do arrast\u00e3o na Micareta de Feira de Santana.","canonical_url":"https:\/\/www.encontrafeiradesantana.com.br\/sobre\/entidades-de-classe-pedem-ao-governo-o-fim-do-arrastao-na-micareta\/","robots":"max-image-preview:large","keywords":"","webmasterTools":{"miscellaneous":""},"schema":{"@context":"https:\/\/schema.org","@graph":[{"@type":"Article","@id":"https:\/\/www.encontrafeiradesantana.com.br\/sobre\/entidades-de-classe-pedem-ao-governo-o-fim-do-arrastao-na-micareta\/#article","name":"Entidades de classe pedem ao Governo o fim do \u201cArrast\u00e3o\u201d na Micareta | Encontra Feira de Santana","headline":"Entidades de classe pedem ao Governo o fim do &#8220;Arrast\u00e3o&#8221; na Micareta","author":{"@id":"https:\/\/www.encontrafeiradesantana.com.br\/sobre\/author\/efeiradesantana\/#author"},"publisher":{"@id":"https:\/\/www.encontrafeiradesantana.com.br\/sobre\/#organization"},"datePublished":"2025-11-01T06:33:00-03:00","dateModified":"2025-11-01T06:33:00-03:00","inLanguage":"pt-BR","mainEntityOfPage":{"@id":"https:\/\/www.encontrafeiradesantana.com.br\/sobre\/entidades-de-classe-pedem-ao-governo-o-fim-do-arrastao-na-micareta\/#webpage"},"isPartOf":{"@id":"https:\/\/www.encontrafeiradesantana.com.br\/sobre\/entidades-de-classe-pedem-ao-governo-o-fim-do-arrastao-na-micareta\/#webpage"},"articleSection":"Cultura Feira de Santana"},{"@type":"BreadcrumbList","@id":"https:\/\/www.encontrafeiradesantana.com.br\/sobre\/entidades-de-classe-pedem-ao-governo-o-fim-do-arrastao-na-micareta\/#breadcrumblist","itemListElement":[{"@type":"ListItem","@id":"https:\/\/www.encontrafeiradesantana.com.br\/sobre#listItem","position":1,"name":"In\u00edcio","item":"https:\/\/www.encontrafeiradesantana.com.br\/sobre","nextItem":{"@type":"ListItem","@id":"https:\/\/www.encontrafeiradesantana.com.br\/sobre\/cultura-em-feira-de-santana\/#listItem","name":"Cultura Feira de Santana"}},{"@type":"ListItem","@id":"https:\/\/www.encontrafeiradesantana.com.br\/sobre\/cultura-em-feira-de-santana\/#listItem","position":2,"name":"Cultura Feira de Santana","item":"https:\/\/www.encontrafeiradesantana.com.br\/sobre\/cultura-em-feira-de-santana\/","nextItem":{"@type":"ListItem","@id":"https:\/\/www.encontrafeiradesantana.com.br\/sobre\/entidades-de-classe-pedem-ao-governo-o-fim-do-arrastao-na-micareta\/#listItem","name":"Entidades de classe pedem ao Governo o fim do &#8220;Arrast\u00e3o&#8221; na Micareta"},"previousItem":{"@type":"ListItem","@id":"https:\/\/www.encontrafeiradesantana.com.br\/sobre#listItem","name":"In\u00edcio"}},{"@type":"ListItem","@id":"https:\/\/www.encontrafeiradesantana.com.br\/sobre\/entidades-de-classe-pedem-ao-governo-o-fim-do-arrastao-na-micareta\/#listItem","position":3,"name":"Entidades de classe pedem ao Governo o fim do &#8220;Arrast\u00e3o&#8221; na Micareta","previousItem":{"@type":"ListItem","@id":"https:\/\/www.encontrafeiradesantana.com.br\/sobre\/cultura-em-feira-de-santana\/#listItem","name":"Cultura Feira de Santana"}}]},{"@type":"Organization","@id":"https:\/\/www.encontrafeiradesantana.com.br\/sobre\/#organization","name":"Encontra Feira de Santana","description":"Not\u00edcias, eventos, informa\u00e7\u00f5es e dicas na cidade Feira de Santana e regi\u00e3o.","url":"https:\/\/www.encontrafeiradesantana.com.br\/sobre\/"},{"@type":"Person","@id":"https:\/\/www.encontrafeiradesantana.com.br\/sobre\/author\/efeiradesantana\/#author","url":"https:\/\/www.encontrafeiradesantana.com.br\/sobre\/author\/efeiradesantana\/","name":"Encontra Feira de Santana","image":{"@type":"ImageObject","@id":"https:\/\/www.encontrafeiradesantana.com.br\/sobre\/entidades-de-classe-pedem-ao-governo-o-fim-do-arrastao-na-micareta\/#authorImage","url":"https:\/\/secure.gravatar.com\/avatar\/507340682b8270222e1f208e23198b6ae7e2c6a1033ae84e99bc6bce4f82a387?s=96&d=mm&r=g","width":96,"height":96,"caption":"Encontra Feira de Santana"}},{"@type":"WebPage","@id":"https:\/\/www.encontrafeiradesantana.com.br\/sobre\/entidades-de-classe-pedem-ao-governo-o-fim-do-arrastao-na-micareta\/#webpage","url":"https:\/\/www.encontrafeiradesantana.com.br\/sobre\/entidades-de-classe-pedem-ao-governo-o-fim-do-arrastao-na-micareta\/","name":"Entidades de classe pedem ao Governo o fim do \u201cArrast\u00e3o\u201d na Micareta | Encontra Feira de Santana","description":"Entidades de classe solicitam ao governo o fim do arrast\u00e3o na Micareta de Feira de Santana.","inLanguage":"pt-BR","isPartOf":{"@id":"https:\/\/www.encontrafeiradesantana.com.br\/sobre\/#website"},"breadcrumb":{"@id":"https:\/\/www.encontrafeiradesantana.com.br\/sobre\/entidades-de-classe-pedem-ao-governo-o-fim-do-arrastao-na-micareta\/#breadcrumblist"},"author":{"@id":"https:\/\/www.encontrafeiradesantana.com.br\/sobre\/author\/efeiradesantana\/#author"},"creator":{"@id":"https:\/\/www.encontrafeiradesantana.com.br\/sobre\/author\/efeiradesantana\/#author"},"datePublished":"2025-11-01T06:33:00-03:00","dateModified":"2025-11-01T06:33:00-03:00"},{"@type":"WebSite","@id":"https:\/\/www.encontrafeiradesantana.com.br\/sobre\/#website","url":"https:\/\/www.encontrafeiradesantana.com.br\/sobre\/","name":"Encontra Feira de Santana","description":"Not\u00edcias, eventos, informa\u00e7\u00f5es e dicas na cidade Feira de Santana e regi\u00e3o.","inLanguage":"pt-BR","publisher":{"@id":"https:\/\/www.encontrafeiradesantana.com.br\/sobre\/#organization"}}]},"og:locale":"pt_BR","og:site_name":"Encontra Feira de Santana | Not\u00edcias, eventos, informa\u00e7\u00f5es e dicas na cidade Feira de Santana e regi\u00e3o.","og:type":"article","og:title":"Entidades de classe pedem ao Governo o fim do \u201cArrast\u00e3o\u201d na Micareta | Encontra Feira de Santana","og:description":"Entidades de classe solicitam ao governo o fim do arrast\u00e3o na Micareta de Feira de Santana.","og:url":"https:\/\/www.encontrafeiradesantana.com.br\/sobre\/entidades-de-classe-pedem-ao-governo-o-fim-do-arrastao-na-micareta\/","article:published_time":"2025-11-01T09:33:00+00:00","article:modified_time":"2025-11-01T09:33:00+00:00","twitter:card":"summary","twitter:title":"Entidades de classe pedem ao Governo o fim do \u201cArrast\u00e3o\u201d na Micareta | Encontra Feira de Santana","twitter:description":"Entidades de classe solicitam ao governo o fim do arrast\u00e3o na Micareta de Feira de Santana."},"aioseo_meta_data":{"post_id":"1119","title":null,"description":null,"keywords":null,"keyphrases":null,"primary_term":null,"canonical_url":null,"og_title":null,"og_description":null,"og_object_type":"default","og_image_type":"default","og_image_url":null,"og_image_width":null,"og_image_height":null,"og_image_custom_url":null,"og_image_custom_fields":null,"og_video":null,"og_custom_url":null,"og_article_section":null,"og_article_tags":null,"twitter_use_og":false,"twitter_card":"default","twitter_image_type":"default","twitter_image_url":null,"twitter_image_custom_url":null,"twitter_image_custom_fields":null,"twitter_title":null,"twitter_description":null,"schema":{"blockGraphs":[],"customGraphs":[],"default":{"data":{"Article":[],"Course":[],"Dataset":[],"FAQPage":[],"Movie":[],"Person":[],"Product":[],"ProductReview":[],"Car":[],"Recipe":[],"Service":[],"SoftwareApplication":[],"WebPage":[]},"graphName":"Article","isEnabled":true},"graphs":[]},"schema_type":"default","schema_type_options":null,"pillar_content":false,"robots_default":true,"robots_noindex":false,"robots_noarchive":false,"robots_nosnippet":false,"robots_nofollow":false,"robots_noimageindex":false,"robots_noodp":false,"robots_notranslate":false,"robots_max_snippet":null,"robots_max_videopreview":null,"robots_max_imagepreview":"large","priority":null,"frequency":null,"local_seo":null,"breadcrumb_settings":null,"limit_modified_date":false,"ai":null,"created":"2025-11-01 11:23:42","updated":"2025-11-01 11:30:02","focus_keyword":null,"additional_keywords":null,"truseo_locale":null,"seo_analyzer_scan_date":null},"aioseo_breadcrumb":"<div class=\"aioseo-breadcrumbs\"><span class=\"aioseo-breadcrumb\">\n\t\t\t<a href=\"https:\/\/www.encontrafeiradesantana.com.br\/sobre\" title=\"In\u00edcio\">In\u00edcio<\/a>\n\t\t<\/span><span class=\"aioseo-breadcrumb-separator\">&raquo;<\/span><span class=\"aioseo-breadcrumb\">\n\t\t\t<a href=\"https:\/\/www.encontrafeiradesantana.com.br\/sobre\/cultura-em-feira-de-santana\/\" title=\"Cultura Feira de Santana\">Cultura Feira de Santana<\/a>\n\t\t<\/span><span class=\"aioseo-breadcrumb-separator\">&raquo;<\/span><span class=\"aioseo-breadcrumb\">\n\t\t\tEntidades de classe pedem ao Governo o fim do \u201cArrast\u00e3o\u201d na Micareta\n\t\t<\/span><\/div>","aioseo_breadcrumb_json":[{"label":"In\u00edcio","link":"https:\/\/www.encontrafeiradesantana.com.br\/sobre"},{"label":"Cultura Feira de Santana","link":"https:\/\/www.encontrafeiradesantana.com.br\/sobre\/cultura-em-feira-de-santana\/"},{"label":"Entidades de classe pedem ao Governo o fim do &#8220;Arrast\u00e3o&#8221; na Micareta","link":"https:\/\/www.encontrafeiradesantana.com.br\/sobre\/entidades-de-classe-pedem-ao-governo-o-fim-do-arrastao-na-micareta\/"}],"_links":{"self":[{"href":"https:\/\/www.encontrafeiradesantana.com.br\/sobre\/wp-json\/wp\/v2\/posts\/1119","targetHints":{"allow":["GET"]}}],"collection":[{"href":"https:\/\/www.encontrafeiradesantana.com.br\/sobre\/wp-json\/wp\/v2\/posts"}],"about":[{"href":"https:\/\/www.encontrafeiradesantana.com.br\/sobre\/wp-json\/wp\/v2\/types\/post"}],"author":[{"embeddable":true,"href":"https:\/\/www.encontrafeiradesantana.com.br\/sobre\/wp-json\/wp\/v2\/users\/1"}],"replies":[{"embeddable":true,"href":"https:\/\/www.encontrafeiradesantana.com.br\/sobre\/wp-json\/wp\/v2\/comments?post=1119"}],"version-history":[{"count":0,"href":"https:\/\/www.encontrafeiradesantana.com.br\/sobre\/wp-json\/wp\/v2\/posts\/1119\/revisions"}],"wp:attachment":[{"href":"https:\/\/www.encontrafeiradesantana.com.br\/sobre\/wp-json\/wp\/v2\/media?parent=1119"}],"wp:term":[{"taxonomy":"category","embeddable":true,"href":"https:\/\/www.encontrafeiradesantana.com.br\/sobre\/wp-json\/wp\/v2\/categories?post=1119"},{"taxonomy":"post_tag","embeddable":true,"href":"https:\/\/www.encontrafeiradesantana.com.br\/sobre\/wp-json\/wp\/v2\/tags?post=1119"}],"curies":[{"name":"wp","href":"https:\/\/api.w.org\/{rel}","templated":true}]}}