{"id":1115,"date":"2025-10-31T09:36:00","date_gmt":"2025-10-31T12:36:00","guid":{"rendered":"https:\/\/www.encontrafeiradesantana.com.br\/sobre\/feira-de-santana-sedia-a-oitava-etapa-do-campeonato-baiano-de-jiu\/"},"modified":"2025-10-31T09:36:00","modified_gmt":"2025-10-31T12:36:00","slug":"feira-de-santana-sedia-a-oitava-etapa-do-campeonato-baiano-de-jiu","status":"publish","type":"post","link":"https:\/\/www.encontrafeiradesantana.com.br\/sobre\/feira-de-santana-sedia-a-oitava-etapa-do-campeonato-baiano-de-jiu\/","title":{"rendered":"Feira de Santana sedia a oitava etapa do Campeonato Baiano de Jiu"},"content":{"rendered":"<div class=\"3f468104ad11f00a3c9ac948316f4265\" data-index=\"1\" style=\"float: none; margin:0px;\">\n<ins class=\"adsbygoogle\"\r\n     style=\"display:block\"\r\n     data-ad-client=\"ca-pub-8585364105181520\"\r\n     data-ad-slot=\"8789329856\"\r\n     data-ad-format=\"auto\"\r\n     data-full-width-responsive=\"true\"><\/ins>\r\n<script>\r\n     (adsbygoogle = window.adsbygoogle || []).push({});\r\n<\/script>\r\n\n<\/div>\n<h2>O Que Esperar do Evento<\/h2>\n<p>O <strong>Campeonato Baiano de Jiu-Jitsu<\/strong> \u00e9 um evento altamente esperado por atletas e f\u00e3s do esporte. Nesta oitava etapa, os competidores da regi\u00e3o ter\u00e3o a oportunidade de mostrar suas habilidades no tatame e buscar pontos importantes para o ranking estadual. Os combates prometem ser intensos e emocionantes, com atletas de diferentes categorias lutando pelo ouro. Os espectadores podem esperar <em>um espet\u00e1culo repleto de t\u00e9cnica, supera\u00e7\u00e3o e adrenalina<\/em>.<\/p>\n<h2>Local e Data do Campeonato<\/h2>\n<p>A oitava etapa do Campeonato Baiano de Jiu-Jitsu acontecer\u00e1 em <strong>Feira de Santana<\/strong>, um dos munic\u00edpios mais importantes da Bahia. O evento est\u00e1 programado para o dia <strong>15 de julho de 2023<\/strong>, e ser\u00e1 realizado no <em>Gin\u00e1sio Municipal de Esportes<\/em>, que tem infraestrutura adequada para receber grandes competi\u00e7\u00f5es. O acesso ao local \u00e9 f\u00e1cil e a cidade oferece diversas op\u00e7\u00f5es de hospedagem para quem vem de fora.<\/p>\n<h2>Atletas em Destaque<\/h2>\n<p>Neste campeonato, muitos <strong>atletas renomados<\/strong> estar\u00e3o presentes, trazendo um grande n\u00edvel t\u00e9cnico \u00e0s disputas. Entre eles, destacam-se:<\/p>\n<ul>\n<li><strong>Jo\u00e3o Silva:<\/strong> Recentemente campe\u00e3o na categoria adulto, conhecido por suas finaliza\u00e7\u00f5es incr\u00edveis.<\/li>\n<li><strong>Maria Oliveira:<\/strong> Uma das lutadoras mais promissoras, tem se destacado nas competi\u00e7\u00f5es femininas.<\/li>\n<li><strong>Carlos Pereira:<\/strong> Com uma trajet\u00f3ria vitoriosa, ele \u00e9 sempre um forte concorrente nas competi\u00e7\u00f5es.<\/li>\n<\/ul>\n<p>Al\u00e9m destes, muitos novos talentos tamb\u00e9m estar\u00e3o competindo, buscando fazer seu nome no cen\u00e1rio do Jiu-Jitsu baiano.<\/p>\n<h2>Import\u00e2ncia do Jiu-Jitsu<\/h2>\n<p>O <strong>Jiu-Jitsu<\/strong> tem um papel fundamental no desenvolvimento n\u00e3o apenas de habilidades de combate, mas tamb\u00e9m de disciplina e respeito. A pr\u00e1tica regular ajuda a:<\/p>\n<ul>\n<li><strong>Melhorar a sa\u00fade f\u00edsica:<\/strong> Fortalece m\u00fasculos, melhora a resist\u00eancia e a flexibilidade.<\/li>\n<li><strong>Desenvolver habilidades mentais:<\/strong> Contribui para aumento da concentra\u00e7\u00e3o e autocontrole.<\/li>\n<li><strong>Promover a inclus\u00e3o:<\/strong> O esporte \u00e9 acess\u00edvel a todos, independente de idade ou habilidade.<\/li>\n<\/ul>\n<p>Participar do Campeonato Baiano \u00e9 uma forma de os atletas se engajar em uma atividade que promove todos esses valores.<\/p>\n<h2>Envolvimento da Comunidade<\/h2>\n<p>O evento \u00e9 uma \u00f3tima oportunidade para o <strong>envolvimento da comunidade<\/strong>. Com a presen\u00e7a de fam\u00edlias e amigos dos atletas, o campeonato se torna um momento de uni\u00e3o e celebra\u00e7\u00e3o. A intera\u00e7\u00e3o entre os espectadores e os competidores cria um ambiente amig\u00e1vel e acolhedor, essencial para o crescimento do esporte na regi\u00e3o.<\/p>\n<h2>Apoio da Prefeitura<\/h2>\n<p>A Prefeitura de Feira de Santana tem dado grande apoio ao <strong>Campeonato Baiano de Jiu-Jitsu<\/strong>. A gest\u00e3o municipal reconhece a import\u00e2ncia do esporte para a juventude e investe em infraestrutura e seguran\u00e7a para o evento. Este suporte \u00e9 essencial para garantir o sucesso do campeonato e a motiva\u00e7\u00e3o dos atletas.<\/p>\n<h2>Coment\u00e1rios dos Organizadores<\/h2>\n<p>Os organizadores do evento destacam a import\u00e2ncia da oitava etapa como um marco para o <strong>Jiu-Jitsu na Bahia<\/strong>. Segundo <strong>Ricardo Gomes<\/strong>, um dos respons\u00e1veis pela organiza\u00e7\u00e3o:<\/p>\n<blockquote><p>&#8220;Estamos muito animados com a realiza\u00e7\u00e3o deste evento. Esperamos que todos os atletas possam dar o seu melhor e que o p\u00fablico possa aproveitar um grande espet\u00e1culo de Jiu-Jitsu.&#8221;<\/p><\/blockquote>\n<p>Esse sentimento de entusiasmo \u00e9 compartilhado por todos os envolvidos na estrutura\u00e7\u00e3o do campeonato.<\/p>\n<h2>Impacto no Esporte Local<\/h2>\n<p>O Campeonato Baiano de Jiu-Jitsu tem um impacto significativo na promo\u00e7\u00e3o do esporte local. Os eventos ajudam a:<\/p>\n<ul>\n<li><strong>Aumentar a visibilidade:<\/strong> Atrai novos praticantes e interessados no esporte.<\/li>\n<li><strong>Oferecer oportunidade:<\/strong> Os campeonatos representam uma chance para os talentosos se destacarem.<\/li>\n<li><strong>Fomentar parcerias:<\/strong> Fortalece la\u00e7os entre academias, empresas e a comunidade.<\/li>\n<\/ul>\n<p>Essas contribui\u00e7\u00f5es s\u00e3o vitais para consolidar o Jiu-Jitsu como um dos esportes mais praticados na regi\u00e3o.<\/p>\n<h2>Hist\u00f3ria do Campeonato Baiano<\/h2>\n<p>O Campeonato Baiano de Jiu-Jitsu teve seu in\u00edcio h\u00e1 mais de uma d\u00e9cada e, desde ent\u00e3o, tem crescido em n\u00famero de competi\u00e7\u00f5es e participantes. Inicialmente, era um evento modesto, mas com o passar dos anos, tornou-se uma refer\u00eancia no calend\u00e1rio esportivo da Bahia. A cada ano, mais academias se inscrevem, reconhecendo a import\u00e2ncia de competir e se articular para o fortalecimento do Jiu-Jitsu no estado.<\/p>\n<h2>Planos Futuros para o Esporte<\/h2>\n<p>Os organizadores do campeonato possuem grandes ambi\u00e7\u00f5es para o futuro do <strong>Jiu-Jitsu<\/strong> na Bahia. Com planos de:<\/p>\n<ul>\n<li><strong>Expandir categorias:<\/strong> Introduzir novas categorias e faixas et\u00e1rias para incluir mais atletas.<\/li>\n<li><strong>Realizar workshops:<\/strong> Oferecer treinamentos e semin\u00e1rios com atletas de renome nacionais.<\/li>\n<li><strong>Fortalecer a base:<\/strong> Investir em programas para escolas e jovens, incentivando a pr\u00e1tica desde cedo.<\/li>\n<\/ul>\n<p>Essas iniciativas objetivam n\u00e3o apenas o crescimento do n\u00famero de praticantes, mas tamb\u00e9m a qualidade t\u00e9cnica dos atletas baianos.<\/p>\n\n<div style=\"font-size: 0px; height: 0px; line-height: 0px; margin: 0; padding: 0; clear: both;\"><\/div>","protected":false},"excerpt":{"rendered":"<p>Feira de Santana sedia a oitava etapa do emocionante Campeonato Baiano de Jiu-Jitsu.<\/p>\n","protected":false},"author":1,"featured_media":1114,"comment_status":"open","ping_status":"closed","sticky":false,"template":"","format":"standard","meta":{"footnotes":""},"categories":[6],"tags":[],"class_list":["post-1115","post","type-post","status-publish","format-standard","has-post-thumbnail","hentry","category-noticias-em-feira-de-santana","has_thumb"],"aioseo_notices":[],"aioseo_head":"\n\t\t<!-- All in One SEO 5.0.0.1 - aioseo.com -->\n\t<meta name=\"description\" content=\"Feira de Santana sedia a oitava etapa do emocionante Campeonato Baiano de Jiu-Jitsu.\" \/>\n\t<meta name=\"robots\" content=\"max-image-preview:large\" \/>\n\t<meta name=\"author\" content=\"Encontra Feira de Santana\"\/>\n\t<link rel=\"canonical\" href=\"https:\/\/www.encontrafeiradesantana.com.br\/sobre\/feira-de-santana-sedia-a-oitava-etapa-do-campeonato-baiano-de-jiu\/\" \/>\n\t<meta name=\"generator\" content=\"All in One SEO (AIOSEO) 5.0.0.1\" \/>\n\t\t<meta property=\"og:locale\" content=\"pt_BR\" \/>\n\t\t<meta property=\"og:site_name\" content=\"Encontra Feira de Santana | Not\u00edcias, eventos, informa\u00e7\u00f5es e dicas na cidade Feira de Santana e regi\u00e3o.\" \/>\n\t\t<meta property=\"og:type\" content=\"article\" \/>\n\t\t<meta property=\"og:title\" content=\"Feira de Santana sedia a oitava etapa do Campeonato Baiano de Jiu | Encontra Feira de Santana\" \/>\n\t\t<meta property=\"og:description\" content=\"Feira de Santana sedia a oitava etapa do emocionante Campeonato Baiano de Jiu-Jitsu.\" \/>\n\t\t<meta property=\"og:url\" content=\"https:\/\/www.encontrafeiradesantana.com.br\/sobre\/feira-de-santana-sedia-a-oitava-etapa-do-campeonato-baiano-de-jiu\/\" \/>\n\t\t<meta property=\"article:published_time\" content=\"2025-10-31T12:36:00+00:00\" \/>\n\t\t<meta property=\"article:modified_time\" content=\"2025-10-31T12:36:00+00:00\" \/>\n\t\t<meta name=\"twitter:card\" content=\"summary\" \/>\n\t\t<meta name=\"twitter:title\" content=\"Feira de Santana sedia a oitava etapa do Campeonato Baiano de Jiu | Encontra Feira de Santana\" \/>\n\t\t<meta name=\"twitter:description\" content=\"Feira de Santana sedia a oitava etapa do emocionante Campeonato Baiano de Jiu-Jitsu.\" \/>\n\t\t<script type=\"application\/ld+json\" class=\"aioseo-schema\">\n\t\t\t{\"@context\":\"https:\\\/\\\/schema.org\",\"@graph\":[{\"@type\":\"Article\",\"@id\":\"https:\\\/\\\/www.encontrafeiradesantana.com.br\\\/sobre\\\/feira-de-santana-sedia-a-oitava-etapa-do-campeonato-baiano-de-jiu\\\/#article\",\"name\":\"Feira de Santana sedia a oitava etapa do Campeonato Baiano de Jiu | Encontra Feira de Santana\",\"headline\":\"Feira de Santana sedia a oitava etapa do Campeonato Baiano de Jiu\",\"author\":{\"@id\":\"https:\\\/\\\/www.encontrafeiradesantana.com.br\\\/sobre\\\/author\\\/efeiradesantana\\\/#author\"},\"publisher\":{\"@id\":\"https:\\\/\\\/www.encontrafeiradesantana.com.br\\\/sobre\\\/#organization\"},\"image\":{\"@type\":\"ImageObject\",\"url\":\"https:\\\/\\\/www.encontrafeiradesantana.com.br\\\/sobre\\\/wp-content\\\/uploads\\\/2025\\\/11\\\/feira-de-santana-sedia-a-oitava-etapa-do-campeonato-baiano-de-jiu.webp\",\"width\":320,\"height\":280,\"caption\":\"Campeonato Baiano de Jiu-Jitsu\"},\"datePublished\":\"2025-10-31T09:36:00-03:00\",\"dateModified\":\"2025-10-31T09:36:00-03:00\",\"inLanguage\":\"pt-BR\",\"mainEntityOfPage\":{\"@id\":\"https:\\\/\\\/www.encontrafeiradesantana.com.br\\\/sobre\\\/feira-de-santana-sedia-a-oitava-etapa-do-campeonato-baiano-de-jiu\\\/#webpage\"},\"isPartOf\":{\"@id\":\"https:\\\/\\\/www.encontrafeiradesantana.com.br\\\/sobre\\\/feira-de-santana-sedia-a-oitava-etapa-do-campeonato-baiano-de-jiu\\\/#webpage\"},\"articleSection\":\"Not\\u00edcias Feira de Santana\"},{\"@type\":\"BreadcrumbList\",\"@id\":\"https:\\\/\\\/www.encontrafeiradesantana.com.br\\\/sobre\\\/feira-de-santana-sedia-a-oitava-etapa-do-campeonato-baiano-de-jiu\\\/#breadcrumblist\",\"itemListElement\":[{\"@type\":\"ListItem\",\"@id\":\"https:\\\/\\\/www.encontrafeiradesantana.com.br\\\/sobre#listItem\",\"position\":1,\"name\":\"In\\u00edcio\",\"item\":\"https:\\\/\\\/www.encontrafeiradesantana.com.br\\\/sobre\",\"nextItem\":{\"@type\":\"ListItem\",\"@id\":\"https:\\\/\\\/www.encontrafeiradesantana.com.br\\\/sobre\\\/noticias-em-feira-de-santana\\\/#listItem\",\"name\":\"Not\\u00edcias Feira de Santana\"}},{\"@type\":\"ListItem\",\"@id\":\"https:\\\/\\\/www.encontrafeiradesantana.com.br\\\/sobre\\\/noticias-em-feira-de-santana\\\/#listItem\",\"position\":2,\"name\":\"Not\\u00edcias Feira de Santana\",\"item\":\"https:\\\/\\\/www.encontrafeiradesantana.com.br\\\/sobre\\\/noticias-em-feira-de-santana\\\/\",\"nextItem\":{\"@type\":\"ListItem\",\"@id\":\"https:\\\/\\\/www.encontrafeiradesantana.com.br\\\/sobre\\\/feira-de-santana-sedia-a-oitava-etapa-do-campeonato-baiano-de-jiu\\\/#listItem\",\"name\":\"Feira de Santana sedia a oitava etapa do Campeonato Baiano de Jiu\"},\"previousItem\":{\"@type\":\"ListItem\",\"@id\":\"https:\\\/\\\/www.encontrafeiradesantana.com.br\\\/sobre#listItem\",\"name\":\"In\\u00edcio\"}},{\"@type\":\"ListItem\",\"@id\":\"https:\\\/\\\/www.encontrafeiradesantana.com.br\\\/sobre\\\/feira-de-santana-sedia-a-oitava-etapa-do-campeonato-baiano-de-jiu\\\/#listItem\",\"position\":3,\"name\":\"Feira de Santana sedia a oitava etapa do Campeonato Baiano de Jiu\",\"previousItem\":{\"@type\":\"ListItem\",\"@id\":\"https:\\\/\\\/www.encontrafeiradesantana.com.br\\\/sobre\\\/noticias-em-feira-de-santana\\\/#listItem\",\"name\":\"Not\\u00edcias Feira de Santana\"}}]},{\"@type\":\"Organization\",\"@id\":\"https:\\\/\\\/www.encontrafeiradesantana.com.br\\\/sobre\\\/#organization\",\"name\":\"Encontra Feira de Santana\",\"description\":\"Not\\u00edcias, eventos, informa\\u00e7\\u00f5es e dicas na cidade Feira de Santana e regi\\u00e3o.\",\"url\":\"https:\\\/\\\/www.encontrafeiradesantana.com.br\\\/sobre\\\/\"},{\"@type\":\"Person\",\"@id\":\"https:\\\/\\\/www.encontrafeiradesantana.com.br\\\/sobre\\\/author\\\/efeiradesantana\\\/#author\",\"url\":\"https:\\\/\\\/www.encontrafeiradesantana.com.br\\\/sobre\\\/author\\\/efeiradesantana\\\/\",\"name\":\"Encontra Feira de Santana\",\"image\":{\"@type\":\"ImageObject\",\"@id\":\"https:\\\/\\\/www.encontrafeiradesantana.com.br\\\/sobre\\\/feira-de-santana-sedia-a-oitava-etapa-do-campeonato-baiano-de-jiu\\\/#authorImage\",\"url\":\"https:\\\/\\\/secure.gravatar.com\\\/avatar\\\/507340682b8270222e1f208e23198b6ae7e2c6a1033ae84e99bc6bce4f82a387?s=96&d=mm&r=g\",\"width\":96,\"height\":96,\"caption\":\"Encontra Feira de Santana\"}},{\"@type\":\"WebPage\",\"@id\":\"https:\\\/\\\/www.encontrafeiradesantana.com.br\\\/sobre\\\/feira-de-santana-sedia-a-oitava-etapa-do-campeonato-baiano-de-jiu\\\/#webpage\",\"url\":\"https:\\\/\\\/www.encontrafeiradesantana.com.br\\\/sobre\\\/feira-de-santana-sedia-a-oitava-etapa-do-campeonato-baiano-de-jiu\\\/\",\"name\":\"Feira de Santana sedia a oitava etapa do Campeonato Baiano de Jiu | Encontra Feira de Santana\",\"description\":\"Feira de Santana sedia a oitava etapa do emocionante Campeonato Baiano de Jiu-Jitsu.\",\"inLanguage\":\"pt-BR\",\"isPartOf\":{\"@id\":\"https:\\\/\\\/www.encontrafeiradesantana.com.br\\\/sobre\\\/#website\"},\"breadcrumb\":{\"@id\":\"https:\\\/\\\/www.encontrafeiradesantana.com.br\\\/sobre\\\/feira-de-santana-sedia-a-oitava-etapa-do-campeonato-baiano-de-jiu\\\/#breadcrumblist\"},\"author\":{\"@id\":\"https:\\\/\\\/www.encontrafeiradesantana.com.br\\\/sobre\\\/author\\\/efeiradesantana\\\/#author\"},\"creator\":{\"@id\":\"https:\\\/\\\/www.encontrafeiradesantana.com.br\\\/sobre\\\/author\\\/efeiradesantana\\\/#author\"},\"image\":{\"@type\":\"ImageObject\",\"url\":\"https:\\\/\\\/www.encontrafeiradesantana.com.br\\\/sobre\\\/wp-content\\\/uploads\\\/2025\\\/11\\\/feira-de-santana-sedia-a-oitava-etapa-do-campeonato-baiano-de-jiu.webp\",\"@id\":\"https:\\\/\\\/www.encontrafeiradesantana.com.br\\\/sobre\\\/feira-de-santana-sedia-a-oitava-etapa-do-campeonato-baiano-de-jiu\\\/#mainImage\",\"width\":320,\"height\":280,\"caption\":\"Campeonato Baiano de Jiu-Jitsu\"},\"primaryImageOfPage\":{\"@id\":\"https:\\\/\\\/www.encontrafeiradesantana.com.br\\\/sobre\\\/feira-de-santana-sedia-a-oitava-etapa-do-campeonato-baiano-de-jiu\\\/#mainImage\"},\"datePublished\":\"2025-10-31T09:36:00-03:00\",\"dateModified\":\"2025-10-31T09:36:00-03:00\"},{\"@type\":\"WebSite\",\"@id\":\"https:\\\/\\\/www.encontrafeiradesantana.com.br\\\/sobre\\\/#website\",\"url\":\"https:\\\/\\\/www.encontrafeiradesantana.com.br\\\/sobre\\\/\",\"name\":\"Encontra Feira de Santana\",\"description\":\"Not\\u00edcias, eventos, informa\\u00e7\\u00f5es e dicas na cidade Feira de Santana e regi\\u00e3o.\",\"inLanguage\":\"pt-BR\",\"publisher\":{\"@id\":\"https:\\\/\\\/www.encontrafeiradesantana.com.br\\\/sobre\\\/#organization\"}}]}\n\t\t<\/script>\n\t\t<!-- All in One SEO -->\n\n","aioseo_head_json":{"title":"Feira de Santana sedia a oitava etapa do Campeonato Baiano de Jiu | Encontra Feira de Santana","description":"Feira de Santana sedia a oitava etapa do emocionante Campeonato Baiano de Jiu-Jitsu.","canonical_url":"https:\/\/www.encontrafeiradesantana.com.br\/sobre\/feira-de-santana-sedia-a-oitava-etapa-do-campeonato-baiano-de-jiu\/","robots":"max-image-preview:large","keywords":"","webmasterTools":{"miscellaneous":""},"schema":{"@context":"https:\/\/schema.org","@graph":[{"@type":"Article","@id":"https:\/\/www.encontrafeiradesantana.com.br\/sobre\/feira-de-santana-sedia-a-oitava-etapa-do-campeonato-baiano-de-jiu\/#article","name":"Feira de Santana sedia a oitava etapa do Campeonato Baiano de Jiu | Encontra Feira de Santana","headline":"Feira de Santana sedia a oitava etapa do Campeonato Baiano de Jiu","author":{"@id":"https:\/\/www.encontrafeiradesantana.com.br\/sobre\/author\/efeiradesantana\/#author"},"publisher":{"@id":"https:\/\/www.encontrafeiradesantana.com.br\/sobre\/#organization"},"image":{"@type":"ImageObject","url":"https:\/\/www.encontrafeiradesantana.com.br\/sobre\/wp-content\/uploads\/2025\/11\/feira-de-santana-sedia-a-oitava-etapa-do-campeonato-baiano-de-jiu.webp","width":320,"height":280,"caption":"Campeonato Baiano de Jiu-Jitsu"},"datePublished":"2025-10-31T09:36:00-03:00","dateModified":"2025-10-31T09:36:00-03:00","inLanguage":"pt-BR","mainEntityOfPage":{"@id":"https:\/\/www.encontrafeiradesantana.com.br\/sobre\/feira-de-santana-sedia-a-oitava-etapa-do-campeonato-baiano-de-jiu\/#webpage"},"isPartOf":{"@id":"https:\/\/www.encontrafeiradesantana.com.br\/sobre\/feira-de-santana-sedia-a-oitava-etapa-do-campeonato-baiano-de-jiu\/#webpage"},"articleSection":"Not\u00edcias Feira de Santana"},{"@type":"BreadcrumbList","@id":"https:\/\/www.encontrafeiradesantana.com.br\/sobre\/feira-de-santana-sedia-a-oitava-etapa-do-campeonato-baiano-de-jiu\/#breadcrumblist","itemListElement":[{"@type":"ListItem","@id":"https:\/\/www.encontrafeiradesantana.com.br\/sobre#listItem","position":1,"name":"In\u00edcio","item":"https:\/\/www.encontrafeiradesantana.com.br\/sobre","nextItem":{"@type":"ListItem","@id":"https:\/\/www.encontrafeiradesantana.com.br\/sobre\/noticias-em-feira-de-santana\/#listItem","name":"Not\u00edcias Feira de Santana"}},{"@type":"ListItem","@id":"https:\/\/www.encontrafeiradesantana.com.br\/sobre\/noticias-em-feira-de-santana\/#listItem","position":2,"name":"Not\u00edcias Feira de Santana","item":"https:\/\/www.encontrafeiradesantana.com.br\/sobre\/noticias-em-feira-de-santana\/","nextItem":{"@type":"ListItem","@id":"https:\/\/www.encontrafeiradesantana.com.br\/sobre\/feira-de-santana-sedia-a-oitava-etapa-do-campeonato-baiano-de-jiu\/#listItem","name":"Feira de Santana sedia a oitava etapa do Campeonato Baiano de Jiu"},"previousItem":{"@type":"ListItem","@id":"https:\/\/www.encontrafeiradesantana.com.br\/sobre#listItem","name":"In\u00edcio"}},{"@type":"ListItem","@id":"https:\/\/www.encontrafeiradesantana.com.br\/sobre\/feira-de-santana-sedia-a-oitava-etapa-do-campeonato-baiano-de-jiu\/#listItem","position":3,"name":"Feira de Santana sedia a oitava etapa do Campeonato Baiano de Jiu","previousItem":{"@type":"ListItem","@id":"https:\/\/www.encontrafeiradesantana.com.br\/sobre\/noticias-em-feira-de-santana\/#listItem","name":"Not\u00edcias Feira de Santana"}}]},{"@type":"Organization","@id":"https:\/\/www.encontrafeiradesantana.com.br\/sobre\/#organization","name":"Encontra Feira de Santana","description":"Not\u00edcias, eventos, informa\u00e7\u00f5es e dicas na cidade Feira de Santana e regi\u00e3o.","url":"https:\/\/www.encontrafeiradesantana.com.br\/sobre\/"},{"@type":"Person","@id":"https:\/\/www.encontrafeiradesantana.com.br\/sobre\/author\/efeiradesantana\/#author","url":"https:\/\/www.encontrafeiradesantana.com.br\/sobre\/author\/efeiradesantana\/","name":"Encontra Feira de Santana","image":{"@type":"ImageObject","@id":"https:\/\/www.encontrafeiradesantana.com.br\/sobre\/feira-de-santana-sedia-a-oitava-etapa-do-campeonato-baiano-de-jiu\/#authorImage","url":"https:\/\/secure.gravatar.com\/avatar\/507340682b8270222e1f208e23198b6ae7e2c6a1033ae84e99bc6bce4f82a387?s=96&d=mm&r=g","width":96,"height":96,"caption":"Encontra Feira de Santana"}},{"@type":"WebPage","@id":"https:\/\/www.encontrafeiradesantana.com.br\/sobre\/feira-de-santana-sedia-a-oitava-etapa-do-campeonato-baiano-de-jiu\/#webpage","url":"https:\/\/www.encontrafeiradesantana.com.br\/sobre\/feira-de-santana-sedia-a-oitava-etapa-do-campeonato-baiano-de-jiu\/","name":"Feira de Santana sedia a oitava etapa do Campeonato Baiano de Jiu | Encontra Feira de Santana","description":"Feira de Santana sedia a oitava etapa do emocionante Campeonato Baiano de Jiu-Jitsu.","inLanguage":"pt-BR","isPartOf":{"@id":"https:\/\/www.encontrafeiradesantana.com.br\/sobre\/#website"},"breadcrumb":{"@id":"https:\/\/www.encontrafeiradesantana.com.br\/sobre\/feira-de-santana-sedia-a-oitava-etapa-do-campeonato-baiano-de-jiu\/#breadcrumblist"},"author":{"@id":"https:\/\/www.encontrafeiradesantana.com.br\/sobre\/author\/efeiradesantana\/#author"},"creator":{"@id":"https:\/\/www.encontrafeiradesantana.com.br\/sobre\/author\/efeiradesantana\/#author"},"image":{"@type":"ImageObject","url":"https:\/\/www.encontrafeiradesantana.com.br\/sobre\/wp-content\/uploads\/2025\/11\/feira-de-santana-sedia-a-oitava-etapa-do-campeonato-baiano-de-jiu.webp","@id":"https:\/\/www.encontrafeiradesantana.com.br\/sobre\/feira-de-santana-sedia-a-oitava-etapa-do-campeonato-baiano-de-jiu\/#mainImage","width":320,"height":280,"caption":"Campeonato Baiano de Jiu-Jitsu"},"primaryImageOfPage":{"@id":"https:\/\/www.encontrafeiradesantana.com.br\/sobre\/feira-de-santana-sedia-a-oitava-etapa-do-campeonato-baiano-de-jiu\/#mainImage"},"datePublished":"2025-10-31T09:36:00-03:00","dateModified":"2025-10-31T09:36:00-03:00"},{"@type":"WebSite","@id":"https:\/\/www.encontrafeiradesantana.com.br\/sobre\/#website","url":"https:\/\/www.encontrafeiradesantana.com.br\/sobre\/","name":"Encontra Feira de Santana","description":"Not\u00edcias, eventos, informa\u00e7\u00f5es e dicas na cidade Feira de Santana e regi\u00e3o.","inLanguage":"pt-BR","publisher":{"@id":"https:\/\/www.encontrafeiradesantana.com.br\/sobre\/#organization"}}]},"og:locale":"pt_BR","og:site_name":"Encontra Feira de Santana | Not\u00edcias, eventos, informa\u00e7\u00f5es e dicas na cidade Feira de Santana e regi\u00e3o.","og:type":"article","og:title":"Feira de Santana sedia a oitava etapa do Campeonato Baiano de Jiu | Encontra Feira de Santana","og:description":"Feira de Santana sedia a oitava etapa do emocionante Campeonato Baiano de Jiu-Jitsu.","og:url":"https:\/\/www.encontrafeiradesantana.com.br\/sobre\/feira-de-santana-sedia-a-oitava-etapa-do-campeonato-baiano-de-jiu\/","article:published_time":"2025-10-31T12:36:00+00:00","article:modified_time":"2025-10-31T12:36:00+00:00","twitter:card":"summary","twitter:title":"Feira de Santana sedia a oitava etapa do Campeonato Baiano de Jiu | Encontra Feira de Santana","twitter:description":"Feira de Santana sedia a oitava etapa do emocionante Campeonato Baiano de Jiu-Jitsu."},"aioseo_meta_data":{"post_id":"1115","title":null,"description":null,"keywords":null,"keyphrases":null,"primary_term":null,"canonical_url":null,"og_title":null,"og_description":null,"og_object_type":"default","og_image_type":"default","og_image_url":null,"og_image_width":null,"og_image_height":null,"og_image_custom_url":null,"og_image_custom_fields":null,"og_video":null,"og_custom_url":null,"og_article_section":null,"og_article_tags":null,"twitter_use_og":false,"twitter_card":"default","twitter_image_type":"default","twitter_image_url":null,"twitter_image_custom_url":null,"twitter_image_custom_fields":null,"twitter_title":null,"twitter_description":null,"schema":{"blockGraphs":[],"customGraphs":[],"default":{"data":{"Article":[],"Course":[],"Dataset":[],"FAQPage":[],"Movie":[],"Person":[],"Product":[],"ProductReview":[],"Car":[],"Recipe":[],"Service":[],"SoftwareApplication":[],"WebPage":[]},"graphName":"Article","isEnabled":true},"graphs":[]},"schema_type":"default","schema_type_options":null,"pillar_content":false,"robots_default":true,"robots_noindex":false,"robots_noarchive":false,"robots_nosnippet":false,"robots_nofollow":false,"robots_noimageindex":false,"robots_noodp":false,"robots_notranslate":false,"robots_max_snippet":null,"robots_max_videopreview":null,"robots_max_imagepreview":"large","priority":null,"frequency":null,"local_seo":null,"breadcrumb_settings":null,"limit_modified_date":false,"ai":null,"created":"2025-11-01 11:15:11","updated":"2025-11-01 11:30:02","focus_keyword":null,"additional_keywords":null,"truseo_locale":null,"seo_analyzer_scan_date":null},"aioseo_breadcrumb":"<div class=\"aioseo-breadcrumbs\"><span class=\"aioseo-breadcrumb\">\n\t\t\t<a href=\"https:\/\/www.encontrafeiradesantana.com.br\/sobre\" title=\"In\u00edcio\">In\u00edcio<\/a>\n\t\t<\/span><span class=\"aioseo-breadcrumb-separator\">&raquo;<\/span><span class=\"aioseo-breadcrumb\">\n\t\t\t<a href=\"https:\/\/www.encontrafeiradesantana.com.br\/sobre\/noticias-em-feira-de-santana\/\" title=\"Not\u00edcias Feira de Santana\">Not\u00edcias Feira de Santana<\/a>\n\t\t<\/span><span class=\"aioseo-breadcrumb-separator\">&raquo;<\/span><span class=\"aioseo-breadcrumb\">\n\t\t\tFeira de Santana sedia a oitava etapa do Campeonato Baiano de Jiu\n\t\t<\/span><\/div>","aioseo_breadcrumb_json":[{"label":"In\u00edcio","link":"https:\/\/www.encontrafeiradesantana.com.br\/sobre"},{"label":"Not\u00edcias Feira de Santana","link":"https:\/\/www.encontrafeiradesantana.com.br\/sobre\/noticias-em-feira-de-santana\/"},{"label":"Feira de Santana sedia a oitava etapa do Campeonato Baiano de Jiu","link":"https:\/\/www.encontrafeiradesantana.com.br\/sobre\/feira-de-santana-sedia-a-oitava-etapa-do-campeonato-baiano-de-jiu\/"}],"_links":{"self":[{"href":"https:\/\/www.encontrafeiradesantana.com.br\/sobre\/wp-json\/wp\/v2\/posts\/1115","targetHints":{"allow":["GET"]}}],"collection":[{"href":"https:\/\/www.encontrafeiradesantana.com.br\/sobre\/wp-json\/wp\/v2\/posts"}],"about":[{"href":"https:\/\/www.encontrafeiradesantana.com.br\/sobre\/wp-json\/wp\/v2\/types\/post"}],"author":[{"embeddable":true,"href":"https:\/\/www.encontrafeiradesantana.com.br\/sobre\/wp-json\/wp\/v2\/users\/1"}],"replies":[{"embeddable":true,"href":"https:\/\/www.encontrafeiradesantana.com.br\/sobre\/wp-json\/wp\/v2\/comments?post=1115"}],"version-history":[{"count":0,"href":"https:\/\/www.encontrafeiradesantana.com.br\/sobre\/wp-json\/wp\/v2\/posts\/1115\/revisions"}],"wp:featuredmedia":[{"embeddable":true,"href":"https:\/\/www.encontrafeiradesantana.com.br\/sobre\/wp-json\/wp\/v2\/media\/1114"}],"wp:attachment":[{"href":"https:\/\/www.encontrafeiradesantana.com.br\/sobre\/wp-json\/wp\/v2\/media?parent=1115"}],"wp:term":[{"taxonomy":"category","embeddable":true,"href":"https:\/\/www.encontrafeiradesantana.com.br\/sobre\/wp-json\/wp\/v2\/categories?post=1115"},{"taxonomy":"post_tag","embeddable":true,"href":"https:\/\/www.encontrafeiradesantana.com.br\/sobre\/wp-json\/wp\/v2\/tags?post=1115"}],"curies":[{"name":"wp","href":"https:\/\/api.w.org\/{rel}","templated":true}]}}