{"id":1110,"date":"2025-10-31T09:24:00","date_gmt":"2025-10-31T12:24:00","guid":{"rendered":"https:\/\/www.encontrafeiradesantana.com.br\/sobre\/?p=1110"},"modified":"2025-10-31T09:24:00","modified_gmt":"2025-10-31T12:24:00","slug":"senado-aprova-us-64-mi-para-programa-de-drenagem-e-mobilidade-em-feira-de-santana","status":"publish","type":"post","link":"https:\/\/www.encontrafeiradesantana.com.br\/sobre\/senado-aprova-us-64-mi-para-programa-de-drenagem-e-mobilidade-em-feira-de-santana\/","title":{"rendered":"Senado aprova US$ 64 mi para programa de drenagem e mobilidade em Feira de Santana"},"content":{"rendered":"<div class=\"3f468104ad11f00a3c9ac948316f4265\" data-index=\"1\" style=\"float: none; margin:0px;\">\n<ins class=\"adsbygoogle\"\r\n     style=\"display:block\"\r\n     data-ad-client=\"ca-pub-8585364105181520\"\r\n     data-ad-slot=\"8789329856\"\r\n     data-ad-format=\"auto\"\r\n     data-full-width-responsive=\"true\"><\/ins>\r\n<script>\r\n     (adsbygoogle = window.adsbygoogle || []).push({});\r\n<\/script>\r\n\n<\/div>\n<h2>O Projeto de Drenagem Urbana Sustent\u00e1vel<\/h2>\n<p>O projeto que foi aprovado pelo Senado brasileiro prev\u00ea um investimento de US$ 64 milh\u00f5es para melhorias na <strong>drenagem e mobilidade em Feira de Santana<\/strong>. Essa iniciativa visa implementar um sistema de drenagem urbana sustent\u00e1vel que ajude a minimizar os problemas recorrentes de alagamentos na cidade. O plano inclui a constru\u00e7\u00e3o de galerias pluviais, bacias de reten\u00e7\u00e3o e a revitaliza\u00e7\u00e3o de cursos d&#8217;\u00e1gua.<\/p>\n<p>A drenagem eficiente \u00e9 essencial para o desenvolvimento urbano, especialmente em \u00e1reas suscet\u00edveis a chuvas intensas. O projeto prop\u00f5e um modelo que integra solu\u00e7\u00f5es naturais, visando reduzir o impacto ambiental e promover a sa\u00fade p\u00fablica.<\/p>\n<h2>Impactos na Mobilidade Eficiente<\/h2>\n<p>Com a implementa\u00e7\u00e3o do projeto de drenagem, a mobilidade urbana em Feira de Santana deve receber um grande impulso. A aus\u00eancia adequada de drenagem tem interferido severamente no tr\u00e1fego local, especialmente durante as chuvas. Alagamentos nas vias p\u00fablicas tornam a locomo\u00e7\u00e3o dif\u00edcil, gerando transtornos para motoristas e pedestres.<\/p>\n<p>Este projeto tamb\u00e9m prop\u00f5e a reconstru\u00e7\u00e3o de vias e a constru\u00e7\u00e3o de ciclovias, promovendo um sistema de transporte mais eficiente e acess\u00edvel. Assim, a melhoria na drenagem n\u00e3o traz apenas a vantagem de minimizar alagamentos, mas tamb\u00e9m incentiva formas mais sustent\u00e1veis de deslocamento.<\/p>\n<h2>A Import\u00e2ncia do Empr\u00e9stimo Externo<\/h2>\n<p>O financiamento de US$ 64 milh\u00f5es \u00e9 proveniente de um empr\u00e9stimo externo, sendo uma estrat\u00e9gia importante para garantir os recursos necess\u00e1rios para a execu\u00e7\u00e3o do projeto. O setor p\u00fablico frequentemente enfrenta limita\u00e7\u00f5es or\u00e7ament\u00e1rias, o que torna a busca por investimentos externos uma alternativa vi\u00e1vel.<\/p>\n<p>Este empr\u00e9stimo, al\u00e9m de fornecer os fundos necess\u00e1rios, pode contribuir para a capacita\u00e7\u00e3o t\u00e9cnica e a transfer\u00eancia de conhecimento, ajudando a melhorar a gest\u00e3o de obras de infraestrutura em todas as suas fases.<\/p>\n<h2>Solu\u00e7\u00f5es Verdes na Infraestrutura<\/h2>\n<p>Uma das grandes inova\u00e7\u00f5es deste projeto \u00e9 a abordagem em buscar solu\u00e7\u00f5es verdes para a infraestrutura. Isso inclui o uso de materiais ecologicamente corretos e a implementa\u00e7\u00e3o de pr\u00e1ticas que visam aumentar a permeabilidade do solo.<\/p>\n<p>A drenagem urbana sustent\u00e1vel n\u00e3o \u00e9 apenas uma solu\u00e7\u00e3o pr\u00e1tica para os problemas de alagamentos, mas tamb\u00e9m uma forma de restaurar o equil\u00edbrio ambiental. A utiliza\u00e7\u00e3o de jardins de chuva, cercas-vivas e outros elementos naturais ajuda a filtrar a \u00e1gua da chuva, aumentando a qualidade do mesmo antes de chegar aos corpos d\u2019\u00e1gua locais.<\/p>\n<h2>O Papel do Fundo Financeiro para o Desenvolvimento da Bacia do Prata<\/h2>\n<p>O projeto est\u00e1 vinculado ao Fundo Financeiro para o Desenvolvimento da Bacia do Prata, que tem como um dos seus objetivos principais oferecer suporte t\u00e9cnico e financeiro \u00e0 implementa\u00e7\u00e3o de projetos que buscam melhorias na qualidade da \u00e1gua e na gest\u00e3o de recursos h\u00eddricos.<\/p>\n<p>Atrav\u00e9s desse fundo, muitos munic\u00edpios est\u00e3o sendo beneficiados, e Feira de Santana se junta \u00e0 lista de cidades que poder\u00e3o avan\u00e7ar em suas respectivas agendas de infraestrutura e sustentabilidade por meio de financiamentos adequados.<\/p>\n<h2>Esperan\u00e7as para a Comunidade de Feira de Santana<\/h2>\n<p>A aprova\u00e7\u00e3o do projeto traz grandes esperan\u00e7as para os moradores de Feira de Santana. A comunidade tem sofrido com os constantes alagamentos, que causam danos tanto materiais quanto \u00e0 sa\u00fade p\u00fablica.<\/p>\n<p>Com essas melhorias, espera-se que as pessoas possam viver com mais tranquilidade, sem se preocupar com a possibilidade de seus im\u00f3veis serem atingidos pelas chuvas. A expectativa \u00e9 que a melhoraria na drenagem e na mobilidade traga um retorno significativo \u00e0 qualidade de vida dos residentes.<\/p>\n<h2>An\u00e1lise do Relator sobre o Cr\u00e9dito<\/h2>\n<p>O relator da proposta destacou a necessidade urgente de a\u00e7\u00e3o em rela\u00e7\u00e3o aos problemas de drenagem que afetam a cidade. De acordo com sua an\u00e1lise, o investimento \u00e9 crucial para evitar que a popula\u00e7\u00e3o continue a viver sob os riscos de inunda\u00e7\u00f5es, que afetaram a infraestrutura e a economia local.<\/p>\n<p>Al\u00e9m disso, o relator enfatizou que este projeto poder\u00e1 servir como modelo para outros munic\u00edpios enfrentando desafios semelhantes. A experi\u00eancia adquirida em Feira de Santana pode oferecer li\u00e7\u00f5es valiosas para a implementa\u00e7\u00e3o de futuros projetos semelhantes em outras regi\u00f5es.<\/p>\n<h2>Como o Empr\u00e9stimo Ser\u00e1 Utilizado<\/h2>\n<p>O empr\u00e9stimo de US$ 64 milh\u00f5es ser\u00e1 utilizado de forma estrat\u00e9gica para cobrir os custos de diferentes fases do projeto. Isso inclui a fase de planejamento, execu\u00e7\u00e3o de obras, monitoramento e manuten\u00e7\u00e3o do sistema de drenagem ap\u00f3s a implementa\u00e7\u00e3o.<\/p>\n<p>Uma parte dos recursos tamb\u00e9m ser\u00e1 destinada \u00e0 capacita\u00e7\u00e3o de profissionais locais, garantindo que a cidade possa gerenciar e manter a infraestrutura criada de forma sustent\u00e1vel e eficiente ao longo do tempo.<\/p>\n<h2>Perspectivas de Redu\u00e7\u00e3o de Alagamentos<\/h2>\n<p>As perspectivas para a redu\u00e7\u00e3o de alagamentos em Feira de Santana s\u00e3o animadoras. Com a constru\u00e7\u00e3o de um sistema de drenagem eficiente e sustent\u00e1vel, estima-se que a cidade possa reduzir significativamente a frequ\u00eancia e a intensidade das inunda\u00e7\u00f5es.<\/p>\n<p>Os novos sistemas, quando implementados corretamente, s\u00e3o esperados para aumentar a resili\u00eancia da cidade \u00e0s chuvas fortes, al\u00e9m de contribuir para um manejo mais eficiente das \u00e1guas pluviais.<\/p>\n<h2>Benef\u00edcios a Longo Prazo para a Popula\u00e7\u00e3o<\/h2>\n<p>Finalmente, a longo prazo, os benef\u00edcios do projeto de drenagem e mobilidade se estender\u00e3o muito al\u00e9m da redu\u00e7\u00e3o de alagamentos. Melhorias na mobilidade urbana, um ambiente urbano mais limpo e saud\u00e1vel, e um aumento na qualidade de vida s\u00e3o impactos que se esperam observar nos pr\u00f3ximos anos.<\/p>\n<p>A esperan\u00e7a \u00e9 que, com o apoio do governo e da popula\u00e7\u00e3o, Feira de Santana possa se tornar um exemplo de como o planejamento urbano adequado pode transformar a realidade das cidades, proporcionando um futuro mais seguro e sustent\u00e1vel para todos os seus habitantes.<\/p>\n\n<div style=\"font-size: 0px; height: 0px; line-height: 0px; margin: 0; padding: 0; clear: both;\"><\/div>","protected":false},"excerpt":{"rendered":"<p>Senado aprova investimento de US$ 64 mi em drenagem e mobilidade em Feira de Santana.<\/p>\n","protected":false},"author":1,"featured_media":1109,"comment_status":"open","ping_status":"closed","sticky":false,"template":"","format":"standard","meta":{"footnotes":""},"categories":[6],"tags":[],"class_list":["post-1110","post","type-post","status-publish","format-standard","has-post-thumbnail","hentry","category-noticias-em-feira-de-santana","has_thumb"],"aioseo_notices":[],"aioseo_head":"\n\t\t<!-- All in One SEO 5.0.0.1 - aioseo.com -->\n\t<meta name=\"description\" content=\"Senado aprova investimento de US$ 64 mi em drenagem e mobilidade em Feira de Santana.\" \/>\n\t<meta name=\"robots\" content=\"max-image-preview:large\" \/>\n\t<meta name=\"author\" content=\"Encontra Feira de Santana\"\/>\n\t<link rel=\"canonical\" href=\"https:\/\/www.encontrafeiradesantana.com.br\/sobre\/senado-aprova-us-64-mi-para-programa-de-drenagem-e-mobilidade-em-feira-de-santana\/\" \/>\n\t<meta name=\"generator\" content=\"All in One SEO (AIOSEO) 5.0.0.1\" \/>\n\t\t<meta property=\"og:locale\" content=\"pt_BR\" \/>\n\t\t<meta property=\"og:site_name\" content=\"Encontra Feira de Santana | Not\u00edcias, eventos, informa\u00e7\u00f5es e dicas na cidade Feira de Santana e regi\u00e3o.\" \/>\n\t\t<meta property=\"og:type\" content=\"article\" \/>\n\t\t<meta property=\"og:title\" content=\"Senado aprova US$ 64 mi para programa de drenagem e mobilidade em Feira de Santana | Encontra Feira de Santana\" \/>\n\t\t<meta property=\"og:description\" content=\"Senado aprova investimento de US$ 64 mi em drenagem e mobilidade em Feira de Santana.\" \/>\n\t\t<meta property=\"og:url\" content=\"https:\/\/www.encontrafeiradesantana.com.br\/sobre\/senado-aprova-us-64-mi-para-programa-de-drenagem-e-mobilidade-em-feira-de-santana\/\" \/>\n\t\t<meta property=\"article:published_time\" content=\"2025-10-31T12:24:00+00:00\" \/>\n\t\t<meta property=\"article:modified_time\" content=\"2025-10-31T12:24:00+00:00\" \/>\n\t\t<meta name=\"twitter:card\" content=\"summary\" \/>\n\t\t<meta name=\"twitter:title\" content=\"Senado aprova US$ 64 mi para programa de drenagem e mobilidade em Feira de Santana | Encontra Feira de Santana\" \/>\n\t\t<meta name=\"twitter:description\" content=\"Senado aprova investimento de US$ 64 mi em drenagem e mobilidade em Feira de Santana.\" \/>\n\t\t<script type=\"application\/ld+json\" class=\"aioseo-schema\">\n\t\t\t{\"@context\":\"https:\\\/\\\/schema.org\",\"@graph\":[{\"@type\":\"Article\",\"@id\":\"https:\\\/\\\/www.encontrafeiradesantana.com.br\\\/sobre\\\/senado-aprova-us-64-mi-para-programa-de-drenagem-e-mobilidade-em-feira-de-santana\\\/#article\",\"name\":\"Senado aprova US$ 64 mi para programa de drenagem e mobilidade em Feira de Santana | Encontra Feira de Santana\",\"headline\":\"Senado aprova US$ 64 mi para programa de drenagem e mobilidade em Feira de Santana\",\"author\":{\"@id\":\"https:\\\/\\\/www.encontrafeiradesantana.com.br\\\/sobre\\\/author\\\/efeiradesantana\\\/#author\"},\"publisher\":{\"@id\":\"https:\\\/\\\/www.encontrafeiradesantana.com.br\\\/sobre\\\/#organization\"},\"image\":{\"@type\":\"ImageObject\",\"url\":\"https:\\\/\\\/www.encontrafeiradesantana.com.br\\\/sobre\\\/wp-content\\\/uploads\\\/2025\\\/10\\\/senado-aprova-us-64-mi-para-programa-de-drenagem-e-mobilidade-em-feira-de-santana.webp\",\"width\":320,\"height\":280,\"caption\":\"drenagem e mobilidade em Feira de Santana\"},\"datePublished\":\"2025-10-31T09:24:00-03:00\",\"dateModified\":\"2025-10-31T09:24:00-03:00\",\"inLanguage\":\"pt-BR\",\"mainEntityOfPage\":{\"@id\":\"https:\\\/\\\/www.encontrafeiradesantana.com.br\\\/sobre\\\/senado-aprova-us-64-mi-para-programa-de-drenagem-e-mobilidade-em-feira-de-santana\\\/#webpage\"},\"isPartOf\":{\"@id\":\"https:\\\/\\\/www.encontrafeiradesantana.com.br\\\/sobre\\\/senado-aprova-us-64-mi-para-programa-de-drenagem-e-mobilidade-em-feira-de-santana\\\/#webpage\"},\"articleSection\":\"Not\\u00edcias Feira de Santana\"},{\"@type\":\"BreadcrumbList\",\"@id\":\"https:\\\/\\\/www.encontrafeiradesantana.com.br\\\/sobre\\\/senado-aprova-us-64-mi-para-programa-de-drenagem-e-mobilidade-em-feira-de-santana\\\/#breadcrumblist\",\"itemListElement\":[{\"@type\":\"ListItem\",\"@id\":\"https:\\\/\\\/www.encontrafeiradesantana.com.br\\\/sobre#listItem\",\"position\":1,\"name\":\"In\\u00edcio\",\"item\":\"https:\\\/\\\/www.encontrafeiradesantana.com.br\\\/sobre\",\"nextItem\":{\"@type\":\"ListItem\",\"@id\":\"https:\\\/\\\/www.encontrafeiradesantana.com.br\\\/sobre\\\/noticias-em-feira-de-santana\\\/#listItem\",\"name\":\"Not\\u00edcias Feira de Santana\"}},{\"@type\":\"ListItem\",\"@id\":\"https:\\\/\\\/www.encontrafeiradesantana.com.br\\\/sobre\\\/noticias-em-feira-de-santana\\\/#listItem\",\"position\":2,\"name\":\"Not\\u00edcias Feira de Santana\",\"item\":\"https:\\\/\\\/www.encontrafeiradesantana.com.br\\\/sobre\\\/noticias-em-feira-de-santana\\\/\",\"nextItem\":{\"@type\":\"ListItem\",\"@id\":\"https:\\\/\\\/www.encontrafeiradesantana.com.br\\\/sobre\\\/senado-aprova-us-64-mi-para-programa-de-drenagem-e-mobilidade-em-feira-de-santana\\\/#listItem\",\"name\":\"Senado aprova US$ 64 mi para programa de drenagem e mobilidade em Feira de Santana\"},\"previousItem\":{\"@type\":\"ListItem\",\"@id\":\"https:\\\/\\\/www.encontrafeiradesantana.com.br\\\/sobre#listItem\",\"name\":\"In\\u00edcio\"}},{\"@type\":\"ListItem\",\"@id\":\"https:\\\/\\\/www.encontrafeiradesantana.com.br\\\/sobre\\\/senado-aprova-us-64-mi-para-programa-de-drenagem-e-mobilidade-em-feira-de-santana\\\/#listItem\",\"position\":3,\"name\":\"Senado aprova US$ 64 mi para programa de drenagem e mobilidade em Feira de Santana\",\"previousItem\":{\"@type\":\"ListItem\",\"@id\":\"https:\\\/\\\/www.encontrafeiradesantana.com.br\\\/sobre\\\/noticias-em-feira-de-santana\\\/#listItem\",\"name\":\"Not\\u00edcias Feira de Santana\"}}]},{\"@type\":\"Organization\",\"@id\":\"https:\\\/\\\/www.encontrafeiradesantana.com.br\\\/sobre\\\/#organization\",\"name\":\"Encontra Feira de Santana\",\"description\":\"Not\\u00edcias, eventos, informa\\u00e7\\u00f5es e dicas na cidade Feira de Santana e regi\\u00e3o.\",\"url\":\"https:\\\/\\\/www.encontrafeiradesantana.com.br\\\/sobre\\\/\"},{\"@type\":\"Person\",\"@id\":\"https:\\\/\\\/www.encontrafeiradesantana.com.br\\\/sobre\\\/author\\\/efeiradesantana\\\/#author\",\"url\":\"https:\\\/\\\/www.encontrafeiradesantana.com.br\\\/sobre\\\/author\\\/efeiradesantana\\\/\",\"name\":\"Encontra Feira de Santana\",\"image\":{\"@type\":\"ImageObject\",\"@id\":\"https:\\\/\\\/www.encontrafeiradesantana.com.br\\\/sobre\\\/senado-aprova-us-64-mi-para-programa-de-drenagem-e-mobilidade-em-feira-de-santana\\\/#authorImage\",\"url\":\"https:\\\/\\\/secure.gravatar.com\\\/avatar\\\/507340682b8270222e1f208e23198b6ae7e2c6a1033ae84e99bc6bce4f82a387?s=96&d=mm&r=g\",\"width\":96,\"height\":96,\"caption\":\"Encontra Feira de Santana\"}},{\"@type\":\"WebPage\",\"@id\":\"https:\\\/\\\/www.encontrafeiradesantana.com.br\\\/sobre\\\/senado-aprova-us-64-mi-para-programa-de-drenagem-e-mobilidade-em-feira-de-santana\\\/#webpage\",\"url\":\"https:\\\/\\\/www.encontrafeiradesantana.com.br\\\/sobre\\\/senado-aprova-us-64-mi-para-programa-de-drenagem-e-mobilidade-em-feira-de-santana\\\/\",\"name\":\"Senado aprova US$ 64 mi para programa de drenagem e mobilidade em Feira de Santana | Encontra Feira de Santana\",\"description\":\"Senado aprova investimento de US$ 64 mi em drenagem e mobilidade em Feira de Santana.\",\"inLanguage\":\"pt-BR\",\"isPartOf\":{\"@id\":\"https:\\\/\\\/www.encontrafeiradesantana.com.br\\\/sobre\\\/#website\"},\"breadcrumb\":{\"@id\":\"https:\\\/\\\/www.encontrafeiradesantana.com.br\\\/sobre\\\/senado-aprova-us-64-mi-para-programa-de-drenagem-e-mobilidade-em-feira-de-santana\\\/#breadcrumblist\"},\"author\":{\"@id\":\"https:\\\/\\\/www.encontrafeiradesantana.com.br\\\/sobre\\\/author\\\/efeiradesantana\\\/#author\"},\"creator\":{\"@id\":\"https:\\\/\\\/www.encontrafeiradesantana.com.br\\\/sobre\\\/author\\\/efeiradesantana\\\/#author\"},\"image\":{\"@type\":\"ImageObject\",\"url\":\"https:\\\/\\\/www.encontrafeiradesantana.com.br\\\/sobre\\\/wp-content\\\/uploads\\\/2025\\\/10\\\/senado-aprova-us-64-mi-para-programa-de-drenagem-e-mobilidade-em-feira-de-santana.webp\",\"@id\":\"https:\\\/\\\/www.encontrafeiradesantana.com.br\\\/sobre\\\/senado-aprova-us-64-mi-para-programa-de-drenagem-e-mobilidade-em-feira-de-santana\\\/#mainImage\",\"width\":320,\"height\":280,\"caption\":\"drenagem e mobilidade em Feira de Santana\"},\"primaryImageOfPage\":{\"@id\":\"https:\\\/\\\/www.encontrafeiradesantana.com.br\\\/sobre\\\/senado-aprova-us-64-mi-para-programa-de-drenagem-e-mobilidade-em-feira-de-santana\\\/#mainImage\"},\"datePublished\":\"2025-10-31T09:24:00-03:00\",\"dateModified\":\"2025-10-31T09:24:00-03:00\"},{\"@type\":\"WebSite\",\"@id\":\"https:\\\/\\\/www.encontrafeiradesantana.com.br\\\/sobre\\\/#website\",\"url\":\"https:\\\/\\\/www.encontrafeiradesantana.com.br\\\/sobre\\\/\",\"name\":\"Encontra Feira de Santana\",\"description\":\"Not\\u00edcias, eventos, informa\\u00e7\\u00f5es e dicas na cidade Feira de Santana e regi\\u00e3o.\",\"inLanguage\":\"pt-BR\",\"publisher\":{\"@id\":\"https:\\\/\\\/www.encontrafeiradesantana.com.br\\\/sobre\\\/#organization\"}}]}\n\t\t<\/script>\n\t\t<!-- All in One SEO -->\n\n","aioseo_head_json":{"title":"Senado aprova US$ 64 mi para programa de drenagem e mobilidade em Feira de Santana | Encontra Feira de Santana","description":"Senado aprova investimento de US$ 64 mi em drenagem e mobilidade em Feira de Santana.","canonical_url":"https:\/\/www.encontrafeiradesantana.com.br\/sobre\/senado-aprova-us-64-mi-para-programa-de-drenagem-e-mobilidade-em-feira-de-santana\/","robots":"max-image-preview:large","keywords":"","webmasterTools":{"miscellaneous":""},"schema":{"@context":"https:\/\/schema.org","@graph":[{"@type":"Article","@id":"https:\/\/www.encontrafeiradesantana.com.br\/sobre\/senado-aprova-us-64-mi-para-programa-de-drenagem-e-mobilidade-em-feira-de-santana\/#article","name":"Senado aprova US$ 64 mi para programa de drenagem e mobilidade em Feira de Santana | Encontra Feira de Santana","headline":"Senado aprova US$ 64 mi para programa de drenagem e mobilidade em Feira de Santana","author":{"@id":"https:\/\/www.encontrafeiradesantana.com.br\/sobre\/author\/efeiradesantana\/#author"},"publisher":{"@id":"https:\/\/www.encontrafeiradesantana.com.br\/sobre\/#organization"},"image":{"@type":"ImageObject","url":"https:\/\/www.encontrafeiradesantana.com.br\/sobre\/wp-content\/uploads\/2025\/10\/senado-aprova-us-64-mi-para-programa-de-drenagem-e-mobilidade-em-feira-de-santana.webp","width":320,"height":280,"caption":"drenagem e mobilidade em Feira de Santana"},"datePublished":"2025-10-31T09:24:00-03:00","dateModified":"2025-10-31T09:24:00-03:00","inLanguage":"pt-BR","mainEntityOfPage":{"@id":"https:\/\/www.encontrafeiradesantana.com.br\/sobre\/senado-aprova-us-64-mi-para-programa-de-drenagem-e-mobilidade-em-feira-de-santana\/#webpage"},"isPartOf":{"@id":"https:\/\/www.encontrafeiradesantana.com.br\/sobre\/senado-aprova-us-64-mi-para-programa-de-drenagem-e-mobilidade-em-feira-de-santana\/#webpage"},"articleSection":"Not\u00edcias Feira de Santana"},{"@type":"BreadcrumbList","@id":"https:\/\/www.encontrafeiradesantana.com.br\/sobre\/senado-aprova-us-64-mi-para-programa-de-drenagem-e-mobilidade-em-feira-de-santana\/#breadcrumblist","itemListElement":[{"@type":"ListItem","@id":"https:\/\/www.encontrafeiradesantana.com.br\/sobre#listItem","position":1,"name":"In\u00edcio","item":"https:\/\/www.encontrafeiradesantana.com.br\/sobre","nextItem":{"@type":"ListItem","@id":"https:\/\/www.encontrafeiradesantana.com.br\/sobre\/noticias-em-feira-de-santana\/#listItem","name":"Not\u00edcias Feira de Santana"}},{"@type":"ListItem","@id":"https:\/\/www.encontrafeiradesantana.com.br\/sobre\/noticias-em-feira-de-santana\/#listItem","position":2,"name":"Not\u00edcias Feira de Santana","item":"https:\/\/www.encontrafeiradesantana.com.br\/sobre\/noticias-em-feira-de-santana\/","nextItem":{"@type":"ListItem","@id":"https:\/\/www.encontrafeiradesantana.com.br\/sobre\/senado-aprova-us-64-mi-para-programa-de-drenagem-e-mobilidade-em-feira-de-santana\/#listItem","name":"Senado aprova US$ 64 mi para programa de drenagem e mobilidade em Feira de Santana"},"previousItem":{"@type":"ListItem","@id":"https:\/\/www.encontrafeiradesantana.com.br\/sobre#listItem","name":"In\u00edcio"}},{"@type":"ListItem","@id":"https:\/\/www.encontrafeiradesantana.com.br\/sobre\/senado-aprova-us-64-mi-para-programa-de-drenagem-e-mobilidade-em-feira-de-santana\/#listItem","position":3,"name":"Senado aprova US$ 64 mi para programa de drenagem e mobilidade em Feira de Santana","previousItem":{"@type":"ListItem","@id":"https:\/\/www.encontrafeiradesantana.com.br\/sobre\/noticias-em-feira-de-santana\/#listItem","name":"Not\u00edcias Feira de Santana"}}]},{"@type":"Organization","@id":"https:\/\/www.encontrafeiradesantana.com.br\/sobre\/#organization","name":"Encontra Feira de Santana","description":"Not\u00edcias, eventos, informa\u00e7\u00f5es e dicas na cidade Feira de Santana e regi\u00e3o.","url":"https:\/\/www.encontrafeiradesantana.com.br\/sobre\/"},{"@type":"Person","@id":"https:\/\/www.encontrafeiradesantana.com.br\/sobre\/author\/efeiradesantana\/#author","url":"https:\/\/www.encontrafeiradesantana.com.br\/sobre\/author\/efeiradesantana\/","name":"Encontra Feira de Santana","image":{"@type":"ImageObject","@id":"https:\/\/www.encontrafeiradesantana.com.br\/sobre\/senado-aprova-us-64-mi-para-programa-de-drenagem-e-mobilidade-em-feira-de-santana\/#authorImage","url":"https:\/\/secure.gravatar.com\/avatar\/507340682b8270222e1f208e23198b6ae7e2c6a1033ae84e99bc6bce4f82a387?s=96&d=mm&r=g","width":96,"height":96,"caption":"Encontra Feira de Santana"}},{"@type":"WebPage","@id":"https:\/\/www.encontrafeiradesantana.com.br\/sobre\/senado-aprova-us-64-mi-para-programa-de-drenagem-e-mobilidade-em-feira-de-santana\/#webpage","url":"https:\/\/www.encontrafeiradesantana.com.br\/sobre\/senado-aprova-us-64-mi-para-programa-de-drenagem-e-mobilidade-em-feira-de-santana\/","name":"Senado aprova US$ 64 mi para programa de drenagem e mobilidade em Feira de Santana | Encontra Feira de Santana","description":"Senado aprova investimento de US$ 64 mi em drenagem e mobilidade em Feira de Santana.","inLanguage":"pt-BR","isPartOf":{"@id":"https:\/\/www.encontrafeiradesantana.com.br\/sobre\/#website"},"breadcrumb":{"@id":"https:\/\/www.encontrafeiradesantana.com.br\/sobre\/senado-aprova-us-64-mi-para-programa-de-drenagem-e-mobilidade-em-feira-de-santana\/#breadcrumblist"},"author":{"@id":"https:\/\/www.encontrafeiradesantana.com.br\/sobre\/author\/efeiradesantana\/#author"},"creator":{"@id":"https:\/\/www.encontrafeiradesantana.com.br\/sobre\/author\/efeiradesantana\/#author"},"image":{"@type":"ImageObject","url":"https:\/\/www.encontrafeiradesantana.com.br\/sobre\/wp-content\/uploads\/2025\/10\/senado-aprova-us-64-mi-para-programa-de-drenagem-e-mobilidade-em-feira-de-santana.webp","@id":"https:\/\/www.encontrafeiradesantana.com.br\/sobre\/senado-aprova-us-64-mi-para-programa-de-drenagem-e-mobilidade-em-feira-de-santana\/#mainImage","width":320,"height":280,"caption":"drenagem e mobilidade em Feira de Santana"},"primaryImageOfPage":{"@id":"https:\/\/www.encontrafeiradesantana.com.br\/sobre\/senado-aprova-us-64-mi-para-programa-de-drenagem-e-mobilidade-em-feira-de-santana\/#mainImage"},"datePublished":"2025-10-31T09:24:00-03:00","dateModified":"2025-10-31T09:24:00-03:00"},{"@type":"WebSite","@id":"https:\/\/www.encontrafeiradesantana.com.br\/sobre\/#website","url":"https:\/\/www.encontrafeiradesantana.com.br\/sobre\/","name":"Encontra Feira de Santana","description":"Not\u00edcias, eventos, informa\u00e7\u00f5es e dicas na cidade Feira de Santana e regi\u00e3o.","inLanguage":"pt-BR","publisher":{"@id":"https:\/\/www.encontrafeiradesantana.com.br\/sobre\/#organization"}}]},"og:locale":"pt_BR","og:site_name":"Encontra Feira de Santana | Not\u00edcias, eventos, informa\u00e7\u00f5es e dicas na cidade Feira de Santana e regi\u00e3o.","og:type":"article","og:title":"Senado aprova US$ 64 mi para programa de drenagem e mobilidade em Feira de Santana | Encontra Feira de Santana","og:description":"Senado aprova investimento de US$ 64 mi em drenagem e mobilidade em Feira de Santana.","og:url":"https:\/\/www.encontrafeiradesantana.com.br\/sobre\/senado-aprova-us-64-mi-para-programa-de-drenagem-e-mobilidade-em-feira-de-santana\/","article:published_time":"2025-10-31T12:24:00+00:00","article:modified_time":"2025-10-31T12:24:00+00:00","twitter:card":"summary","twitter:title":"Senado aprova US$ 64 mi para programa de drenagem e mobilidade em Feira de Santana | Encontra Feira de Santana","twitter:description":"Senado aprova investimento de US$ 64 mi em drenagem e mobilidade em Feira de Santana."},"aioseo_meta_data":{"post_id":"1110","title":null,"description":null,"keywords":null,"keyphrases":null,"primary_term":null,"canonical_url":null,"og_title":null,"og_description":null,"og_object_type":"default","og_image_type":"default","og_image_url":null,"og_image_width":null,"og_image_height":null,"og_image_custom_url":null,"og_image_custom_fields":null,"og_video":null,"og_custom_url":null,"og_article_section":null,"og_article_tags":null,"twitter_use_og":false,"twitter_card":"default","twitter_image_type":"default","twitter_image_url":null,"twitter_image_custom_url":null,"twitter_image_custom_fields":null,"twitter_title":null,"twitter_description":null,"schema":{"blockGraphs":[],"customGraphs":[],"default":{"data":{"Article":[],"Course":[],"Dataset":[],"FAQPage":[],"Movie":[],"Person":[],"Product":[],"ProductReview":[],"Car":[],"Recipe":[],"Service":[],"SoftwareApplication":[],"WebPage":[]},"graphName":"","isEnabled":true},"graphs":[]},"schema_type":"default","schema_type_options":null,"pillar_content":false,"robots_default":true,"robots_noindex":false,"robots_noarchive":false,"robots_nosnippet":false,"robots_nofollow":false,"robots_noimageindex":false,"robots_noodp":false,"robots_notranslate":false,"robots_max_snippet":null,"robots_max_videopreview":null,"robots_max_imagepreview":"large","priority":null,"frequency":null,"local_seo":null,"breadcrumb_settings":null,"limit_modified_date":false,"ai":null,"created":"2025-10-31 12:30:36","updated":"2025-10-31 12:43:14","focus_keyword":null,"additional_keywords":null,"truseo_locale":null,"seo_analyzer_scan_date":null},"aioseo_breadcrumb":"<div class=\"aioseo-breadcrumbs\"><span class=\"aioseo-breadcrumb\">\n\t\t\t<a href=\"https:\/\/www.encontrafeiradesantana.com.br\/sobre\" title=\"In\u00edcio\">In\u00edcio<\/a>\n\t\t<\/span><span class=\"aioseo-breadcrumb-separator\">&raquo;<\/span><span class=\"aioseo-breadcrumb\">\n\t\t\t<a href=\"https:\/\/www.encontrafeiradesantana.com.br\/sobre\/noticias-em-feira-de-santana\/\" title=\"Not\u00edcias Feira de Santana\">Not\u00edcias Feira de Santana<\/a>\n\t\t<\/span><span class=\"aioseo-breadcrumb-separator\">&raquo;<\/span><span class=\"aioseo-breadcrumb\">\n\t\t\tSenado aprova US$ 64 mi para programa de drenagem e mobilidade em Feira de Santana\n\t\t<\/span><\/div>","aioseo_breadcrumb_json":[{"label":"In\u00edcio","link":"https:\/\/www.encontrafeiradesantana.com.br\/sobre"},{"label":"Not\u00edcias Feira de Santana","link":"https:\/\/www.encontrafeiradesantana.com.br\/sobre\/noticias-em-feira-de-santana\/"},{"label":"Senado aprova US$ 64 mi para programa de drenagem e mobilidade em Feira de Santana","link":"https:\/\/www.encontrafeiradesantana.com.br\/sobre\/senado-aprova-us-64-mi-para-programa-de-drenagem-e-mobilidade-em-feira-de-santana\/"}],"_links":{"self":[{"href":"https:\/\/www.encontrafeiradesantana.com.br\/sobre\/wp-json\/wp\/v2\/posts\/1110","targetHints":{"allow":["GET"]}}],"collection":[{"href":"https:\/\/www.encontrafeiradesantana.com.br\/sobre\/wp-json\/wp\/v2\/posts"}],"about":[{"href":"https:\/\/www.encontrafeiradesantana.com.br\/sobre\/wp-json\/wp\/v2\/types\/post"}],"author":[{"embeddable":true,"href":"https:\/\/www.encontrafeiradesantana.com.br\/sobre\/wp-json\/wp\/v2\/users\/1"}],"replies":[{"embeddable":true,"href":"https:\/\/www.encontrafeiradesantana.com.br\/sobre\/wp-json\/wp\/v2\/comments?post=1110"}],"version-history":[{"count":1,"href":"https:\/\/www.encontrafeiradesantana.com.br\/sobre\/wp-json\/wp\/v2\/posts\/1110\/revisions"}],"predecessor-version":[{"id":1113,"href":"https:\/\/www.encontrafeiradesantana.com.br\/sobre\/wp-json\/wp\/v2\/posts\/1110\/revisions\/1113"}],"wp:featuredmedia":[{"embeddable":true,"href":"https:\/\/www.encontrafeiradesantana.com.br\/sobre\/wp-json\/wp\/v2\/media\/1109"}],"wp:attachment":[{"href":"https:\/\/www.encontrafeiradesantana.com.br\/sobre\/wp-json\/wp\/v2\/media?parent=1110"}],"wp:term":[{"taxonomy":"category","embeddable":true,"href":"https:\/\/www.encontrafeiradesantana.com.br\/sobre\/wp-json\/wp\/v2\/categories?post=1110"},{"taxonomy":"post_tag","embeddable":true,"href":"https:\/\/www.encontrafeiradesantana.com.br\/sobre\/wp-json\/wp\/v2\/tags?post=1110"}],"curies":[{"name":"wp","href":"https:\/\/api.w.org\/{rel}","templated":true}]}}