{"id":1012,"date":"2021-09-28T13:25:11","date_gmt":"2021-09-28T16:25:11","guid":{"rendered":"https:\/\/www.encontrafeiradesantana.com.br\/sobre\/?p=1012"},"modified":"2021-09-28T13:25:11","modified_gmt":"2021-09-28T16:25:11","slug":"catedral-metropolitana-de-santana-feira-de-santana","status":"publish","type":"post","link":"https:\/\/www.encontrafeiradesantana.com.br\/sobre\/catedral-metropolitana-de-santana-feira-de-santana\/","title":{"rendered":"Catedral Metropolitana de Sant\u00b4ana Feira de Santana"},"content":{"rendered":"<div class=\"3f468104ad11f00a3c9ac948316f4265\" data-index=\"1\" style=\"float: none; margin:0px;\">\n<ins class=\"adsbygoogle\"\r\n     style=\"display:block\"\r\n     data-ad-client=\"ca-pub-8585364105181520\"\r\n     data-ad-slot=\"8789329856\"\r\n     data-ad-format=\"auto\"\r\n     data-full-width-responsive=\"true\"><\/ins>\r\n<script>\r\n     (adsbygoogle = window.adsbygoogle || []).push({});\r\n<\/script>\r\n\n<\/div>\n<p>A <strong>Catedral Metropolitana de Sant&#8217;Ana Feira de Santana<\/strong> \u00e9 uma catedral e s\u00e9 arquiepiscopal da Arquidiocese de Feira de Santana.<\/p>\n<p>\u00c9 sede da par\u00f3quia hom\u00f4nima, a qual est\u00e1 sediada no munic\u00edpio de Feira de Santana, sede da regi\u00e3o metropolitana de mesmo nome. Localiza-se na rua G\u00f3es Calmon, bairro Centro.<\/p>\n<p><img loading=\"lazy\" decoding=\"async\" class=\"alignnone wp-image-1014 size-full\" title=\"Catedral Metropolitana de Sant\u00b4ana Feira de Santana\" src=\"https:\/\/www.encontrafeiradesantana.com.br\/sobre\/wp-content\/uploads\/2021\/09\/IGREJAS.gif\" alt=\"Catedral Metropolitana de Sant\u00b4ana Feira de Santana\" width=\"680\" height=\"189\" \/><\/p>\n<h2>Catedral Metropolitana de Sant\u00b4ana Feira de Santana Hist\u00f3ria<\/h2>\n<p>A Catedral Metropolitana de Sant&#8217;Ana tem sua origem na capela em honra de S\u00e3o Domingos e Senhora Sant\u2019Ana, constru\u00edda nas terras doadas por Domingos Barbosa de Ara\u00fajo e Ana Brand\u00e3o em 1732. Eram os santos padroeiros do casal e assim inicia-se a devo\u00e7\u00e3o \u00e0 Sant&#8217;Ana na cidade.<\/p>\n<p>Transformou-se em ponto de refer\u00eancia da cidade e da\u00ed derivou o nome Feira de Sant&#8217;Ana, decorrente de uma conhecida feira de gado que ocorria na cidade.\u00a0Em 1846 foram feitos melhoramentos na capela e em 1859 recebeu a visita do imperador D. Pedro II.<\/p>\n<p>Em 21 de julho de 1962, foi criada a Diocese de Feira de Santana pelo Papa Jo\u00e3o XXIII, separando-se da Arquidiocese de S\u00e3o Salvador da Bahia. Em 16 de janeiro de 2002, atrav\u00e9s do Papa Jo\u00e3o Paulo II, a capela foi elevada \u00e0 dignidade de Arquidiocese e adicionado oo t\u00edtulo de Metropolitana, com a cria\u00e7\u00e3o da Prov\u00edncia Eclesi\u00e1stica de Feira de Santana.<\/p>\n<h3>Catedral Metropolitana de Sant\u00b4ana Feira de Santana Arquitetura<\/h3>\n<p>A Catedral Metropolitana de Sant&#8217;Ana possui uma planta retangular, distribu\u00edda em uma \u00e1rea de 944 metros quadrados. Sua fachada principal em estilo barroco possui tr\u00eas portas em arco com tr\u00eas janelas na parte superior, onde fica a \u00e1rea do coro. O corpo central \u00e9 ladeado por duas torres com termina\u00e7\u00e3o piramidal. Seu altar-mor foi elaborado pelo arquiteto e pintor franc\u00eas Colman Linhart.<\/p>\n<h3>Catedral Metropolitana de Sant\u00b4ana Feira de Santana Missas<\/h3>\n<p>As missas na Catedral ocorrem nos seguintes hor\u00e1rios:<\/p>\n<ul>\n<li>Domingo \u00e0s 7h e as 17h<\/li>\n<li>Segunda-Feira a Sexta-Feira \u00e0s 17h<\/li>\n<li>Ter\u00e7a \u00e0s 12h<\/li>\n<\/ul>\n<h3>Vagas Catedral Metropolitana de Sant\u00b4ana Feira de Santana &#8211; Trabalhe Conosco<\/h3>\n<p>A Catedral Metropolitana de Sant\u00b4ana Feira de Santana disponibiliza <em>vagas de trabalho<\/em> durante todo ano. Para se informar sobre os processos seletivos e se candidatar as vagas acompanhe o site da empresa, onde \u00e9 poss\u00edvel se informar sobre vagas abertas, sal\u00e1rios e compet\u00eancias necess\u00e1rias para se candidatar ao processo.<\/p>\n<h3>Hor\u00e1rio de Funcionamento Catedral Metropolitana de Sant\u00b4ana em Feira de Santana<\/h3>\n<ul>\n<li>Segunda a Sexta das 08h30 \u00e0s 12h e das 14h30 \u00e0s 18h \/ Domingo das 06h \u00e0s 11h30 e das 16h \u00e0s 18h30<\/li>\n<\/ul>\n<h3>Endere\u00e7o e Telefone Catedral Metropolitana de Sant\u00b4ana em Feira de Santana<\/h3>\n<ul>\n<li>Pra\u00e7a Mons. Renato de Andrade Galv\u00e3o &#8211; Centro &#8211; Feira de Santana &#8211; BA<\/li>\n<li>Telefone: <span aria-label=\"Ligar para (75) 3623-0055\">(75) 3623-0055<\/span><\/li>\n<\/ul>\n<h4>Outras informa\u00e7\u00f5es e site<\/h4>\n<ul>\n<li>Mais informa\u00e7\u00f5es:\u00a0<a href=\"https:\/\/www.catedraldesantana.com.br\/\" target=\"_blank\" rel=\"noopener\">www.catedraldesantana.com.br<\/a><\/li>\n<\/ul>\n<h4>Mapa de localiza\u00e7\u00e3o<\/h4>\n<a class=\"wp-colorbox-iframe\" href=\"https:\/\/www.google.com\/maps\/embed?pb=!1m14!1m8!1m3!1d15595.346407771229!2d-38.9683608!3d-12.2593345!3m2!1i1024!2i768!4f13.1!3m3!1m2!1s0x00xf7e61263dd8e804c!2sCatedralMetropolitanadeSant&#038;#39;Ana!5e0!3m2!1spt-BR!2sbr!4v1632846185893!5m2!1spt-BR!2sbr\"><img decoding=\"async\" src=\"http:\/\/www.encontrafeiradesantana.com.br\/imgs\/maps-post.png\"><\/a>\n\n<div style=\"font-size: 0px; height: 0px; line-height: 0px; margin: 0; padding: 0; clear: both;\"><\/div>","protected":false},"excerpt":{"rendered":"<p>A Catedral Metropolitana de Sant&#8217;Ana Feira de Santana \u00e9 uma catedral e s\u00e9 arquiepiscopal da Arquidiocese de Feira de Santana. \u00c9 sede da par\u00f3quia hom\u00f4nima, a qual est\u00e1 sediada no munic\u00edpio de Feira de Santana, sede da regi\u00e3o metropolitana de mesmo nome. Localiza-se na rua G\u00f3es Calmon, bairro Centro. Catedral Metropolitana de Sant\u00b4ana Feira de Santana Hist\u00f3ria A Catedral Metropolitana de Sant&#8217;Ana tem sua origem na capela em honra de S\u00e3o Domingos e Senhora Sant\u2019Ana, constru\u00edda nas terras doadas por Domingos Barbosa de Ara\u00fajo e Ana Brand\u00e3o em 1732. Eram os santos padroeiros do casal e assim inicia-se a devo\u00e7\u00e3o <\/p>\n","protected":false},"author":1,"featured_media":1014,"comment_status":"open","ping_status":"closed","sticky":false,"template":"","format":"standard","meta":{"footnotes":""},"categories":[28],"tags":[],"class_list":["post-1012","post","type-post","status-publish","format-standard","has-post-thumbnail","hentry","category-lugares-em-feira-de-santana","has_thumb"],"aioseo_notices":[],"_links":{"self":[{"href":"https:\/\/www.encontrafeiradesantana.com.br\/sobre\/wp-json\/wp\/v2\/posts\/1012","targetHints":{"allow":["GET"]}}],"collection":[{"href":"https:\/\/www.encontrafeiradesantana.com.br\/sobre\/wp-json\/wp\/v2\/posts"}],"about":[{"href":"https:\/\/www.encontrafeiradesantana.com.br\/sobre\/wp-json\/wp\/v2\/types\/post"}],"author":[{"embeddable":true,"href":"https:\/\/www.encontrafeiradesantana.com.br\/sobre\/wp-json\/wp\/v2\/users\/1"}],"replies":[{"embeddable":true,"href":"https:\/\/www.encontrafeiradesantana.com.br\/sobre\/wp-json\/wp\/v2\/comments?post=1012"}],"version-history":[{"count":1,"href":"https:\/\/www.encontrafeiradesantana.com.br\/sobre\/wp-json\/wp\/v2\/posts\/1012\/revisions"}],"predecessor-version":[{"id":1015,"href":"https:\/\/www.encontrafeiradesantana.com.br\/sobre\/wp-json\/wp\/v2\/posts\/1012\/revisions\/1015"}],"wp:featuredmedia":[{"embeddable":true,"href":"https:\/\/www.encontrafeiradesantana.com.br\/sobre\/wp-json\/wp\/v2\/media\/1014"}],"wp:attachment":[{"href":"https:\/\/www.encontrafeiradesantana.com.br\/sobre\/wp-json\/wp\/v2\/media?parent=1012"}],"wp:term":[{"taxonomy":"category","embeddable":true,"href":"https:\/\/www.encontrafeiradesantana.com.br\/sobre\/wp-json\/wp\/v2\/categories?post=1012"},{"taxonomy":"post_tag","embeddable":true,"href":"https:\/\/www.encontrafeiradesantana.com.br\/sobre\/wp-json\/wp\/v2\/tags?post=1012"}],"curies":[{"name":"wp","href":"https:\/\/api.w.org\/{rel}","templated":true}]}}